{"id":41807,"date":"2020-05-12T07:41:06","date_gmt":"2020-05-12T10:41:06","guid":{"rendered":"http:\/\/www.noticiasradioreflejos.com.ar\/noticias\/?p=41807"},"modified":"2020-05-12T07:41:06","modified_gmt":"2020-05-12T10:41:06","slug":"hoy-cobran-el-ife-los-que-eligieron-el-correo-con-dni-terminado-en-2-y-apellido-de-la-a-a-la-l","status":"publish","type":"post","link":"https:\/\/www.noticiasradioreflejos.com.ar\/2021\/hoy-cobran-el-ife-los-que-eligieron-el-correo-con-dni-terminado-en-2-y-apellido-de-la-a-a-la-l\/","title":{"rendered":"Hoy cobran el IFE los que eligieron el Correo, con DNI terminado en 2 y apellido de la A a la L"},"content":{"rendered":"<p>Los beneficiarios del Ingreso Familiar de Emergencia (IFE) con DNI terminado en 2, letra inicial del apellido de la A a la L y que eligieron cobrar a trav\u00e9s del Correo Argentino podr\u00e1n concurrir hoy a la sucursal m\u00e1s pr\u00f3xima a su domicilio para percibir la ayuda dispuesta por el Gobierno para paliar los efectos del coronavirus en sectores de menores recursos. Por su parte, las personas que se inscribieron para percibir el IFE con DNI terminado en 6 y cuya solicitud fue rechazada pueden volver hoy a pedir la revisi\u00f3n del caso a trav\u00e9s del sitio web de la Administraci\u00f3n Nacional de la Seguridad Social (Anses).<!--more--><br \/>\nAsimismo, la Anses habilit\u00f3 en su sitio web un aplicativo de consulta de fecha y lugar de pago del IFE para facilitarle a todos los beneficiarios del pa\u00eds la informaci\u00f3n precisa sobre su beneficio.<br \/>\nPor eso, quienes reciban el IFE deber\u00e1n ingresar a la p\u00e1gina web de Anses, www.anses.gob.ar, y luego al aplicativo \u201cConsult\u00e1 tu cobro de IFE\u201d, donde se le solicitar\u00e1 el n\u00famero de DNI y se les brindar\u00e1 fecha, lugar y modalidad de cobro.<br \/>\nLa semana pasada comenz\u00f3 a acreditarse el monto del IFE a las personas que, habi\u00e9ndose inscripto entre el 27 y 31 de marzo, seleccionaron la opci\u00f3n de cobro por Correo Argentino entre el 15 y el 20 de abril pasados, precis\u00f3 la Anses.<br \/>\nEn total, suman 1.314.446 las personas que concurrir\u00e1n a la sucursal del Correo m\u00e1s cercana a su domicilio, de acuerdo con el n\u00famero de terminaci\u00f3n de sus DNI, a raz\u00f3n de un d\u00edgito por d\u00eda h\u00e1bil, pero tambi\u00e9n seg\u00fan la inicial del apellido.<br \/>\nLa Anses remarc\u00f3 que este cronograma no incluye a las personas que optaron por los distintos medios de cobro entre el 27 de abril y el 1 de mayo.<br \/>\nEl cronograma continuar\u00e1 ma\u00f1ana con quienes tienen DNI finalizado en 2, con inicial del apellido de la M a la Z.<\/p>\n<p>Para los que terminan en 3, su turno ser\u00e1 el jueves 14, de la A a la L, y el viernes 15, de la M a la Z; los que finalizan en 4, el lunes 18, de la A a la L, y el martes 19, de la M a la Z.<\/p>\n<p>A los que tienen terminaci\u00f3n de DNI en 5, les tocar\u00e1 el mi\u00e9rcoles 20 si su apellido comienza de la letra A a la L, y el jueves 21, de la M a la Z; en 6, el viernes 22, de la A a la L, y el martes 26, de la M a la Z; y en 7, el mi\u00e9rcoles 27, de la A a la L, y el jueves 28, de la M a la Z.<\/p>\n<p>El turno de los que tienen DNI finalizado en 8 ser\u00e1 el viernes 29, para los apellidos con letra inicial de la A a la L, y el lunes 1 de junio, de la M a la Z; y para los concluidos en 9, el martes 2, de la A a la L, y el mi\u00e9rcoles 3, de la M a la Z.<\/p>\n<p>Asimismo, el organismo detect\u00f3 que hay personas que fueron rechazadas como beneficiarios del IFE porque no estaban actualizados sus datos en la base del Anses, del Registro Nacional de las Personas (Renaper) o de la Administraci\u00f3n Federal de Ingresos P\u00fablicos (AFIP).<\/p>\n<p>Esas personas podr\u00e1n corregir la informaci\u00f3n para quedar nuevamente inscriptas, y recibir la ayuda de $10.000 dispuesta por el Gobierno para los sectores de menores recursos.<\/p>\n<p>El cronograma contin\u00faa ma\u00f1ana y el jueves con los DNI terminados en 7; el viernes 15 y el lunes 18 ser\u00e1 el turno para los concluidos en 8; y el martes 19 y el mi\u00e9rcoles 20 en 9.<\/p>\n","protected":false},"excerpt":{"rendered":"<p>Los beneficiarios del Ingreso Familiar de Emergencia (IFE) con DNI terminado en 2, letra inicial del apellido de la A a la L y que eligieron cobrar a trav\u00e9s del Correo Argentino podr\u00e1n concurrir hoy a la sucursal m\u00e1s pr\u00f3xima a su domicilio para percibir la ayuda dispuesta por el Gobierno para paliar los efectos [&hellip;]<\/p>\n","protected":false},"author":3,"featured_media":0,"comment_status":"closed","ping_status":"open","sticky":false,"template":"","format":"standard","meta":{"footnotes":""},"categories":[36],"tags":[],"class_list":["post-41807","post","type-post","status-publish","format-standard","hentry","category-economia"],"yoast_head":"<!-- This site is optimized with the Yoast SEO plugin v25.9 - https:\/\/yoast.com\/wordpress\/plugins\/seo\/ -->\n<title>Hoy cobran el IFE los que eligieron el Correo, con DNI terminado en 2 y apellido de la A a la L - Noticias Radio Reflejos<\/title>\n<meta name=\"robots\" content=\"index, follow, max-snippet:-1, max-image-preview:large, max-video-preview:-1\" \/>\n<link rel=\"canonical\" href=\"https:\/\/www.noticiasradioreflejos.com.ar\/2021\/hoy-cobran-el-ife-los-que-eligieron-el-correo-con-dni-terminado-en-2-y-apellido-de-la-a-a-la-l\/\" \/>\n<meta property=\"og:locale\" content=\"es_ES\" \/>\n<meta property=\"og:type\" content=\"article\" \/>\n<meta property=\"og:title\" content=\"Hoy cobran el IFE los que eligieron el Correo, con DNI terminado en 2 y apellido de la A a la L - Noticias Radio Reflejos\" \/>\n<meta property=\"og:description\" content=\"Los beneficiarios del Ingreso Familiar de Emergencia (IFE) con DNI terminado en 2, letra inicial del apellido de la A a la L y que eligieron cobrar a trav\u00e9s del Correo Argentino podr\u00e1n concurrir hoy a la sucursal m\u00e1s pr\u00f3xima a su domicilio para percibir la ayuda dispuesta por el Gobierno para paliar los efectos [&hellip;]\" \/>\n<meta property=\"og:url\" content=\"https:\/\/www.noticiasradioreflejos.com.ar\/2021\/hoy-cobran-el-ife-los-que-eligieron-el-correo-con-dni-terminado-en-2-y-apellido-de-la-a-a-la-l\/\" \/>\n<meta property=\"og:site_name\" content=\"Noticias Radio Reflejos\" \/>\n<meta property=\"article:published_time\" content=\"2020-05-12T10:41:06+00:00\" \/>\n<meta property=\"og:image\" content=\"https:\/\/www.noticiasradioreflejos.com.ar\/2021\/wp-content\/uploads\/2021\/07\/logosol300x200.png\" \/>\n\t<meta property=\"og:image:width\" content=\"300\" \/>\n\t<meta property=\"og:image:height\" content=\"200\" \/>\n\t<meta property=\"og:image:type\" content=\"image\/png\" \/>\n<meta name=\"author\" content=\"Arnaldo Botto\" \/>\n<meta name=\"twitter:card\" content=\"summary_large_image\" \/>\n<script type=\"application\/ld+json\" class=\"yoast-schema-graph\">{\"@context\":\"https:\/\/schema.org\",\"@graph\":[{\"@type\":\"WebPage\",\"@id\":\"https:\/\/www.noticiasradioreflejos.com.ar\/2021\/hoy-cobran-el-ife-los-que-eligieron-el-correo-con-dni-terminado-en-2-y-apellido-de-la-a-a-la-l\/\",\"url\":\"https:\/\/www.noticiasradioreflejos.com.ar\/2021\/hoy-cobran-el-ife-los-que-eligieron-el-correo-con-dni-terminado-en-2-y-apellido-de-la-a-a-la-l\/\",\"name\":\"Hoy cobran el IFE los que eligieron el Correo, con DNI terminado en 2 y apellido de la A a la L - Noticias Radio Reflejos\",\"isPartOf\":{\"@id\":\"https:\/\/www.noticiasradioreflejos.com.ar\/2021\/#website\"},\"datePublished\":\"2020-05-12T10:41:06+00:00\",\"author\":{\"@id\":\"https:\/\/www.noticiasradioreflejos.com.ar\/2021\/#\/schema\/person\/ad82545263dcc5ec0996818884fd5fb1\"},\"breadcrumb\":{\"@id\":\"https:\/\/www.noticiasradioreflejos.com.ar\/2021\/hoy-cobran-el-ife-los-que-eligieron-el-correo-con-dni-terminado-en-2-y-apellido-de-la-a-a-la-l\/#breadcrumb\"},\"inLanguage\":\"es\",\"potentialAction\":[{\"@type\":\"ReadAction\",\"target\":[\"https:\/\/www.noticiasradioreflejos.com.ar\/2021\/hoy-cobran-el-ife-los-que-eligieron-el-correo-con-dni-terminado-en-2-y-apellido-de-la-a-a-la-l\/\"]}]},{\"@type\":\"BreadcrumbList\",\"@id\":\"https:\/\/www.noticiasradioreflejos.com.ar\/2021\/hoy-cobran-el-ife-los-que-eligieron-el-correo-con-dni-terminado-en-2-y-apellido-de-la-a-a-la-l\/#breadcrumb\",\"itemListElement\":[{\"@type\":\"ListItem\",\"position\":1,\"name\":\"Portada\",\"item\":\"https:\/\/www.noticiasradioreflejos.com.ar\/2021\/\"},{\"@type\":\"ListItem\",\"position\":2,\"name\":\"Hoy cobran el IFE los que eligieron el Correo, con DNI terminado en 2 y apellido de la A a la L\"}]},{\"@type\":\"WebSite\",\"@id\":\"https:\/\/www.noticiasradioreflejos.com.ar\/2021\/#website\",\"url\":\"https:\/\/www.noticiasradioreflejos.com.ar\/2021\/\",\"name\":\"Noticias Radio Reflejos\",\"description\":\"Las noticias de mi comarca\",\"potentialAction\":[{\"@type\":\"SearchAction\",\"target\":{\"@type\":\"EntryPoint\",\"urlTemplate\":\"https:\/\/www.noticiasradioreflejos.com.ar\/2021\/?s={search_term_string}\"},\"query-input\":{\"@type\":\"PropertyValueSpecification\",\"valueRequired\":true,\"valueName\":\"search_term_string\"}}],\"inLanguage\":\"es\"},{\"@type\":\"Person\",\"@id\":\"https:\/\/www.noticiasradioreflejos.com.ar\/2021\/#\/schema\/person\/ad82545263dcc5ec0996818884fd5fb1\",\"name\":\"Arnaldo Botto\",\"image\":{\"@type\":\"ImageObject\",\"inLanguage\":\"es\",\"@id\":\"https:\/\/www.noticiasradioreflejos.com.ar\/2021\/#\/schema\/person\/image\/\",\"url\":\"https:\/\/secure.gravatar.com\/avatar\/55cb5e37c1efa326397366e6974cb338056df65cb50e7d64d1cf314e87504837?s=96&d=mm&r=g\",\"contentUrl\":\"https:\/\/secure.gravatar.com\/avatar\/55cb5e37c1efa326397366e6974cb338056df65cb50e7d64d1cf314e87504837?s=96&d=mm&r=g\",\"caption\":\"Arnaldo Botto\"},\"url\":\"https:\/\/www.noticiasradioreflejos.com.ar\/2021\/author\/arnaldo\/\"}]}<\/script>\n<!-- \/ Yoast SEO plugin. -->","yoast_head_json":{"title":"Hoy cobran el IFE los que eligieron el Correo, con DNI terminado en 2 y apellido de la A a la L - Noticias Radio Reflejos","robots":{"index":"index","follow":"follow","max-snippet":"max-snippet:-1","max-image-preview":"max-image-preview:large","max-video-preview":"max-video-preview:-1"},"canonical":"https:\/\/www.noticiasradioreflejos.com.ar\/2021\/hoy-cobran-el-ife-los-que-eligieron-el-correo-con-dni-terminado-en-2-y-apellido-de-la-a-a-la-l\/","og_locale":"es_ES","og_type":"article","og_title":"Hoy cobran el IFE los que eligieron el Correo, con DNI terminado en 2 y apellido de la A a la L - Noticias Radio Reflejos","og_description":"Los beneficiarios del Ingreso Familiar de Emergencia (IFE) con DNI terminado en 2, letra inicial del apellido de la A a la L y que eligieron cobrar a trav\u00e9s del Correo Argentino podr\u00e1n concurrir hoy a la sucursal m\u00e1s pr\u00f3xima a su domicilio para percibir la ayuda dispuesta por el Gobierno para paliar los efectos [&hellip;]","og_url":"https:\/\/www.noticiasradioreflejos.com.ar\/2021\/hoy-cobran-el-ife-los-que-eligieron-el-correo-con-dni-terminado-en-2-y-apellido-de-la-a-a-la-l\/","og_site_name":"Noticias Radio Reflejos","article_published_time":"2020-05-12T10:41:06+00:00","og_image":[{"width":300,"height":200,"url":"https:\/\/www.noticiasradioreflejos.com.ar\/2021\/wp-content\/uploads\/2021\/07\/logosol300x200.png","type":"image\/png"}],"author":"Arnaldo Botto","twitter_card":"summary_large_image","schema":{"@context":"https:\/\/schema.org","@graph":[{"@type":"WebPage","@id":"https:\/\/www.noticiasradioreflejos.com.ar\/2021\/hoy-cobran-el-ife-los-que-eligieron-el-correo-con-dni-terminado-en-2-y-apellido-de-la-a-a-la-l\/","url":"https:\/\/www.noticiasradioreflejos.com.ar\/2021\/hoy-cobran-el-ife-los-que-eligieron-el-correo-con-dni-terminado-en-2-y-apellido-de-la-a-a-la-l\/","name":"Hoy cobran el IFE los que eligieron el Correo, con DNI terminado en 2 y apellido de la A a la L - Noticias Radio Reflejos","isPartOf":{"@id":"https:\/\/www.noticiasradioreflejos.com.ar\/2021\/#website"},"datePublished":"2020-05-12T10:41:06+00:00","author":{"@id":"https:\/\/www.noticiasradioreflejos.com.ar\/2021\/#\/schema\/person\/ad82545263dcc5ec0996818884fd5fb1"},"breadcrumb":{"@id":"https:\/\/www.noticiasradioreflejos.com.ar\/2021\/hoy-cobran-el-ife-los-que-eligieron-el-correo-con-dni-terminado-en-2-y-apellido-de-la-a-a-la-l\/#breadcrumb"},"inLanguage":"es","potentialAction":[{"@type":"ReadAction","target":["https:\/\/www.noticiasradioreflejos.com.ar\/2021\/hoy-cobran-el-ife-los-que-eligieron-el-correo-con-dni-terminado-en-2-y-apellido-de-la-a-a-la-l\/"]}]},{"@type":"BreadcrumbList","@id":"https:\/\/www.noticiasradioreflejos.com.ar\/2021\/hoy-cobran-el-ife-los-que-eligieron-el-correo-con-dni-terminado-en-2-y-apellido-de-la-a-a-la-l\/#breadcrumb","itemListElement":[{"@type":"ListItem","position":1,"name":"Portada","item":"https:\/\/www.noticiasradioreflejos.com.ar\/2021\/"},{"@type":"ListItem","position":2,"name":"Hoy cobran el IFE los que eligieron el Correo, con DNI terminado en 2 y apellido de la A a la L"}]},{"@type":"WebSite","@id":"https:\/\/www.noticiasradioreflejos.com.ar\/2021\/#website","url":"https:\/\/www.noticiasradioreflejos.com.ar\/2021\/","name":"Noticias Radio Reflejos","description":"Las noticias de mi comarca","potentialAction":[{"@type":"SearchAction","target":{"@type":"EntryPoint","urlTemplate":"https:\/\/www.noticiasradioreflejos.com.ar\/2021\/?s={search_term_string}"},"query-input":{"@type":"PropertyValueSpecification","valueRequired":true,"valueName":"search_term_string"}}],"inLanguage":"es"},{"@type":"Person","@id":"https:\/\/www.noticiasradioreflejos.com.ar\/2021\/#\/schema\/person\/ad82545263dcc5ec0996818884fd5fb1","name":"Arnaldo Botto","image":{"@type":"ImageObject","inLanguage":"es","@id":"https:\/\/www.noticiasradioreflejos.com.ar\/2021\/#\/schema\/person\/image\/","url":"https:\/\/secure.gravatar.com\/avatar\/55cb5e37c1efa326397366e6974cb338056df65cb50e7d64d1cf314e87504837?s=96&d=mm&r=g","contentUrl":"https:\/\/secure.gravatar.com\/avatar\/55cb5e37c1efa326397366e6974cb338056df65cb50e7d64d1cf314e87504837?s=96&d=mm&r=g","caption":"Arnaldo Botto"},"url":"https:\/\/www.noticiasradioreflejos.com.ar\/2021\/author\/arnaldo\/"}]}},"_links":{"self":[{"href":"https:\/\/www.noticiasradioreflejos.com.ar\/2021\/wp-json\/wp\/v2\/posts\/41807","targetHints":{"allow":["GET"]}}],"collection":[{"href":"https:\/\/www.noticiasradioreflejos.com.ar\/2021\/wp-json\/wp\/v2\/posts"}],"about":[{"href":"https:\/\/www.noticiasradioreflejos.com.ar\/2021\/wp-json\/wp\/v2\/types\/post"}],"author":[{"embeddable":true,"href":"https:\/\/www.noticiasradioreflejos.com.ar\/2021\/wp-json\/wp\/v2\/users\/3"}],"replies":[{"embeddable":true,"href":"https:\/\/www.noticiasradioreflejos.com.ar\/2021\/wp-json\/wp\/v2\/comments?post=41807"}],"version-history":[{"count":0,"href":"https:\/\/www.noticiasradioreflejos.com.ar\/2021\/wp-json\/wp\/v2\/posts\/41807\/revisions"}],"wp:attachment":[{"href":"https:\/\/www.noticiasradioreflejos.com.ar\/2021\/wp-json\/wp\/v2\/media?parent=41807"}],"wp:term":[{"taxonomy":"category","embeddable":true,"href":"https:\/\/www.noticiasradioreflejos.com.ar\/2021\/wp-json\/wp\/v2\/categories?post=41807"},{"taxonomy":"post_tag","embeddable":true,"href":"https:\/\/www.noticiasradioreflejos.com.ar\/2021\/wp-json\/wp\/v2\/tags?post=41807"}],"curies":[{"name":"wp","href":"https:\/\/api.w.org\/{rel}","templated":true}]}}