{"id":41800,"date":"2020-05-11T20:25:44","date_gmt":"2020-05-11T23:25:44","guid":{"rendered":"http:\/\/www.noticiasradioreflejos.com.ar\/noticias\/?p=41800"},"modified":"2020-05-11T20:25:44","modified_gmt":"2020-05-11T23:25:44","slug":"la-organizacion-mundial-del-turismo-pide-a-los-gobiernos-considerar-una-flexibilizacion-en-el-sector","status":"publish","type":"post","link":"https:\/\/www.noticiasradioreflejos.com.ar\/2021\/la-organizacion-mundial-del-turismo-pide-a-los-gobiernos-considerar-una-flexibilizacion-en-el-sector\/","title":{"rendered":"La Organizaci\u00f3n Mundial del Turismo pide a los gobiernos considerar una flexibilizaci\u00f3n en el sector"},"content":{"rendered":"<p>La Organizaci\u00f3n Mundial del Turismo (OMT) pidi\u00f3 a los gobiernos que faciliten el levantamiento de las restricciones a la actividad del sector, en forma coordinada y responsable, en el momento adecuado, seg\u00fan lo expres\u00f3 el secretario general de esta agencia de Naciones Unidas, Zurab Pololikashvili, en un comunicado.<!--more--><br \/>\nUn documento difundido hoy por la OMT advierte que todos los destinos mundiales mantienen restricciones en los viajes y el 72% cerr\u00f3 por completo sus fronteras al turismo internacional desde el comienzo de la crisis causada por el coronavirus.<\/p>\n<p>\u00abDe los 217 destinos de todo el mundo, un total de 156 (un 72%) ha detenido por completo el turismo internacional, seg\u00fan los datos recopilados a partir del 27 de abril de 2020\u00bb, se\u00f1ala el organismo.<\/p>\n<p>El informe apunta que \u00aben un 25% de los destinos, las restricciones han estado vigentes durante al menos tres meses, mientras que en un 40% de ellos, las restricciones comenzaron al menos hace dos meses\u00bb, y \u00abning\u00fan destino ha levantado o aliviado hasta ahora las restricciones de viaje\u00bb.<\/p>\n<p>En un desglose por regi\u00f3n, la OMT revela que el 83% de los destinos en Europa cerraron por completo las fronteras al turismo internacional; en las Am\u00e9ricas, el porcentaje es del 80; en la Regi\u00f3n Asia &#8211; Pac\u00edfico, 70%; en Oriente Medio, 62% y en \u00c1frica del 57%.<\/p>\n<p>Luego sostiene que abrir de nuevo el mundo al turismo salvar\u00e1 empleos, proteger\u00e1 medios de vida y permitir\u00e1 que el sector tur\u00edstico retome su papel en el impulso del desarrollo sostenible<\/p>\n<p>Al respecto, Pololikashvili afirm\u00f3 que \u201cel turismo ha sido el sector m\u00e1s duramente golpeado por esta crisis porque los pa\u00edses cierran fronteras y la gente se queda en casa\u00bb<\/p>\n<p>\u00abNuestra organizaci\u00f3n -sigui\u00f3- hace un llamamiento a los gobiernos para que, de forma coordinada, faciliten el levantamiento de las restricciones, en el momento adecuado y de manera responsable, cuando se considere seguro hacerlo\u00bb.<\/p>\n<p>El secretario general del organismo globlal asegur\u00f3 que \u00abel turismo es el salvavidas para millones de personas, especialmente en pa\u00edses en desarrollo\u201d.<\/p>\n<p>Por \u00faltimo, el comunicado precisa que la OMT trabaja en estrecha colaboraci\u00f3n con otros organismos internacionales, gobiernos y sector privado para impulsar la recuperaci\u00f3n del turismo, como los Ministros de Turismo del G20 y de la Comisi\u00f3n de la Uni\u00f3n Europea.<\/p>\n","protected":false},"excerpt":{"rendered":"<p>La Organizaci\u00f3n Mundial del Turismo (OMT) pidi\u00f3 a los gobiernos que faciliten el levantamiento de las restricciones a la actividad del sector, en forma coordinada y responsable, en el momento adecuado, seg\u00fan lo expres\u00f3 el secretario general de esta agencia de Naciones Unidas, Zurab Pololikashvili, en un comunicado.<\/p>\n","protected":false},"author":3,"featured_media":34404,"comment_status":"closed","ping_status":"open","sticky":false,"template":"","format":"standard","meta":{"footnotes":""},"categories":[33],"tags":[],"class_list":["post-41800","post","type-post","status-publish","format-standard","has-post-thumbnail","hentry","category-turismo"],"yoast_head":"<!-- This site is optimized with the Yoast SEO plugin v25.9 - https:\/\/yoast.com\/wordpress\/plugins\/seo\/ -->\n<title>La Organizaci\u00f3n Mundial del Turismo pide a los gobiernos considerar una flexibilizaci\u00f3n en el sector - Noticias Radio Reflejos<\/title>\n<meta name=\"robots\" content=\"index, follow, max-snippet:-1, max-image-preview:large, max-video-preview:-1\" \/>\n<link rel=\"canonical\" href=\"https:\/\/www.noticiasradioreflejos.com.ar\/2021\/la-organizacion-mundial-del-turismo-pide-a-los-gobiernos-considerar-una-flexibilizacion-en-el-sector\/\" \/>\n<meta property=\"og:locale\" content=\"es_ES\" \/>\n<meta property=\"og:type\" content=\"article\" \/>\n<meta property=\"og:title\" content=\"La Organizaci\u00f3n Mundial del Turismo pide a los gobiernos considerar una flexibilizaci\u00f3n en el sector - Noticias Radio Reflejos\" \/>\n<meta property=\"og:description\" content=\"La Organizaci\u00f3n Mundial del Turismo (OMT) pidi\u00f3 a los gobiernos que faciliten el levantamiento de las restricciones a la actividad del sector, en forma coordinada y responsable, en el momento adecuado, seg\u00fan lo expres\u00f3 el secretario general de esta agencia de Naciones Unidas, Zurab Pololikashvili, en un comunicado.\" \/>\n<meta property=\"og:url\" content=\"https:\/\/www.noticiasradioreflejos.com.ar\/2021\/la-organizacion-mundial-del-turismo-pide-a-los-gobiernos-considerar-una-flexibilizacion-en-el-sector\/\" \/>\n<meta property=\"og:site_name\" content=\"Noticias Radio Reflejos\" \/>\n<meta property=\"article:published_time\" content=\"2020-05-11T23:25:44+00:00\" \/>\n<meta property=\"og:image\" content=\"https:\/\/www.noticiasradioreflejos.com.ar\/2021\/wp-content\/uploads\/2019\/09\/Mi-ruta-Lucrecia-Diel-scaled.jpg\" \/>\n\t<meta property=\"og:image:width\" content=\"2560\" \/>\n\t<meta property=\"og:image:height\" content=\"1706\" \/>\n\t<meta property=\"og:image:type\" content=\"image\/jpeg\" \/>\n<meta name=\"author\" content=\"Arnaldo Botto\" \/>\n<meta name=\"twitter:card\" content=\"summary_large_image\" \/>\n<script type=\"application\/ld+json\" class=\"yoast-schema-graph\">{\"@context\":\"https:\/\/schema.org\",\"@graph\":[{\"@type\":\"WebPage\",\"@id\":\"https:\/\/www.noticiasradioreflejos.com.ar\/2021\/la-organizacion-mundial-del-turismo-pide-a-los-gobiernos-considerar-una-flexibilizacion-en-el-sector\/\",\"url\":\"https:\/\/www.noticiasradioreflejos.com.ar\/2021\/la-organizacion-mundial-del-turismo-pide-a-los-gobiernos-considerar-una-flexibilizacion-en-el-sector\/\",\"name\":\"La Organizaci\u00f3n Mundial del Turismo pide a los gobiernos considerar una flexibilizaci\u00f3n en el sector - Noticias Radio Reflejos\",\"isPartOf\":{\"@id\":\"https:\/\/www.noticiasradioreflejos.com.ar\/2021\/#website\"},\"primaryImageOfPage\":{\"@id\":\"https:\/\/www.noticiasradioreflejos.com.ar\/2021\/la-organizacion-mundial-del-turismo-pide-a-los-gobiernos-considerar-una-flexibilizacion-en-el-sector\/#primaryimage\"},\"image\":{\"@id\":\"https:\/\/www.noticiasradioreflejos.com.ar\/2021\/la-organizacion-mundial-del-turismo-pide-a-los-gobiernos-considerar-una-flexibilizacion-en-el-sector\/#primaryimage\"},\"thumbnailUrl\":\"https:\/\/www.noticiasradioreflejos.com.ar\/2021\/wp-content\/uploads\/2019\/09\/Mi-ruta-Lucrecia-Diel-scaled.jpg\",\"datePublished\":\"2020-05-11T23:25:44+00:00\",\"author\":{\"@id\":\"https:\/\/www.noticiasradioreflejos.com.ar\/2021\/#\/schema\/person\/ad82545263dcc5ec0996818884fd5fb1\"},\"breadcrumb\":{\"@id\":\"https:\/\/www.noticiasradioreflejos.com.ar\/2021\/la-organizacion-mundial-del-turismo-pide-a-los-gobiernos-considerar-una-flexibilizacion-en-el-sector\/#breadcrumb\"},\"inLanguage\":\"es\",\"potentialAction\":[{\"@type\":\"ReadAction\",\"target\":[\"https:\/\/www.noticiasradioreflejos.com.ar\/2021\/la-organizacion-mundial-del-turismo-pide-a-los-gobiernos-considerar-una-flexibilizacion-en-el-sector\/\"]}]},{\"@type\":\"ImageObject\",\"inLanguage\":\"es\",\"@id\":\"https:\/\/www.noticiasradioreflejos.com.ar\/2021\/la-organizacion-mundial-del-turismo-pide-a-los-gobiernos-considerar-una-flexibilizacion-en-el-sector\/#primaryimage\",\"url\":\"https:\/\/www.noticiasradioreflejos.com.ar\/2021\/wp-content\/uploads\/2019\/09\/Mi-ruta-Lucrecia-Diel-scaled.jpg\",\"contentUrl\":\"https:\/\/www.noticiasradioreflejos.com.ar\/2021\/wp-content\/uploads\/2019\/09\/Mi-ruta-Lucrecia-Diel-scaled.jpg\",\"width\":2560,\"height\":1706},{\"@type\":\"BreadcrumbList\",\"@id\":\"https:\/\/www.noticiasradioreflejos.com.ar\/2021\/la-organizacion-mundial-del-turismo-pide-a-los-gobiernos-considerar-una-flexibilizacion-en-el-sector\/#breadcrumb\",\"itemListElement\":[{\"@type\":\"ListItem\",\"position\":1,\"name\":\"Portada\",\"item\":\"https:\/\/www.noticiasradioreflejos.com.ar\/2021\/\"},{\"@type\":\"ListItem\",\"position\":2,\"name\":\"La Organizaci\u00f3n Mundial del Turismo pide a los gobiernos considerar una flexibilizaci\u00f3n en el sector\"}]},{\"@type\":\"WebSite\",\"@id\":\"https:\/\/www.noticiasradioreflejos.com.ar\/2021\/#website\",\"url\":\"https:\/\/www.noticiasradioreflejos.com.ar\/2021\/\",\"name\":\"Noticias Radio Reflejos\",\"description\":\"Las noticias de mi comarca\",\"potentialAction\":[{\"@type\":\"SearchAction\",\"target\":{\"@type\":\"EntryPoint\",\"urlTemplate\":\"https:\/\/www.noticiasradioreflejos.com.ar\/2021\/?s={search_term_string}\"},\"query-input\":{\"@type\":\"PropertyValueSpecification\",\"valueRequired\":true,\"valueName\":\"search_term_string\"}}],\"inLanguage\":\"es\"},{\"@type\":\"Person\",\"@id\":\"https:\/\/www.noticiasradioreflejos.com.ar\/2021\/#\/schema\/person\/ad82545263dcc5ec0996818884fd5fb1\",\"name\":\"Arnaldo Botto\",\"image\":{\"@type\":\"ImageObject\",\"inLanguage\":\"es\",\"@id\":\"https:\/\/www.noticiasradioreflejos.com.ar\/2021\/#\/schema\/person\/image\/\",\"url\":\"https:\/\/secure.gravatar.com\/avatar\/55cb5e37c1efa326397366e6974cb338056df65cb50e7d64d1cf314e87504837?s=96&d=mm&r=g\",\"contentUrl\":\"https:\/\/secure.gravatar.com\/avatar\/55cb5e37c1efa326397366e6974cb338056df65cb50e7d64d1cf314e87504837?s=96&d=mm&r=g\",\"caption\":\"Arnaldo Botto\"},\"url\":\"https:\/\/www.noticiasradioreflejos.com.ar\/2021\/author\/arnaldo\/\"}]}<\/script>\n<!-- \/ Yoast SEO plugin. -->","yoast_head_json":{"title":"La Organizaci\u00f3n Mundial del Turismo pide a los gobiernos considerar una flexibilizaci\u00f3n en el sector - Noticias Radio Reflejos","robots":{"index":"index","follow":"follow","max-snippet":"max-snippet:-1","max-image-preview":"max-image-preview:large","max-video-preview":"max-video-preview:-1"},"canonical":"https:\/\/www.noticiasradioreflejos.com.ar\/2021\/la-organizacion-mundial-del-turismo-pide-a-los-gobiernos-considerar-una-flexibilizacion-en-el-sector\/","og_locale":"es_ES","og_type":"article","og_title":"La Organizaci\u00f3n Mundial del Turismo pide a los gobiernos considerar una flexibilizaci\u00f3n en el sector - Noticias Radio Reflejos","og_description":"La Organizaci\u00f3n Mundial del Turismo (OMT) pidi\u00f3 a los gobiernos que faciliten el levantamiento de las restricciones a la actividad del sector, en forma coordinada y responsable, en el momento adecuado, seg\u00fan lo expres\u00f3 el secretario general de esta agencia de Naciones Unidas, Zurab Pololikashvili, en un comunicado.","og_url":"https:\/\/www.noticiasradioreflejos.com.ar\/2021\/la-organizacion-mundial-del-turismo-pide-a-los-gobiernos-considerar-una-flexibilizacion-en-el-sector\/","og_site_name":"Noticias Radio Reflejos","article_published_time":"2020-05-11T23:25:44+00:00","og_image":[{"width":2560,"height":1706,"url":"https:\/\/www.noticiasradioreflejos.com.ar\/2021\/wp-content\/uploads\/2019\/09\/Mi-ruta-Lucrecia-Diel-scaled.jpg","type":"image\/jpeg"}],"author":"Arnaldo Botto","twitter_card":"summary_large_image","schema":{"@context":"https:\/\/schema.org","@graph":[{"@type":"WebPage","@id":"https:\/\/www.noticiasradioreflejos.com.ar\/2021\/la-organizacion-mundial-del-turismo-pide-a-los-gobiernos-considerar-una-flexibilizacion-en-el-sector\/","url":"https:\/\/www.noticiasradioreflejos.com.ar\/2021\/la-organizacion-mundial-del-turismo-pide-a-los-gobiernos-considerar-una-flexibilizacion-en-el-sector\/","name":"La Organizaci\u00f3n Mundial del Turismo pide a los gobiernos considerar una flexibilizaci\u00f3n en el sector - Noticias Radio Reflejos","isPartOf":{"@id":"https:\/\/www.noticiasradioreflejos.com.ar\/2021\/#website"},"primaryImageOfPage":{"@id":"https:\/\/www.noticiasradioreflejos.com.ar\/2021\/la-organizacion-mundial-del-turismo-pide-a-los-gobiernos-considerar-una-flexibilizacion-en-el-sector\/#primaryimage"},"image":{"@id":"https:\/\/www.noticiasradioreflejos.com.ar\/2021\/la-organizacion-mundial-del-turismo-pide-a-los-gobiernos-considerar-una-flexibilizacion-en-el-sector\/#primaryimage"},"thumbnailUrl":"https:\/\/www.noticiasradioreflejos.com.ar\/2021\/wp-content\/uploads\/2019\/09\/Mi-ruta-Lucrecia-Diel-scaled.jpg","datePublished":"2020-05-11T23:25:44+00:00","author":{"@id":"https:\/\/www.noticiasradioreflejos.com.ar\/2021\/#\/schema\/person\/ad82545263dcc5ec0996818884fd5fb1"},"breadcrumb":{"@id":"https:\/\/www.noticiasradioreflejos.com.ar\/2021\/la-organizacion-mundial-del-turismo-pide-a-los-gobiernos-considerar-una-flexibilizacion-en-el-sector\/#breadcrumb"},"inLanguage":"es","potentialAction":[{"@type":"ReadAction","target":["https:\/\/www.noticiasradioreflejos.com.ar\/2021\/la-organizacion-mundial-del-turismo-pide-a-los-gobiernos-considerar-una-flexibilizacion-en-el-sector\/"]}]},{"@type":"ImageObject","inLanguage":"es","@id":"https:\/\/www.noticiasradioreflejos.com.ar\/2021\/la-organizacion-mundial-del-turismo-pide-a-los-gobiernos-considerar-una-flexibilizacion-en-el-sector\/#primaryimage","url":"https:\/\/www.noticiasradioreflejos.com.ar\/2021\/wp-content\/uploads\/2019\/09\/Mi-ruta-Lucrecia-Diel-scaled.jpg","contentUrl":"https:\/\/www.noticiasradioreflejos.com.ar\/2021\/wp-content\/uploads\/2019\/09\/Mi-ruta-Lucrecia-Diel-scaled.jpg","width":2560,"height":1706},{"@type":"BreadcrumbList","@id":"https:\/\/www.noticiasradioreflejos.com.ar\/2021\/la-organizacion-mundial-del-turismo-pide-a-los-gobiernos-considerar-una-flexibilizacion-en-el-sector\/#breadcrumb","itemListElement":[{"@type":"ListItem","position":1,"name":"Portada","item":"https:\/\/www.noticiasradioreflejos.com.ar\/2021\/"},{"@type":"ListItem","position":2,"name":"La Organizaci\u00f3n Mundial del Turismo pide a los gobiernos considerar una flexibilizaci\u00f3n en el sector"}]},{"@type":"WebSite","@id":"https:\/\/www.noticiasradioreflejos.com.ar\/2021\/#website","url":"https:\/\/www.noticiasradioreflejos.com.ar\/2021\/","name":"Noticias Radio Reflejos","description":"Las noticias de mi comarca","potentialAction":[{"@type":"SearchAction","target":{"@type":"EntryPoint","urlTemplate":"https:\/\/www.noticiasradioreflejos.com.ar\/2021\/?s={search_term_string}"},"query-input":{"@type":"PropertyValueSpecification","valueRequired":true,"valueName":"search_term_string"}}],"inLanguage":"es"},{"@type":"Person","@id":"https:\/\/www.noticiasradioreflejos.com.ar\/2021\/#\/schema\/person\/ad82545263dcc5ec0996818884fd5fb1","name":"Arnaldo Botto","image":{"@type":"ImageObject","inLanguage":"es","@id":"https:\/\/www.noticiasradioreflejos.com.ar\/2021\/#\/schema\/person\/image\/","url":"https:\/\/secure.gravatar.com\/avatar\/55cb5e37c1efa326397366e6974cb338056df65cb50e7d64d1cf314e87504837?s=96&d=mm&r=g","contentUrl":"https:\/\/secure.gravatar.com\/avatar\/55cb5e37c1efa326397366e6974cb338056df65cb50e7d64d1cf314e87504837?s=96&d=mm&r=g","caption":"Arnaldo Botto"},"url":"https:\/\/www.noticiasradioreflejos.com.ar\/2021\/author\/arnaldo\/"}]}},"_links":{"self":[{"href":"https:\/\/www.noticiasradioreflejos.com.ar\/2021\/wp-json\/wp\/v2\/posts\/41800","targetHints":{"allow":["GET"]}}],"collection":[{"href":"https:\/\/www.noticiasradioreflejos.com.ar\/2021\/wp-json\/wp\/v2\/posts"}],"about":[{"href":"https:\/\/www.noticiasradioreflejos.com.ar\/2021\/wp-json\/wp\/v2\/types\/post"}],"author":[{"embeddable":true,"href":"https:\/\/www.noticiasradioreflejos.com.ar\/2021\/wp-json\/wp\/v2\/users\/3"}],"replies":[{"embeddable":true,"href":"https:\/\/www.noticiasradioreflejos.com.ar\/2021\/wp-json\/wp\/v2\/comments?post=41800"}],"version-history":[{"count":0,"href":"https:\/\/www.noticiasradioreflejos.com.ar\/2021\/wp-json\/wp\/v2\/posts\/41800\/revisions"}],"wp:featuredmedia":[{"embeddable":true,"href":"https:\/\/www.noticiasradioreflejos.com.ar\/2021\/wp-json\/wp\/v2\/media\/34404"}],"wp:attachment":[{"href":"https:\/\/www.noticiasradioreflejos.com.ar\/2021\/wp-json\/wp\/v2\/media?parent=41800"}],"wp:term":[{"taxonomy":"category","embeddable":true,"href":"https:\/\/www.noticiasradioreflejos.com.ar\/2021\/wp-json\/wp\/v2\/categories?post=41800"},{"taxonomy":"post_tag","embeddable":true,"href":"https:\/\/www.noticiasradioreflejos.com.ar\/2021\/wp-json\/wp\/v2\/tags?post=41800"}],"curies":[{"name":"wp","href":"https:\/\/api.w.org\/{rel}","templated":true}]}}