{"id":41793,"date":"2020-05-11T16:01:58","date_gmt":"2020-05-11T19:01:58","guid":{"rendered":"http:\/\/www.noticiasradioreflejos.com.ar\/noticias\/?p=41793"},"modified":"2020-05-11T16:01:58","modified_gmt":"2020-05-11T19:01:58","slug":"el-partido-justicialista-de-tornquist-adhiere-al-siguiente-comunicado","status":"publish","type":"post","link":"https:\/\/www.noticiasradioreflejos.com.ar\/2021\/el-partido-justicialista-de-tornquist-adhiere-al-siguiente-comunicado\/","title":{"rendered":"El Partido Justicialista de Tornquist adhiere al siguiente comunicado"},"content":{"rendered":"<p>Los integrantes del Consejo del Partido Justicialista de la Provincia de Buenos Aires manifestamos nuestro apoyo incondicional a las negociaciones del Presidente Alberto Fern\u00e1ndez y del Gobernador Axel Kicillof con los acreedores externos.<!--more--><\/p>\n<p> La patri\u00f3tica defensa del inter\u00e9s nacional genera en nosotros una decidida actitud militante, conociendo las dificultades que ello conlleva en un in\u00e9dito contexto global de crisis financiera y econ\u00f3mica. Compartimos la postura humanista y solidaria, que privilegia, en primera instancia, la recuperaci\u00f3n de la senda del crecimiento econ\u00f3mico para proteger el futuro del Pueblo argentino y del Pueblo bonaerense.<\/p>\n<p>Nuestro compa\u00f1ero Presidente, que ante la pandemia del coronavirus ha puesto como prioridad el cuidado de la salud de todos los argentinos, afronta la responsabilidad de negociar una deuda devenida en hipoteca social por una mala pol\u00edtica del gobierno anterior. Pero, consciente del da\u00f1o que le provocar\u00eda al Pueblo utilizar los recursos p\u00fablicos para pagarla sobre la base de m\u00e1s ajuste y recortes de los ingresos de los trabajadores y productores, ha decidido honrar los compromisos financieros sin ajustes ni violaci\u00f3n de derechos.<br \/>\nEn la Provincia el camino encabezado por Axel va en la misma direcci\u00f3n: cuidar el trabajo, la industria y el futuro de los y las bonaerenses en un territorio que, como dice nuestro Gobernador, constituye el coraz\u00f3n productivo de la Argentina.<br \/>\nLa actual crisis hace crujir los cimientos hasta de las grandes potencias, lo que insta a la dirigencia mundial a replantear de inmediato la elaboraci\u00f3n de pol\u00edticas p\u00fablicas internacionales con una escala de valores que deber\u00e1 tener en primer lugar a las personas, punto de partida y de llegada de cualquier proyecto que tienda a salvaguardar  la vida y nuestra casa com\u00fan, el planeta Tierra. <\/p>\n<p>As\u00ed lo sentimos desde el Justicialismo, movimiento democr\u00e1tico y popular que hunde sus ra\u00edces doctrinarias en el humanismo solidario. Para nosotros la dignidad de la persona humana es irrenunciable, m\u00e1xime en este momento crucial del mundo. Por eso, nos ocupamos de morigerar los efectos sanitarios y econ\u00f3micos de la pandemia sin descuidar ni olvidar que hay otra pandemia que escandaliza a la humanidad: la pobreza, resultado final de la concentraci\u00f3n del dinero y de la especulaci\u00f3n de los mercados financieros que carecen de Dios, patria y bandera. La muerte y la exclusi\u00f3n de millones claman al Cielo.<br \/>\nNuestro compa\u00f1ero Presidente ha heredado una deuda mal contra\u00edda, con vencimientos a corto plazo que son impagables en las condiciones que exigen los acreedores. De ah\u00ed  su propuesta de pago que apela a la sostenibilidad y al crecimiento, es decir, al cumplimiento racional, sin hambrear y empobrecer al Pueblo. Vale destacar que el fenomenal endeudamiento argentino fue contra\u00eddo con intereses onerosos, y, adem\u00e1s, le abri\u00f3 las puertas a la fuga de divisas que debieron haberse invertido en la producci\u00f3n y el trabajo.<br \/>\nEstamos convencidos de que la Patria podr\u00e1 generar condiciones de crecimiento, a partir de la propuesta de pago elaborada por el equipo econ\u00f3mico del gobierno federal. Hemos arribado a una situaci\u00f3n l\u00edmite y los acreedores deber\u00edan tener en cuenta lo que alguna vez dijo N\u00e9stor Kirchner: \u201clos muertos no pagan\u201d.<br \/>\nEn este sentido, el Peronismo Bonaerense se reuni\u00f3 a trav\u00e9s de una plataforma virtual, en cumplimiento del aislamiento con la participaci\u00f3n de compa\u00f1eros y compa\u00f1eras del Consejo y de otros \u00e1mbitos representativos de nuestro movimiento, y hemos decidido pronunciarnos p\u00fablicamente para manifestar nuestro apoyo incondicional al Presidente y al Gobernador en esta hora decisiva.<\/p>\n<p>Lo hacemos porque ambas gestiones peronistas, con una econom\u00eda heredada en terapia intensiva, est\u00e1n conteniendo a los m\u00e1s vulnerables como le corresponde a todo peronista por mandato hist\u00f3rico. Haciendo un esfuerzo presupuestario monumental, el Presidente ha implementado el Ingreso Familiar de Emergencia (I.F.E), ha aumentado las asignaciones universales por hijo y las tarjetas alimentarias, ha otorgado cr\u00e9ditos a los trabajadores monotributistas y a las pymes, entre otras medidas que ayudan a paliar los efectos nocivos heredados y de la actual pandemia. En la Provincia, Axel puso en marcha en tiempo r\u00e9cord la recomposici\u00f3n de un sistema sanitario que estaba hecho pedazos y se puso tambi\u00e9n al hombro la contenci\u00f3n del inmenso tejido social.<\/p>\n<p>Los argentinos saldremos adelante. Sabemos recuperarnos. Tenemos experiencia. No nos van a amedrentar los agoreros ni los sempiternos profetas del odio. Los peronistas, nuevamente, asumimos la misi\u00f3n encomendada por nuestros fundadores Per\u00f3n y Evita, poni\u00e9ndonos a la altura de las circunstancias. Porque, como ense\u00f1a todav\u00eda el General San Mart\u00edn desde lo m\u00e1s profundo de nuestra historia de lucha,  las empresas dif\u00edciles se han hecho para los hombres y mujeres de coraje.<\/p>\n<p>PARTIDO JUSTICIALISTA DE LA PROVINCIA DE BUENOS AIRES<\/p>\n<p>Buenos Aires, 10 de mayo de 2020.<\/p>\n","protected":false},"excerpt":{"rendered":"<p>Los integrantes del Consejo del Partido Justicialista de la Provincia de Buenos Aires manifestamos nuestro apoyo incondicional a las negociaciones del Presidente Alberto Fern\u00e1ndez y del Gobernador Axel Kicillof con los acreedores externos.<\/p>\n","protected":false},"author":3,"featured_media":20620,"comment_status":"closed","ping_status":"open","sticky":false,"template":"","format":"standard","meta":{"footnotes":""},"categories":[24],"tags":[],"class_list":["post-41793","post","type-post","status-publish","format-standard","has-post-thumbnail","hentry","category-politica"],"yoast_head":"<!-- This site is optimized with the Yoast SEO plugin v25.9 - https:\/\/yoast.com\/wordpress\/plugins\/seo\/ -->\n<title>El Partido Justicialista de Tornquist adhiere al siguiente comunicado - Noticias Radio Reflejos<\/title>\n<meta name=\"robots\" content=\"index, follow, max-snippet:-1, max-image-preview:large, max-video-preview:-1\" \/>\n<link rel=\"canonical\" href=\"https:\/\/www.noticiasradioreflejos.com.ar\/2021\/el-partido-justicialista-de-tornquist-adhiere-al-siguiente-comunicado\/\" \/>\n<meta property=\"og:locale\" content=\"es_ES\" \/>\n<meta property=\"og:type\" content=\"article\" \/>\n<meta property=\"og:title\" content=\"El Partido Justicialista de Tornquist adhiere al siguiente comunicado - Noticias Radio Reflejos\" \/>\n<meta property=\"og:description\" content=\"Los integrantes del Consejo del Partido Justicialista de la Provincia de Buenos Aires manifestamos nuestro apoyo incondicional a las negociaciones del Presidente Alberto Fern\u00e1ndez y del Gobernador Axel Kicillof con los acreedores externos.\" \/>\n<meta property=\"og:url\" content=\"https:\/\/www.noticiasradioreflejos.com.ar\/2021\/el-partido-justicialista-de-tornquist-adhiere-al-siguiente-comunicado\/\" \/>\n<meta property=\"og:site_name\" content=\"Noticias Radio Reflejos\" \/>\n<meta property=\"article:published_time\" content=\"2020-05-11T19:01:58+00:00\" \/>\n<meta property=\"og:image\" content=\"https:\/\/www.noticiasradioreflejos.com.ar\/2021\/wp-content\/uploads\/2021\/07\/logosol300x200.png\" \/>\n\t<meta property=\"og:image:width\" content=\"300\" \/>\n\t<meta property=\"og:image:height\" content=\"200\" \/>\n\t<meta property=\"og:image:type\" content=\"image\/png\" \/>\n<meta name=\"author\" content=\"Arnaldo Botto\" \/>\n<meta name=\"twitter:card\" content=\"summary_large_image\" \/>\n<script type=\"application\/ld+json\" class=\"yoast-schema-graph\">{\"@context\":\"https:\/\/schema.org\",\"@graph\":[{\"@type\":\"WebPage\",\"@id\":\"https:\/\/www.noticiasradioreflejos.com.ar\/2021\/el-partido-justicialista-de-tornquist-adhiere-al-siguiente-comunicado\/\",\"url\":\"https:\/\/www.noticiasradioreflejos.com.ar\/2021\/el-partido-justicialista-de-tornquist-adhiere-al-siguiente-comunicado\/\",\"name\":\"El Partido Justicialista de Tornquist adhiere al siguiente comunicado - Noticias Radio Reflejos\",\"isPartOf\":{\"@id\":\"https:\/\/www.noticiasradioreflejos.com.ar\/2021\/#website\"},\"primaryImageOfPage\":{\"@id\":\"https:\/\/www.noticiasradioreflejos.com.ar\/2021\/el-partido-justicialista-de-tornquist-adhiere-al-siguiente-comunicado\/#primaryimage\"},\"image\":{\"@id\":\"https:\/\/www.noticiasradioreflejos.com.ar\/2021\/el-partido-justicialista-de-tornquist-adhiere-al-siguiente-comunicado\/#primaryimage\"},\"thumbnailUrl\":\"\",\"datePublished\":\"2020-05-11T19:01:58+00:00\",\"author\":{\"@id\":\"https:\/\/www.noticiasradioreflejos.com.ar\/2021\/#\/schema\/person\/ad82545263dcc5ec0996818884fd5fb1\"},\"breadcrumb\":{\"@id\":\"https:\/\/www.noticiasradioreflejos.com.ar\/2021\/el-partido-justicialista-de-tornquist-adhiere-al-siguiente-comunicado\/#breadcrumb\"},\"inLanguage\":\"es\",\"potentialAction\":[{\"@type\":\"ReadAction\",\"target\":[\"https:\/\/www.noticiasradioreflejos.com.ar\/2021\/el-partido-justicialista-de-tornquist-adhiere-al-siguiente-comunicado\/\"]}]},{\"@type\":\"ImageObject\",\"inLanguage\":\"es\",\"@id\":\"https:\/\/www.noticiasradioreflejos.com.ar\/2021\/el-partido-justicialista-de-tornquist-adhiere-al-siguiente-comunicado\/#primaryimage\",\"url\":\"\",\"contentUrl\":\"\"},{\"@type\":\"BreadcrumbList\",\"@id\":\"https:\/\/www.noticiasradioreflejos.com.ar\/2021\/el-partido-justicialista-de-tornquist-adhiere-al-siguiente-comunicado\/#breadcrumb\",\"itemListElement\":[{\"@type\":\"ListItem\",\"position\":1,\"name\":\"Portada\",\"item\":\"https:\/\/www.noticiasradioreflejos.com.ar\/2021\/\"},{\"@type\":\"ListItem\",\"position\":2,\"name\":\"El Partido Justicialista de Tornquist adhiere al siguiente comunicado\"}]},{\"@type\":\"WebSite\",\"@id\":\"https:\/\/www.noticiasradioreflejos.com.ar\/2021\/#website\",\"url\":\"https:\/\/www.noticiasradioreflejos.com.ar\/2021\/\",\"name\":\"Noticias Radio Reflejos\",\"description\":\"Las noticias de mi comarca\",\"potentialAction\":[{\"@type\":\"SearchAction\",\"target\":{\"@type\":\"EntryPoint\",\"urlTemplate\":\"https:\/\/www.noticiasradioreflejos.com.ar\/2021\/?s={search_term_string}\"},\"query-input\":{\"@type\":\"PropertyValueSpecification\",\"valueRequired\":true,\"valueName\":\"search_term_string\"}}],\"inLanguage\":\"es\"},{\"@type\":\"Person\",\"@id\":\"https:\/\/www.noticiasradioreflejos.com.ar\/2021\/#\/schema\/person\/ad82545263dcc5ec0996818884fd5fb1\",\"name\":\"Arnaldo Botto\",\"image\":{\"@type\":\"ImageObject\",\"inLanguage\":\"es\",\"@id\":\"https:\/\/www.noticiasradioreflejos.com.ar\/2021\/#\/schema\/person\/image\/\",\"url\":\"https:\/\/secure.gravatar.com\/avatar\/55cb5e37c1efa326397366e6974cb338056df65cb50e7d64d1cf314e87504837?s=96&d=mm&r=g\",\"contentUrl\":\"https:\/\/secure.gravatar.com\/avatar\/55cb5e37c1efa326397366e6974cb338056df65cb50e7d64d1cf314e87504837?s=96&d=mm&r=g\",\"caption\":\"Arnaldo Botto\"},\"url\":\"https:\/\/www.noticiasradioreflejos.com.ar\/2021\/author\/arnaldo\/\"}]}<\/script>\n<!-- \/ Yoast SEO plugin. -->","yoast_head_json":{"title":"El Partido Justicialista de Tornquist adhiere al siguiente comunicado - Noticias Radio Reflejos","robots":{"index":"index","follow":"follow","max-snippet":"max-snippet:-1","max-image-preview":"max-image-preview:large","max-video-preview":"max-video-preview:-1"},"canonical":"https:\/\/www.noticiasradioreflejos.com.ar\/2021\/el-partido-justicialista-de-tornquist-adhiere-al-siguiente-comunicado\/","og_locale":"es_ES","og_type":"article","og_title":"El Partido Justicialista de Tornquist adhiere al siguiente comunicado - Noticias Radio Reflejos","og_description":"Los integrantes del Consejo del Partido Justicialista de la Provincia de Buenos Aires manifestamos nuestro apoyo incondicional a las negociaciones del Presidente Alberto Fern\u00e1ndez y del Gobernador Axel Kicillof con los acreedores externos.","og_url":"https:\/\/www.noticiasradioreflejos.com.ar\/2021\/el-partido-justicialista-de-tornquist-adhiere-al-siguiente-comunicado\/","og_site_name":"Noticias Radio Reflejos","article_published_time":"2020-05-11T19:01:58+00:00","og_image":[{"width":300,"height":200,"url":"https:\/\/www.noticiasradioreflejos.com.ar\/2021\/wp-content\/uploads\/2021\/07\/logosol300x200.png","type":"image\/png"}],"author":"Arnaldo Botto","twitter_card":"summary_large_image","schema":{"@context":"https:\/\/schema.org","@graph":[{"@type":"WebPage","@id":"https:\/\/www.noticiasradioreflejos.com.ar\/2021\/el-partido-justicialista-de-tornquist-adhiere-al-siguiente-comunicado\/","url":"https:\/\/www.noticiasradioreflejos.com.ar\/2021\/el-partido-justicialista-de-tornquist-adhiere-al-siguiente-comunicado\/","name":"El Partido Justicialista de Tornquist adhiere al siguiente comunicado - Noticias Radio Reflejos","isPartOf":{"@id":"https:\/\/www.noticiasradioreflejos.com.ar\/2021\/#website"},"primaryImageOfPage":{"@id":"https:\/\/www.noticiasradioreflejos.com.ar\/2021\/el-partido-justicialista-de-tornquist-adhiere-al-siguiente-comunicado\/#primaryimage"},"image":{"@id":"https:\/\/www.noticiasradioreflejos.com.ar\/2021\/el-partido-justicialista-de-tornquist-adhiere-al-siguiente-comunicado\/#primaryimage"},"thumbnailUrl":"","datePublished":"2020-05-11T19:01:58+00:00","author":{"@id":"https:\/\/www.noticiasradioreflejos.com.ar\/2021\/#\/schema\/person\/ad82545263dcc5ec0996818884fd5fb1"},"breadcrumb":{"@id":"https:\/\/www.noticiasradioreflejos.com.ar\/2021\/el-partido-justicialista-de-tornquist-adhiere-al-siguiente-comunicado\/#breadcrumb"},"inLanguage":"es","potentialAction":[{"@type":"ReadAction","target":["https:\/\/www.noticiasradioreflejos.com.ar\/2021\/el-partido-justicialista-de-tornquist-adhiere-al-siguiente-comunicado\/"]}]},{"@type":"ImageObject","inLanguage":"es","@id":"https:\/\/www.noticiasradioreflejos.com.ar\/2021\/el-partido-justicialista-de-tornquist-adhiere-al-siguiente-comunicado\/#primaryimage","url":"","contentUrl":""},{"@type":"BreadcrumbList","@id":"https:\/\/www.noticiasradioreflejos.com.ar\/2021\/el-partido-justicialista-de-tornquist-adhiere-al-siguiente-comunicado\/#breadcrumb","itemListElement":[{"@type":"ListItem","position":1,"name":"Portada","item":"https:\/\/www.noticiasradioreflejos.com.ar\/2021\/"},{"@type":"ListItem","position":2,"name":"El Partido Justicialista de Tornquist adhiere al siguiente comunicado"}]},{"@type":"WebSite","@id":"https:\/\/www.noticiasradioreflejos.com.ar\/2021\/#website","url":"https:\/\/www.noticiasradioreflejos.com.ar\/2021\/","name":"Noticias Radio Reflejos","description":"Las noticias de mi comarca","potentialAction":[{"@type":"SearchAction","target":{"@type":"EntryPoint","urlTemplate":"https:\/\/www.noticiasradioreflejos.com.ar\/2021\/?s={search_term_string}"},"query-input":{"@type":"PropertyValueSpecification","valueRequired":true,"valueName":"search_term_string"}}],"inLanguage":"es"},{"@type":"Person","@id":"https:\/\/www.noticiasradioreflejos.com.ar\/2021\/#\/schema\/person\/ad82545263dcc5ec0996818884fd5fb1","name":"Arnaldo Botto","image":{"@type":"ImageObject","inLanguage":"es","@id":"https:\/\/www.noticiasradioreflejos.com.ar\/2021\/#\/schema\/person\/image\/","url":"https:\/\/secure.gravatar.com\/avatar\/55cb5e37c1efa326397366e6974cb338056df65cb50e7d64d1cf314e87504837?s=96&d=mm&r=g","contentUrl":"https:\/\/secure.gravatar.com\/avatar\/55cb5e37c1efa326397366e6974cb338056df65cb50e7d64d1cf314e87504837?s=96&d=mm&r=g","caption":"Arnaldo Botto"},"url":"https:\/\/www.noticiasradioreflejos.com.ar\/2021\/author\/arnaldo\/"}]}},"_links":{"self":[{"href":"https:\/\/www.noticiasradioreflejos.com.ar\/2021\/wp-json\/wp\/v2\/posts\/41793","targetHints":{"allow":["GET"]}}],"collection":[{"href":"https:\/\/www.noticiasradioreflejos.com.ar\/2021\/wp-json\/wp\/v2\/posts"}],"about":[{"href":"https:\/\/www.noticiasradioreflejos.com.ar\/2021\/wp-json\/wp\/v2\/types\/post"}],"author":[{"embeddable":true,"href":"https:\/\/www.noticiasradioreflejos.com.ar\/2021\/wp-json\/wp\/v2\/users\/3"}],"replies":[{"embeddable":true,"href":"https:\/\/www.noticiasradioreflejos.com.ar\/2021\/wp-json\/wp\/v2\/comments?post=41793"}],"version-history":[{"count":0,"href":"https:\/\/www.noticiasradioreflejos.com.ar\/2021\/wp-json\/wp\/v2\/posts\/41793\/revisions"}],"wp:featuredmedia":[{"embeddable":true,"href":"https:\/\/www.noticiasradioreflejos.com.ar\/2021\/wp-json\/"}],"wp:attachment":[{"href":"https:\/\/www.noticiasradioreflejos.com.ar\/2021\/wp-json\/wp\/v2\/media?parent=41793"}],"wp:term":[{"taxonomy":"category","embeddable":true,"href":"https:\/\/www.noticiasradioreflejos.com.ar\/2021\/wp-json\/wp\/v2\/categories?post=41793"},{"taxonomy":"post_tag","embeddable":true,"href":"https:\/\/www.noticiasradioreflejos.com.ar\/2021\/wp-json\/wp\/v2\/tags?post=41793"}],"curies":[{"name":"wp","href":"https:\/\/api.w.org\/{rel}","templated":true}]}}