{"id":41789,"date":"2020-05-11T15:32:21","date_gmt":"2020-05-11T18:32:21","guid":{"rendered":"http:\/\/www.noticiasradioreflejos.com.ar\/noticias\/?p=41789"},"modified":"2020-05-11T15:32:21","modified_gmt":"2020-05-11T18:32:21","slug":"el-intendente-confirmo-que-el-personal-municipal-de-salud-cobrara-el-bono-de-5-000-de-nacion","status":"publish","type":"post","link":"https:\/\/www.noticiasradioreflejos.com.ar\/2021\/el-intendente-confirmo-que-el-personal-municipal-de-salud-cobrara-el-bono-de-5-000-de-nacion\/","title":{"rendered":"El intendente confirm\u00f3 que el personal municipal de salud cobrar\u00e1 el bono de $5.000 de naci\u00f3n"},"content":{"rendered":"<p>Seg\u00fan adelant\u00f3 a Noticias Tornquist, se pagar\u00e1 en dos cuotas. Tambi\u00e9n se refiri\u00f3 a la decisi\u00f3n de finalmente no habilitar bares, restaurantes y casas de t\u00e9.<br \/>\nEste lunes en di\u00e1logo con nuestro medio, el intendente Sergio Bordoni confirm\u00f3 que el personal municipal del \u00e1rea de salud cobrar\u00e1 el bono de $5.000 anunciado por el Gobierno Nacional.<br \/>\n<!--more--><\/p>\n<p>Seg\u00fan indic\u00f3, el pago ser\u00e1 en dos cuotas y se acreditar\u00e1 en la cuenta bancaria de cada agente. \u201cSe le va a abonar a todos los empleados que trabajaron en el \u00e1rea de salud durante la pandemia, son 285 en total\u201d. \u201cHay gente que es de Salud pero est\u00e1 en la casa en cuarentena, a esos no se le va a pagar\u201d, aclar\u00f3.<\/p>\n<p>\u201cEs para darle tranquilidad a los empleados de salud que est\u00e1n trabajando al pie del ca\u00f1\u00f3n todos los d\u00edas y arriesgando la vida\u201d, a\u00f1adi\u00f3.<\/p>\n<p>Asimismo, coment\u00f3 que \u201ca quienes trabajaron el Jueves Santo y el domingo, no se les pag\u00f3 como feriado, pero cuando tengamos dinero disponible, se les abonar\u00e1\u201d la diferencia que corresponde por haber trabajado dichos d\u00edas no laborables.<\/p>\n<p>Por otro lado, respecto a la decisi\u00f3n de dejar sin efecto la medida de habilitar bares, restaurantes, casas de t\u00e9 y foodtrucks, Bordoni manifest\u00f3 que \u201cse tom\u00f3 este domingo por la noche despu\u00e9s de comunicarme con Provincia, desde donde recibieron la noticia por las redes sociales\u201d.<\/p>\n<p>\u201cSiempre enviamos las medidas al gobierno bonaerense despu\u00e9s de que las ponemos en funcionamiento\u201d, pero \u201cen este caso me aconsejaron no habilitar el rubro en cuesti\u00f3n porque est\u00e1n prohibidos a nivel nacional, no se van a abrir hasta que no se normalice todo\u201d.<\/p>\n<p>En ese sentido, aclar\u00f3 que la venta de gastronom\u00eda contin\u00faa por delivery (de 8 a 17 y de 20 a 23 hs) o retirando los pedidos en los comercios, este \u00faltimo s\u00f3lo al mediod\u00eda.<\/p>\n<p>M\u00e1s adelante, en cuanto al cumplimiento de los d\u00edas de actividad f\u00edsica y las medidas respectivas, indic\u00f3 que \u201cs\u00e9 que es inc\u00f3modo el barbijo, el tema es que se cuiden porque si no tenemos que retrotraer las decisiones; si no hacemos caso a los protocolos, tenemos que volver a foja cero\u201d.<\/p>\n<p>\u201cMedianamente la gente viene cumpliendo \u2013continu\u00f3-, tratemos de ayudar porque cada decisi\u00f3n que toma este Ejecutivo repercute en provincia y naci\u00f3n, y si no tengo el acompa\u00f1amiento de la gente tengo que volver a foja cero\u201d.<\/p>\n<p>\u201cCuidemos lo que tenemos, todav\u00eda no tenemos casos, tenemos que ser conscientes que la econom\u00eda va a repercutir en todos los hogares, pero m\u00e1s va a repercutir si tenemos un problema de salud\u201d, dijo y agreg\u00f3: \u201cquiero que la gente tome conciencia y nos ayude a llevar la pandemia de la mejor manera posible\u201d.<\/p>\n<p>Por \u00faltimo, en cuanto a las obras en el hospital municipal, el jefe comunal precis\u00f3 que \u201cestamos esperando a que vengan a colocar los paneles pata tener terminada la terapia intermedia\u201d.<\/p>\n","protected":false},"excerpt":{"rendered":"<p>Seg\u00fan adelant\u00f3 a Noticias Tornquist, se pagar\u00e1 en dos cuotas. Tambi\u00e9n se refiri\u00f3 a la decisi\u00f3n de finalmente no habilitar bares, restaurantes y casas de t\u00e9. Este lunes en di\u00e1logo con nuestro medio, el intendente Sergio Bordoni confirm\u00f3 que el personal municipal del \u00e1rea de salud cobrar\u00e1 el bono de $5.000 anunciado por el Gobierno [&hellip;]<\/p>\n","protected":false},"author":3,"featured_media":0,"comment_status":"closed","ping_status":"open","sticky":false,"template":"","format":"standard","meta":{"footnotes":""},"categories":[25],"tags":[],"class_list":["post-41789","post","type-post","status-publish","format-standard","hentry","category-uncategorized"],"yoast_head":"<!-- This site is optimized with the Yoast SEO plugin v25.9 - https:\/\/yoast.com\/wordpress\/plugins\/seo\/ -->\n<title>El intendente confirm\u00f3 que el personal municipal de salud cobrar\u00e1 el bono de $5.000 de naci\u00f3n - Noticias Radio Reflejos<\/title>\n<meta name=\"robots\" content=\"index, follow, max-snippet:-1, max-image-preview:large, max-video-preview:-1\" \/>\n<link rel=\"canonical\" href=\"https:\/\/www.noticiasradioreflejos.com.ar\/2021\/el-intendente-confirmo-que-el-personal-municipal-de-salud-cobrara-el-bono-de-5-000-de-nacion\/\" \/>\n<meta property=\"og:locale\" content=\"es_ES\" \/>\n<meta property=\"og:type\" content=\"article\" \/>\n<meta property=\"og:title\" content=\"El intendente confirm\u00f3 que el personal municipal de salud cobrar\u00e1 el bono de $5.000 de naci\u00f3n - Noticias Radio Reflejos\" \/>\n<meta property=\"og:description\" content=\"Seg\u00fan adelant\u00f3 a Noticias Tornquist, se pagar\u00e1 en dos cuotas. Tambi\u00e9n se refiri\u00f3 a la decisi\u00f3n de finalmente no habilitar bares, restaurantes y casas de t\u00e9. Este lunes en di\u00e1logo con nuestro medio, el intendente Sergio Bordoni confirm\u00f3 que el personal municipal del \u00e1rea de salud cobrar\u00e1 el bono de $5.000 anunciado por el Gobierno [&hellip;]\" \/>\n<meta property=\"og:url\" content=\"https:\/\/www.noticiasradioreflejos.com.ar\/2021\/el-intendente-confirmo-que-el-personal-municipal-de-salud-cobrara-el-bono-de-5-000-de-nacion\/\" \/>\n<meta property=\"og:site_name\" content=\"Noticias Radio Reflejos\" \/>\n<meta property=\"article:published_time\" content=\"2020-05-11T18:32:21+00:00\" \/>\n<meta property=\"og:image\" content=\"https:\/\/www.noticiasradioreflejos.com.ar\/2021\/wp-content\/uploads\/2021\/07\/logosol300x200.png\" \/>\n\t<meta property=\"og:image:width\" content=\"300\" \/>\n\t<meta property=\"og:image:height\" content=\"200\" \/>\n\t<meta property=\"og:image:type\" content=\"image\/png\" \/>\n<meta name=\"author\" content=\"Arnaldo Botto\" \/>\n<meta name=\"twitter:card\" content=\"summary_large_image\" \/>\n<script type=\"application\/ld+json\" class=\"yoast-schema-graph\">{\"@context\":\"https:\/\/schema.org\",\"@graph\":[{\"@type\":\"WebPage\",\"@id\":\"https:\/\/www.noticiasradioreflejos.com.ar\/2021\/el-intendente-confirmo-que-el-personal-municipal-de-salud-cobrara-el-bono-de-5-000-de-nacion\/\",\"url\":\"https:\/\/www.noticiasradioreflejos.com.ar\/2021\/el-intendente-confirmo-que-el-personal-municipal-de-salud-cobrara-el-bono-de-5-000-de-nacion\/\",\"name\":\"El intendente confirm\u00f3 que el personal municipal de salud cobrar\u00e1 el bono de $5.000 de naci\u00f3n - Noticias Radio Reflejos\",\"isPartOf\":{\"@id\":\"https:\/\/www.noticiasradioreflejos.com.ar\/2021\/#website\"},\"datePublished\":\"2020-05-11T18:32:21+00:00\",\"author\":{\"@id\":\"https:\/\/www.noticiasradioreflejos.com.ar\/2021\/#\/schema\/person\/ad82545263dcc5ec0996818884fd5fb1\"},\"breadcrumb\":{\"@id\":\"https:\/\/www.noticiasradioreflejos.com.ar\/2021\/el-intendente-confirmo-que-el-personal-municipal-de-salud-cobrara-el-bono-de-5-000-de-nacion\/#breadcrumb\"},\"inLanguage\":\"es\",\"potentialAction\":[{\"@type\":\"ReadAction\",\"target\":[\"https:\/\/www.noticiasradioreflejos.com.ar\/2021\/el-intendente-confirmo-que-el-personal-municipal-de-salud-cobrara-el-bono-de-5-000-de-nacion\/\"]}]},{\"@type\":\"BreadcrumbList\",\"@id\":\"https:\/\/www.noticiasradioreflejos.com.ar\/2021\/el-intendente-confirmo-que-el-personal-municipal-de-salud-cobrara-el-bono-de-5-000-de-nacion\/#breadcrumb\",\"itemListElement\":[{\"@type\":\"ListItem\",\"position\":1,\"name\":\"Portada\",\"item\":\"https:\/\/www.noticiasradioreflejos.com.ar\/2021\/\"},{\"@type\":\"ListItem\",\"position\":2,\"name\":\"El intendente confirm\u00f3 que el personal municipal de salud cobrar\u00e1 el bono de $5.000 de naci\u00f3n\"}]},{\"@type\":\"WebSite\",\"@id\":\"https:\/\/www.noticiasradioreflejos.com.ar\/2021\/#website\",\"url\":\"https:\/\/www.noticiasradioreflejos.com.ar\/2021\/\",\"name\":\"Noticias Radio Reflejos\",\"description\":\"Las noticias de mi comarca\",\"potentialAction\":[{\"@type\":\"SearchAction\",\"target\":{\"@type\":\"EntryPoint\",\"urlTemplate\":\"https:\/\/www.noticiasradioreflejos.com.ar\/2021\/?s={search_term_string}\"},\"query-input\":{\"@type\":\"PropertyValueSpecification\",\"valueRequired\":true,\"valueName\":\"search_term_string\"}}],\"inLanguage\":\"es\"},{\"@type\":\"Person\",\"@id\":\"https:\/\/www.noticiasradioreflejos.com.ar\/2021\/#\/schema\/person\/ad82545263dcc5ec0996818884fd5fb1\",\"name\":\"Arnaldo Botto\",\"image\":{\"@type\":\"ImageObject\",\"inLanguage\":\"es\",\"@id\":\"https:\/\/www.noticiasradioreflejos.com.ar\/2021\/#\/schema\/person\/image\/\",\"url\":\"https:\/\/secure.gravatar.com\/avatar\/55cb5e37c1efa326397366e6974cb338056df65cb50e7d64d1cf314e87504837?s=96&d=mm&r=g\",\"contentUrl\":\"https:\/\/secure.gravatar.com\/avatar\/55cb5e37c1efa326397366e6974cb338056df65cb50e7d64d1cf314e87504837?s=96&d=mm&r=g\",\"caption\":\"Arnaldo Botto\"},\"url\":\"https:\/\/www.noticiasradioreflejos.com.ar\/2021\/author\/arnaldo\/\"}]}<\/script>\n<!-- \/ Yoast SEO plugin. -->","yoast_head_json":{"title":"El intendente confirm\u00f3 que el personal municipal de salud cobrar\u00e1 el bono de $5.000 de naci\u00f3n - Noticias Radio Reflejos","robots":{"index":"index","follow":"follow","max-snippet":"max-snippet:-1","max-image-preview":"max-image-preview:large","max-video-preview":"max-video-preview:-1"},"canonical":"https:\/\/www.noticiasradioreflejos.com.ar\/2021\/el-intendente-confirmo-que-el-personal-municipal-de-salud-cobrara-el-bono-de-5-000-de-nacion\/","og_locale":"es_ES","og_type":"article","og_title":"El intendente confirm\u00f3 que el personal municipal de salud cobrar\u00e1 el bono de $5.000 de naci\u00f3n - Noticias Radio Reflejos","og_description":"Seg\u00fan adelant\u00f3 a Noticias Tornquist, se pagar\u00e1 en dos cuotas. Tambi\u00e9n se refiri\u00f3 a la decisi\u00f3n de finalmente no habilitar bares, restaurantes y casas de t\u00e9. Este lunes en di\u00e1logo con nuestro medio, el intendente Sergio Bordoni confirm\u00f3 que el personal municipal del \u00e1rea de salud cobrar\u00e1 el bono de $5.000 anunciado por el Gobierno [&hellip;]","og_url":"https:\/\/www.noticiasradioreflejos.com.ar\/2021\/el-intendente-confirmo-que-el-personal-municipal-de-salud-cobrara-el-bono-de-5-000-de-nacion\/","og_site_name":"Noticias Radio Reflejos","article_published_time":"2020-05-11T18:32:21+00:00","og_image":[{"width":300,"height":200,"url":"https:\/\/www.noticiasradioreflejos.com.ar\/2021\/wp-content\/uploads\/2021\/07\/logosol300x200.png","type":"image\/png"}],"author":"Arnaldo Botto","twitter_card":"summary_large_image","schema":{"@context":"https:\/\/schema.org","@graph":[{"@type":"WebPage","@id":"https:\/\/www.noticiasradioreflejos.com.ar\/2021\/el-intendente-confirmo-que-el-personal-municipal-de-salud-cobrara-el-bono-de-5-000-de-nacion\/","url":"https:\/\/www.noticiasradioreflejos.com.ar\/2021\/el-intendente-confirmo-que-el-personal-municipal-de-salud-cobrara-el-bono-de-5-000-de-nacion\/","name":"El intendente confirm\u00f3 que el personal municipal de salud cobrar\u00e1 el bono de $5.000 de naci\u00f3n - Noticias Radio Reflejos","isPartOf":{"@id":"https:\/\/www.noticiasradioreflejos.com.ar\/2021\/#website"},"datePublished":"2020-05-11T18:32:21+00:00","author":{"@id":"https:\/\/www.noticiasradioreflejos.com.ar\/2021\/#\/schema\/person\/ad82545263dcc5ec0996818884fd5fb1"},"breadcrumb":{"@id":"https:\/\/www.noticiasradioreflejos.com.ar\/2021\/el-intendente-confirmo-que-el-personal-municipal-de-salud-cobrara-el-bono-de-5-000-de-nacion\/#breadcrumb"},"inLanguage":"es","potentialAction":[{"@type":"ReadAction","target":["https:\/\/www.noticiasradioreflejos.com.ar\/2021\/el-intendente-confirmo-que-el-personal-municipal-de-salud-cobrara-el-bono-de-5-000-de-nacion\/"]}]},{"@type":"BreadcrumbList","@id":"https:\/\/www.noticiasradioreflejos.com.ar\/2021\/el-intendente-confirmo-que-el-personal-municipal-de-salud-cobrara-el-bono-de-5-000-de-nacion\/#breadcrumb","itemListElement":[{"@type":"ListItem","position":1,"name":"Portada","item":"https:\/\/www.noticiasradioreflejos.com.ar\/2021\/"},{"@type":"ListItem","position":2,"name":"El intendente confirm\u00f3 que el personal municipal de salud cobrar\u00e1 el bono de $5.000 de naci\u00f3n"}]},{"@type":"WebSite","@id":"https:\/\/www.noticiasradioreflejos.com.ar\/2021\/#website","url":"https:\/\/www.noticiasradioreflejos.com.ar\/2021\/","name":"Noticias Radio Reflejos","description":"Las noticias de mi comarca","potentialAction":[{"@type":"SearchAction","target":{"@type":"EntryPoint","urlTemplate":"https:\/\/www.noticiasradioreflejos.com.ar\/2021\/?s={search_term_string}"},"query-input":{"@type":"PropertyValueSpecification","valueRequired":true,"valueName":"search_term_string"}}],"inLanguage":"es"},{"@type":"Person","@id":"https:\/\/www.noticiasradioreflejos.com.ar\/2021\/#\/schema\/person\/ad82545263dcc5ec0996818884fd5fb1","name":"Arnaldo Botto","image":{"@type":"ImageObject","inLanguage":"es","@id":"https:\/\/www.noticiasradioreflejos.com.ar\/2021\/#\/schema\/person\/image\/","url":"https:\/\/secure.gravatar.com\/avatar\/55cb5e37c1efa326397366e6974cb338056df65cb50e7d64d1cf314e87504837?s=96&d=mm&r=g","contentUrl":"https:\/\/secure.gravatar.com\/avatar\/55cb5e37c1efa326397366e6974cb338056df65cb50e7d64d1cf314e87504837?s=96&d=mm&r=g","caption":"Arnaldo Botto"},"url":"https:\/\/www.noticiasradioreflejos.com.ar\/2021\/author\/arnaldo\/"}]}},"_links":{"self":[{"href":"https:\/\/www.noticiasradioreflejos.com.ar\/2021\/wp-json\/wp\/v2\/posts\/41789","targetHints":{"allow":["GET"]}}],"collection":[{"href":"https:\/\/www.noticiasradioreflejos.com.ar\/2021\/wp-json\/wp\/v2\/posts"}],"about":[{"href":"https:\/\/www.noticiasradioreflejos.com.ar\/2021\/wp-json\/wp\/v2\/types\/post"}],"author":[{"embeddable":true,"href":"https:\/\/www.noticiasradioreflejos.com.ar\/2021\/wp-json\/wp\/v2\/users\/3"}],"replies":[{"embeddable":true,"href":"https:\/\/www.noticiasradioreflejos.com.ar\/2021\/wp-json\/wp\/v2\/comments?post=41789"}],"version-history":[{"count":0,"href":"https:\/\/www.noticiasradioreflejos.com.ar\/2021\/wp-json\/wp\/v2\/posts\/41789\/revisions"}],"wp:attachment":[{"href":"https:\/\/www.noticiasradioreflejos.com.ar\/2021\/wp-json\/wp\/v2\/media?parent=41789"}],"wp:term":[{"taxonomy":"category","embeddable":true,"href":"https:\/\/www.noticiasradioreflejos.com.ar\/2021\/wp-json\/wp\/v2\/categories?post=41789"},{"taxonomy":"post_tag","embeddable":true,"href":"https:\/\/www.noticiasradioreflejos.com.ar\/2021\/wp-json\/wp\/v2\/tags?post=41789"}],"curies":[{"name":"wp","href":"https:\/\/api.w.org\/{rel}","templated":true}]}}