{"id":41766,"date":"2020-05-11T11:14:20","date_gmt":"2020-05-11T14:14:20","guid":{"rendered":"http:\/\/www.noticiasradioreflejos.com.ar\/noticias\/?p=41766"},"modified":"2020-05-11T11:14:20","modified_gmt":"2020-05-11T14:14:20","slug":"los-bancos-descontaran-los-pagos-del-monotributo-de-los-creditos-a-tasa-cero","status":"publish","type":"post","link":"https:\/\/www.noticiasradioreflejos.com.ar\/2021\/los-bancos-descontaran-los-pagos-del-monotributo-de-los-creditos-a-tasa-cero\/","title":{"rendered":"Los bancos descontar\u00e1n los pagos del monotributo de los cr\u00e9ditos a tasa cero"},"content":{"rendered":"<p>La Administraci\u00f3n Federal de Ingresos P\u00fcblicos (AFIP) determin\u00f3 que los bancos deber\u00e1n descontar los pagos del monotributo y de los aportes de los trabajadores aut\u00f3nomos de junio, julio y agosto de este a\u00f1o, a los beneficiarios de los cr\u00e9ditos a tasa cero, a trav\u00e9s de la Resoluci\u00f3n General 4708\/2020 publicada hoy en el Bolet\u00edn Oficial. La norma dio precisiones sobre ciertas operaciones que deber\u00e1n realizar los bancos en el marco del otorgamiento de cr\u00e9ditos a tasa cero, contemplados en el Programa de Asistencia de Emergencia al Trabajo y la Producci\u00f3n (ATP), a personas adheridas al R\u00e9gimen Simplificado para Peque\u00f1os Contribuyentes (Monotributo) y para trabajadores aut\u00f3nomos, con un subsidio del 100% del costo financiero total.<!--more--><\/p>\n<p>Adem\u00e1s, estableci\u00f3 que la entidad bancaria realizar\u00e1 el pago del Volante Electr\u00f3nico (VEP) correspondiente a las obligaciones de los tres per\u00edodos fiscales con vencimiento posterior al otorgamiento del cr\u00e9dito, en concepto de impuesto integrado y cotizaciones previsionales, en los casos de peque\u00f1os contribuyentes, y los aportes previsionales, para los casos de trabajadores aut\u00f3nomos.<\/p>\n<p>Para eso, AFIP pondr\u00e1 a disposici\u00f3n de los bancos otorgantes, en cada uno de los desembolsos, la informaci\u00f3n relativa en VEP consolidados con los valores correspondientes a las obligaciones de los beneficiarios en concepto de impuesto integrado y cotizaciones previsionales de monostributistas, o aportes previsionales en el caso de aut\u00f3nomos, y sus respectivos vencimientos, a fin de proceder a su cancelaci\u00f3n.<\/p>\n<p>Asimismo, a trav\u00e9s del servicio E-Ventanilla se informar\u00e1 a cada entidad bancaria el listado de VEP consolidados generados por esta operatoria y su detalle, a fin del seguimiento de los pagos de las obligaciones de todos los beneficiarios.<\/p>\n<p>Por su parte, el Banco Central informar\u00e1 diariamente a la AFIP el detalle de los beneficiarios que accedieron al cr\u00e9dito a tasa cero.<\/p>\n<p>Al efectuarse el desembolso de cada cuota del cr\u00e9dito, la entidad bancaria cancelar\u00e1 el monto equivalente a la obligaci\u00f3n del per\u00edodo fiscal que corresponda.<\/p>\n<p>En ese sentido, los bancos deber\u00e1n efectuar la cancelaci\u00f3n de los VEP consolidados a trav\u00e9s de su red de pagos dentro de los tres d\u00edas h\u00e1biles siguientes contados desde la generaci\u00f3n, fecha en la cual expirar\u00e1n.<\/p>\n","protected":false},"excerpt":{"rendered":"<p>La Administraci\u00f3n Federal de Ingresos P\u00fcblicos (AFIP) determin\u00f3 que los bancos deber\u00e1n descontar los pagos del monotributo y de los aportes de los trabajadores aut\u00f3nomos de junio, julio y agosto de este a\u00f1o, a los beneficiarios de los cr\u00e9ditos a tasa cero, a trav\u00e9s de la Resoluci\u00f3n General 4708\/2020 publicada hoy en el Bolet\u00edn Oficial. [&hellip;]<\/p>\n","protected":false},"author":3,"featured_media":0,"comment_status":"closed","ping_status":"open","sticky":false,"template":"","format":"standard","meta":{"footnotes":""},"categories":[36],"tags":[],"class_list":["post-41766","post","type-post","status-publish","format-standard","hentry","category-economia"],"yoast_head":"<!-- This site is optimized with the Yoast SEO plugin v25.9 - https:\/\/yoast.com\/wordpress\/plugins\/seo\/ -->\n<title>Los bancos descontar\u00e1n los pagos del monotributo de los cr\u00e9ditos a tasa cero - Noticias Radio Reflejos<\/title>\n<meta name=\"robots\" content=\"index, follow, max-snippet:-1, max-image-preview:large, max-video-preview:-1\" \/>\n<link rel=\"canonical\" href=\"https:\/\/www.noticiasradioreflejos.com.ar\/2021\/los-bancos-descontaran-los-pagos-del-monotributo-de-los-creditos-a-tasa-cero\/\" \/>\n<meta property=\"og:locale\" content=\"es_ES\" \/>\n<meta property=\"og:type\" content=\"article\" \/>\n<meta property=\"og:title\" content=\"Los bancos descontar\u00e1n los pagos del monotributo de los cr\u00e9ditos a tasa cero - Noticias Radio Reflejos\" \/>\n<meta property=\"og:description\" content=\"La Administraci\u00f3n Federal de Ingresos P\u00fcblicos (AFIP) determin\u00f3 que los bancos deber\u00e1n descontar los pagos del monotributo y de los aportes de los trabajadores aut\u00f3nomos de junio, julio y agosto de este a\u00f1o, a los beneficiarios de los cr\u00e9ditos a tasa cero, a trav\u00e9s de la Resoluci\u00f3n General 4708\/2020 publicada hoy en el Bolet\u00edn Oficial. [&hellip;]\" \/>\n<meta property=\"og:url\" content=\"https:\/\/www.noticiasradioreflejos.com.ar\/2021\/los-bancos-descontaran-los-pagos-del-monotributo-de-los-creditos-a-tasa-cero\/\" \/>\n<meta property=\"og:site_name\" content=\"Noticias Radio Reflejos\" \/>\n<meta property=\"article:published_time\" content=\"2020-05-11T14:14:20+00:00\" \/>\n<meta property=\"og:image\" content=\"https:\/\/www.noticiasradioreflejos.com.ar\/2021\/wp-content\/uploads\/2021\/07\/logosol300x200.png\" \/>\n\t<meta property=\"og:image:width\" content=\"300\" \/>\n\t<meta property=\"og:image:height\" content=\"200\" \/>\n\t<meta property=\"og:image:type\" content=\"image\/png\" \/>\n<meta name=\"author\" content=\"Arnaldo Botto\" \/>\n<meta name=\"twitter:card\" content=\"summary_large_image\" \/>\n<script type=\"application\/ld+json\" class=\"yoast-schema-graph\">{\"@context\":\"https:\/\/schema.org\",\"@graph\":[{\"@type\":\"WebPage\",\"@id\":\"https:\/\/www.noticiasradioreflejos.com.ar\/2021\/los-bancos-descontaran-los-pagos-del-monotributo-de-los-creditos-a-tasa-cero\/\",\"url\":\"https:\/\/www.noticiasradioreflejos.com.ar\/2021\/los-bancos-descontaran-los-pagos-del-monotributo-de-los-creditos-a-tasa-cero\/\",\"name\":\"Los bancos descontar\u00e1n los pagos del monotributo de los cr\u00e9ditos a tasa cero - Noticias Radio Reflejos\",\"isPartOf\":{\"@id\":\"https:\/\/www.noticiasradioreflejos.com.ar\/2021\/#website\"},\"datePublished\":\"2020-05-11T14:14:20+00:00\",\"author\":{\"@id\":\"https:\/\/www.noticiasradioreflejos.com.ar\/2021\/#\/schema\/person\/ad82545263dcc5ec0996818884fd5fb1\"},\"breadcrumb\":{\"@id\":\"https:\/\/www.noticiasradioreflejos.com.ar\/2021\/los-bancos-descontaran-los-pagos-del-monotributo-de-los-creditos-a-tasa-cero\/#breadcrumb\"},\"inLanguage\":\"es\",\"potentialAction\":[{\"@type\":\"ReadAction\",\"target\":[\"https:\/\/www.noticiasradioreflejos.com.ar\/2021\/los-bancos-descontaran-los-pagos-del-monotributo-de-los-creditos-a-tasa-cero\/\"]}]},{\"@type\":\"BreadcrumbList\",\"@id\":\"https:\/\/www.noticiasradioreflejos.com.ar\/2021\/los-bancos-descontaran-los-pagos-del-monotributo-de-los-creditos-a-tasa-cero\/#breadcrumb\",\"itemListElement\":[{\"@type\":\"ListItem\",\"position\":1,\"name\":\"Portada\",\"item\":\"https:\/\/www.noticiasradioreflejos.com.ar\/2021\/\"},{\"@type\":\"ListItem\",\"position\":2,\"name\":\"Los bancos descontar\u00e1n los pagos del monotributo de los cr\u00e9ditos a tasa cero\"}]},{\"@type\":\"WebSite\",\"@id\":\"https:\/\/www.noticiasradioreflejos.com.ar\/2021\/#website\",\"url\":\"https:\/\/www.noticiasradioreflejos.com.ar\/2021\/\",\"name\":\"Noticias Radio Reflejos\",\"description\":\"Las noticias de mi comarca\",\"potentialAction\":[{\"@type\":\"SearchAction\",\"target\":{\"@type\":\"EntryPoint\",\"urlTemplate\":\"https:\/\/www.noticiasradioreflejos.com.ar\/2021\/?s={search_term_string}\"},\"query-input\":{\"@type\":\"PropertyValueSpecification\",\"valueRequired\":true,\"valueName\":\"search_term_string\"}}],\"inLanguage\":\"es\"},{\"@type\":\"Person\",\"@id\":\"https:\/\/www.noticiasradioreflejos.com.ar\/2021\/#\/schema\/person\/ad82545263dcc5ec0996818884fd5fb1\",\"name\":\"Arnaldo Botto\",\"image\":{\"@type\":\"ImageObject\",\"inLanguage\":\"es\",\"@id\":\"https:\/\/www.noticiasradioreflejos.com.ar\/2021\/#\/schema\/person\/image\/\",\"url\":\"https:\/\/secure.gravatar.com\/avatar\/55cb5e37c1efa326397366e6974cb338056df65cb50e7d64d1cf314e87504837?s=96&d=mm&r=g\",\"contentUrl\":\"https:\/\/secure.gravatar.com\/avatar\/55cb5e37c1efa326397366e6974cb338056df65cb50e7d64d1cf314e87504837?s=96&d=mm&r=g\",\"caption\":\"Arnaldo Botto\"},\"url\":\"https:\/\/www.noticiasradioreflejos.com.ar\/2021\/author\/arnaldo\/\"}]}<\/script>\n<!-- \/ Yoast SEO plugin. -->","yoast_head_json":{"title":"Los bancos descontar\u00e1n los pagos del monotributo de los cr\u00e9ditos a tasa cero - Noticias Radio Reflejos","robots":{"index":"index","follow":"follow","max-snippet":"max-snippet:-1","max-image-preview":"max-image-preview:large","max-video-preview":"max-video-preview:-1"},"canonical":"https:\/\/www.noticiasradioreflejos.com.ar\/2021\/los-bancos-descontaran-los-pagos-del-monotributo-de-los-creditos-a-tasa-cero\/","og_locale":"es_ES","og_type":"article","og_title":"Los bancos descontar\u00e1n los pagos del monotributo de los cr\u00e9ditos a tasa cero - Noticias Radio Reflejos","og_description":"La Administraci\u00f3n Federal de Ingresos P\u00fcblicos (AFIP) determin\u00f3 que los bancos deber\u00e1n descontar los pagos del monotributo y de los aportes de los trabajadores aut\u00f3nomos de junio, julio y agosto de este a\u00f1o, a los beneficiarios de los cr\u00e9ditos a tasa cero, a trav\u00e9s de la Resoluci\u00f3n General 4708\/2020 publicada hoy en el Bolet\u00edn Oficial. [&hellip;]","og_url":"https:\/\/www.noticiasradioreflejos.com.ar\/2021\/los-bancos-descontaran-los-pagos-del-monotributo-de-los-creditos-a-tasa-cero\/","og_site_name":"Noticias Radio Reflejos","article_published_time":"2020-05-11T14:14:20+00:00","og_image":[{"width":300,"height":200,"url":"https:\/\/www.noticiasradioreflejos.com.ar\/2021\/wp-content\/uploads\/2021\/07\/logosol300x200.png","type":"image\/png"}],"author":"Arnaldo Botto","twitter_card":"summary_large_image","schema":{"@context":"https:\/\/schema.org","@graph":[{"@type":"WebPage","@id":"https:\/\/www.noticiasradioreflejos.com.ar\/2021\/los-bancos-descontaran-los-pagos-del-monotributo-de-los-creditos-a-tasa-cero\/","url":"https:\/\/www.noticiasradioreflejos.com.ar\/2021\/los-bancos-descontaran-los-pagos-del-monotributo-de-los-creditos-a-tasa-cero\/","name":"Los bancos descontar\u00e1n los pagos del monotributo de los cr\u00e9ditos a tasa cero - Noticias Radio Reflejos","isPartOf":{"@id":"https:\/\/www.noticiasradioreflejos.com.ar\/2021\/#website"},"datePublished":"2020-05-11T14:14:20+00:00","author":{"@id":"https:\/\/www.noticiasradioreflejos.com.ar\/2021\/#\/schema\/person\/ad82545263dcc5ec0996818884fd5fb1"},"breadcrumb":{"@id":"https:\/\/www.noticiasradioreflejos.com.ar\/2021\/los-bancos-descontaran-los-pagos-del-monotributo-de-los-creditos-a-tasa-cero\/#breadcrumb"},"inLanguage":"es","potentialAction":[{"@type":"ReadAction","target":["https:\/\/www.noticiasradioreflejos.com.ar\/2021\/los-bancos-descontaran-los-pagos-del-monotributo-de-los-creditos-a-tasa-cero\/"]}]},{"@type":"BreadcrumbList","@id":"https:\/\/www.noticiasradioreflejos.com.ar\/2021\/los-bancos-descontaran-los-pagos-del-monotributo-de-los-creditos-a-tasa-cero\/#breadcrumb","itemListElement":[{"@type":"ListItem","position":1,"name":"Portada","item":"https:\/\/www.noticiasradioreflejos.com.ar\/2021\/"},{"@type":"ListItem","position":2,"name":"Los bancos descontar\u00e1n los pagos del monotributo de los cr\u00e9ditos a tasa cero"}]},{"@type":"WebSite","@id":"https:\/\/www.noticiasradioreflejos.com.ar\/2021\/#website","url":"https:\/\/www.noticiasradioreflejos.com.ar\/2021\/","name":"Noticias Radio Reflejos","description":"Las noticias de mi comarca","potentialAction":[{"@type":"SearchAction","target":{"@type":"EntryPoint","urlTemplate":"https:\/\/www.noticiasradioreflejos.com.ar\/2021\/?s={search_term_string}"},"query-input":{"@type":"PropertyValueSpecification","valueRequired":true,"valueName":"search_term_string"}}],"inLanguage":"es"},{"@type":"Person","@id":"https:\/\/www.noticiasradioreflejos.com.ar\/2021\/#\/schema\/person\/ad82545263dcc5ec0996818884fd5fb1","name":"Arnaldo Botto","image":{"@type":"ImageObject","inLanguage":"es","@id":"https:\/\/www.noticiasradioreflejos.com.ar\/2021\/#\/schema\/person\/image\/","url":"https:\/\/secure.gravatar.com\/avatar\/55cb5e37c1efa326397366e6974cb338056df65cb50e7d64d1cf314e87504837?s=96&d=mm&r=g","contentUrl":"https:\/\/secure.gravatar.com\/avatar\/55cb5e37c1efa326397366e6974cb338056df65cb50e7d64d1cf314e87504837?s=96&d=mm&r=g","caption":"Arnaldo Botto"},"url":"https:\/\/www.noticiasradioreflejos.com.ar\/2021\/author\/arnaldo\/"}]}},"_links":{"self":[{"href":"https:\/\/www.noticiasradioreflejos.com.ar\/2021\/wp-json\/wp\/v2\/posts\/41766","targetHints":{"allow":["GET"]}}],"collection":[{"href":"https:\/\/www.noticiasradioreflejos.com.ar\/2021\/wp-json\/wp\/v2\/posts"}],"about":[{"href":"https:\/\/www.noticiasradioreflejos.com.ar\/2021\/wp-json\/wp\/v2\/types\/post"}],"author":[{"embeddable":true,"href":"https:\/\/www.noticiasradioreflejos.com.ar\/2021\/wp-json\/wp\/v2\/users\/3"}],"replies":[{"embeddable":true,"href":"https:\/\/www.noticiasradioreflejos.com.ar\/2021\/wp-json\/wp\/v2\/comments?post=41766"}],"version-history":[{"count":0,"href":"https:\/\/www.noticiasradioreflejos.com.ar\/2021\/wp-json\/wp\/v2\/posts\/41766\/revisions"}],"wp:attachment":[{"href":"https:\/\/www.noticiasradioreflejos.com.ar\/2021\/wp-json\/wp\/v2\/media?parent=41766"}],"wp:term":[{"taxonomy":"category","embeddable":true,"href":"https:\/\/www.noticiasradioreflejos.com.ar\/2021\/wp-json\/wp\/v2\/categories?post=41766"},{"taxonomy":"post_tag","embeddable":true,"href":"https:\/\/www.noticiasradioreflejos.com.ar\/2021\/wp-json\/wp\/v2\/tags?post=41766"}],"curies":[{"name":"wp","href":"https:\/\/api.w.org\/{rel}","templated":true}]}}