{"id":41764,"date":"2020-05-11T11:10:23","date_gmt":"2020-05-11T14:10:23","guid":{"rendered":"http:\/\/www.noticiasradioreflejos.com.ar\/noticias\/?p=41764"},"modified":"2020-05-11T11:10:23","modified_gmt":"2020-05-11T14:10:23","slug":"celt-informa-sobre-valores-bonificados-en-tarifas-de-servicios-de-tv-internet-y-telefonia-fija-o-movil","status":"publish","type":"post","link":"https:\/\/www.noticiasradioreflejos.com.ar\/2021\/celt-informa-sobre-valores-bonificados-en-tarifas-de-servicios-de-tv-internet-y-telefonia-fija-o-movil\/","title":{"rendered":"CELT informa sobre valores bonificados en tarifas de servicios de TV, internet y telef\u00f3nia fija o m\u00f3vil."},"content":{"rendered":"<p>En el marco del comunicado efectuado con fecha 25\/4, se hace saber a todos los usuarios que se consideren incluidos en los beneficios dispuestos en el art. 3 del DNU N\u00ba 311\/20 y su reglamentaci\u00f3n, que el medio para obtener la informaci\u00f3n relacionada con el mismo es la p\u00e1gina web: www.enacom.gob.ar.-<br \/>\nPara los particulares y monotributistas categor\u00edas C y D, cuya facturaci\u00f3n mensual haya mermado en un 50 % o m\u00e1s; o asociaciones civiles constituidas como clubes de barrio, centro de jubilados, sociedades de fomento y centros culturales podr\u00e1n solicitar su inclusi\u00f3n ingresando al siguiente link: www.formularioenacom.gob.ar.<br \/>\nLas directivas impartidas hacia la cooperativa que hacen a los beneficios establecidos por el decreto son:<!--more--><br \/>\n&#8211; Imposibilidad de corte para el grupo referido supra en caso de mora o falta de pago de hasta tres facturas con vencimiento a partir del 01 de marzo del corriente a\u00f1o.<br \/>\n&#8211; Concesi\u00f3n de un plan de financiaci\u00f3n para cada usuario con deuda vencida a partir del 01 de marzo del corriente a\u00f1o, de tres cuotas mensuales iguales y consecutivas sin ning\u00fan tipo de inter\u00e9s.<br \/>\n&#8211; Puesta a disposici\u00f3n de un servicio reducido a un menor valor, a partir de pautas que implican una disminuci\u00f3n en la capacidad, y\/o la calidad, y \/o cantidad de beneficios detentados por servicio.<\/p>\n<p>En cumplimiento con lo dispuesto esta cooperativa no proceder\u00e1 a efectuar ning\u00fan corte, ni suspensi\u00f3n del servicio a usuarios que se encuentran dentro del listado que nos remita la AUTORIDAD DE COORDINACION.<br \/>\nA su vez otorgar\u00e1 la posibilidad de abonar la factura adeudada por todos los usuarios incluidos en el listado, en el plazo de 90 d\u00edas, sin inter\u00e9s, superando con creces el per\u00edodo dispuesto por el Estado, en la medida que estableci\u00f3 un plazo en cuotas de 30, 60 y 90 d\u00edas.<br \/>\nSuperando nuevamente lo prescripto en el decreto en cuesti\u00f3n, dispondr\u00e1 un valor de tarifas bonificado conservando el mismo servicio detentado en la actualidad, es decir sin reducci\u00f3n, de acuerdo a lo detallado en el siguiente cuadro:<\/p>\n<table width=\"284\">\n<tbody>\n<tr>\n<td width=\"121\">Sevicios incluidos<\/td>\n<td width=\"80\">Abono<\/td>\n<td width=\"83\">Tarifa<\/td>\n<\/tr>\n<tr>\n<td width=\"121\">&nbsp;<\/td>\n<td width=\"80\">Vigente<\/td>\n<td width=\"83\">Reducida<\/td>\n<\/tr>\n<tr>\n<td width=\"121\">TV Cable<\/td>\n<td width=\"80\">1.083,00<\/td>\n<td width=\"83\">866,00<\/td>\n<\/tr>\n<tr>\n<td width=\"121\">&nbsp;<\/td>\n<td width=\"80\">&nbsp;<\/td>\n<td width=\"83\">&nbsp;<\/td>\n<\/tr>\n<tr>\n<td width=\"121\">Internet<\/td>\n<td width=\"80\">880,00<\/td>\n<td width=\"83\">704,00<\/td>\n<\/tr>\n<tr>\n<td width=\"121\">&nbsp;<\/td>\n<td width=\"80\">&nbsp;<\/td>\n<td width=\"83\">&nbsp;<\/td>\n<\/tr>\n<tr>\n<td width=\"121\">Telefonia fija<\/td>\n<td width=\"80\">282,00<\/td>\n<td width=\"83\">226,00<\/td>\n<\/tr>\n<tr>\n<td width=\"121\">&nbsp;<\/td>\n<td width=\"80\">&nbsp;<\/td>\n<td width=\"83\">&nbsp;<\/td>\n<\/tr>\n<tr>\n<td width=\"121\">Telefonia celular<\/td>\n<td width=\"80\">618,00<\/td>\n<td width=\"83\">495,00<\/td>\n<\/tr>\n<\/tbody>\n<\/table>\n<p>De esta manera, la Cooperativa El\u00e9ctrica Limitada de Tornquist, no solo se pone a la altura de lo normado, sino que beneficia m\u00e1s all\u00e1 de lo previsto a ese sector de riesgo o vulnerabilidad social que el Estado se ha encargado de seleccionar.<br \/>\nFinalmente, se reitera que los canales propicios para obtener toda la informaci\u00f3n referida a la situaci\u00f3n particular del usuario, es decir, si se haya o no incluido en los beneficios expresados, debe solicitarse directamente en el sitio web del ENACOM, no pudiendo brindarse desde esta entidad, ya que no participa en el proceso de clasificaci\u00f3n correspondiente.<\/p>\n","protected":false},"excerpt":{"rendered":"<p>En el marco del comunicado efectuado con fecha 25\/4, se hace saber a todos los usuarios que se consideren incluidos en los beneficios dispuestos en el art. 3 del DNU N\u00ba 311\/20 y su reglamentaci\u00f3n, que el medio para obtener la informaci\u00f3n relacionada con el mismo es la p\u00e1gina web: www.enacom.gob.ar.- Para los particulares y [&hellip;]<\/p>\n","protected":false},"author":3,"featured_media":0,"comment_status":"closed","ping_status":"open","sticky":false,"template":"","format":"standard","meta":{"footnotes":""},"categories":[36],"tags":[],"class_list":["post-41764","post","type-post","status-publish","format-standard","hentry","category-economia"],"yoast_head":"<!-- This site is optimized with the Yoast SEO plugin v25.9 - https:\/\/yoast.com\/wordpress\/plugins\/seo\/ -->\n<title>CELT informa sobre valores bonificados en tarifas de servicios de TV, internet y telef\u00f3nia fija o m\u00f3vil. - Noticias Radio Reflejos<\/title>\n<meta name=\"robots\" content=\"index, follow, max-snippet:-1, max-image-preview:large, max-video-preview:-1\" \/>\n<link rel=\"canonical\" href=\"https:\/\/www.noticiasradioreflejos.com.ar\/2021\/celt-informa-sobre-valores-bonificados-en-tarifas-de-servicios-de-tv-internet-y-telefonia-fija-o-movil\/\" \/>\n<meta property=\"og:locale\" content=\"es_ES\" \/>\n<meta property=\"og:type\" content=\"article\" \/>\n<meta property=\"og:title\" content=\"CELT informa sobre valores bonificados en tarifas de servicios de TV, internet y telef\u00f3nia fija o m\u00f3vil. - Noticias Radio Reflejos\" \/>\n<meta property=\"og:description\" content=\"En el marco del comunicado efectuado con fecha 25\/4, se hace saber a todos los usuarios que se consideren incluidos en los beneficios dispuestos en el art. 3 del DNU N\u00ba 311\/20 y su reglamentaci\u00f3n, que el medio para obtener la informaci\u00f3n relacionada con el mismo es la p\u00e1gina web: www.enacom.gob.ar.- Para los particulares y [&hellip;]\" \/>\n<meta property=\"og:url\" content=\"https:\/\/www.noticiasradioreflejos.com.ar\/2021\/celt-informa-sobre-valores-bonificados-en-tarifas-de-servicios-de-tv-internet-y-telefonia-fija-o-movil\/\" \/>\n<meta property=\"og:site_name\" content=\"Noticias Radio Reflejos\" \/>\n<meta property=\"article:published_time\" content=\"2020-05-11T14:10:23+00:00\" \/>\n<meta property=\"og:image\" content=\"https:\/\/www.noticiasradioreflejos.com.ar\/2021\/wp-content\/uploads\/2021\/07\/logosol300x200.png\" \/>\n\t<meta property=\"og:image:width\" content=\"300\" \/>\n\t<meta property=\"og:image:height\" content=\"200\" \/>\n\t<meta property=\"og:image:type\" content=\"image\/png\" \/>\n<meta name=\"author\" content=\"Arnaldo Botto\" \/>\n<meta name=\"twitter:card\" content=\"summary_large_image\" \/>\n<script type=\"application\/ld+json\" class=\"yoast-schema-graph\">{\"@context\":\"https:\/\/schema.org\",\"@graph\":[{\"@type\":\"WebPage\",\"@id\":\"https:\/\/www.noticiasradioreflejos.com.ar\/2021\/celt-informa-sobre-valores-bonificados-en-tarifas-de-servicios-de-tv-internet-y-telefonia-fija-o-movil\/\",\"url\":\"https:\/\/www.noticiasradioreflejos.com.ar\/2021\/celt-informa-sobre-valores-bonificados-en-tarifas-de-servicios-de-tv-internet-y-telefonia-fija-o-movil\/\",\"name\":\"CELT informa sobre valores bonificados en tarifas de servicios de TV, internet y telef\u00f3nia fija o m\u00f3vil. - Noticias Radio Reflejos\",\"isPartOf\":{\"@id\":\"https:\/\/www.noticiasradioreflejos.com.ar\/2021\/#website\"},\"datePublished\":\"2020-05-11T14:10:23+00:00\",\"author\":{\"@id\":\"https:\/\/www.noticiasradioreflejos.com.ar\/2021\/#\/schema\/person\/ad82545263dcc5ec0996818884fd5fb1\"},\"breadcrumb\":{\"@id\":\"https:\/\/www.noticiasradioreflejos.com.ar\/2021\/celt-informa-sobre-valores-bonificados-en-tarifas-de-servicios-de-tv-internet-y-telefonia-fija-o-movil\/#breadcrumb\"},\"inLanguage\":\"es\",\"potentialAction\":[{\"@type\":\"ReadAction\",\"target\":[\"https:\/\/www.noticiasradioreflejos.com.ar\/2021\/celt-informa-sobre-valores-bonificados-en-tarifas-de-servicios-de-tv-internet-y-telefonia-fija-o-movil\/\"]}]},{\"@type\":\"BreadcrumbList\",\"@id\":\"https:\/\/www.noticiasradioreflejos.com.ar\/2021\/celt-informa-sobre-valores-bonificados-en-tarifas-de-servicios-de-tv-internet-y-telefonia-fija-o-movil\/#breadcrumb\",\"itemListElement\":[{\"@type\":\"ListItem\",\"position\":1,\"name\":\"Portada\",\"item\":\"https:\/\/www.noticiasradioreflejos.com.ar\/2021\/\"},{\"@type\":\"ListItem\",\"position\":2,\"name\":\"CELT informa sobre valores bonificados en tarifas de servicios de TV, internet y telef\u00f3nia fija o m\u00f3vil.\"}]},{\"@type\":\"WebSite\",\"@id\":\"https:\/\/www.noticiasradioreflejos.com.ar\/2021\/#website\",\"url\":\"https:\/\/www.noticiasradioreflejos.com.ar\/2021\/\",\"name\":\"Noticias Radio Reflejos\",\"description\":\"Las noticias de mi comarca\",\"potentialAction\":[{\"@type\":\"SearchAction\",\"target\":{\"@type\":\"EntryPoint\",\"urlTemplate\":\"https:\/\/www.noticiasradioreflejos.com.ar\/2021\/?s={search_term_string}\"},\"query-input\":{\"@type\":\"PropertyValueSpecification\",\"valueRequired\":true,\"valueName\":\"search_term_string\"}}],\"inLanguage\":\"es\"},{\"@type\":\"Person\",\"@id\":\"https:\/\/www.noticiasradioreflejos.com.ar\/2021\/#\/schema\/person\/ad82545263dcc5ec0996818884fd5fb1\",\"name\":\"Arnaldo Botto\",\"image\":{\"@type\":\"ImageObject\",\"inLanguage\":\"es\",\"@id\":\"https:\/\/www.noticiasradioreflejos.com.ar\/2021\/#\/schema\/person\/image\/\",\"url\":\"https:\/\/secure.gravatar.com\/avatar\/55cb5e37c1efa326397366e6974cb338056df65cb50e7d64d1cf314e87504837?s=96&d=mm&r=g\",\"contentUrl\":\"https:\/\/secure.gravatar.com\/avatar\/55cb5e37c1efa326397366e6974cb338056df65cb50e7d64d1cf314e87504837?s=96&d=mm&r=g\",\"caption\":\"Arnaldo Botto\"},\"url\":\"https:\/\/www.noticiasradioreflejos.com.ar\/2021\/author\/arnaldo\/\"}]}<\/script>\n<!-- \/ Yoast SEO plugin. -->","yoast_head_json":{"title":"CELT informa sobre valores bonificados en tarifas de servicios de TV, internet y telef\u00f3nia fija o m\u00f3vil. - Noticias Radio Reflejos","robots":{"index":"index","follow":"follow","max-snippet":"max-snippet:-1","max-image-preview":"max-image-preview:large","max-video-preview":"max-video-preview:-1"},"canonical":"https:\/\/www.noticiasradioreflejos.com.ar\/2021\/celt-informa-sobre-valores-bonificados-en-tarifas-de-servicios-de-tv-internet-y-telefonia-fija-o-movil\/","og_locale":"es_ES","og_type":"article","og_title":"CELT informa sobre valores bonificados en tarifas de servicios de TV, internet y telef\u00f3nia fija o m\u00f3vil. - Noticias Radio Reflejos","og_description":"En el marco del comunicado efectuado con fecha 25\/4, se hace saber a todos los usuarios que se consideren incluidos en los beneficios dispuestos en el art. 3 del DNU N\u00ba 311\/20 y su reglamentaci\u00f3n, que el medio para obtener la informaci\u00f3n relacionada con el mismo es la p\u00e1gina web: www.enacom.gob.ar.- Para los particulares y [&hellip;]","og_url":"https:\/\/www.noticiasradioreflejos.com.ar\/2021\/celt-informa-sobre-valores-bonificados-en-tarifas-de-servicios-de-tv-internet-y-telefonia-fija-o-movil\/","og_site_name":"Noticias Radio Reflejos","article_published_time":"2020-05-11T14:10:23+00:00","og_image":[{"width":300,"height":200,"url":"https:\/\/www.noticiasradioreflejos.com.ar\/2021\/wp-content\/uploads\/2021\/07\/logosol300x200.png","type":"image\/png"}],"author":"Arnaldo Botto","twitter_card":"summary_large_image","schema":{"@context":"https:\/\/schema.org","@graph":[{"@type":"WebPage","@id":"https:\/\/www.noticiasradioreflejos.com.ar\/2021\/celt-informa-sobre-valores-bonificados-en-tarifas-de-servicios-de-tv-internet-y-telefonia-fija-o-movil\/","url":"https:\/\/www.noticiasradioreflejos.com.ar\/2021\/celt-informa-sobre-valores-bonificados-en-tarifas-de-servicios-de-tv-internet-y-telefonia-fija-o-movil\/","name":"CELT informa sobre valores bonificados en tarifas de servicios de TV, internet y telef\u00f3nia fija o m\u00f3vil. - Noticias Radio Reflejos","isPartOf":{"@id":"https:\/\/www.noticiasradioreflejos.com.ar\/2021\/#website"},"datePublished":"2020-05-11T14:10:23+00:00","author":{"@id":"https:\/\/www.noticiasradioreflejos.com.ar\/2021\/#\/schema\/person\/ad82545263dcc5ec0996818884fd5fb1"},"breadcrumb":{"@id":"https:\/\/www.noticiasradioreflejos.com.ar\/2021\/celt-informa-sobre-valores-bonificados-en-tarifas-de-servicios-de-tv-internet-y-telefonia-fija-o-movil\/#breadcrumb"},"inLanguage":"es","potentialAction":[{"@type":"ReadAction","target":["https:\/\/www.noticiasradioreflejos.com.ar\/2021\/celt-informa-sobre-valores-bonificados-en-tarifas-de-servicios-de-tv-internet-y-telefonia-fija-o-movil\/"]}]},{"@type":"BreadcrumbList","@id":"https:\/\/www.noticiasradioreflejos.com.ar\/2021\/celt-informa-sobre-valores-bonificados-en-tarifas-de-servicios-de-tv-internet-y-telefonia-fija-o-movil\/#breadcrumb","itemListElement":[{"@type":"ListItem","position":1,"name":"Portada","item":"https:\/\/www.noticiasradioreflejos.com.ar\/2021\/"},{"@type":"ListItem","position":2,"name":"CELT informa sobre valores bonificados en tarifas de servicios de TV, internet y telef\u00f3nia fija o m\u00f3vil."}]},{"@type":"WebSite","@id":"https:\/\/www.noticiasradioreflejos.com.ar\/2021\/#website","url":"https:\/\/www.noticiasradioreflejos.com.ar\/2021\/","name":"Noticias Radio Reflejos","description":"Las noticias de mi comarca","potentialAction":[{"@type":"SearchAction","target":{"@type":"EntryPoint","urlTemplate":"https:\/\/www.noticiasradioreflejos.com.ar\/2021\/?s={search_term_string}"},"query-input":{"@type":"PropertyValueSpecification","valueRequired":true,"valueName":"search_term_string"}}],"inLanguage":"es"},{"@type":"Person","@id":"https:\/\/www.noticiasradioreflejos.com.ar\/2021\/#\/schema\/person\/ad82545263dcc5ec0996818884fd5fb1","name":"Arnaldo Botto","image":{"@type":"ImageObject","inLanguage":"es","@id":"https:\/\/www.noticiasradioreflejos.com.ar\/2021\/#\/schema\/person\/image\/","url":"https:\/\/secure.gravatar.com\/avatar\/55cb5e37c1efa326397366e6974cb338056df65cb50e7d64d1cf314e87504837?s=96&d=mm&r=g","contentUrl":"https:\/\/secure.gravatar.com\/avatar\/55cb5e37c1efa326397366e6974cb338056df65cb50e7d64d1cf314e87504837?s=96&d=mm&r=g","caption":"Arnaldo Botto"},"url":"https:\/\/www.noticiasradioreflejos.com.ar\/2021\/author\/arnaldo\/"}]}},"_links":{"self":[{"href":"https:\/\/www.noticiasradioreflejos.com.ar\/2021\/wp-json\/wp\/v2\/posts\/41764","targetHints":{"allow":["GET"]}}],"collection":[{"href":"https:\/\/www.noticiasradioreflejos.com.ar\/2021\/wp-json\/wp\/v2\/posts"}],"about":[{"href":"https:\/\/www.noticiasradioreflejos.com.ar\/2021\/wp-json\/wp\/v2\/types\/post"}],"author":[{"embeddable":true,"href":"https:\/\/www.noticiasradioreflejos.com.ar\/2021\/wp-json\/wp\/v2\/users\/3"}],"replies":[{"embeddable":true,"href":"https:\/\/www.noticiasradioreflejos.com.ar\/2021\/wp-json\/wp\/v2\/comments?post=41764"}],"version-history":[{"count":0,"href":"https:\/\/www.noticiasradioreflejos.com.ar\/2021\/wp-json\/wp\/v2\/posts\/41764\/revisions"}],"wp:attachment":[{"href":"https:\/\/www.noticiasradioreflejos.com.ar\/2021\/wp-json\/wp\/v2\/media?parent=41764"}],"wp:term":[{"taxonomy":"category","embeddable":true,"href":"https:\/\/www.noticiasradioreflejos.com.ar\/2021\/wp-json\/wp\/v2\/categories?post=41764"},{"taxonomy":"post_tag","embeddable":true,"href":"https:\/\/www.noticiasradioreflejos.com.ar\/2021\/wp-json\/wp\/v2\/tags?post=41764"}],"curies":[{"name":"wp","href":"https:\/\/api.w.org\/{rel}","templated":true}]}}