{"id":41761,"date":"2020-05-11T10:30:52","date_gmt":"2020-05-11T13:30:52","guid":{"rendered":"http:\/\/www.noticiasradioreflejos.com.ar\/noticias\/?p=41761"},"modified":"2020-05-11T10:30:52","modified_gmt":"2020-05-11T13:30:52","slug":"reglamentan-procedimiento-para-prohibir-cortes-de-energia-por-falta-de-pago","status":"publish","type":"post","link":"https:\/\/www.noticiasradioreflejos.com.ar\/2021\/reglamentan-procedimiento-para-prohibir-cortes-de-energia-por-falta-de-pago\/","title":{"rendered":"Reglamentan procedimiento para prohibir cortes de energ\u00eda por falta de pago."},"content":{"rendered":"<p>El Organismo de Control de Energ\u00eda El\u00e9ctrica de la Provincia de Buenos Aires (Oceba) dispuso hoy que las empresas distribuidoras no podr\u00e1n cortar el servicio por 180 d\u00edas, con el objetivo de mitigar el impacto de la actual emergencia sanitaria y garantizar el acceso a los usuarios. El Ministerio de Infraestructura se\u00f1al\u00f3 en un comunicado que la resoluci\u00f3n N\u00b0157 orden\u00f3 implementar medidas en el marco del decreto provincial 194\/2020 (de adhesi\u00f3n al decreto nacional 311\/2020) a fin de que las distribuidoras de energ\u00eda no suspendan o corten el servicio por 180 d\u00edas corridos desde el 25 de marzo del 2020.<!--more--><br \/>\nPara determinar los usuarios alcanzados el Oceba solicitar\u00e1 a distintos organismos provinciales y nacionales el listado de situaciones que se ajusten a los criterios de elegibilidad, se detall\u00f3.<br \/>\nLas distribuidoras de energ\u00eda el\u00e9ctrica provincial y municipal deber\u00e1n entregar al organismo \u00ablas bases actualizadas de aquellos usuarios que se encuentren en mora, falta de pago o con aviso de corte en curso con fecha de vencimiento a partir del 1\u00b0 de marzo de 2020\u00bb.<br \/>\nDeber\u00e1n adem\u00e1s informar el conjunto de usuarios que cuentan con el sistema de servicio prepago de energ\u00eda el\u00e9ctrica, \u00abcuya recarga correspondiente al per\u00edodo del mes de marzo del corriente y\/o subsiguientes no se hubiere efectuado en tiempo y forma\u00bb.<br \/>\nLos usuarios tambi\u00e9n dispondr\u00e1n del n\u00famero 148 de atenci\u00f3n telef\u00f3nica gratuita para solicitar informaci\u00f3n y asesoramiento de lunes a viernes de 8 a 20 horas.<br \/>\nLas distribuidoras deber\u00e1n otorgar planes con facilidades de pago para cancelar las deudas que se generen durante el plazo de estas medidas, cuya primera cuota deber\u00e1 coincidir con la primera factura regular a ser emitida a partir del 30 de septiembre.<br \/>\nEl ministerio detall\u00f3 que los usuarios particulares a quienes no se les podr\u00e1 cortar el servicio son los beneficiarios de la Asignaci\u00f3n Universal por Hijo y por Embarazo; los beneficiarios de pensiones no contributivas que perciban ingresos mensuales brutos no superiores a dos veces el Salario M\u00ednimo Vital y M\u00f3vil; y los usuarios inscriptos en el R\u00e9gimen de Monotributo Social.<br \/>\nTambi\u00e9n se beneficiar\u00e1n los jubilados y pensionados; trabajadores en relaci\u00f3n de dependencia que perciban una remuneraci\u00f3n bruta menor o igual a dos salarios m\u00ednimos; y usuarios que perciben seguro de desempleo.<br \/>\nEl listado a\u00f1ade a los usuarios del R\u00e9gimen Especial de Seguridad Social para Empleados de Casas Particulares; trabajadores monotributistas inscriptos en una categor\u00eda cuyo ingreso anual mensualizado no supere en dos veces el salario m\u00ednimo; exentos en el pago de ABL o tributos locales de igual naturaleza; y electrodependientes, beneficiarios de la Ley N\u00b0 27.351.<br \/>\nTambi\u00e9n se incluy\u00f3 en el beneficio a los usuarios residenciales que acrediten una merma de 50% o m\u00e1s en su capacidad de pago a partir del 19 de marzo de 2020; monotributistas de las categor\u00edas C y D que acrediten una merma del 50% o m\u00e1s en su facturaci\u00f3n mensual a partir del 19 de marzo, quienes deber\u00e1n presentar inscripci\u00f3n ante la AFIP y declaraci\u00f3n jurada de Ingresos brutos de los \u00faltimos cuatro meses.<br \/>\nEn tanto, los usuarios no particulares a quienes tampoco se les podr\u00e1 suspender el servicio son las micro, peque\u00f1as y medianas empresas afectadas en la emergencia; las cooperativas de trabajo o empresas recuperadas; y las instituciones de salud, p\u00fablicas y privadas, afectadas en la emergencia (las privadas podr\u00e1n solicitar dicha adhesi\u00f3n si acreditan una merma del 50% o m\u00e1s en su capacidad de pago).<\/p>\n<p>Por \u00faltimo, se incluy\u00f3 a los comedores, merenderos y entidades de bien p\u00fablico que ante la situaci\u00f3n de pandemia est\u00e9n preparando comida, bolsones de alimentos o colaborando con la distribuci\u00f3n de comida o alimentos; y a las asociaciones civiles constituidas como clubes de barrio, centro de jubilados, sociedades de fomento y centros culturales que presenten certificado de registro ante un organismo oficial provincial o municipal.<\/p>\n","protected":false},"excerpt":{"rendered":"<p>El Organismo de Control de Energ\u00eda El\u00e9ctrica de la Provincia de Buenos Aires (Oceba) dispuso hoy que las empresas distribuidoras no podr\u00e1n cortar el servicio por 180 d\u00edas, con el objetivo de mitigar el impacto de la actual emergencia sanitaria y garantizar el acceso a los usuarios. El Ministerio de Infraestructura se\u00f1al\u00f3 en un comunicado [&hellip;]<\/p>\n","protected":false},"author":3,"featured_media":0,"comment_status":"closed","ping_status":"open","sticky":false,"template":"","format":"standard","meta":{"footnotes":""},"categories":[36],"tags":[],"class_list":["post-41761","post","type-post","status-publish","format-standard","hentry","category-economia"],"yoast_head":"<!-- This site is optimized with the Yoast SEO plugin v25.9 - https:\/\/yoast.com\/wordpress\/plugins\/seo\/ -->\n<title>Reglamentan procedimiento para prohibir cortes de energ\u00eda por falta de pago. - Noticias Radio Reflejos<\/title>\n<meta name=\"robots\" content=\"index, follow, max-snippet:-1, max-image-preview:large, max-video-preview:-1\" \/>\n<link rel=\"canonical\" href=\"https:\/\/www.noticiasradioreflejos.com.ar\/2021\/reglamentan-procedimiento-para-prohibir-cortes-de-energia-por-falta-de-pago\/\" \/>\n<meta property=\"og:locale\" content=\"es_ES\" \/>\n<meta property=\"og:type\" content=\"article\" \/>\n<meta property=\"og:title\" content=\"Reglamentan procedimiento para prohibir cortes de energ\u00eda por falta de pago. - Noticias Radio Reflejos\" \/>\n<meta property=\"og:description\" content=\"El Organismo de Control de Energ\u00eda El\u00e9ctrica de la Provincia de Buenos Aires (Oceba) dispuso hoy que las empresas distribuidoras no podr\u00e1n cortar el servicio por 180 d\u00edas, con el objetivo de mitigar el impacto de la actual emergencia sanitaria y garantizar el acceso a los usuarios. El Ministerio de Infraestructura se\u00f1al\u00f3 en un comunicado [&hellip;]\" \/>\n<meta property=\"og:url\" content=\"https:\/\/www.noticiasradioreflejos.com.ar\/2021\/reglamentan-procedimiento-para-prohibir-cortes-de-energia-por-falta-de-pago\/\" \/>\n<meta property=\"og:site_name\" content=\"Noticias Radio Reflejos\" \/>\n<meta property=\"article:published_time\" content=\"2020-05-11T13:30:52+00:00\" \/>\n<meta property=\"og:image\" content=\"https:\/\/www.noticiasradioreflejos.com.ar\/2021\/wp-content\/uploads\/2021\/07\/logosol300x200.png\" \/>\n\t<meta property=\"og:image:width\" content=\"300\" \/>\n\t<meta property=\"og:image:height\" content=\"200\" \/>\n\t<meta property=\"og:image:type\" content=\"image\/png\" \/>\n<meta name=\"author\" content=\"Arnaldo Botto\" \/>\n<meta name=\"twitter:card\" content=\"summary_large_image\" \/>\n<script type=\"application\/ld+json\" class=\"yoast-schema-graph\">{\"@context\":\"https:\/\/schema.org\",\"@graph\":[{\"@type\":\"WebPage\",\"@id\":\"https:\/\/www.noticiasradioreflejos.com.ar\/2021\/reglamentan-procedimiento-para-prohibir-cortes-de-energia-por-falta-de-pago\/\",\"url\":\"https:\/\/www.noticiasradioreflejos.com.ar\/2021\/reglamentan-procedimiento-para-prohibir-cortes-de-energia-por-falta-de-pago\/\",\"name\":\"Reglamentan procedimiento para prohibir cortes de energ\u00eda por falta de pago. - Noticias Radio Reflejos\",\"isPartOf\":{\"@id\":\"https:\/\/www.noticiasradioreflejos.com.ar\/2021\/#website\"},\"datePublished\":\"2020-05-11T13:30:52+00:00\",\"author\":{\"@id\":\"https:\/\/www.noticiasradioreflejos.com.ar\/2021\/#\/schema\/person\/ad82545263dcc5ec0996818884fd5fb1\"},\"breadcrumb\":{\"@id\":\"https:\/\/www.noticiasradioreflejos.com.ar\/2021\/reglamentan-procedimiento-para-prohibir-cortes-de-energia-por-falta-de-pago\/#breadcrumb\"},\"inLanguage\":\"es\",\"potentialAction\":[{\"@type\":\"ReadAction\",\"target\":[\"https:\/\/www.noticiasradioreflejos.com.ar\/2021\/reglamentan-procedimiento-para-prohibir-cortes-de-energia-por-falta-de-pago\/\"]}]},{\"@type\":\"BreadcrumbList\",\"@id\":\"https:\/\/www.noticiasradioreflejos.com.ar\/2021\/reglamentan-procedimiento-para-prohibir-cortes-de-energia-por-falta-de-pago\/#breadcrumb\",\"itemListElement\":[{\"@type\":\"ListItem\",\"position\":1,\"name\":\"Portada\",\"item\":\"https:\/\/www.noticiasradioreflejos.com.ar\/2021\/\"},{\"@type\":\"ListItem\",\"position\":2,\"name\":\"Reglamentan procedimiento para prohibir cortes de energ\u00eda por falta de pago.\"}]},{\"@type\":\"WebSite\",\"@id\":\"https:\/\/www.noticiasradioreflejos.com.ar\/2021\/#website\",\"url\":\"https:\/\/www.noticiasradioreflejos.com.ar\/2021\/\",\"name\":\"Noticias Radio Reflejos\",\"description\":\"Las noticias de mi comarca\",\"potentialAction\":[{\"@type\":\"SearchAction\",\"target\":{\"@type\":\"EntryPoint\",\"urlTemplate\":\"https:\/\/www.noticiasradioreflejos.com.ar\/2021\/?s={search_term_string}\"},\"query-input\":{\"@type\":\"PropertyValueSpecification\",\"valueRequired\":true,\"valueName\":\"search_term_string\"}}],\"inLanguage\":\"es\"},{\"@type\":\"Person\",\"@id\":\"https:\/\/www.noticiasradioreflejos.com.ar\/2021\/#\/schema\/person\/ad82545263dcc5ec0996818884fd5fb1\",\"name\":\"Arnaldo Botto\",\"image\":{\"@type\":\"ImageObject\",\"inLanguage\":\"es\",\"@id\":\"https:\/\/www.noticiasradioreflejos.com.ar\/2021\/#\/schema\/person\/image\/\",\"url\":\"https:\/\/secure.gravatar.com\/avatar\/55cb5e37c1efa326397366e6974cb338056df65cb50e7d64d1cf314e87504837?s=96&d=mm&r=g\",\"contentUrl\":\"https:\/\/secure.gravatar.com\/avatar\/55cb5e37c1efa326397366e6974cb338056df65cb50e7d64d1cf314e87504837?s=96&d=mm&r=g\",\"caption\":\"Arnaldo Botto\"},\"url\":\"https:\/\/www.noticiasradioreflejos.com.ar\/2021\/author\/arnaldo\/\"}]}<\/script>\n<!-- \/ Yoast SEO plugin. -->","yoast_head_json":{"title":"Reglamentan procedimiento para prohibir cortes de energ\u00eda por falta de pago. - Noticias Radio Reflejos","robots":{"index":"index","follow":"follow","max-snippet":"max-snippet:-1","max-image-preview":"max-image-preview:large","max-video-preview":"max-video-preview:-1"},"canonical":"https:\/\/www.noticiasradioreflejos.com.ar\/2021\/reglamentan-procedimiento-para-prohibir-cortes-de-energia-por-falta-de-pago\/","og_locale":"es_ES","og_type":"article","og_title":"Reglamentan procedimiento para prohibir cortes de energ\u00eda por falta de pago. - Noticias Radio Reflejos","og_description":"El Organismo de Control de Energ\u00eda El\u00e9ctrica de la Provincia de Buenos Aires (Oceba) dispuso hoy que las empresas distribuidoras no podr\u00e1n cortar el servicio por 180 d\u00edas, con el objetivo de mitigar el impacto de la actual emergencia sanitaria y garantizar el acceso a los usuarios. El Ministerio de Infraestructura se\u00f1al\u00f3 en un comunicado [&hellip;]","og_url":"https:\/\/www.noticiasradioreflejos.com.ar\/2021\/reglamentan-procedimiento-para-prohibir-cortes-de-energia-por-falta-de-pago\/","og_site_name":"Noticias Radio Reflejos","article_published_time":"2020-05-11T13:30:52+00:00","og_image":[{"width":300,"height":200,"url":"https:\/\/www.noticiasradioreflejos.com.ar\/2021\/wp-content\/uploads\/2021\/07\/logosol300x200.png","type":"image\/png"}],"author":"Arnaldo Botto","twitter_card":"summary_large_image","schema":{"@context":"https:\/\/schema.org","@graph":[{"@type":"WebPage","@id":"https:\/\/www.noticiasradioreflejos.com.ar\/2021\/reglamentan-procedimiento-para-prohibir-cortes-de-energia-por-falta-de-pago\/","url":"https:\/\/www.noticiasradioreflejos.com.ar\/2021\/reglamentan-procedimiento-para-prohibir-cortes-de-energia-por-falta-de-pago\/","name":"Reglamentan procedimiento para prohibir cortes de energ\u00eda por falta de pago. - Noticias Radio Reflejos","isPartOf":{"@id":"https:\/\/www.noticiasradioreflejos.com.ar\/2021\/#website"},"datePublished":"2020-05-11T13:30:52+00:00","author":{"@id":"https:\/\/www.noticiasradioreflejos.com.ar\/2021\/#\/schema\/person\/ad82545263dcc5ec0996818884fd5fb1"},"breadcrumb":{"@id":"https:\/\/www.noticiasradioreflejos.com.ar\/2021\/reglamentan-procedimiento-para-prohibir-cortes-de-energia-por-falta-de-pago\/#breadcrumb"},"inLanguage":"es","potentialAction":[{"@type":"ReadAction","target":["https:\/\/www.noticiasradioreflejos.com.ar\/2021\/reglamentan-procedimiento-para-prohibir-cortes-de-energia-por-falta-de-pago\/"]}]},{"@type":"BreadcrumbList","@id":"https:\/\/www.noticiasradioreflejos.com.ar\/2021\/reglamentan-procedimiento-para-prohibir-cortes-de-energia-por-falta-de-pago\/#breadcrumb","itemListElement":[{"@type":"ListItem","position":1,"name":"Portada","item":"https:\/\/www.noticiasradioreflejos.com.ar\/2021\/"},{"@type":"ListItem","position":2,"name":"Reglamentan procedimiento para prohibir cortes de energ\u00eda por falta de pago."}]},{"@type":"WebSite","@id":"https:\/\/www.noticiasradioreflejos.com.ar\/2021\/#website","url":"https:\/\/www.noticiasradioreflejos.com.ar\/2021\/","name":"Noticias Radio Reflejos","description":"Las noticias de mi comarca","potentialAction":[{"@type":"SearchAction","target":{"@type":"EntryPoint","urlTemplate":"https:\/\/www.noticiasradioreflejos.com.ar\/2021\/?s={search_term_string}"},"query-input":{"@type":"PropertyValueSpecification","valueRequired":true,"valueName":"search_term_string"}}],"inLanguage":"es"},{"@type":"Person","@id":"https:\/\/www.noticiasradioreflejos.com.ar\/2021\/#\/schema\/person\/ad82545263dcc5ec0996818884fd5fb1","name":"Arnaldo Botto","image":{"@type":"ImageObject","inLanguage":"es","@id":"https:\/\/www.noticiasradioreflejos.com.ar\/2021\/#\/schema\/person\/image\/","url":"https:\/\/secure.gravatar.com\/avatar\/55cb5e37c1efa326397366e6974cb338056df65cb50e7d64d1cf314e87504837?s=96&d=mm&r=g","contentUrl":"https:\/\/secure.gravatar.com\/avatar\/55cb5e37c1efa326397366e6974cb338056df65cb50e7d64d1cf314e87504837?s=96&d=mm&r=g","caption":"Arnaldo Botto"},"url":"https:\/\/www.noticiasradioreflejos.com.ar\/2021\/author\/arnaldo\/"}]}},"_links":{"self":[{"href":"https:\/\/www.noticiasradioreflejos.com.ar\/2021\/wp-json\/wp\/v2\/posts\/41761","targetHints":{"allow":["GET"]}}],"collection":[{"href":"https:\/\/www.noticiasradioreflejos.com.ar\/2021\/wp-json\/wp\/v2\/posts"}],"about":[{"href":"https:\/\/www.noticiasradioreflejos.com.ar\/2021\/wp-json\/wp\/v2\/types\/post"}],"author":[{"embeddable":true,"href":"https:\/\/www.noticiasradioreflejos.com.ar\/2021\/wp-json\/wp\/v2\/users\/3"}],"replies":[{"embeddable":true,"href":"https:\/\/www.noticiasradioreflejos.com.ar\/2021\/wp-json\/wp\/v2\/comments?post=41761"}],"version-history":[{"count":0,"href":"https:\/\/www.noticiasradioreflejos.com.ar\/2021\/wp-json\/wp\/v2\/posts\/41761\/revisions"}],"wp:attachment":[{"href":"https:\/\/www.noticiasradioreflejos.com.ar\/2021\/wp-json\/wp\/v2\/media?parent=41761"}],"wp:term":[{"taxonomy":"category","embeddable":true,"href":"https:\/\/www.noticiasradioreflejos.com.ar\/2021\/wp-json\/wp\/v2\/categories?post=41761"},{"taxonomy":"post_tag","embeddable":true,"href":"https:\/\/www.noticiasradioreflejos.com.ar\/2021\/wp-json\/wp\/v2\/tags?post=41761"}],"curies":[{"name":"wp","href":"https:\/\/api.w.org\/{rel}","templated":true}]}}