{"id":41755,"date":"2020-05-11T09:03:20","date_gmt":"2020-05-11T12:03:20","guid":{"rendered":"http:\/\/www.noticiasradioreflejos.com.ar\/noticias\/?p=41755"},"modified":"2020-05-11T09:03:20","modified_gmt":"2020-05-11T12:03:20","slug":"oficializan-el-decreto-de-prorroga-del-aislamiento-obligatorio-hasta-el-24-de-mayo","status":"publish","type":"post","link":"https:\/\/www.noticiasradioreflejos.com.ar\/2021\/oficializan-el-decreto-de-prorroga-del-aislamiento-obligatorio-hasta-el-24-de-mayo\/","title":{"rendered":"Oficializan el decreto de pr\u00f3rroga del aislamiento obligatorio hasta el 24 de mayo."},"content":{"rendered":"<p>El Gobierno nacional oficializ\u00f3 hoy la pr\u00f3rroga del aislamiento social, preventivo y obligatorio hasta el 24 de mayo inclusive, que seguir\u00e1 siendo estricta en la ciudad de Buenos Aires y en la provincia de Buenos Aires y de avance a una nueva etapa de \u00abreapertura progresiva\u00bb en el resto de pa\u00eds, por la pandemia de coronavirus.En el Decreto de Necesidad y Urgencia (DNU) 459\/2020, publicado hoy en el Bolet\u00edn Oficial y firmado por el presidente Alberto Fern\u00e1ndez y todo su Gabinete, se argumenta que las medidas de la cuarentena en las casas \u00absiguen cumpliendo un rol de vital importancia para hacer frente a la epidemia y para mitigar el impacto sanitario del Covid-19\u00bb.<!--more--><\/p>\n<p>El DNU plantea los protocolos para la reapertura de actividades comerciales e industriales, que depender\u00e1 de la situaci\u00f3n epidemiol\u00f3gica por el coronavirus.<\/p>\n<p>La norma establece, por otro lado, la continuidad de las siguientes prohibiciones en todo el pa\u00eds:<\/p>\n<p>1. Dictado de clases presenciales en todos los niveles y todas las modalidades.<\/p>\n<p>2. Eventos p\u00fablicos y privados: sociales, culturales, recreativos, deportivos, religiosos y de cualquier otra \u00edndole que implique la concurrencia de personas.<\/p>\n<p>3. Centros comerciales, cines, teatros, centros culturales, bibliotecas, museos, restaurantes, bares, gimnasios, clubes y cualquier espacio p\u00fablico o privado que implique la concurrencia de personas.<\/p>\n<p>4. Transporte p\u00fablico de pasajeros interurbano, interjurisdiccional e internacional, salvo para los casos previstos en el art\u00edculo 11 de este decreto.<\/p>\n<p>5. Actividades tur\u00edsticas; apertura de parques, plazas o similares.<\/p>\n<p>En los fundamentos, se se\u00f1ala que las medidas \u00abhan logrado contener el crecimiento exponencial de los casos y muertes por Covid-19 y han permitido que la poblaci\u00f3n conozca las medidas sanitarias para prevenir contagios y que el sistema de salud se prepare para atender la potencial demanda\u00bb.<\/p>\n<p>El DNU indica que la situaci\u00f3n epidemiol\u00f3gica al viernes pasado -cuando el presidente Fern\u00e1ndez hizo el anuncio de la pr\u00f3rroga hasta el 24 de mayo inclusive del aislamiento- registraba un \u00abtotal de 5.680 casos confirmados y 297 personas que han muerto a causa de Covid-19\u00bb.<\/p>\n<p>Adem\u00e1s, da cuenta de \u00abun comportamiento regional distinto al observado en las semanas anteriores\u00bb y se\u00f1ala que \u00abla evoluci\u00f3n de la pandemia en la mayor\u00eda de los pa\u00edses de la regi\u00f3n ha evidenciado trayectorias mucho m\u00e1s severas\u00bb.<\/p>\n","protected":false},"excerpt":{"rendered":"<p>El Gobierno nacional oficializ\u00f3 hoy la pr\u00f3rroga del aislamiento social, preventivo y obligatorio hasta el 24 de mayo inclusive, que seguir\u00e1 siendo estricta en la ciudad de Buenos Aires y en la provincia de Buenos Aires y de avance a una nueva etapa de \u00abreapertura progresiva\u00bb en el resto de pa\u00eds, por la pandemia de [&hellip;]<\/p>\n","protected":false},"author":3,"featured_media":0,"comment_status":"closed","ping_status":"open","sticky":false,"template":"","format":"standard","meta":{"footnotes":""},"categories":[24],"tags":[],"class_list":["post-41755","post","type-post","status-publish","format-standard","hentry","category-politica"],"yoast_head":"<!-- This site is optimized with the Yoast SEO plugin v25.9 - https:\/\/yoast.com\/wordpress\/plugins\/seo\/ -->\n<title>Oficializan el decreto de pr\u00f3rroga del aislamiento obligatorio hasta el 24 de mayo. - Noticias Radio Reflejos<\/title>\n<meta name=\"robots\" content=\"index, follow, max-snippet:-1, max-image-preview:large, max-video-preview:-1\" \/>\n<link rel=\"canonical\" href=\"https:\/\/www.noticiasradioreflejos.com.ar\/2021\/oficializan-el-decreto-de-prorroga-del-aislamiento-obligatorio-hasta-el-24-de-mayo\/\" \/>\n<meta property=\"og:locale\" content=\"es_ES\" \/>\n<meta property=\"og:type\" content=\"article\" \/>\n<meta property=\"og:title\" content=\"Oficializan el decreto de pr\u00f3rroga del aislamiento obligatorio hasta el 24 de mayo. - Noticias Radio Reflejos\" \/>\n<meta property=\"og:description\" content=\"El Gobierno nacional oficializ\u00f3 hoy la pr\u00f3rroga del aislamiento social, preventivo y obligatorio hasta el 24 de mayo inclusive, que seguir\u00e1 siendo estricta en la ciudad de Buenos Aires y en la provincia de Buenos Aires y de avance a una nueva etapa de \u00abreapertura progresiva\u00bb en el resto de pa\u00eds, por la pandemia de [&hellip;]\" \/>\n<meta property=\"og:url\" content=\"https:\/\/www.noticiasradioreflejos.com.ar\/2021\/oficializan-el-decreto-de-prorroga-del-aislamiento-obligatorio-hasta-el-24-de-mayo\/\" \/>\n<meta property=\"og:site_name\" content=\"Noticias Radio Reflejos\" \/>\n<meta property=\"article:published_time\" content=\"2020-05-11T12:03:20+00:00\" \/>\n<meta property=\"og:image\" content=\"https:\/\/www.noticiasradioreflejos.com.ar\/2021\/wp-content\/uploads\/2021\/07\/logosol300x200.png\" \/>\n\t<meta property=\"og:image:width\" content=\"300\" \/>\n\t<meta property=\"og:image:height\" content=\"200\" \/>\n\t<meta property=\"og:image:type\" content=\"image\/png\" \/>\n<meta name=\"author\" content=\"Arnaldo Botto\" \/>\n<meta name=\"twitter:card\" content=\"summary_large_image\" \/>\n<script type=\"application\/ld+json\" class=\"yoast-schema-graph\">{\"@context\":\"https:\/\/schema.org\",\"@graph\":[{\"@type\":\"WebPage\",\"@id\":\"https:\/\/www.noticiasradioreflejos.com.ar\/2021\/oficializan-el-decreto-de-prorroga-del-aislamiento-obligatorio-hasta-el-24-de-mayo\/\",\"url\":\"https:\/\/www.noticiasradioreflejos.com.ar\/2021\/oficializan-el-decreto-de-prorroga-del-aislamiento-obligatorio-hasta-el-24-de-mayo\/\",\"name\":\"Oficializan el decreto de pr\u00f3rroga del aislamiento obligatorio hasta el 24 de mayo. - Noticias Radio Reflejos\",\"isPartOf\":{\"@id\":\"https:\/\/www.noticiasradioreflejos.com.ar\/2021\/#website\"},\"datePublished\":\"2020-05-11T12:03:20+00:00\",\"author\":{\"@id\":\"https:\/\/www.noticiasradioreflejos.com.ar\/2021\/#\/schema\/person\/ad82545263dcc5ec0996818884fd5fb1\"},\"breadcrumb\":{\"@id\":\"https:\/\/www.noticiasradioreflejos.com.ar\/2021\/oficializan-el-decreto-de-prorroga-del-aislamiento-obligatorio-hasta-el-24-de-mayo\/#breadcrumb\"},\"inLanguage\":\"es\",\"potentialAction\":[{\"@type\":\"ReadAction\",\"target\":[\"https:\/\/www.noticiasradioreflejos.com.ar\/2021\/oficializan-el-decreto-de-prorroga-del-aislamiento-obligatorio-hasta-el-24-de-mayo\/\"]}]},{\"@type\":\"BreadcrumbList\",\"@id\":\"https:\/\/www.noticiasradioreflejos.com.ar\/2021\/oficializan-el-decreto-de-prorroga-del-aislamiento-obligatorio-hasta-el-24-de-mayo\/#breadcrumb\",\"itemListElement\":[{\"@type\":\"ListItem\",\"position\":1,\"name\":\"Portada\",\"item\":\"https:\/\/www.noticiasradioreflejos.com.ar\/2021\/\"},{\"@type\":\"ListItem\",\"position\":2,\"name\":\"Oficializan el decreto de pr\u00f3rroga del aislamiento obligatorio hasta el 24 de mayo.\"}]},{\"@type\":\"WebSite\",\"@id\":\"https:\/\/www.noticiasradioreflejos.com.ar\/2021\/#website\",\"url\":\"https:\/\/www.noticiasradioreflejos.com.ar\/2021\/\",\"name\":\"Noticias Radio Reflejos\",\"description\":\"Las noticias de mi comarca\",\"potentialAction\":[{\"@type\":\"SearchAction\",\"target\":{\"@type\":\"EntryPoint\",\"urlTemplate\":\"https:\/\/www.noticiasradioreflejos.com.ar\/2021\/?s={search_term_string}\"},\"query-input\":{\"@type\":\"PropertyValueSpecification\",\"valueRequired\":true,\"valueName\":\"search_term_string\"}}],\"inLanguage\":\"es\"},{\"@type\":\"Person\",\"@id\":\"https:\/\/www.noticiasradioreflejos.com.ar\/2021\/#\/schema\/person\/ad82545263dcc5ec0996818884fd5fb1\",\"name\":\"Arnaldo Botto\",\"image\":{\"@type\":\"ImageObject\",\"inLanguage\":\"es\",\"@id\":\"https:\/\/www.noticiasradioreflejos.com.ar\/2021\/#\/schema\/person\/image\/\",\"url\":\"https:\/\/secure.gravatar.com\/avatar\/55cb5e37c1efa326397366e6974cb338056df65cb50e7d64d1cf314e87504837?s=96&d=mm&r=g\",\"contentUrl\":\"https:\/\/secure.gravatar.com\/avatar\/55cb5e37c1efa326397366e6974cb338056df65cb50e7d64d1cf314e87504837?s=96&d=mm&r=g\",\"caption\":\"Arnaldo Botto\"},\"url\":\"https:\/\/www.noticiasradioreflejos.com.ar\/2021\/author\/arnaldo\/\"}]}<\/script>\n<!-- \/ Yoast SEO plugin. -->","yoast_head_json":{"title":"Oficializan el decreto de pr\u00f3rroga del aislamiento obligatorio hasta el 24 de mayo. - Noticias Radio Reflejos","robots":{"index":"index","follow":"follow","max-snippet":"max-snippet:-1","max-image-preview":"max-image-preview:large","max-video-preview":"max-video-preview:-1"},"canonical":"https:\/\/www.noticiasradioreflejos.com.ar\/2021\/oficializan-el-decreto-de-prorroga-del-aislamiento-obligatorio-hasta-el-24-de-mayo\/","og_locale":"es_ES","og_type":"article","og_title":"Oficializan el decreto de pr\u00f3rroga del aislamiento obligatorio hasta el 24 de mayo. - Noticias Radio Reflejos","og_description":"El Gobierno nacional oficializ\u00f3 hoy la pr\u00f3rroga del aislamiento social, preventivo y obligatorio hasta el 24 de mayo inclusive, que seguir\u00e1 siendo estricta en la ciudad de Buenos Aires y en la provincia de Buenos Aires y de avance a una nueva etapa de \u00abreapertura progresiva\u00bb en el resto de pa\u00eds, por la pandemia de [&hellip;]","og_url":"https:\/\/www.noticiasradioreflejos.com.ar\/2021\/oficializan-el-decreto-de-prorroga-del-aislamiento-obligatorio-hasta-el-24-de-mayo\/","og_site_name":"Noticias Radio Reflejos","article_published_time":"2020-05-11T12:03:20+00:00","og_image":[{"width":300,"height":200,"url":"https:\/\/www.noticiasradioreflejos.com.ar\/2021\/wp-content\/uploads\/2021\/07\/logosol300x200.png","type":"image\/png"}],"author":"Arnaldo Botto","twitter_card":"summary_large_image","schema":{"@context":"https:\/\/schema.org","@graph":[{"@type":"WebPage","@id":"https:\/\/www.noticiasradioreflejos.com.ar\/2021\/oficializan-el-decreto-de-prorroga-del-aislamiento-obligatorio-hasta-el-24-de-mayo\/","url":"https:\/\/www.noticiasradioreflejos.com.ar\/2021\/oficializan-el-decreto-de-prorroga-del-aislamiento-obligatorio-hasta-el-24-de-mayo\/","name":"Oficializan el decreto de pr\u00f3rroga del aislamiento obligatorio hasta el 24 de mayo. - Noticias Radio Reflejos","isPartOf":{"@id":"https:\/\/www.noticiasradioreflejos.com.ar\/2021\/#website"},"datePublished":"2020-05-11T12:03:20+00:00","author":{"@id":"https:\/\/www.noticiasradioreflejos.com.ar\/2021\/#\/schema\/person\/ad82545263dcc5ec0996818884fd5fb1"},"breadcrumb":{"@id":"https:\/\/www.noticiasradioreflejos.com.ar\/2021\/oficializan-el-decreto-de-prorroga-del-aislamiento-obligatorio-hasta-el-24-de-mayo\/#breadcrumb"},"inLanguage":"es","potentialAction":[{"@type":"ReadAction","target":["https:\/\/www.noticiasradioreflejos.com.ar\/2021\/oficializan-el-decreto-de-prorroga-del-aislamiento-obligatorio-hasta-el-24-de-mayo\/"]}]},{"@type":"BreadcrumbList","@id":"https:\/\/www.noticiasradioreflejos.com.ar\/2021\/oficializan-el-decreto-de-prorroga-del-aislamiento-obligatorio-hasta-el-24-de-mayo\/#breadcrumb","itemListElement":[{"@type":"ListItem","position":1,"name":"Portada","item":"https:\/\/www.noticiasradioreflejos.com.ar\/2021\/"},{"@type":"ListItem","position":2,"name":"Oficializan el decreto de pr\u00f3rroga del aislamiento obligatorio hasta el 24 de mayo."}]},{"@type":"WebSite","@id":"https:\/\/www.noticiasradioreflejos.com.ar\/2021\/#website","url":"https:\/\/www.noticiasradioreflejos.com.ar\/2021\/","name":"Noticias Radio Reflejos","description":"Las noticias de mi comarca","potentialAction":[{"@type":"SearchAction","target":{"@type":"EntryPoint","urlTemplate":"https:\/\/www.noticiasradioreflejos.com.ar\/2021\/?s={search_term_string}"},"query-input":{"@type":"PropertyValueSpecification","valueRequired":true,"valueName":"search_term_string"}}],"inLanguage":"es"},{"@type":"Person","@id":"https:\/\/www.noticiasradioreflejos.com.ar\/2021\/#\/schema\/person\/ad82545263dcc5ec0996818884fd5fb1","name":"Arnaldo Botto","image":{"@type":"ImageObject","inLanguage":"es","@id":"https:\/\/www.noticiasradioreflejos.com.ar\/2021\/#\/schema\/person\/image\/","url":"https:\/\/secure.gravatar.com\/avatar\/55cb5e37c1efa326397366e6974cb338056df65cb50e7d64d1cf314e87504837?s=96&d=mm&r=g","contentUrl":"https:\/\/secure.gravatar.com\/avatar\/55cb5e37c1efa326397366e6974cb338056df65cb50e7d64d1cf314e87504837?s=96&d=mm&r=g","caption":"Arnaldo Botto"},"url":"https:\/\/www.noticiasradioreflejos.com.ar\/2021\/author\/arnaldo\/"}]}},"_links":{"self":[{"href":"https:\/\/www.noticiasradioreflejos.com.ar\/2021\/wp-json\/wp\/v2\/posts\/41755","targetHints":{"allow":["GET"]}}],"collection":[{"href":"https:\/\/www.noticiasradioreflejos.com.ar\/2021\/wp-json\/wp\/v2\/posts"}],"about":[{"href":"https:\/\/www.noticiasradioreflejos.com.ar\/2021\/wp-json\/wp\/v2\/types\/post"}],"author":[{"embeddable":true,"href":"https:\/\/www.noticiasradioreflejos.com.ar\/2021\/wp-json\/wp\/v2\/users\/3"}],"replies":[{"embeddable":true,"href":"https:\/\/www.noticiasradioreflejos.com.ar\/2021\/wp-json\/wp\/v2\/comments?post=41755"}],"version-history":[{"count":0,"href":"https:\/\/www.noticiasradioreflejos.com.ar\/2021\/wp-json\/wp\/v2\/posts\/41755\/revisions"}],"wp:attachment":[{"href":"https:\/\/www.noticiasradioreflejos.com.ar\/2021\/wp-json\/wp\/v2\/media?parent=41755"}],"wp:term":[{"taxonomy":"category","embeddable":true,"href":"https:\/\/www.noticiasradioreflejos.com.ar\/2021\/wp-json\/wp\/v2\/categories?post=41755"},{"taxonomy":"post_tag","embeddable":true,"href":"https:\/\/www.noticiasradioreflejos.com.ar\/2021\/wp-json\/wp\/v2\/tags?post=41755"}],"curies":[{"name":"wp","href":"https:\/\/api.w.org\/{rel}","templated":true}]}}