{"id":41749,"date":"2020-05-10T20:19:43","date_gmt":"2020-05-10T23:19:43","guid":{"rendered":"http:\/\/www.noticiasradioreflejos.com.ar\/noticias\/?p=41749"},"modified":"2020-05-10T20:19:43","modified_gmt":"2020-05-10T23:19:43","slug":"podran-abrir-restaurantes-bares-y-casas-de-te-para-vecinos-del-distrito","status":"publish","type":"post","link":"https:\/\/www.noticiasradioreflejos.com.ar\/2021\/podran-abrir-restaurantes-bares-y-casas-de-te-para-vecinos-del-distrito\/","title":{"rendered":"Podr\u00e1n abrir restaurantes, bares y casas de t\u00e9 para vecinos del distrito"},"content":{"rendered":"<p><a href=\"http:\/\/www.noticiasradioreflejos.com.ar\/noticias\/wp-content\/uploads\/2020\/05\/WhatsApp-Image-2020-05-10-at-19.46.05.jpeg\"><img loading=\"lazy\" decoding=\"async\" class=\"alignleft size-thumbnail-noticias wp-image-41750\" src=\"http:\/\/www.noticiasradioreflejos.com.ar\/noticias\/wp-content\/uploads\/2020\/05\/WhatsApp-Image-2020-05-10-at-19.46.05-500x300.jpeg\" alt=\"WhatsApp Image 2020-05-10 at 19.46.05\" width=\"500\" height=\"300\" \/><\/a>Tornquist Municipio informa que considerando que no registramos casos de Covid-19 en el distrito, y con el objetivo de incentivar la econom\u00eda y producci\u00f3n local se permitir\u00e1 la reapertura de restaurantes, cervecer\u00edas, casas de t\u00e9, food truck, teniendo en cuenta las siguientes disposiciones:<!--more--><\/p>\n<p>Se habilitar\u00e1n el horario de 8 a 17 y de 19 a 23hs, la reapertura de salones con la posibilidad de que los clientes puedan ocupar mesas y sillas.<br \/>\n\u00danicamente esta medida estar\u00e1 habilitada para HABITANTES DEL DISTRITO DE TORNQUIST<br \/>\nDisposici\u00f3n de clientes: 4 clientes cada 10 metros cuadrados. Las mesas deber\u00e1n estar dispuestas de manera tal que la distancia entre el respaldo de silla a silla sea superior a un metro.<br \/>\nSolo se permitir\u00e1 que trabajen con el 50% de su ocupaci\u00f3n habitual.<br \/>\nLos clientes deber\u00e1n tener reserva previa para ingresar al local, especialmente en el horario nocturno.<br \/>\nDejar a disposici\u00f3n de los clientes los productos necesarios para la desinfecci\u00f3n de manos tales como alcohol al 70% o alcohol en gel.<br \/>\nLimpieza de todas las superficies regularmente con agua con lavandina (1 litro de agua m\u00e1s 10 ml de lavandina) o con alcohol 70%.<br \/>\nRecordamos que en la etapa cuatro del aislamiento administrado, es fundamental la responsabilidad ciudadana de cada uno de los vecinos, para evitar contagios y la aglomeraci\u00f3n de personas. Reforzamos que los habitantes deber\u00e1n utilizar tapabocas, y quienes salgan en el horario nocturno deber\u00e1n regresar a sus hogares a las 24hs, sin excepci\u00f3n.<br \/>\nSolicitamos la buena colaboraci\u00f3n de los vecinos, y recordamos que habr\u00e1 estrictos controles para llevar adelante esta medida, que en caso de no ser respetada, el ejecutivo municipal podr\u00e1 disponer su cese.<\/p>\n","protected":false},"excerpt":{"rendered":"<p>Tornquist Municipio informa que considerando que no registramos casos de Covid-19 en el distrito, y con el objetivo de incentivar la econom\u00eda y producci\u00f3n local se permitir\u00e1 la reapertura de restaurantes, cervecer\u00edas, casas de t\u00e9, food truck, teniendo en cuenta las siguientes disposiciones:<\/p>\n","protected":false},"author":3,"featured_media":0,"comment_status":"closed","ping_status":"open","sticky":false,"template":"","format":"standard","meta":{"footnotes":""},"categories":[28],"tags":[],"class_list":["post-41749","post","type-post","status-publish","format-standard","hentry","category-municipales"],"yoast_head":"<!-- This site is optimized with the Yoast SEO plugin v25.9 - https:\/\/yoast.com\/wordpress\/plugins\/seo\/ -->\n<title>Podr\u00e1n abrir restaurantes, bares y casas de t\u00e9 para vecinos del distrito - Noticias Radio Reflejos<\/title>\n<meta name=\"robots\" content=\"index, follow, max-snippet:-1, max-image-preview:large, max-video-preview:-1\" \/>\n<link rel=\"canonical\" href=\"https:\/\/www.noticiasradioreflejos.com.ar\/2021\/podran-abrir-restaurantes-bares-y-casas-de-te-para-vecinos-del-distrito\/\" \/>\n<meta property=\"og:locale\" content=\"es_ES\" \/>\n<meta property=\"og:type\" content=\"article\" \/>\n<meta property=\"og:title\" content=\"Podr\u00e1n abrir restaurantes, bares y casas de t\u00e9 para vecinos del distrito - Noticias Radio Reflejos\" \/>\n<meta property=\"og:description\" content=\"Tornquist Municipio informa que considerando que no registramos casos de Covid-19 en el distrito, y con el objetivo de incentivar la econom\u00eda y producci\u00f3n local se permitir\u00e1 la reapertura de restaurantes, cervecer\u00edas, casas de t\u00e9, food truck, teniendo en cuenta las siguientes disposiciones:\" \/>\n<meta property=\"og:url\" content=\"https:\/\/www.noticiasradioreflejos.com.ar\/2021\/podran-abrir-restaurantes-bares-y-casas-de-te-para-vecinos-del-distrito\/\" \/>\n<meta property=\"og:site_name\" content=\"Noticias Radio Reflejos\" \/>\n<meta property=\"article:published_time\" content=\"2020-05-10T23:19:43+00:00\" \/>\n<meta property=\"og:image\" content=\"https:\/\/www.noticiasradioreflejos.com.ar\/2021\/wp-content\/uploads\/2021\/07\/logosol300x200.png\" \/>\n\t<meta property=\"og:image:width\" content=\"300\" \/>\n\t<meta property=\"og:image:height\" content=\"200\" \/>\n\t<meta property=\"og:image:type\" content=\"image\/png\" \/>\n<meta name=\"author\" content=\"Arnaldo Botto\" \/>\n<meta name=\"twitter:card\" content=\"summary_large_image\" \/>\n<script type=\"application\/ld+json\" class=\"yoast-schema-graph\">{\"@context\":\"https:\/\/schema.org\",\"@graph\":[{\"@type\":\"WebPage\",\"@id\":\"https:\/\/www.noticiasradioreflejos.com.ar\/2021\/podran-abrir-restaurantes-bares-y-casas-de-te-para-vecinos-del-distrito\/\",\"url\":\"https:\/\/www.noticiasradioreflejos.com.ar\/2021\/podran-abrir-restaurantes-bares-y-casas-de-te-para-vecinos-del-distrito\/\",\"name\":\"Podr\u00e1n abrir restaurantes, bares y casas de t\u00e9 para vecinos del distrito - Noticias Radio Reflejos\",\"isPartOf\":{\"@id\":\"https:\/\/www.noticiasradioreflejos.com.ar\/2021\/#website\"},\"primaryImageOfPage\":{\"@id\":\"https:\/\/www.noticiasradioreflejos.com.ar\/2021\/podran-abrir-restaurantes-bares-y-casas-de-te-para-vecinos-del-distrito\/#primaryimage\"},\"image\":{\"@id\":\"https:\/\/www.noticiasradioreflejos.com.ar\/2021\/podran-abrir-restaurantes-bares-y-casas-de-te-para-vecinos-del-distrito\/#primaryimage\"},\"thumbnailUrl\":\"http:\/\/www.noticiasradioreflejos.com.ar\/noticias\/wp-content\/uploads\/2020\/05\/WhatsApp-Image-2020-05-10-at-19.46.05-500x300.jpeg\",\"datePublished\":\"2020-05-10T23:19:43+00:00\",\"author\":{\"@id\":\"https:\/\/www.noticiasradioreflejos.com.ar\/2021\/#\/schema\/person\/ad82545263dcc5ec0996818884fd5fb1\"},\"breadcrumb\":{\"@id\":\"https:\/\/www.noticiasradioreflejos.com.ar\/2021\/podran-abrir-restaurantes-bares-y-casas-de-te-para-vecinos-del-distrito\/#breadcrumb\"},\"inLanguage\":\"es\",\"potentialAction\":[{\"@type\":\"ReadAction\",\"target\":[\"https:\/\/www.noticiasradioreflejos.com.ar\/2021\/podran-abrir-restaurantes-bares-y-casas-de-te-para-vecinos-del-distrito\/\"]}]},{\"@type\":\"ImageObject\",\"inLanguage\":\"es\",\"@id\":\"https:\/\/www.noticiasradioreflejos.com.ar\/2021\/podran-abrir-restaurantes-bares-y-casas-de-te-para-vecinos-del-distrito\/#primaryimage\",\"url\":\"http:\/\/www.noticiasradioreflejos.com.ar\/noticias\/wp-content\/uploads\/2020\/05\/WhatsApp-Image-2020-05-10-at-19.46.05-500x300.jpeg\",\"contentUrl\":\"http:\/\/www.noticiasradioreflejos.com.ar\/noticias\/wp-content\/uploads\/2020\/05\/WhatsApp-Image-2020-05-10-at-19.46.05-500x300.jpeg\"},{\"@type\":\"BreadcrumbList\",\"@id\":\"https:\/\/www.noticiasradioreflejos.com.ar\/2021\/podran-abrir-restaurantes-bares-y-casas-de-te-para-vecinos-del-distrito\/#breadcrumb\",\"itemListElement\":[{\"@type\":\"ListItem\",\"position\":1,\"name\":\"Portada\",\"item\":\"https:\/\/www.noticiasradioreflejos.com.ar\/2021\/\"},{\"@type\":\"ListItem\",\"position\":2,\"name\":\"Podr\u00e1n abrir restaurantes, bares y casas de t\u00e9 para vecinos del distrito\"}]},{\"@type\":\"WebSite\",\"@id\":\"https:\/\/www.noticiasradioreflejos.com.ar\/2021\/#website\",\"url\":\"https:\/\/www.noticiasradioreflejos.com.ar\/2021\/\",\"name\":\"Noticias Radio Reflejos\",\"description\":\"Las noticias de mi comarca\",\"potentialAction\":[{\"@type\":\"SearchAction\",\"target\":{\"@type\":\"EntryPoint\",\"urlTemplate\":\"https:\/\/www.noticiasradioreflejos.com.ar\/2021\/?s={search_term_string}\"},\"query-input\":{\"@type\":\"PropertyValueSpecification\",\"valueRequired\":true,\"valueName\":\"search_term_string\"}}],\"inLanguage\":\"es\"},{\"@type\":\"Person\",\"@id\":\"https:\/\/www.noticiasradioreflejos.com.ar\/2021\/#\/schema\/person\/ad82545263dcc5ec0996818884fd5fb1\",\"name\":\"Arnaldo Botto\",\"image\":{\"@type\":\"ImageObject\",\"inLanguage\":\"es\",\"@id\":\"https:\/\/www.noticiasradioreflejos.com.ar\/2021\/#\/schema\/person\/image\/\",\"url\":\"https:\/\/secure.gravatar.com\/avatar\/55cb5e37c1efa326397366e6974cb338056df65cb50e7d64d1cf314e87504837?s=96&d=mm&r=g\",\"contentUrl\":\"https:\/\/secure.gravatar.com\/avatar\/55cb5e37c1efa326397366e6974cb338056df65cb50e7d64d1cf314e87504837?s=96&d=mm&r=g\",\"caption\":\"Arnaldo Botto\"},\"url\":\"https:\/\/www.noticiasradioreflejos.com.ar\/2021\/author\/arnaldo\/\"}]}<\/script>\n<!-- \/ Yoast SEO plugin. -->","yoast_head_json":{"title":"Podr\u00e1n abrir restaurantes, bares y casas de t\u00e9 para vecinos del distrito - Noticias Radio Reflejos","robots":{"index":"index","follow":"follow","max-snippet":"max-snippet:-1","max-image-preview":"max-image-preview:large","max-video-preview":"max-video-preview:-1"},"canonical":"https:\/\/www.noticiasradioreflejos.com.ar\/2021\/podran-abrir-restaurantes-bares-y-casas-de-te-para-vecinos-del-distrito\/","og_locale":"es_ES","og_type":"article","og_title":"Podr\u00e1n abrir restaurantes, bares y casas de t\u00e9 para vecinos del distrito - Noticias Radio Reflejos","og_description":"Tornquist Municipio informa que considerando que no registramos casos de Covid-19 en el distrito, y con el objetivo de incentivar la econom\u00eda y producci\u00f3n local se permitir\u00e1 la reapertura de restaurantes, cervecer\u00edas, casas de t\u00e9, food truck, teniendo en cuenta las siguientes disposiciones:","og_url":"https:\/\/www.noticiasradioreflejos.com.ar\/2021\/podran-abrir-restaurantes-bares-y-casas-de-te-para-vecinos-del-distrito\/","og_site_name":"Noticias Radio Reflejos","article_published_time":"2020-05-10T23:19:43+00:00","og_image":[{"width":300,"height":200,"url":"https:\/\/www.noticiasradioreflejos.com.ar\/2021\/wp-content\/uploads\/2021\/07\/logosol300x200.png","type":"image\/png"}],"author":"Arnaldo Botto","twitter_card":"summary_large_image","schema":{"@context":"https:\/\/schema.org","@graph":[{"@type":"WebPage","@id":"https:\/\/www.noticiasradioreflejos.com.ar\/2021\/podran-abrir-restaurantes-bares-y-casas-de-te-para-vecinos-del-distrito\/","url":"https:\/\/www.noticiasradioreflejos.com.ar\/2021\/podran-abrir-restaurantes-bares-y-casas-de-te-para-vecinos-del-distrito\/","name":"Podr\u00e1n abrir restaurantes, bares y casas de t\u00e9 para vecinos del distrito - Noticias Radio Reflejos","isPartOf":{"@id":"https:\/\/www.noticiasradioreflejos.com.ar\/2021\/#website"},"primaryImageOfPage":{"@id":"https:\/\/www.noticiasradioreflejos.com.ar\/2021\/podran-abrir-restaurantes-bares-y-casas-de-te-para-vecinos-del-distrito\/#primaryimage"},"image":{"@id":"https:\/\/www.noticiasradioreflejos.com.ar\/2021\/podran-abrir-restaurantes-bares-y-casas-de-te-para-vecinos-del-distrito\/#primaryimage"},"thumbnailUrl":"http:\/\/www.noticiasradioreflejos.com.ar\/noticias\/wp-content\/uploads\/2020\/05\/WhatsApp-Image-2020-05-10-at-19.46.05-500x300.jpeg","datePublished":"2020-05-10T23:19:43+00:00","author":{"@id":"https:\/\/www.noticiasradioreflejos.com.ar\/2021\/#\/schema\/person\/ad82545263dcc5ec0996818884fd5fb1"},"breadcrumb":{"@id":"https:\/\/www.noticiasradioreflejos.com.ar\/2021\/podran-abrir-restaurantes-bares-y-casas-de-te-para-vecinos-del-distrito\/#breadcrumb"},"inLanguage":"es","potentialAction":[{"@type":"ReadAction","target":["https:\/\/www.noticiasradioreflejos.com.ar\/2021\/podran-abrir-restaurantes-bares-y-casas-de-te-para-vecinos-del-distrito\/"]}]},{"@type":"ImageObject","inLanguage":"es","@id":"https:\/\/www.noticiasradioreflejos.com.ar\/2021\/podran-abrir-restaurantes-bares-y-casas-de-te-para-vecinos-del-distrito\/#primaryimage","url":"http:\/\/www.noticiasradioreflejos.com.ar\/noticias\/wp-content\/uploads\/2020\/05\/WhatsApp-Image-2020-05-10-at-19.46.05-500x300.jpeg","contentUrl":"http:\/\/www.noticiasradioreflejos.com.ar\/noticias\/wp-content\/uploads\/2020\/05\/WhatsApp-Image-2020-05-10-at-19.46.05-500x300.jpeg"},{"@type":"BreadcrumbList","@id":"https:\/\/www.noticiasradioreflejos.com.ar\/2021\/podran-abrir-restaurantes-bares-y-casas-de-te-para-vecinos-del-distrito\/#breadcrumb","itemListElement":[{"@type":"ListItem","position":1,"name":"Portada","item":"https:\/\/www.noticiasradioreflejos.com.ar\/2021\/"},{"@type":"ListItem","position":2,"name":"Podr\u00e1n abrir restaurantes, bares y casas de t\u00e9 para vecinos del distrito"}]},{"@type":"WebSite","@id":"https:\/\/www.noticiasradioreflejos.com.ar\/2021\/#website","url":"https:\/\/www.noticiasradioreflejos.com.ar\/2021\/","name":"Noticias Radio Reflejos","description":"Las noticias de mi comarca","potentialAction":[{"@type":"SearchAction","target":{"@type":"EntryPoint","urlTemplate":"https:\/\/www.noticiasradioreflejos.com.ar\/2021\/?s={search_term_string}"},"query-input":{"@type":"PropertyValueSpecification","valueRequired":true,"valueName":"search_term_string"}}],"inLanguage":"es"},{"@type":"Person","@id":"https:\/\/www.noticiasradioreflejos.com.ar\/2021\/#\/schema\/person\/ad82545263dcc5ec0996818884fd5fb1","name":"Arnaldo Botto","image":{"@type":"ImageObject","inLanguage":"es","@id":"https:\/\/www.noticiasradioreflejos.com.ar\/2021\/#\/schema\/person\/image\/","url":"https:\/\/secure.gravatar.com\/avatar\/55cb5e37c1efa326397366e6974cb338056df65cb50e7d64d1cf314e87504837?s=96&d=mm&r=g","contentUrl":"https:\/\/secure.gravatar.com\/avatar\/55cb5e37c1efa326397366e6974cb338056df65cb50e7d64d1cf314e87504837?s=96&d=mm&r=g","caption":"Arnaldo Botto"},"url":"https:\/\/www.noticiasradioreflejos.com.ar\/2021\/author\/arnaldo\/"}]}},"_links":{"self":[{"href":"https:\/\/www.noticiasradioreflejos.com.ar\/2021\/wp-json\/wp\/v2\/posts\/41749","targetHints":{"allow":["GET"]}}],"collection":[{"href":"https:\/\/www.noticiasradioreflejos.com.ar\/2021\/wp-json\/wp\/v2\/posts"}],"about":[{"href":"https:\/\/www.noticiasradioreflejos.com.ar\/2021\/wp-json\/wp\/v2\/types\/post"}],"author":[{"embeddable":true,"href":"https:\/\/www.noticiasradioreflejos.com.ar\/2021\/wp-json\/wp\/v2\/users\/3"}],"replies":[{"embeddable":true,"href":"https:\/\/www.noticiasradioreflejos.com.ar\/2021\/wp-json\/wp\/v2\/comments?post=41749"}],"version-history":[{"count":0,"href":"https:\/\/www.noticiasradioreflejos.com.ar\/2021\/wp-json\/wp\/v2\/posts\/41749\/revisions"}],"wp:attachment":[{"href":"https:\/\/www.noticiasradioreflejos.com.ar\/2021\/wp-json\/wp\/v2\/media?parent=41749"}],"wp:term":[{"taxonomy":"category","embeddable":true,"href":"https:\/\/www.noticiasradioreflejos.com.ar\/2021\/wp-json\/wp\/v2\/categories?post=41749"},{"taxonomy":"post_tag","embeddable":true,"href":"https:\/\/www.noticiasradioreflejos.com.ar\/2021\/wp-json\/wp\/v2\/tags?post=41749"}],"curies":[{"name":"wp","href":"https:\/\/api.w.org\/{rel}","templated":true}]}}