{"id":41739,"date":"2020-05-10T18:22:37","date_gmt":"2020-05-10T21:22:37","guid":{"rendered":"http:\/\/www.noticiasradioreflejos.com.ar\/noticias\/?p=41739"},"modified":"2020-05-10T18:22:37","modified_gmt":"2020-05-10T21:22:37","slug":"la-cnv-evalua-instrumentar-un-fondo-solidario-para-financiar-a-las-provincias","status":"publish","type":"post","link":"https:\/\/www.noticiasradioreflejos.com.ar\/2021\/la-cnv-evalua-instrumentar-un-fondo-solidario-para-financiar-a-las-provincias\/","title":{"rendered":"La CNV eval\u00faa instrumentar un fondo solidario para financiar a las provincias"},"content":{"rendered":"<p>La Comisi\u00f3n Nacional de Valores (CNV) inform\u00f3 hoy que est\u00e1 trabajando en la creaci\u00f3n de un \u00abfondo solidario con impacto social\u00bb destinado a asistir, de manera directa o indirecta, necesidades de financiamiento de las provincias tanto para infraestructura sanitaria como para mejorar la sustentabilidad de sus cuentas p\u00fablicas. La iniciativa -explic\u00f3 la CNV- busca complementar recursos p\u00fablicos y privados y que los inversores institucionales dom\u00e9sticos puedan estar posicionados en un t\u00edtulo valor de calidad que pueda movilizar recursos del mercado hacia fines prioritarios para el desarrollo de las econom\u00edas provinciales.<!--more--><br \/>\n\u00abSe est\u00e1 trabajando intensamente en la formulaci\u00f3n de un nuevo tipo de instrumento financiero que promueve la integraci\u00f3n del mercado de capitales con los objetivos de las pol\u00edticas p\u00fablicas, potenciando el alcance de las actuales herramientas de financiamiento de las que se disponen\u00bb, anticip\u00f3 el presidente de la CNV, Adri\u00e1n Cosentino, en un comunicado.<\/p>\n<p>Al respecto asegur\u00f3 que esta iniciativa busca involucrar a inversores institucionales y movilizar el ahorro interno hacia \u00abfines prioritarios\u00bb y responder tanto a la emergencia como \u00abpromover el desarrollo de las econom\u00edas regionales, como es el caso del financiamiento de obras de infraestructura de distinta \u00edndole\u00bb.<\/p>\n<p>El Fideicomiso Financiero Solidario de Asistencia Provincial (FFSAP) -denominaci\u00f3n del instrumento en los borradores del proyecto- se enmarcar\u00e1 en el Programa de Fideicomisos Solidarios que ofrecer\u00e1 en el Mercado de Capitales a diversos inversores institucionales Valores Representativos de Deuda Solidarios (VRDS).<\/p>\n<p>Los VDRS tendr\u00e1n como respaldo la coparticipaci\u00f3n de impuestos que cada provincia que se involucre como fiduciante y las provincias que reciban el financiamiento deber\u00e1n especificar los destinos de aplicaci\u00f3n de fondos que se correspondan con una tipificaci\u00f3n de proyectos y gastos vinculados con la noci\u00f3n de \u00abimpacto social\u00bb, la raz\u00f3n de ser de la iniciativa.<\/p>\n<p>\u00abPara su implementaci\u00f3n, la CNV est\u00e1 trabajando en un convenio de asistencia t\u00e9cnica y colaboraci\u00f3n conjunta con el Ministerio de Econom\u00eda de la Naci\u00f3n, mientras avanza con los procesos t\u00e9cnicos de la iniciativa de car\u00e1cter in\u00e9dito en el pa\u00eds\u00bb, adelant\u00f3 la CNV.<\/p>\n<p>Asimismo, el proyecto ya est\u00e1 siendo presentado a posibles inversores institucionales, entre ellos las distintas asociaciones bancarias, y se continuar\u00e1 con compa\u00f1\u00edas de seguros, fondos comunes de inversi\u00f3n, y otros inversores del mercado.<\/p>\n<p>Por \u00faltimo, la CNV dijo que incluir\u00e1 en sus normas un r\u00e9gimen especial para Programas de Fideicomisos P\u00fablicos Solidarios y que trabajar\u00e1 en una reglamentaci\u00f3n espec\u00edfica para valores negociables identificados como \u00abBonos Solidarios con Impacto Social\u00bb, de modo de atender la demanda de inversores que deban incorporar en sus carteras estos instrumentos o cumplir con compromisos de responsabilidad social empresaria.<\/p>\n","protected":false},"excerpt":{"rendered":"<p>La Comisi\u00f3n Nacional de Valores (CNV) inform\u00f3 hoy que est\u00e1 trabajando en la creaci\u00f3n de un \u00abfondo solidario con impacto social\u00bb destinado a asistir, de manera directa o indirecta, necesidades de financiamiento de las provincias tanto para infraestructura sanitaria como para mejorar la sustentabilidad de sus cuentas p\u00fablicas. La iniciativa -explic\u00f3 la CNV- busca complementar [&hellip;]<\/p>\n","protected":false},"author":3,"featured_media":0,"comment_status":"closed","ping_status":"open","sticky":false,"template":"","format":"standard","meta":{"footnotes":""},"categories":[36],"tags":[],"class_list":["post-41739","post","type-post","status-publish","format-standard","hentry","category-economia"],"yoast_head":"<!-- This site is optimized with the Yoast SEO plugin v25.9 - https:\/\/yoast.com\/wordpress\/plugins\/seo\/ -->\n<title>La CNV eval\u00faa instrumentar un fondo solidario para financiar a las provincias - Noticias Radio Reflejos<\/title>\n<meta name=\"robots\" content=\"index, follow, max-snippet:-1, max-image-preview:large, max-video-preview:-1\" \/>\n<link rel=\"canonical\" href=\"https:\/\/www.noticiasradioreflejos.com.ar\/2021\/la-cnv-evalua-instrumentar-un-fondo-solidario-para-financiar-a-las-provincias\/\" \/>\n<meta property=\"og:locale\" content=\"es_ES\" \/>\n<meta property=\"og:type\" content=\"article\" \/>\n<meta property=\"og:title\" content=\"La CNV eval\u00faa instrumentar un fondo solidario para financiar a las provincias - Noticias Radio Reflejos\" \/>\n<meta property=\"og:description\" content=\"La Comisi\u00f3n Nacional de Valores (CNV) inform\u00f3 hoy que est\u00e1 trabajando en la creaci\u00f3n de un \u00abfondo solidario con impacto social\u00bb destinado a asistir, de manera directa o indirecta, necesidades de financiamiento de las provincias tanto para infraestructura sanitaria como para mejorar la sustentabilidad de sus cuentas p\u00fablicas. La iniciativa -explic\u00f3 la CNV- busca complementar [&hellip;]\" \/>\n<meta property=\"og:url\" content=\"https:\/\/www.noticiasradioreflejos.com.ar\/2021\/la-cnv-evalua-instrumentar-un-fondo-solidario-para-financiar-a-las-provincias\/\" \/>\n<meta property=\"og:site_name\" content=\"Noticias Radio Reflejos\" \/>\n<meta property=\"article:published_time\" content=\"2020-05-10T21:22:37+00:00\" \/>\n<meta property=\"og:image\" content=\"https:\/\/www.noticiasradioreflejos.com.ar\/2021\/wp-content\/uploads\/2021\/07\/logosol300x200.png\" \/>\n\t<meta property=\"og:image:width\" content=\"300\" \/>\n\t<meta property=\"og:image:height\" content=\"200\" \/>\n\t<meta property=\"og:image:type\" content=\"image\/png\" \/>\n<meta name=\"author\" content=\"Arnaldo Botto\" \/>\n<meta name=\"twitter:card\" content=\"summary_large_image\" \/>\n<script type=\"application\/ld+json\" class=\"yoast-schema-graph\">{\"@context\":\"https:\/\/schema.org\",\"@graph\":[{\"@type\":\"WebPage\",\"@id\":\"https:\/\/www.noticiasradioreflejos.com.ar\/2021\/la-cnv-evalua-instrumentar-un-fondo-solidario-para-financiar-a-las-provincias\/\",\"url\":\"https:\/\/www.noticiasradioreflejos.com.ar\/2021\/la-cnv-evalua-instrumentar-un-fondo-solidario-para-financiar-a-las-provincias\/\",\"name\":\"La CNV eval\u00faa instrumentar un fondo solidario para financiar a las provincias - Noticias Radio Reflejos\",\"isPartOf\":{\"@id\":\"https:\/\/www.noticiasradioreflejos.com.ar\/2021\/#website\"},\"datePublished\":\"2020-05-10T21:22:37+00:00\",\"author\":{\"@id\":\"https:\/\/www.noticiasradioreflejos.com.ar\/2021\/#\/schema\/person\/ad82545263dcc5ec0996818884fd5fb1\"},\"breadcrumb\":{\"@id\":\"https:\/\/www.noticiasradioreflejos.com.ar\/2021\/la-cnv-evalua-instrumentar-un-fondo-solidario-para-financiar-a-las-provincias\/#breadcrumb\"},\"inLanguage\":\"es\",\"potentialAction\":[{\"@type\":\"ReadAction\",\"target\":[\"https:\/\/www.noticiasradioreflejos.com.ar\/2021\/la-cnv-evalua-instrumentar-un-fondo-solidario-para-financiar-a-las-provincias\/\"]}]},{\"@type\":\"BreadcrumbList\",\"@id\":\"https:\/\/www.noticiasradioreflejos.com.ar\/2021\/la-cnv-evalua-instrumentar-un-fondo-solidario-para-financiar-a-las-provincias\/#breadcrumb\",\"itemListElement\":[{\"@type\":\"ListItem\",\"position\":1,\"name\":\"Portada\",\"item\":\"https:\/\/www.noticiasradioreflejos.com.ar\/2021\/\"},{\"@type\":\"ListItem\",\"position\":2,\"name\":\"La CNV eval\u00faa instrumentar un fondo solidario para financiar a las provincias\"}]},{\"@type\":\"WebSite\",\"@id\":\"https:\/\/www.noticiasradioreflejos.com.ar\/2021\/#website\",\"url\":\"https:\/\/www.noticiasradioreflejos.com.ar\/2021\/\",\"name\":\"Noticias Radio Reflejos\",\"description\":\"Las noticias de mi comarca\",\"potentialAction\":[{\"@type\":\"SearchAction\",\"target\":{\"@type\":\"EntryPoint\",\"urlTemplate\":\"https:\/\/www.noticiasradioreflejos.com.ar\/2021\/?s={search_term_string}\"},\"query-input\":{\"@type\":\"PropertyValueSpecification\",\"valueRequired\":true,\"valueName\":\"search_term_string\"}}],\"inLanguage\":\"es\"},{\"@type\":\"Person\",\"@id\":\"https:\/\/www.noticiasradioreflejos.com.ar\/2021\/#\/schema\/person\/ad82545263dcc5ec0996818884fd5fb1\",\"name\":\"Arnaldo Botto\",\"image\":{\"@type\":\"ImageObject\",\"inLanguage\":\"es\",\"@id\":\"https:\/\/www.noticiasradioreflejos.com.ar\/2021\/#\/schema\/person\/image\/\",\"url\":\"https:\/\/secure.gravatar.com\/avatar\/55cb5e37c1efa326397366e6974cb338056df65cb50e7d64d1cf314e87504837?s=96&d=mm&r=g\",\"contentUrl\":\"https:\/\/secure.gravatar.com\/avatar\/55cb5e37c1efa326397366e6974cb338056df65cb50e7d64d1cf314e87504837?s=96&d=mm&r=g\",\"caption\":\"Arnaldo Botto\"},\"url\":\"https:\/\/www.noticiasradioreflejos.com.ar\/2021\/author\/arnaldo\/\"}]}<\/script>\n<!-- \/ Yoast SEO plugin. -->","yoast_head_json":{"title":"La CNV eval\u00faa instrumentar un fondo solidario para financiar a las provincias - Noticias Radio Reflejos","robots":{"index":"index","follow":"follow","max-snippet":"max-snippet:-1","max-image-preview":"max-image-preview:large","max-video-preview":"max-video-preview:-1"},"canonical":"https:\/\/www.noticiasradioreflejos.com.ar\/2021\/la-cnv-evalua-instrumentar-un-fondo-solidario-para-financiar-a-las-provincias\/","og_locale":"es_ES","og_type":"article","og_title":"La CNV eval\u00faa instrumentar un fondo solidario para financiar a las provincias - Noticias Radio Reflejos","og_description":"La Comisi\u00f3n Nacional de Valores (CNV) inform\u00f3 hoy que est\u00e1 trabajando en la creaci\u00f3n de un \u00abfondo solidario con impacto social\u00bb destinado a asistir, de manera directa o indirecta, necesidades de financiamiento de las provincias tanto para infraestructura sanitaria como para mejorar la sustentabilidad de sus cuentas p\u00fablicas. La iniciativa -explic\u00f3 la CNV- busca complementar [&hellip;]","og_url":"https:\/\/www.noticiasradioreflejos.com.ar\/2021\/la-cnv-evalua-instrumentar-un-fondo-solidario-para-financiar-a-las-provincias\/","og_site_name":"Noticias Radio Reflejos","article_published_time":"2020-05-10T21:22:37+00:00","og_image":[{"width":300,"height":200,"url":"https:\/\/www.noticiasradioreflejos.com.ar\/2021\/wp-content\/uploads\/2021\/07\/logosol300x200.png","type":"image\/png"}],"author":"Arnaldo Botto","twitter_card":"summary_large_image","schema":{"@context":"https:\/\/schema.org","@graph":[{"@type":"WebPage","@id":"https:\/\/www.noticiasradioreflejos.com.ar\/2021\/la-cnv-evalua-instrumentar-un-fondo-solidario-para-financiar-a-las-provincias\/","url":"https:\/\/www.noticiasradioreflejos.com.ar\/2021\/la-cnv-evalua-instrumentar-un-fondo-solidario-para-financiar-a-las-provincias\/","name":"La CNV eval\u00faa instrumentar un fondo solidario para financiar a las provincias - Noticias Radio Reflejos","isPartOf":{"@id":"https:\/\/www.noticiasradioreflejos.com.ar\/2021\/#website"},"datePublished":"2020-05-10T21:22:37+00:00","author":{"@id":"https:\/\/www.noticiasradioreflejos.com.ar\/2021\/#\/schema\/person\/ad82545263dcc5ec0996818884fd5fb1"},"breadcrumb":{"@id":"https:\/\/www.noticiasradioreflejos.com.ar\/2021\/la-cnv-evalua-instrumentar-un-fondo-solidario-para-financiar-a-las-provincias\/#breadcrumb"},"inLanguage":"es","potentialAction":[{"@type":"ReadAction","target":["https:\/\/www.noticiasradioreflejos.com.ar\/2021\/la-cnv-evalua-instrumentar-un-fondo-solidario-para-financiar-a-las-provincias\/"]}]},{"@type":"BreadcrumbList","@id":"https:\/\/www.noticiasradioreflejos.com.ar\/2021\/la-cnv-evalua-instrumentar-un-fondo-solidario-para-financiar-a-las-provincias\/#breadcrumb","itemListElement":[{"@type":"ListItem","position":1,"name":"Portada","item":"https:\/\/www.noticiasradioreflejos.com.ar\/2021\/"},{"@type":"ListItem","position":2,"name":"La CNV eval\u00faa instrumentar un fondo solidario para financiar a las provincias"}]},{"@type":"WebSite","@id":"https:\/\/www.noticiasradioreflejos.com.ar\/2021\/#website","url":"https:\/\/www.noticiasradioreflejos.com.ar\/2021\/","name":"Noticias Radio Reflejos","description":"Las noticias de mi comarca","potentialAction":[{"@type":"SearchAction","target":{"@type":"EntryPoint","urlTemplate":"https:\/\/www.noticiasradioreflejos.com.ar\/2021\/?s={search_term_string}"},"query-input":{"@type":"PropertyValueSpecification","valueRequired":true,"valueName":"search_term_string"}}],"inLanguage":"es"},{"@type":"Person","@id":"https:\/\/www.noticiasradioreflejos.com.ar\/2021\/#\/schema\/person\/ad82545263dcc5ec0996818884fd5fb1","name":"Arnaldo Botto","image":{"@type":"ImageObject","inLanguage":"es","@id":"https:\/\/www.noticiasradioreflejos.com.ar\/2021\/#\/schema\/person\/image\/","url":"https:\/\/secure.gravatar.com\/avatar\/55cb5e37c1efa326397366e6974cb338056df65cb50e7d64d1cf314e87504837?s=96&d=mm&r=g","contentUrl":"https:\/\/secure.gravatar.com\/avatar\/55cb5e37c1efa326397366e6974cb338056df65cb50e7d64d1cf314e87504837?s=96&d=mm&r=g","caption":"Arnaldo Botto"},"url":"https:\/\/www.noticiasradioreflejos.com.ar\/2021\/author\/arnaldo\/"}]}},"_links":{"self":[{"href":"https:\/\/www.noticiasradioreflejos.com.ar\/2021\/wp-json\/wp\/v2\/posts\/41739","targetHints":{"allow":["GET"]}}],"collection":[{"href":"https:\/\/www.noticiasradioreflejos.com.ar\/2021\/wp-json\/wp\/v2\/posts"}],"about":[{"href":"https:\/\/www.noticiasradioreflejos.com.ar\/2021\/wp-json\/wp\/v2\/types\/post"}],"author":[{"embeddable":true,"href":"https:\/\/www.noticiasradioreflejos.com.ar\/2021\/wp-json\/wp\/v2\/users\/3"}],"replies":[{"embeddable":true,"href":"https:\/\/www.noticiasradioreflejos.com.ar\/2021\/wp-json\/wp\/v2\/comments?post=41739"}],"version-history":[{"count":0,"href":"https:\/\/www.noticiasradioreflejos.com.ar\/2021\/wp-json\/wp\/v2\/posts\/41739\/revisions"}],"wp:attachment":[{"href":"https:\/\/www.noticiasradioreflejos.com.ar\/2021\/wp-json\/wp\/v2\/media?parent=41739"}],"wp:term":[{"taxonomy":"category","embeddable":true,"href":"https:\/\/www.noticiasradioreflejos.com.ar\/2021\/wp-json\/wp\/v2\/categories?post=41739"},{"taxonomy":"post_tag","embeddable":true,"href":"https:\/\/www.noticiasradioreflejos.com.ar\/2021\/wp-json\/wp\/v2\/tags?post=41739"}],"curies":[{"name":"wp","href":"https:\/\/api.w.org\/{rel}","templated":true}]}}