{"id":41737,"date":"2020-05-10T18:21:13","date_gmt":"2020-05-10T21:21:13","guid":{"rendered":"http:\/\/www.noticiasradioreflejos.com.ar\/noticias\/?p=41737"},"modified":"2020-05-10T18:21:13","modified_gmt":"2020-05-10T21:21:13","slug":"el-consejo-del-pj-bonaerense-dio-su-apoyo-a-la-negociacion-de-fernandez-por-la-deuda-externa","status":"publish","type":"post","link":"https:\/\/www.noticiasradioreflejos.com.ar\/2021\/el-consejo-del-pj-bonaerense-dio-su-apoyo-a-la-negociacion-de-fernandez-por-la-deuda-externa\/","title":{"rendered":"El Consejo del PJ bonaerense dio su apoyo a la negociaci\u00f3n de Fern\u00e1ndez por la deuda externa"},"content":{"rendered":"<p><a title=\"buenos-aires-foto-de-arch_669413\" href=\"http:\/\/live.staticflickr.com\/65535\/49880613952_eb4145a42e_s.jpg\" rel=\"\"><img loading=\"lazy\" decoding=\"async\" class=\"alignleft\" style=\"float: left;\" title=\"buenos-aires-foto-de-arch_669413\" src=\"http:\/\/live.staticflickr.com\/65535\/49880613952_eb4145a42e.jpg\" alt=\"buenos-aires-foto-de-arch_669413\" width=\"500\" height=\"333\" \/><\/a>El PJ bonaerense hizo la primera reuni\u00f3n virtual de su Consejo Provincial partidario en la que, entre otros temas, se acord\u00f3 brindar un \u00abfuerte apoyo a la negociaci\u00f3n de la deuda\u00bb externa que lleva adelante el Gobierno nacional y promover \u00abprotocolos consensuados de manera regional\u00bb entre todos los municipios ante el coronavirus. \u00abDadas las circunstancias, esta fue la primera videoconferencia de la historia del Partido y sali\u00f3 bien, debatimos casi tres horas y el PJ provincial decidi\u00f3 dar un fuerte apoyo a la negociaci\u00f3n de la deuda que lleva adelante el presidente Fern\u00e1ndez con el ministro de Econom\u00eda, Mart\u00edn Guzm\u00e1n\u00bb, inform\u00f3 hoy a T\u00e9lam el intendente de Merlo, Gustavo Men\u00e9ndez, presidente del Justicialismo bonaerense.<!--more--><\/p>\n<p>Men\u00e9ndez a\u00f1adi\u00f3 que \u00aben el mismo sentido tambi\u00e9n brindamos nuestro apoyo a la negociaci\u00f3n que est\u00e1 llevando adelante con la deuda provincial el gobernador Axel Kicillof\u00bb.<\/p>\n<p>El encuentro, que se hizo el s\u00e1bado por la tarde y dur\u00f3 tres horas, \u00abincluy\u00f3 tambi\u00e9n la actualidad de la pandemia y la absoluta adhesi\u00f3n a las medidas dispuestas por el Presidente ante todos los argentinos y argentinas\u00bb, detall\u00f3 el jefe comunal merlense.<\/p>\n<p>\u00abLa provincia tiene ocho secciones; las realidades de los distritos del conurbano no son las mismas que las de los municipios que est\u00e1n en el interior, por eso estudiamos las distintas situaciones que atraviesan y coincidimos en la necesidad de tener protocolos consensuados de manera regional\u00bb, explic\u00f3 Men\u00e9ndez.<\/p>\n","protected":false},"excerpt":{"rendered":"<p>El PJ bonaerense hizo la primera reuni\u00f3n virtual de su Consejo Provincial partidario en la que, entre otros temas, se acord\u00f3 brindar un \u00abfuerte apoyo a la negociaci\u00f3n de la deuda\u00bb externa que lleva adelante el Gobierno nacional y promover \u00abprotocolos consensuados de manera regional\u00bb entre todos los municipios ante el coronavirus. \u00abDadas las circunstancias, [&hellip;]<\/p>\n","protected":false},"author":3,"featured_media":0,"comment_status":"closed","ping_status":"open","sticky":false,"template":"","format":"standard","meta":{"footnotes":""},"categories":[24],"tags":[],"class_list":["post-41737","post","type-post","status-publish","format-standard","hentry","category-politica"],"yoast_head":"<!-- This site is optimized with the Yoast SEO plugin v25.9 - https:\/\/yoast.com\/wordpress\/plugins\/seo\/ -->\n<title>El Consejo del PJ bonaerense dio su apoyo a la negociaci\u00f3n de Fern\u00e1ndez por la deuda externa - Noticias Radio Reflejos<\/title>\n<meta name=\"robots\" content=\"index, follow, max-snippet:-1, max-image-preview:large, max-video-preview:-1\" \/>\n<link rel=\"canonical\" href=\"https:\/\/www.noticiasradioreflejos.com.ar\/2021\/el-consejo-del-pj-bonaerense-dio-su-apoyo-a-la-negociacion-de-fernandez-por-la-deuda-externa\/\" \/>\n<meta property=\"og:locale\" content=\"es_ES\" \/>\n<meta property=\"og:type\" content=\"article\" \/>\n<meta property=\"og:title\" content=\"El Consejo del PJ bonaerense dio su apoyo a la negociaci\u00f3n de Fern\u00e1ndez por la deuda externa - Noticias Radio Reflejos\" \/>\n<meta property=\"og:description\" content=\"El PJ bonaerense hizo la primera reuni\u00f3n virtual de su Consejo Provincial partidario en la que, entre otros temas, se acord\u00f3 brindar un \u00abfuerte apoyo a la negociaci\u00f3n de la deuda\u00bb externa que lleva adelante el Gobierno nacional y promover \u00abprotocolos consensuados de manera regional\u00bb entre todos los municipios ante el coronavirus. \u00abDadas las circunstancias, [&hellip;]\" \/>\n<meta property=\"og:url\" content=\"https:\/\/www.noticiasradioreflejos.com.ar\/2021\/el-consejo-del-pj-bonaerense-dio-su-apoyo-a-la-negociacion-de-fernandez-por-la-deuda-externa\/\" \/>\n<meta property=\"og:site_name\" content=\"Noticias Radio Reflejos\" \/>\n<meta property=\"article:published_time\" content=\"2020-05-10T21:21:13+00:00\" \/>\n<meta property=\"og:image\" content=\"http:\/\/live.staticflickr.com\/65535\/49880613952_eb4145a42e.jpg\" \/>\n<meta name=\"author\" content=\"Arnaldo Botto\" \/>\n<meta name=\"twitter:card\" content=\"summary_large_image\" \/>\n<script type=\"application\/ld+json\" class=\"yoast-schema-graph\">{\"@context\":\"https:\/\/schema.org\",\"@graph\":[{\"@type\":\"WebPage\",\"@id\":\"https:\/\/www.noticiasradioreflejos.com.ar\/2021\/el-consejo-del-pj-bonaerense-dio-su-apoyo-a-la-negociacion-de-fernandez-por-la-deuda-externa\/\",\"url\":\"https:\/\/www.noticiasradioreflejos.com.ar\/2021\/el-consejo-del-pj-bonaerense-dio-su-apoyo-a-la-negociacion-de-fernandez-por-la-deuda-externa\/\",\"name\":\"El Consejo del PJ bonaerense dio su apoyo a la negociaci\u00f3n de Fern\u00e1ndez por la deuda externa - Noticias Radio Reflejos\",\"isPartOf\":{\"@id\":\"https:\/\/www.noticiasradioreflejos.com.ar\/2021\/#website\"},\"primaryImageOfPage\":{\"@id\":\"https:\/\/www.noticiasradioreflejos.com.ar\/2021\/el-consejo-del-pj-bonaerense-dio-su-apoyo-a-la-negociacion-de-fernandez-por-la-deuda-externa\/#primaryimage\"},\"image\":{\"@id\":\"https:\/\/www.noticiasradioreflejos.com.ar\/2021\/el-consejo-del-pj-bonaerense-dio-su-apoyo-a-la-negociacion-de-fernandez-por-la-deuda-externa\/#primaryimage\"},\"thumbnailUrl\":\"http:\/\/live.staticflickr.com\/65535\/49880613952_eb4145a42e.jpg\",\"datePublished\":\"2020-05-10T21:21:13+00:00\",\"author\":{\"@id\":\"https:\/\/www.noticiasradioreflejos.com.ar\/2021\/#\/schema\/person\/ad82545263dcc5ec0996818884fd5fb1\"},\"breadcrumb\":{\"@id\":\"https:\/\/www.noticiasradioreflejos.com.ar\/2021\/el-consejo-del-pj-bonaerense-dio-su-apoyo-a-la-negociacion-de-fernandez-por-la-deuda-externa\/#breadcrumb\"},\"inLanguage\":\"es\",\"potentialAction\":[{\"@type\":\"ReadAction\",\"target\":[\"https:\/\/www.noticiasradioreflejos.com.ar\/2021\/el-consejo-del-pj-bonaerense-dio-su-apoyo-a-la-negociacion-de-fernandez-por-la-deuda-externa\/\"]}]},{\"@type\":\"ImageObject\",\"inLanguage\":\"es\",\"@id\":\"https:\/\/www.noticiasradioreflejos.com.ar\/2021\/el-consejo-del-pj-bonaerense-dio-su-apoyo-a-la-negociacion-de-fernandez-por-la-deuda-externa\/#primaryimage\",\"url\":\"http:\/\/live.staticflickr.com\/65535\/49880613952_eb4145a42e.jpg\",\"contentUrl\":\"http:\/\/live.staticflickr.com\/65535\/49880613952_eb4145a42e.jpg\"},{\"@type\":\"BreadcrumbList\",\"@id\":\"https:\/\/www.noticiasradioreflejos.com.ar\/2021\/el-consejo-del-pj-bonaerense-dio-su-apoyo-a-la-negociacion-de-fernandez-por-la-deuda-externa\/#breadcrumb\",\"itemListElement\":[{\"@type\":\"ListItem\",\"position\":1,\"name\":\"Portada\",\"item\":\"https:\/\/www.noticiasradioreflejos.com.ar\/2021\/\"},{\"@type\":\"ListItem\",\"position\":2,\"name\":\"El Consejo del PJ bonaerense dio su apoyo a la negociaci\u00f3n de Fern\u00e1ndez por la deuda externa\"}]},{\"@type\":\"WebSite\",\"@id\":\"https:\/\/www.noticiasradioreflejos.com.ar\/2021\/#website\",\"url\":\"https:\/\/www.noticiasradioreflejos.com.ar\/2021\/\",\"name\":\"Noticias Radio Reflejos\",\"description\":\"Las noticias de mi comarca\",\"potentialAction\":[{\"@type\":\"SearchAction\",\"target\":{\"@type\":\"EntryPoint\",\"urlTemplate\":\"https:\/\/www.noticiasradioreflejos.com.ar\/2021\/?s={search_term_string}\"},\"query-input\":{\"@type\":\"PropertyValueSpecification\",\"valueRequired\":true,\"valueName\":\"search_term_string\"}}],\"inLanguage\":\"es\"},{\"@type\":\"Person\",\"@id\":\"https:\/\/www.noticiasradioreflejos.com.ar\/2021\/#\/schema\/person\/ad82545263dcc5ec0996818884fd5fb1\",\"name\":\"Arnaldo Botto\",\"image\":{\"@type\":\"ImageObject\",\"inLanguage\":\"es\",\"@id\":\"https:\/\/www.noticiasradioreflejos.com.ar\/2021\/#\/schema\/person\/image\/\",\"url\":\"https:\/\/secure.gravatar.com\/avatar\/55cb5e37c1efa326397366e6974cb338056df65cb50e7d64d1cf314e87504837?s=96&d=mm&r=g\",\"contentUrl\":\"https:\/\/secure.gravatar.com\/avatar\/55cb5e37c1efa326397366e6974cb338056df65cb50e7d64d1cf314e87504837?s=96&d=mm&r=g\",\"caption\":\"Arnaldo Botto\"},\"url\":\"https:\/\/www.noticiasradioreflejos.com.ar\/2021\/author\/arnaldo\/\"}]}<\/script>\n<!-- \/ Yoast SEO plugin. -->","yoast_head_json":{"title":"El Consejo del PJ bonaerense dio su apoyo a la negociaci\u00f3n de Fern\u00e1ndez por la deuda externa - Noticias Radio Reflejos","robots":{"index":"index","follow":"follow","max-snippet":"max-snippet:-1","max-image-preview":"max-image-preview:large","max-video-preview":"max-video-preview:-1"},"canonical":"https:\/\/www.noticiasradioreflejos.com.ar\/2021\/el-consejo-del-pj-bonaerense-dio-su-apoyo-a-la-negociacion-de-fernandez-por-la-deuda-externa\/","og_locale":"es_ES","og_type":"article","og_title":"El Consejo del PJ bonaerense dio su apoyo a la negociaci\u00f3n de Fern\u00e1ndez por la deuda externa - Noticias Radio Reflejos","og_description":"El PJ bonaerense hizo la primera reuni\u00f3n virtual de su Consejo Provincial partidario en la que, entre otros temas, se acord\u00f3 brindar un \u00abfuerte apoyo a la negociaci\u00f3n de la deuda\u00bb externa que lleva adelante el Gobierno nacional y promover \u00abprotocolos consensuados de manera regional\u00bb entre todos los municipios ante el coronavirus. \u00abDadas las circunstancias, [&hellip;]","og_url":"https:\/\/www.noticiasradioreflejos.com.ar\/2021\/el-consejo-del-pj-bonaerense-dio-su-apoyo-a-la-negociacion-de-fernandez-por-la-deuda-externa\/","og_site_name":"Noticias Radio Reflejos","article_published_time":"2020-05-10T21:21:13+00:00","og_image":[{"url":"http:\/\/live.staticflickr.com\/65535\/49880613952_eb4145a42e.jpg","type":"","width":"","height":""}],"author":"Arnaldo Botto","twitter_card":"summary_large_image","schema":{"@context":"https:\/\/schema.org","@graph":[{"@type":"WebPage","@id":"https:\/\/www.noticiasradioreflejos.com.ar\/2021\/el-consejo-del-pj-bonaerense-dio-su-apoyo-a-la-negociacion-de-fernandez-por-la-deuda-externa\/","url":"https:\/\/www.noticiasradioreflejos.com.ar\/2021\/el-consejo-del-pj-bonaerense-dio-su-apoyo-a-la-negociacion-de-fernandez-por-la-deuda-externa\/","name":"El Consejo del PJ bonaerense dio su apoyo a la negociaci\u00f3n de Fern\u00e1ndez por la deuda externa - Noticias Radio Reflejos","isPartOf":{"@id":"https:\/\/www.noticiasradioreflejos.com.ar\/2021\/#website"},"primaryImageOfPage":{"@id":"https:\/\/www.noticiasradioreflejos.com.ar\/2021\/el-consejo-del-pj-bonaerense-dio-su-apoyo-a-la-negociacion-de-fernandez-por-la-deuda-externa\/#primaryimage"},"image":{"@id":"https:\/\/www.noticiasradioreflejos.com.ar\/2021\/el-consejo-del-pj-bonaerense-dio-su-apoyo-a-la-negociacion-de-fernandez-por-la-deuda-externa\/#primaryimage"},"thumbnailUrl":"http:\/\/live.staticflickr.com\/65535\/49880613952_eb4145a42e.jpg","datePublished":"2020-05-10T21:21:13+00:00","author":{"@id":"https:\/\/www.noticiasradioreflejos.com.ar\/2021\/#\/schema\/person\/ad82545263dcc5ec0996818884fd5fb1"},"breadcrumb":{"@id":"https:\/\/www.noticiasradioreflejos.com.ar\/2021\/el-consejo-del-pj-bonaerense-dio-su-apoyo-a-la-negociacion-de-fernandez-por-la-deuda-externa\/#breadcrumb"},"inLanguage":"es","potentialAction":[{"@type":"ReadAction","target":["https:\/\/www.noticiasradioreflejos.com.ar\/2021\/el-consejo-del-pj-bonaerense-dio-su-apoyo-a-la-negociacion-de-fernandez-por-la-deuda-externa\/"]}]},{"@type":"ImageObject","inLanguage":"es","@id":"https:\/\/www.noticiasradioreflejos.com.ar\/2021\/el-consejo-del-pj-bonaerense-dio-su-apoyo-a-la-negociacion-de-fernandez-por-la-deuda-externa\/#primaryimage","url":"http:\/\/live.staticflickr.com\/65535\/49880613952_eb4145a42e.jpg","contentUrl":"http:\/\/live.staticflickr.com\/65535\/49880613952_eb4145a42e.jpg"},{"@type":"BreadcrumbList","@id":"https:\/\/www.noticiasradioreflejos.com.ar\/2021\/el-consejo-del-pj-bonaerense-dio-su-apoyo-a-la-negociacion-de-fernandez-por-la-deuda-externa\/#breadcrumb","itemListElement":[{"@type":"ListItem","position":1,"name":"Portada","item":"https:\/\/www.noticiasradioreflejos.com.ar\/2021\/"},{"@type":"ListItem","position":2,"name":"El Consejo del PJ bonaerense dio su apoyo a la negociaci\u00f3n de Fern\u00e1ndez por la deuda externa"}]},{"@type":"WebSite","@id":"https:\/\/www.noticiasradioreflejos.com.ar\/2021\/#website","url":"https:\/\/www.noticiasradioreflejos.com.ar\/2021\/","name":"Noticias Radio Reflejos","description":"Las noticias de mi comarca","potentialAction":[{"@type":"SearchAction","target":{"@type":"EntryPoint","urlTemplate":"https:\/\/www.noticiasradioreflejos.com.ar\/2021\/?s={search_term_string}"},"query-input":{"@type":"PropertyValueSpecification","valueRequired":true,"valueName":"search_term_string"}}],"inLanguage":"es"},{"@type":"Person","@id":"https:\/\/www.noticiasradioreflejos.com.ar\/2021\/#\/schema\/person\/ad82545263dcc5ec0996818884fd5fb1","name":"Arnaldo Botto","image":{"@type":"ImageObject","inLanguage":"es","@id":"https:\/\/www.noticiasradioreflejos.com.ar\/2021\/#\/schema\/person\/image\/","url":"https:\/\/secure.gravatar.com\/avatar\/55cb5e37c1efa326397366e6974cb338056df65cb50e7d64d1cf314e87504837?s=96&d=mm&r=g","contentUrl":"https:\/\/secure.gravatar.com\/avatar\/55cb5e37c1efa326397366e6974cb338056df65cb50e7d64d1cf314e87504837?s=96&d=mm&r=g","caption":"Arnaldo Botto"},"url":"https:\/\/www.noticiasradioreflejos.com.ar\/2021\/author\/arnaldo\/"}]}},"_links":{"self":[{"href":"https:\/\/www.noticiasradioreflejos.com.ar\/2021\/wp-json\/wp\/v2\/posts\/41737","targetHints":{"allow":["GET"]}}],"collection":[{"href":"https:\/\/www.noticiasradioreflejos.com.ar\/2021\/wp-json\/wp\/v2\/posts"}],"about":[{"href":"https:\/\/www.noticiasradioreflejos.com.ar\/2021\/wp-json\/wp\/v2\/types\/post"}],"author":[{"embeddable":true,"href":"https:\/\/www.noticiasradioreflejos.com.ar\/2021\/wp-json\/wp\/v2\/users\/3"}],"replies":[{"embeddable":true,"href":"https:\/\/www.noticiasradioreflejos.com.ar\/2021\/wp-json\/wp\/v2\/comments?post=41737"}],"version-history":[{"count":0,"href":"https:\/\/www.noticiasradioreflejos.com.ar\/2021\/wp-json\/wp\/v2\/posts\/41737\/revisions"}],"wp:attachment":[{"href":"https:\/\/www.noticiasradioreflejos.com.ar\/2021\/wp-json\/wp\/v2\/media?parent=41737"}],"wp:term":[{"taxonomy":"category","embeddable":true,"href":"https:\/\/www.noticiasradioreflejos.com.ar\/2021\/wp-json\/wp\/v2\/categories?post=41737"},{"taxonomy":"post_tag","embeddable":true,"href":"https:\/\/www.noticiasradioreflejos.com.ar\/2021\/wp-json\/wp\/v2\/tags?post=41737"}],"curies":[{"name":"wp","href":"https:\/\/api.w.org\/{rel}","templated":true}]}}