{"id":41733,"date":"2020-05-10T13:05:55","date_gmt":"2020-05-10T16:05:55","guid":{"rendered":"http:\/\/www.noticiasradioreflejos.com.ar\/noticias\/?p=41733"},"modified":"2020-05-10T13:05:55","modified_gmt":"2020-05-10T16:05:55","slug":"la-vida-despues-del-coronavirus-cuando-como-y-a-donde-vamos-a-poder-viajar-los-argentinos","status":"publish","type":"post","link":"https:\/\/www.noticiasradioreflejos.com.ar\/2021\/la-vida-despues-del-coronavirus-cuando-como-y-a-donde-vamos-a-poder-viajar-los-argentinos\/","title":{"rendered":"La vida despu\u00e9s del coronavirus: cu\u00e1ndo, c\u00f3mo y a d\u00f3nde vamos a poder viajar los argentinos"},"content":{"rendered":"<p>La pandemia de COVID-19 ha llevado a todos los destinos del mundo a introducir restricciones a los viajes. Sin embargo, ante la reducci\u00f3n de las tasas de infecciones y el miedo a una crisis econ\u00f3mica varios pa\u00edses consideran levantar los bloqueos. Las proyecciones y los principales cambios que prev\u00e9n los especialistas.<!--more--><\/p>\n<div id=\"cMa4O41ozasrWr\" class=\"col-md-8 col-sm-12 col-xs-12 pb-layout-item pb-chain pb-c-list-chain left-align\">\n<div id=\"fI0pw92ozasrWr\" class=\"wrapper clearfix full pb-feature pb-layout-item pb-f-article-big-button-share no-align\">\n<div class=\"social-tools-wrapper-bottom \">\n<div class=\"clear\"><\/div>\n<\/div>\n<\/div>\n<div id=\"f08la42ozasrWr\" class=\"wrapper clearfix full pb-feature pb-layout-item pb-f-article-body no-align\">\n<div id=\"article-body\" class=\"article-body article-body-elements\">\n<div id=\"article-content\">\n<div class=\"row pb-content-type-image\">\n<figure class=\"element element-image col-xs-12\">\n<div class=\"single-image\">\n<div class=\"shares\"><\/div>\n<p><img decoding=\"async\" id=\"E4L6VPGVNPUEWCG6SMLTFEKNNM\" class=\"image-lazy\" src=\"https:\/\/www.infobae.com\/new-resizer\/vnk_QgLaWNkgDXA4SAQbD_Yh13M=\/750x0\/filters:quality(100)\/arc-anglerfish-arc2-prod-infobae.s3.amazonaws.com\/public\/E4L6VPGVNPUEWCG6SMLTFEKNNM.jpg\" alt=\"En todo el mundo, los cierres y cancelaciones se han convertido en un hecho cotidiano y a medida que el brote contin\u00faa afectando fuertemente a los mercados burs\u00e1tiles, la industria de viajes est\u00e1 sufriendo su peor crisis en m\u00e1s de 18 a\u00f1os (REUTERS)\" width=\"750\" height=\"463.2063074901445\" data-url=\"https:\/\/www.infobae.com\/coronavirus\/2020\/05\/10\/la-vida-despues-del-coronavirus-cuando-como-y-a-donde-vamos-a-poder-viajar-los-argentinos\/%23E4L6VPGVNPUEWCG6SMLTFEKNNM\" data-original=\"https:\/\/www.infobae.com\/new-resizer\/vnk_QgLaWNkgDXA4SAQbD_Yh13M=\/750x0\/filters:quality(100)\/arc-anglerfish-arc2-prod-infobae.s3.amazonaws.com\/public\/E4L6VPGVNPUEWCG6SMLTFEKNNM.jpg\" \/><\/p>\n<\/div><figcaption class=\"\"><span class=\"credit\">En todo el mundo, los cierres y cancelaciones se han convertido en un hecho cotidiano y a medida que el brote contin\u00faa afectando fuertemente a los mercados burs\u00e1tiles, la industria de viajes est\u00e1 sufriendo su peor crisis en m\u00e1s de 18 a\u00f1os (REUTERS)<\/span><\/figcaption><\/figure>\n<\/div>\n<div class=\"row pb-content-type-text\">\n<div class=\"col-xs-12 col-print-12\">\n<p class=\"element element-paragraph\">La\u00a0<b>pandemia de COVID-19<\/b>\u00a0ha llevado a\u00a0<b>todos los destinos del mundo<\/b>\u00a0a introducir restricciones a los viajes, seg\u00fan muestra\u00a0<a href=\"https:\/\/www.unwto.org\/es\/news\/covid-19-restricciones-viajes\" target=\"_blank\" rel=\"noopener\">un estudio<\/a>\u00a0llevado a cabo por la Organizaci\u00f3n Mundial del Turismo (OMT). Se trata de<b>\u00a0las restricciones m\u00e1s rigurosas sobre los viajes internacionales de la historia<\/b>\u00a0y a medida que el brote contin\u00faa afectando fuertemente a los mercados burs\u00e1tiles, la industria de viajes est\u00e1 sufriendo su peor crisis en m\u00e1s de 18 a\u00f1os.<\/p>\n<\/div>\n<\/div>\n<div class=\"row pb-content-type-text\">\n<div class=\"col-xs-12 col-print-12\">\n<p class=\"element element-paragraph\">El\u00a0<b>sector tur\u00edstico,\u00a0<\/b>m\u00e1s que ninguna otra actividad econ\u00f3mica con impacto social, se basa en la\u00a0<b>interacci\u00f3n entre las personas.\u00a0<\/b>Es por eso que actualmente\u00a0<b>es uno de los sectores m\u00e1s afectados,<\/b>\u00a0con repercusiones tanto en la oferta como en la demanda de viajes. La situaci\u00f3n plantea un riesgo negativo adicional en un contexto de debilidad de la econom\u00eda mundial, tensiones geopol\u00edticas, sociales y comerciales, as\u00ed como un comportamiento desigual de los principales mercados emisores de viajes.<\/p>\n<\/div>\n<\/div>\n<div class=\"row pb-content-type-text\">\n<div class=\"col-xs-12 col-print-12\">\n<p class=\"element element-paragraph\">Dando continuidad a investigaciones previas, los \u00faltimos datos del organismo especializado de las Naciones Unidas para el turismo muestran que<b>\u00a0el 100% de los destinos ha impuesto ya restricciones, de los cuales un 83% lleva aplicando las restricciones vinculadas a la COVID-19\u00a0<\/b>desde hace\u00a0<b>cuatro semanas o m\u00e1s.<\/b><\/p>\n<\/div>\n<\/div>\n<div class=\"row pb-content-type-text\">\n<div class=\"col-xs-12 col-print-12\">\n<p class=\"element element-paragraph\">Sin embargo, varios pa\u00edses, desde Italia hasta Nueva Zelanda<b>, consideran la reducci\u00f3n de los bloqueos por coronavirus ante la reducci\u00f3n de las tasas de infecciones y el miedo a una crisis econ\u00f3mica.\u00a0<\/b>Y si bien es cierto que hay cuestiones m\u00e1s urgentes para resolver como\u00a0<b>cu\u00e1ndo saldremos de la<\/b>\u00a0<b>cuarentena<\/b>\u00a0o cu\u00e1ndo habr\u00e1 un medicamento o una vacuna para combatir el virus, las personas no pueden evitar preguntarse cu\u00e1ndo van a poder viajar para planificar sus pr\u00f3ximas vacaciones.<\/p>\n<\/div>\n<\/div>\n<div class=\"row pb-content-type-text\">\n<div id=\"\" class=\"wrapper clearfix pb-feature pb-layout-item pb-f-ads-dfp left-align\"><\/div>\n<div class=\"col-xs-12 col-print-12\">\n<p class=\"element element-paragraph\">\u201cNo pierdo las esperanzas de que\u00a0<b>en vacaciones de invierno<\/b>\u00a0<b>podamos empezar a viajar.<\/b>\u00a0S\u00e9 que son esperanzas casi infundadas, pero no quiero abandonar esa idea. Argentina es un pa\u00eds con tantos atractivos tur\u00edsticos que tenemos la posibilidad de evitar las grandes concentraciones de turistas si nos repartimos por la enorme cantidad de opciones. Ojal\u00e1 podamos llegar a esa fecha con la libertad de viajar y circular normalmente\u201d, asegur\u00f3 en di\u00e1logo con este medio\u00a0<b>Aldo El\u00edas,\u00a0<\/b>presidente de la C\u00e1mara Argentina de Turismo.<\/p>\n<\/div>\n<\/div>\n<div class=\"row pb-content-type-image\">\n<figure class=\"element element-image col-xs-12\">\n<div class=\"single-image\">\n<div class=\"shares\"><\/div>\n<p><img decoding=\"async\" id=\"CAX2FO4BN7CB7OVL52NOZU4EVE\" class=\"image-lazy\" src=\"https:\/\/www.infobae.com\/new-resizer\/mC_8RtRxqFlM041tq1ajvNo6ETw=\/750x0\/filters:quality(100)\/arc-anglerfish-arc2-prod-infobae.s3.amazonaws.com\/public\/CAX2FO4BN7CB7OVL52NOZU4EVE.jpg\" alt=\"El transporte a\u00e9reo comercial se encuentra paralizado en la Argentina desde fines de marzo por las restricciones impuestas por el Gobierno nacional y s\u00f3lo se permiten vuelos sanitarios, para la repatriaci\u00f3n de ciudadanos y aquellos exceptuados por las autoridades (REUTERS)\" width=\"750\" height=\"484.94037828947364\" data-url=\"https:\/\/www.infobae.com\/coronavirus\/2020\/05\/10\/la-vida-despues-del-coronavirus-cuando-como-y-a-donde-vamos-a-poder-viajar-los-argentinos\/%23CAX2FO4BN7CB7OVL52NOZU4EVE\" data-original=\"https:\/\/www.infobae.com\/new-resizer\/mC_8RtRxqFlM041tq1ajvNo6ETw=\/750x0\/filters:quality(100)\/arc-anglerfish-arc2-prod-infobae.s3.amazonaws.com\/public\/CAX2FO4BN7CB7OVL52NOZU4EVE.jpg\" \/><\/p>\n<\/div><figcaption class=\"\"><span class=\"credit\">El transporte a\u00e9reo comercial se encuentra paralizado en la Argentina desde fines de marzo por las restricciones impuestas por el Gobierno nacional y s\u00f3lo se permiten vuelos sanitarios, para la repatriaci\u00f3n de ciudadanos y aquellos exceptuados por las autoridades (REUTERS)<\/span><\/figcaption><\/figure>\n<\/div>\n<div class=\"row pb-content-type-text\">\n<div class=\"col-xs-12 col-print-12\">\n<p class=\"element element-paragraph\">El Gobierno argentino\u00a0<b>extendi\u00f3 la prohibici\u00f3n de vuelos comerciales dom\u00e9sticos o internacionales desde el territorio nacional,<\/b>\u00a0<b>as\u00ed como la venta de tickets a\u00e9reos hasta el 1 de septiembre,\u00a0<\/b>fecha a partir de la que cual las compa\u00f1\u00edas a\u00e9reas podr\u00e1n regularizar su operaci\u00f3n.<\/p>\n<\/div>\n<\/div>\n<div class=\"row pb-content-type-text\">\n<div class=\"col-xs-12 col-print-12\">\n<p class=\"element element-paragraph\">La resoluci\u00f3n de la\u00a0<b>Administraci\u00f3n Nacional de Aviaci\u00f3n Civil\u00a0<\/b>(ANAC) publicada en el Bolet\u00edn Oficial establece que\u00a0<mark class=\"hl_yellow\">\u201clas l\u00edneas a\u00e9reas que operan servicios de transporte a\u00e9reo de pasajeros desde, hacia o dentro del territorio nacional\u00a0<b>podr\u00e1n reprogramar sus operaciones regulares o solicitar autorizaciones para operaciones no regulares a partir del 1 de septiembre de 2020\u201d.<\/b><\/mark><\/p>\n<\/div>\n<\/div>\n<div class=\"row pb-content-type-text\">\n<div class=\"col-xs-12 col-print-12\">\n<p class=\"element element-paragraph\">La entidad oficial autoriza asimismo a las aerol\u00edneas a comercializar pasajes a\u00e9reos con fecha de inicio de operaciones en septiembre. La ANAC advierte sin embargo que la reprogramaci\u00f3n de operaciones estar\u00e1 supeditada al \u201cefectivo levantamiento de las restricciones impuestas al transporte aerocomercial y a las modalidades de operaci\u00f3n que oportunamente se pudieren establecer en funci\u00f3n de la salida ordenada de la emergencia generada por el nuevo coronavirus COVID-19\u201d.<\/p>\n<\/div>\n<\/div>\n<div class=\"row pb-content-type-text\">\n<div class=\"col-xs-12 col-print-12\">\n<p class=\"element element-paragraph\">\u201cSi bien todos estamos muy ansiosos por el retorno de la actividad tur\u00edstica -que es una de las principales fuentes de ingresos tanto para las provincias como para el pa\u00eds y que genera m\u00e1s de un mill\u00f3n de puestos de trabajo-\u00a0<b>debemos ser responsables y esperar a que se den las condiciones sanitarias, autorizados por el Estado Nacional, siguiendo las recomendaciones del Ministerio de Salud de la Naci\u00f3n\u201d,\u00a0<\/b>explicaron en di\u00e1logo con este medio desde el\u00a0<b>Ministerio de Turismo de la Naci\u00f3n.<\/b><\/p>\n<\/div>\n<\/div>\n<div class=\"row pb-content-type-text\">\n<div class=\"col-xs-12 col-print-12\">\n<p class=\"element element-paragraph\">Y continuaron: \u201cSabemos que la actividad \u00e1rea comercial estar\u00e1 habilitada a partir del 1 de septiembre y presuponemos que el transporte terrestre retornar\u00e1 antes, por lo que<b>\u00a0ya estamos estamos trabajando en protocolos sanitarios para que el regreso de la actividad sea segura para todos\u201d.<\/b><\/p>\n<\/div>\n<\/div>\n<div class=\"row pb-content-type-image\">\n<figure class=\"element element-image col-xs-12\">\n<div class=\"single-image\">\n<div class=\"shares\"><\/div>\n<p><img decoding=\"async\" id=\"CS5FOQA2DOV5ZX5C5BXZDFTC3I\" class=\"image-lazy\" src=\"https:\/\/www.infobae.com\/new-resizer\/9XEJo3ROvDYPMXtvBcDAVox_oYg=\/750x0\/filters:quality(100)\/arc-anglerfish-arc2-prod-infobae.s3.amazonaws.com\/public\/CS5FOQA2DOV5ZX5C5BXZDFTC3I.jpg\" alt=\"Antes de que los viajeros regresen al cielo, al mar y a los hoteles, el Estado debe levantar las restricciones de viaje (REUTERS)\" width=\"750\" height=\"426.11393119007334\" data-url=\"https:\/\/www.infobae.com\/coronavirus\/2020\/05\/10\/la-vida-despues-del-coronavirus-cuando-como-y-a-donde-vamos-a-poder-viajar-los-argentinos\/%23CS5FOQA2DOV5ZX5C5BXZDFTC3I\" data-original=\"https:\/\/www.infobae.com\/new-resizer\/9XEJo3ROvDYPMXtvBcDAVox_oYg=\/750x0\/filters:quality(100)\/arc-anglerfish-arc2-prod-infobae.s3.amazonaws.com\/public\/CS5FOQA2DOV5ZX5C5BXZDFTC3I.jpg\" \/><\/p>\n<\/div><figcaption class=\"\"><span class=\"credit\">Antes de que los viajeros regresen al cielo, al mar y a los hoteles, el Estado debe levantar las restricciones de viaje (REUTERS)<\/span><\/figcaption><\/figure>\n<\/div>\n<div class=\"row pb-content-type-text\">\n<div class=\"col-xs-12 col-print-12\">\n<p class=\"element element-paragraph\"><b>Dos cosas que deben suceder antes de que los viajeros regresen al cielo, al mar y a los hoteles:<\/b><\/p>\n<\/div>\n<\/div>\n<div class=\"row pb-content-type-list\">\n<div class=\"col-xs-12\">\n<ul class=\"element-ul\">\n<li><b>El Estado debe levantar las restricciones.<\/b>\u00a0A principio de marzo, el gobierno emiti\u00f3 una\u00a0<a href=\"https:\/\/www.infobae.com\/coronavirus\/2020\/03\/12\/el-gobierno-suspendio-por-30-dias-todos-los-vuelos-internacionales-provenientes-de-zonas-afectadas-por-el-coronavirus\/\" target=\"_blank\" rel=\"noopener\">advertencia para evitar todos<\/a><a href=\"https:\/\/www.infobae.com\/coronavirus\/2020\/03\/12\/el-gobierno-suspendio-por-30-dias-todos-los-vuelos-internacionales-provenientes-de-zonas-afectadas-por-el-coronavirus\/\" target=\"_blank\" rel=\"noopener\">\u00a0los vuelos internacionales provenientes de zonas afectadas por el coronavirus<\/a>. Ahora,\u00a0<b>la Argentina proh\u00edbe todos los vuelos comerciales hasta el 1 de septiembre.<\/b>\u00a0Tendr\u00e1 que rescindir la advertencia para que los viajeros se sientan c\u00f3modos reservando cualquier tipo de viaje nuevamente.<\/li>\n<li><b>La Organizaci\u00f3n Mundial de la Salud debe dar el visto bueno a los viajes.<\/b>\u00a0El significado de las\u00a0<a href=\"https:\/\/www.who.int\/emergencies\/diseases\/novel-coronavirus-2019\/travel-advice\">advertencias altamente t\u00e9cnicas<\/a>\u00a0de la\u00a0<a href=\"https:\/\/www.who.int\/emergencies\/diseases\/novel-coronavirus-2019\/travel-advice\">OMS es claro<\/a>: qu\u00e9dense en casa. Recientemente la\u00a0<b>OMT<\/b>\u00a0difundi\u00f3 su nuevo lema\u00a0<b>#ViajaMa\u00f1ana<\/b>\u00a0que apunta a la importancia de quedarse en casa hoy para viajar despu\u00e9s.<\/li>\n<\/ul>\n<\/div>\n<\/div>\n<div class=\"row pb-content-type-text\">\n<div class=\"col-xs-12 col-print-12\">\n<p class=\"element element-paragraph\"><b>Otras se\u00f1ales de que es seguro viajar<\/b><\/p>\n<\/div>\n<\/div>\n<div class=\"row pb-content-type-text\">\n<div class=\"col-xs-12 col-print-12\">\n<p class=\"element element-paragraph\"><b>Cuando las escuelas y negocios reabran.<\/b>\u00a0Cuando se reanuden las clases y las personas puedan volver a sentarte en los restaurantes, las cosas estar\u00e1n volviendo a la normalidad y podr\u00eda ser seguro viajar. China ya lo hizo e Italia tiene programado reabrir sus instituciones a principios de abril.<\/p>\n<\/div>\n<\/div>\n<div class=\"row pb-content-type-text\">\n<div class=\"col-xs-12 col-print-12\">\n<p class=\"element element-paragraph\"><b>Cuando los agente de viajes efect\u00faen reservas de viaje.<\/b>\u00a0Los asesores de viajes har\u00e1n casi cualquier cosa por sus clientes, pero m\u00e1s que nada desean que vuelvan a casa con vida. La salud y seguridad de sus clientes es su mayor preocupaci\u00f3n.<\/p>\n<\/div>\n<\/div>\n<div class=\"row pb-content-type-text\">\n<div class=\"col-xs-12 col-print-12\">\n<p class=\"element element-paragraph\"><b>Cuando puedas comprar un seguro de viaje.<\/b>\u00a0Muchas compa\u00f1\u00edas de seguros de viaje dejaron de vender p\u00f3lizas despu\u00e9s del brote. Algunos agregaron nuevas restricciones, especialmente en las pol\u00edticas de \u201ccancelaci\u00f3n por cualquier motivo\u201d.<\/p>\n<\/div>\n<\/div>\n<div class=\"row pb-content-type-text\">\n<div class=\"col-xs-12 col-print-12\">\n<p class=\"element element-paragraph\"><b>\u00bfCu\u00e1ndo suceder\u00e1 todo eso?<\/b>\u00a0Al menos<b>\u00a0dentro de tres meses,<\/b>\u00a0seg\u00fan los modelos predictivos desarrollados por el equipo de evaluaci\u00f3n de riesgos de viaje de\u00a0<a href=\"https:\/\/www.g1g.com\/\">G1G.com<\/a>, una compa\u00f1\u00eda de tecnolog\u00eda de seguros con sede en San Jos\u00e9, California.<\/p>\n<\/div>\n<\/div>\n<div class=\"row pb-content-type-text\">\n<div class=\"col-xs-12 col-print-12\">\n<p class=\"element element-paragraph\"><mark class=\"hl_orange\"><b>\u00bfC\u00f3mo ser\u00e1n nuestras vacaciones en el futuro? Vamos a viajar menos, pero mejor<\/b><\/mark><\/p>\n<\/div>\n<\/div>\n<div class=\"row pb-content-type-image\">\n<figure class=\"element element-image col-xs-12\">\n<div class=\"single-image\">\n<div class=\"shares\"><\/div>\n<p><img decoding=\"async\" id=\"I3FMEU7F4JEIDL6VTKDNOBPJQM\" class=\"image-lazy\" src=\"https:\/\/www.infobae.com\/new-resizer\/pI6edY2VM7zqCsBkQZeoO_cr1QU=\/750x0\/filters:quality(100)\/arc-anglerfish-arc2-prod-infobae.s3.amazonaws.com\/public\/I3FMEU7F4JEIDL6VTKDNOBPJQM.jpg\" alt=\"Es posible que al principio no queramos alejarnos tanto de casa, minimizando la cantidad de tiempo que pasamos en aeropuertos o aviones (Shutterstock)\" width=\"750\" height=\"421.875\" data-url=\"https:\/\/www.infobae.com\/coronavirus\/2020\/05\/10\/la-vida-despues-del-coronavirus-cuando-como-y-a-donde-vamos-a-poder-viajar-los-argentinos\/%23I3FMEU7F4JEIDL6VTKDNOBPJQM\" data-original=\"https:\/\/www.infobae.com\/new-resizer\/pI6edY2VM7zqCsBkQZeoO_cr1QU=\/750x0\/filters:quality(100)\/arc-anglerfish-arc2-prod-infobae.s3.amazonaws.com\/public\/I3FMEU7F4JEIDL6VTKDNOBPJQM.jpg\" \/><\/p>\n<\/div><figcaption class=\"\"><span class=\"credit\">Es posible que al principio no queramos alejarnos tanto de casa, minimizando la cantidad de tiempo que pasamos en aeropuertos o aviones (Shutterstock)<\/span><\/figcaption><\/figure>\n<\/div>\n<div class=\"row pb-content-type-text\">\n<div class=\"col-xs-12 col-print-12\">\n<p class=\"element element-paragraph\">Por ahora, nos quedamos en casa. Pero<b>\u00a0volveremos a viajar<\/b>. Y, cuando lo hagamos, lo haremos de manera\u00a0<b>m\u00e1s consciente, m\u00e1s sostenible y con un mayor sentido de la solidaridad que nunca.\u00a0<\/b>A medida que salimos de este letargo,\u00a0<b>ansiaremos experiencias que mejoren la salud, inmersiones restauradoras en la naturaleza, ejercicios de elevaci\u00f3n del esp\u00edritu al aire libre y escapadas seguras para pasar un tiempo de calidad con nuestros seres m\u00e1s cercanos y queridos.<\/b><\/p>\n<\/div>\n<\/div>\n<div class=\"row pb-content-type-text\">\n<div class=\"col-xs-12 col-print-12\">\n<p class=\"element element-paragraph\">Tendremos que hacer la transici\u00f3n para aventurarnos de nuevo en el mundo en general a un ritmo nuevo y m\u00e1s lento. Pero\u00a0<b>es posible que al principio no queramos alejarnos tanto de casa,<\/b>\u00a0minimizando la cantidad de tiempo que pasamos en aeropuertos o aviones.<\/p>\n<\/div>\n<\/div>\n<div class=\"row pb-content-type-text\">\n<div class=\"col-xs-12 col-print-12\">\n<p class=\"element element-paragraph\">\u201cEs un gran signo de pregunta, porque en gran medida\u00a0<b>va a depender del remedio para este virus.<\/b>\u00a0Si el remedio pasa por una vacuna, no va a haber grandes cambios, pero si por el contrario la cura llega a trav\u00e9s de un tratamiento, seguramente esto traiga<b>\u00a0un retraimiento de los viajes grupales y un crecimiento de los viajes individuales\u201d,\u00a0<\/b>indic\u00f3 el presidente de la\u00a0<b>CAT.<\/b><\/p>\n<\/div>\n<\/div>\n<div class=\"row pb-content-type-text\">\n<div class=\"col-xs-12 col-print-12\">\n<p class=\"element element-paragraph\">Para\u00a0<b>Bryan Dove,<\/b>\u00a0CEO de Skyscanner, en poco tiempo el nuevo coronavirus ha cambiado nuestras vidas. \u00abEsperamos que las pr\u00f3ximas semanas sean a\u00fan m\u00e1s dif\u00edciles, pero creo que hay un caso de esperanza y optimismo sobre lo que est\u00e1 del otro lado. Exploraremos el mundo nuevamente. Y cuando lo hagamos,\u00a0<b>atesoraremos los recuerdos y las experiencias compartidas m\u00e1s que nunca\u201d,\u00a0<\/b>asegur\u00f3.<\/p>\n<\/div>\n<\/div>\n<div class=\"row pb-content-type-text\">\n<div class=\"col-xs-12 col-print-12\">\n<p class=\"element element-paragraph\"><mark class=\"hl_orange\"><b>Destinos naciones vs. internacionales<\/b><\/mark><\/p>\n<\/div>\n<\/div>\n<div class=\"row pb-content-type-image\">\n<figure class=\"element element-image col-xs-12\">\n<div class=\"single-image\">\n<div class=\"shares\"><\/div>\n<p><img decoding=\"async\" id=\"4YW3AHNY3BGMTMQBD3NYA6R25M\" class=\"image-lazy\" src=\"https:\/\/www.infobae.com\/new-resizer\/Ua9kdvWGNnFg7rBy-VgwTBv0prU=\/750x0\/filters:quality(100)\/arc-anglerfish-arc2-prod-infobae.s3.amazonaws.com\/public\/4YW3AHNY3BGMTMQBD3NYA6R25M.jpg\" alt=\"Sobre los viajes internacionales, la compa\u00f1\u00eda Viajala realiz\u00f3 una encuesta entre sus usuarios de la Argentina y casi la mitad de ellos asegur\u00f3 que \u201cno tiene idea de cu\u00e1ndo volver\u00e1n a viajar\u201d (REUTERS)\" width=\"750\" height=\"381.0\" data-url=\"https:\/\/www.infobae.com\/coronavirus\/2020\/05\/10\/la-vida-despues-del-coronavirus-cuando-como-y-a-donde-vamos-a-poder-viajar-los-argentinos\/%234YW3AHNY3BGMTMQBD3NYA6R25M\" data-original=\"https:\/\/www.infobae.com\/new-resizer\/Ua9kdvWGNnFg7rBy-VgwTBv0prU=\/750x0\/filters:quality(100)\/arc-anglerfish-arc2-prod-infobae.s3.amazonaws.com\/public\/4YW3AHNY3BGMTMQBD3NYA6R25M.jpg\" \/><\/p>\n<\/div><figcaption class=\"\"><span class=\"credit\">Sobre los viajes internacionales, la compa\u00f1\u00eda Viajala realiz\u00f3 una encuesta entre sus usuarios de la Argentina y casi la mitad de ellos asegur\u00f3 que \u201cno tiene idea de cu\u00e1ndo volver\u00e1n a viajar\u201d (REUTERS)<\/span><\/figcaption><\/figure>\n<\/div>\n<div class=\"row pb-content-type-text\">\n<div class=\"col-xs-12 col-print-12\">\n<p class=\"element element-paragraph\">\u201cNo cabe duda de que el mundo cambi\u00f3 con esta pandemia, y c\u00f3mo viajamos es una de las realidades que sufrir\u00e1n transformaciones. Los viajes que primero se reactivar\u00e1n ser\u00e1n los destinos cercanos, en primer lugar porque<b>\u00a0la coyuntura econ\u00f3mica dictar\u00e1 presupuestos m\u00e1s acotados\u00a0<\/b>en el corto plazo; luego, porque\u00a0<b>el turismo internacional tardar\u00e1 m\u00e1s en normalizarse<\/b>\u00a0ya que seguramente las fronteras se abrir\u00e1n progresivamente de forma distinta, seg\u00fan la situaci\u00f3n de cada pa\u00eds; y en tercer lugar, porque la gente optar\u00e1 por destinos donde tiene mayor conocimiento de la situaci\u00f3n sanitaria\u201d, explic\u00f3 consultado por\u00a0<b>Infobae<\/b>\u00a0<b>Mariano Rocatti,\u00a0<\/b>gerente general de Despegar para Argentina y Uruguay.<\/p>\n<\/div>\n<\/div>\n<div class=\"row pb-content-type-text\">\n<div class=\"col-xs-12 col-print-12\">\n<p class=\"element element-paragraph\"><b>El\u00edas<\/b>\u00a0afirm\u00f3 que \u201c<b>el eje de la recuperaci\u00f3n de la actividad tur\u00edstica sin dudas va a ser la proximidad,<\/b>\u00a0entonces<b>\u00a0lo primero que se va a recuperar ser\u00e1 el turismo interno, luego el regional y finalmente los de mediana y larga distancia\u201d.<\/b><\/p>\n<\/div>\n<\/div>\n<div class=\"row pb-content-type-text\">\n<div class=\"col-xs-12 col-print-12\">\n<p class=\"element element-paragraph\">\u201cDe seguro la retomada empezar\u00e1 con viajes nacionales. Son la mejor apuesta para viajar m\u00e1s adelante a\u00fan este a\u00f1o, ya que\u00a0<b>no hay forma de predecir cu\u00e1ndo se abrir\u00e1n las fronteras de otros pa\u00edses y cu\u00e1nto costar\u00e1 el d\u00f3lar cuando llegue ese d\u00eda,\u00a0<\/b>adem\u00e1s de as\u00ed poder evitar los costos extras del impuesto pa\u00eds. Los viajes nacionales exigen trayectos m\u00e1s cortos, generalmente m\u00e1s baratos y no requieren tanta anticipaci\u00f3n en la organizaci\u00f3n\u201d, sostuvo en di\u00e1logo con este medio\u00a0<b>Lu\u00edsa Dalcin,<\/b>\u00a0experta en viajes del metabuscador de ofertas de vuelos y hoteles\u00a0<b>Viajala.<\/b><\/p>\n<\/div>\n<\/div>\n<div class=\"row pb-content-type-text\">\n<div class=\"col-xs-12 col-print-12\">\n<p class=\"element element-paragraph\">Sobre los viajes internacionales, la compa\u00f1\u00eda realiz\u00f3 una encuesta entre sus usuarios de la Argentina y casi la mitad de ellos asegur\u00f3 que \u201c<b>no tiene idea de cu\u00e1ndo volver\u00e1n a viajar\u201d<\/b><i>. \u201c<\/i>Hay muchos efectos colaterales del coronavirus adem\u00e1s de la preocupaci\u00f3n por la salud -continu\u00f3- y los problemas financieros son una de los m\u00e1s importantes entre los viajeros\u201d.<\/p>\n<\/div>\n<\/div>\n<div class=\"row pb-content-type-text\">\n<div class=\"col-xs-12 col-print-12\">\n<p class=\"element element-paragraph\"><mark class=\"hl_orange\"><b>\u00bfHabr\u00e1 un mayor miedo a volar?<\/b><\/mark><\/p>\n<\/div>\n<\/div>\n<div class=\"row pb-content-type-image\">\n<figure class=\"element element-image col-xs-12\">\n<div class=\"single-image\">\n<div class=\"shares\"><\/div>\n<p><img decoding=\"async\" id=\"KLVRTF6LHZABPECKQG6FHQJBZE\" class=\"image-lazy\" src=\"https:\/\/www.infobae.com\/new-resizer\/VKQhJOhqrf3Apjm6echyGrTLm98=\/750x0\/filters:quality(100)\/arc-anglerfish-arc2-prod-infobae.s3.amazonaws.com\/public\/KLVRTF6LHZABPECKQG6FHQJBZE.jpg\" alt=\"Una vez que la industria y los operadores en general logren implementar todas las acciones sanitarias necesarias, la industria se reactivar\u00e1 progresivamente y ser\u00e1, como ha sucedido en otras oportunidades, un factor importante para la recuperaci\u00f3n de la econom\u00eda (AFP)\" width=\"750\" height=\"421.875\" data-url=\"https:\/\/www.infobae.com\/coronavirus\/2020\/05\/10\/la-vida-despues-del-coronavirus-cuando-como-y-a-donde-vamos-a-poder-viajar-los-argentinos\/%23KLVRTF6LHZABPECKQG6FHQJBZE\" data-original=\"https:\/\/www.infobae.com\/new-resizer\/VKQhJOhqrf3Apjm6echyGrTLm98=\/750x0\/filters:quality(100)\/arc-anglerfish-arc2-prod-infobae.s3.amazonaws.com\/public\/KLVRTF6LHZABPECKQG6FHQJBZE.jpg\" \/><\/p>\n<\/div><figcaption class=\"\"><span class=\"credit\">Una vez que la industria y los operadores en general logren implementar todas las acciones sanitarias necesarias, la industria se reactivar\u00e1 progresivamente y ser\u00e1, como ha sucedido en otras oportunidades, un factor importante para la recuperaci\u00f3n de la econom\u00eda (AFP)<\/span><\/figcaption><\/figure>\n<\/div>\n<div class=\"row pb-content-type-text\">\n<div class=\"col-xs-12 col-print-12\">\n<p class=\"element element-paragraph\">Despu\u00e9s de detenerse casi por completo debido al brote de coronavirus , la industria del transporte a\u00e9reo est\u00e1 volcando su atenci\u00f3n colectiva a lo que se necesitar\u00e1 para que los pasajeros vuelvan a volar. El primer paso:\u00a0<b>hacer que los viajeros se sientan seguros en el espacio confinado de un avi\u00f3n con nuevas regulaciones a bordo<\/b>.<\/p>\n<\/div>\n<\/div>\n<div class=\"row pb-content-type-text\">\n<div class=\"col-xs-12 col-print-12\">\n<p class=\"element element-paragraph\">Adem\u00e1s del\u00a0<b>aumento de los procedimientos de desinfecci\u00f3n,\u00a0<\/b>las aerol\u00edneas de todo el mundo est\u00e1n cambiando sus protocolos de embarque, est\u00e1n\u00a0<b>asignando m\u00e1s espacio para los pasajeros a bordo\u00a0<\/b>de los aviones y han comenzado a\u00a0<b>exigir a los pasajeros y a la tripulaci\u00f3n de vuelo que usen equipo de protecci\u00f3n personal, como m\u00e1scaras faciales y guantes.<\/b><\/p>\n<\/div>\n<\/div>\n<div class=\"row pb-content-type-text\">\n<div class=\"col-xs-12 col-print-12\">\n<p class=\"element element-paragraph\">Las m\u00e1scaras faciales en particular han sido ampliamente respaldadas en toda la industria en las \u00faltimas semanas. La\u00a0<b>Asociaci\u00f3n de Asistentes de Vuelo-CWA,\u00a0<\/b>que representa a 50.000 asistentes de vuelo en los EEUU,\u00a0<a href=\"https:\/\/d3n8a8pro7vhmx.cloudfront.net\/afacwa\/pages\/2667\/attachments\/original\/1587675776\/4-23-2020_AFA_PPE_Letter_DOT_HHS_FINAL.pdf?1587675776%20style=\">ha pedido al<\/a>\u00a0Departamento de Transporte y Servicios Humanos y de Salud\u00a0<b>que haga de las m\u00e1scaras un requisito para todos los pasajeros a\u00e9reos en todo el pa\u00eds.\u00a0<\/b>Del mismo modo, la Asociaci\u00f3n Internacional de Transporte A\u00e9reo y la Asociaci\u00f3n de Viajes de EE. UU. Han\u00a0<a href=\"https:\/\/www.ustravel.org\/sites\/default\/files\/media_root\/document\/HealthandSafetyGuidance.pdf\">publicado pautas<\/a>\u00a0para que\u00a0<b>los pasajeros y la tripulaci\u00f3n usen m\u00e1scaras, as\u00ed como otros cambios en los procesos de facturaci\u00f3n y embarque para permitir el distanciamiento social durante el viaje.<\/b><\/p>\n<\/div>\n<\/div>\n<div class=\"row pb-content-type-text\">\n<div class=\"col-xs-12 col-print-12\">\n<p class=\"element element-paragraph\">Desde\u00a0<b>Despegar,<\/b>\u00a0aseguran que\u00a0<b>si bien es previsible que las personas sean m\u00e1s cautelosas en general y que presten especial atenci\u00f3n al establecimiento de medidas de seguridad sanitaria<\/b>,\u00a0<b>la pasi\u00f3n y el h\u00e1bito de viajar est\u00e1n bien instalados.\u00a0<\/b>Y que una vez que la industria y los operadores en general logren implementar todas las acciones sanitarias necesarias, la industria se reactivar\u00e1 progresivamente y ser\u00e1, como ha sucedido en otras oportunidades, un factor importante para la recuperaci\u00f3n de la econom\u00eda.<\/p>\n<\/div>\n<\/div>\n<div class=\"row pb-content-type-text\">\n<div class=\"col-xs-12 col-print-12\">\n<p class=\"element element-paragraph\">\u201cLos aviones cuentan con un filtro especial que renueva el aire en cada pocos minutos, lo que es, en general,\u00a0<b>muy seguro.\u00a0<\/b>Lo importante es tener, en el avi\u00f3n, los mismos cuidados que en suelo: limpiar las manos, mantener la higienizaci\u00f3n, y eso las tripulaciones lo est\u00e1n haciendo pero los viajeros tienen que hacerlo tambi\u00e9n\u201d, a\u00f1adi\u00f3\u00a0<b>Dalcin.<\/b><\/p>\n<\/div>\n<\/div>\n<div class=\"row pb-content-type-text\">\n<div class=\"col-xs-12 col-print-12\">\n<p class=\"element element-paragraph\"><mark class=\"hl_orange\"><b>\u00bfQu\u00e9 pasa con los viajes de lujo y Europa?<\/b><\/mark><\/p>\n<\/div>\n<\/div>\n<div class=\"row pb-content-type-image\">\n<figure class=\"element element-image col-xs-12\">\n<div class=\"single-image\">\n<div class=\"shares\"><\/div>\n<p><img decoding=\"async\" id=\"LZGVSZRMZ2I57LMGQ5AOCC4WQU\" class=\"image-lazy\" src=\"https:\/\/www.infobae.com\/new-resizer\/ZmwcrSMgCKw46uuWUWo8GMRyzAA=\/750x0\/filters:quality(100)\/arc-anglerfish-arc2-prod-infobae.s3.amazonaws.com\/public\/LZGVSZRMZ2I57LMGQ5AOCC4WQU.jpg\" alt=\"Una vez que se levanten las restricciones y comiencen a extenderse protocolos de seguridad \u00f3ptimos, su p\u00fablico, muy espec\u00edfico y con gran apetito por viajar, ganar\u00e1 m\u00e1s confianza y querr\u00e1 seguir conociendo nuevos destinos (REUTERS)\" width=\"750\" height=\"510.9587562081624\" data-url=\"https:\/\/www.infobae.com\/coronavirus\/2020\/05\/10\/la-vida-despues-del-coronavirus-cuando-como-y-a-donde-vamos-a-poder-viajar-los-argentinos\/%23LZGVSZRMZ2I57LMGQ5AOCC4WQU\" data-original=\"https:\/\/www.infobae.com\/new-resizer\/ZmwcrSMgCKw46uuWUWo8GMRyzAA=\/750x0\/filters:quality(100)\/arc-anglerfish-arc2-prod-infobae.s3.amazonaws.com\/public\/LZGVSZRMZ2I57LMGQ5AOCC4WQU.jpg\" \/><\/p>\n<\/div><figcaption class=\"\"><span class=\"credit\">Una vez que se levanten las restricciones y comiencen a extenderse protocolos de seguridad \u00f3ptimos, su p\u00fablico, muy espec\u00edfico y con gran apetito por viajar, ganar\u00e1 m\u00e1s confianza y querr\u00e1 seguir conociendo nuevos destinos (REUTERS)<\/span><\/figcaption><\/figure>\n<\/div>\n<div class=\"row pb-content-type-text\">\n<div class=\"col-xs-12 col-print-12\">\n<p class=\"element element-paragraph\">Contener el virus, al menos por ahora, requiere un control de fronteras. Es la forma en que los pa\u00edses tienen que evitar que se infecten m\u00e1s desde el exterior. Por lo tanto,\u00a0<b>es probable que las fronteras de algunos pa\u00edses afectados, como las de Europa, permanezcan cerradas incluso despu\u00e9s de controlar la situaci\u00f3n interna, para evitar una segunda ola de la enfermedad.<\/b><\/p>\n<\/div>\n<\/div>\n<div class=\"row pb-content-type-text\">\n<div class=\"col-xs-12 col-print-12\">\n<p class=\"element element-paragraph\">En otras palabras: incluso si un pa\u00eds ya est\u00e1 declarado \u201cseguro\u201d, es posible que a\u00fan no podamos viajar all\u00ed. \u201cAdem\u00e1s de la cuesti\u00f3n de fronteras, hay\u00a0<b>una cuesti\u00f3n financiera:\u00a0<\/b>\u00bfcu\u00e1l va a ser el valor del d\u00f3lar y del euro cuando eso todo esto pase? \u00bfVa a ser mandatorio hacer tests de coronavirus para entrar a Europa? \u00bfC\u00f3mo va a estar la salud financiera de los viajeros para organizar un viaje internacional a destinos que son, generalmente, m\u00e1s caros? Todo eso va a afectar el turismo de los argentinos\u201d, explic\u00f3 la especialista.<\/p>\n<\/div>\n<\/div>\n<div class=\"row pb-content-type-text\">\n<div class=\"col-xs-12 col-print-12\">\n<p class=\"element element-paragraph\">La industria en su totalidad atraviesa\u00a0<b>un proceso de reinvenci\u00f3n.<\/b>\u00a0Y seg\u00fan advierten los especialistas,\u00a0<b>el turismo de lujo probablemente ser\u00e1 de los primeros en adoptar las mejores tecnolog\u00edas en materia sanitaria,<\/b>\u00a0y eso ser\u00e1 clave para su revitalizaci\u00f3n. \u201cHemos visto ya propuestas de cabinas con mayor distancia y posibilidad de aislamiento, aplicables a aviones, restaurantes y otros espacios comunes; innovaciones en materia de higienizaci\u00f3n de espacios, etc\u201d, agregaron desde\u00a0<b>Despegar.<\/b><\/p>\n<\/div>\n<\/div>\n<div class=\"row pb-content-type-text\">\n<div class=\"col-xs-12 col-print-12\">\n<p class=\"element element-paragraph\">Seguramente se ver\u00e1 un crecimiento en la preferencia por:\u00a0<b>destinos poco explorados, m\u00e1s exclusivos y de mayor contacto con la naturaleza,<\/b>\u00a0por encima de aquellos m\u00e1s tradicionales. Esto aplica para el caso de Europa y otros grandes polos tur\u00edsticos como Estados Unidos, hoy muy afectados por la pandemia. Estos son destinos que seguir\u00e1n siendo demandados, pero est\u00e1 claro que en ellos la recuperaci\u00f3n ser\u00e1 a m\u00e1s largo plazo.<\/p>\n<\/div>\n<\/div>\n<div class=\"row pb-content-type-text\">\n<div class=\"col-xs-12 col-print-12\">\n<p class=\"element element-paragraph\"><mark class=\"hl_orange\"><b>En Argentina avanzan las buenas pr\u00e1cticas para la recuperaci\u00f3n del turismo<\/b><\/mark><\/p>\n<\/div>\n<\/div>\n<div class=\"row pb-content-type-image\">\n<figure class=\"element element-image col-xs-12\">\n<div class=\"single-image\">\n<div class=\"shares\"><\/div>\n<p><img decoding=\"async\" id=\"HYUEL5VNNRF5JDCXULPCPL4C6E\" class=\"image-lazy\" src=\"https:\/\/www.infobae.com\/new-resizer\/NlEwsulYDKKDxsdOjw2VZ1LOL88=\/750x0\/filters:quality(100)\/arc-anglerfish-arc2-prod-infobae.s3.amazonaws.com\/public\/HYUEL5VNNRF5JDCXULPCPL4C6E.jpg\" alt=\"En funci\u00f3n de dar respuesta a esta situaci\u00f3n, las autoridades avanzaron en proponer el desarrollo de un programa de \u201cBuenas Pr\u00e1cticas Pos-Covid19\u201d (Shutterstock)\" width=\"750\" height=\"421.7850287907869\" data-url=\"https:\/\/www.infobae.com\/coronavirus\/2020\/05\/10\/la-vida-despues-del-coronavirus-cuando-como-y-a-donde-vamos-a-poder-viajar-los-argentinos\/%23HYUEL5VNNRF5JDCXULPCPL4C6E\" data-original=\"https:\/\/www.infobae.com\/new-resizer\/NlEwsulYDKKDxsdOjw2VZ1LOL88=\/750x0\/filters:quality(100)\/arc-anglerfish-arc2-prod-infobae.s3.amazonaws.com\/public\/HYUEL5VNNRF5JDCXULPCPL4C6E.jpg\" \/><\/p>\n<\/div><figcaption class=\"\"><span class=\"credit\">En funci\u00f3n de dar respuesta a esta situaci\u00f3n, las autoridades avanzaron en proponer el desarrollo de un programa de \u201cBuenas Pr\u00e1cticas Pos-Covid19\u201d (Shutterstock)<\/span><\/figcaption><\/figure>\n<\/div>\n<div class=\"row pb-content-type-text\">\n<div class=\"col-xs-12 col-print-12\">\n<p class=\"element element-paragraph\">Representantes del sector p\u00fablico tuvieron un encuentro, en modalidad virtual, con el presidente y el secretario del Instituto de la Calidad Tur\u00edstica Argentina (ICTA), Aldo El\u00edas y Marcelo Garc\u00eda. Durante la reuni\u00f3n,\u00a0<b>fue analizado el nuevo escenario global ante la pandemia del COVID-19 y el impacto social y econ\u00f3mico que sus consecuencias representan para la actividad.<\/b><\/p>\n<\/div>\n<\/div>\n<div class=\"row pb-content-type-text\">\n<div class=\"col-xs-12 col-print-12\">\n<p class=\"element element-paragraph\">En funci\u00f3n de dar respuesta a esta situaci\u00f3n, las autoridades avanzaron en proponer el desarrollo de un programa de\u00a0<b>\u201cBuenas Pr\u00e1cticas Pos-Covid19\u201d.<\/b>\u00a0\u201cEsta iniciativa que proponemos elaborar desde el ICTA contendr\u00e1\u00a0<b>una gu\u00eda de recomendaciones sanitarias y pautas de atenci\u00f3n en las prestaciones tur\u00edsticas, que est\u00e9n en l\u00ednea con las nuevas demandas globales\u201d,\u00a0<\/b>expresaron los directivos de esta organizaci\u00f3n, integrada por el Ministerio de Turismo y Deportes, el Consejo Federal de Turismo y la C\u00e1mara Argentina de Turismo.<\/p>\n<\/div>\n<\/div>\n<div class=\"row pb-content-type-text\">\n<div class=\"col-xs-12 col-print-12\">\n<p class=\"element element-paragraph\">Para hacer frente a la crisis, el ICTA se encargar\u00e1 de\u00a0<b>brindar las gu\u00edas de buenas pr\u00e1cticas que le permitan al sector tur\u00edstico empezar a funcionar,<\/b>\u00a0<b>una vez que comience el proceso gradual de apertura del aislamiento social obligatorio y preventivo.<\/b>\u00a0Estos protocolos deber\u00e1n contar con\u00a0<b>una gu\u00eda de recomendaciones homog\u00e9neas\u00a0<\/b>para toda la Argentina que pueda ser aplicada en colaboraci\u00f3n con la autoridad sanitaria a la diversidad de realidades que presenta nuestro pa\u00eds.<\/p>\n<\/div>\n<\/div>\n<div class=\"row pb-content-type-text\">\n<div class=\"col-xs-12 col-print-12\">\n<p class=\"element element-paragraph\">En referencia\u00a0<b>al avance alcanzado en conjunto entre la CAT, el CFT y el Ministerio de Turismo y Deportes, El\u00edas<\/b>\u00a0manifest\u00f3: \u201cEl desaf\u00edo del Instituto de Calidad Tur\u00edstica es brindar herramientas que sean rigurosas desde lo t\u00e9cnico y realizables en todo el territorio nacional. Toda la cadena de valor de este importante sector productivo nacional<b>\u00a0tiene que estar preparada para poder funcionar cuando el control de la pandemia y las autoridades lo permitan\u201d.\u00a0<\/b>Y agreg\u00f3: \u201cTenemos este tiempo de trabajo que debe ser riguroso en cuanto a las propuestas y eficiente en la capacidad de respuesta\u00a0<b>para llegar con capacitaci\u00f3n, comunicaci\u00f3n e implementaci\u00f3n en el momento que se requiera\u201d.<\/b><\/p>\n<\/div>\n<\/div>\n<div class=\"row pb-content-type-image\">\n<figure class=\"element element-image col-xs-12\">\n<div class=\"single-image\">\n<div class=\"shares\"><\/div>\n<p><img decoding=\"async\" id=\"ZEM2UNMBYNA2BJ25MCYQ3ZMTYA\" class=\"image-lazy\" src=\"https:\/\/www.infobae.com\/new-resizer\/2pygQcr3pHQz5gPGPT0R-VP5mF4=\/750x0\/filters:quality(100)\/arc-anglerfish-arc2-prod-infobae.s3.amazonaws.com\/public\/ZEM2UNMBYNA2BJ25MCYQ3ZMTYA.jpg\" alt=\"Las buenas pr\u00e1cticas pondr\u00e1n especial \u00e9nfasis en las medidas preventivas, de limpieza y desinfecci\u00f3n y de atenci\u00f3n a visitantes que las organizaciones y servicios tur\u00edsticos deber\u00e1n contemplar (Shutterstock)\" width=\"750\" height=\"546.09375\" data-url=\"https:\/\/www.infobae.com\/coronavirus\/2020\/05\/10\/la-vida-despues-del-coronavirus-cuando-como-y-a-donde-vamos-a-poder-viajar-los-argentinos\/%23ZEM2UNMBYNA2BJ25MCYQ3ZMTYA\" data-original=\"https:\/\/www.infobae.com\/new-resizer\/2pygQcr3pHQz5gPGPT0R-VP5mF4=\/750x0\/filters:quality(100)\/arc-anglerfish-arc2-prod-infobae.s3.amazonaws.com\/public\/ZEM2UNMBYNA2BJ25MCYQ3ZMTYA.jpg\" \/><\/p>\n<\/div><figcaption class=\"\"><span class=\"credit\">Las buenas pr\u00e1cticas pondr\u00e1n especial \u00e9nfasis en las medidas preventivas, de limpieza y desinfecci\u00f3n y de atenci\u00f3n a visitantes que las organizaciones y servicios tur\u00edsticos deber\u00e1n contemplar (Shutterstock)<\/span><\/figcaption><\/figure>\n<\/div>\n<div class=\"row pb-content-type-text\">\n<div class=\"col-xs-12 col-print-12\">\n<p class=\"element element-paragraph\">Los servicios tur\u00edsticos deben prepararse para la etapa pos-COVID-19, en donde\u00a0<b>la forma de viajar y hacer turismo y las conductas de consumo suscitar\u00e1n una \u201cnueva normalidad\u201d\u00a0<\/b>y exigen revisar y actualizar, de manera integral, las gestiones operativas de cada prestaci\u00f3n.<\/p>\n<\/div>\n<\/div>\n<div class=\"row pb-content-type-text\">\n<div class=\"col-xs-12 col-print-12\">\n<p class=\"element element-paragraph\">En ese sentido, la gu\u00eda de \u201cBuenas Pr\u00e1cticas pos-Covid19\u201d reunir\u00e1 diversas pautas de actuaci\u00f3n con el prop\u00f3sito que las prestaciones tur\u00edsticas garanticen -a trav\u00e9s de su implementaci\u00f3n-, las condiciones que demandar\u00e1 el nuevo escenario pos-pandemia de coronavirus.<\/p>\n<\/div>\n<\/div>\n<div class=\"row pb-content-type-text\">\n<div class=\"col-xs-12 col-print-12\">\n<p class=\"element element-paragraph\">Las buenas pr\u00e1cticas pondr\u00e1n especial \u00e9nfasis en<b>\u00a0las medidas preventivas, de limpieza y desinfecci\u00f3n y de atenci\u00f3n a visitantes\u00a0<\/b>que las organizaciones y servicios tur\u00edsticos deber\u00e1n contemplar. El programa tiene<b>\u00a0los siguientes objetivos fundamentales:<\/b><\/p>\n<\/div>\n<\/div>\n<div class=\"row pb-content-type-text\">\n<div class=\"col-xs-12 col-print-12\">\n<p class=\"element element-paragraph\">&#8211; Generar nuevos h\u00e1bitos de conducta que garanticen mayor seguridad y confianza a visitantes y visitados.<\/p>\n<\/div>\n<\/div>\n<div class=\"row pb-content-type-text\">\n<div class=\"col-xs-12 col-print-12\">\n<p class=\"element element-paragraph\">&#8211; Introducir el valor de la seguridad sanitaria para el personal y los clientes.<\/p>\n<\/div>\n<\/div>\n<div class=\"row pb-content-type-text\">\n<div class=\"col-xs-12 col-print-12\">\n<p class=\"element element-paragraph\">&#8211; Evitar el quiebre del v\u00ednculo tur\u00edstico\/social.<\/p>\n<\/div>\n<\/div>\n<div class=\"row pb-content-type-text\">\n<div class=\"col-xs-12 col-print-12\">\n<p class=\"element element-paragraph\">&#8211; Promover espacios y tratos interpersonales amigables, solidarios y respetuosos, libres de discriminaci\u00f3n.<\/p>\n<\/div>\n<\/div>\n<div class=\"row pb-content-type-text\">\n<div class=\"col-xs-12 col-print-12\">\n<p class=\"element element-paragraph\">&#8211; Contribuir a preservar las fuentes de trabajo del sector tur\u00edstico.<\/p>\n<\/div>\n<p class=\"element element-paragraph\">Fuente :\u00a0\u00a0<a class=\"author-name\" href=\"https:\/\/www.infobae.com\/autor\/belen-filgueira\/\" rel=\"author\">Belen Filgueira<\/a><\/p>\n<\/div>\n<\/div>\n<\/div>\n<\/div>\n<\/div>\n","protected":false},"excerpt":{"rendered":"<p>La pandemia de COVID-19 ha llevado a todos los destinos del mundo a introducir restricciones a los viajes. Sin embargo, ante la reducci\u00f3n de las tasas de infecciones y el miedo a una crisis econ\u00f3mica varios pa\u00edses consideran levantar los bloqueos. Las proyecciones y los principales cambios que prev\u00e9n los especialistas.<\/p>\n","protected":false},"author":3,"featured_media":0,"comment_status":"closed","ping_status":"open","sticky":false,"template":"","format":"standard","meta":{"footnotes":""},"categories":[33],"tags":[],"class_list":["post-41733","post","type-post","status-publish","format-standard","hentry","category-turismo"],"yoast_head":"<!-- This site is optimized with the Yoast SEO plugin v25.9 - https:\/\/yoast.com\/wordpress\/plugins\/seo\/ -->\n<title>La vida despu\u00e9s del coronavirus: cu\u00e1ndo, c\u00f3mo y a d\u00f3nde vamos a poder viajar los argentinos - Noticias Radio Reflejos<\/title>\n<meta name=\"robots\" content=\"index, follow, max-snippet:-1, max-image-preview:large, max-video-preview:-1\" \/>\n<link rel=\"canonical\" href=\"https:\/\/www.noticiasradioreflejos.com.ar\/2021\/la-vida-despues-del-coronavirus-cuando-como-y-a-donde-vamos-a-poder-viajar-los-argentinos\/\" \/>\n<meta property=\"og:locale\" content=\"es_ES\" \/>\n<meta property=\"og:type\" content=\"article\" \/>\n<meta property=\"og:title\" content=\"La vida despu\u00e9s del coronavirus: cu\u00e1ndo, c\u00f3mo y a d\u00f3nde vamos a poder viajar los argentinos - Noticias Radio Reflejos\" \/>\n<meta property=\"og:description\" content=\"La pandemia de COVID-19 ha llevado a todos los destinos del mundo a introducir restricciones a los viajes. Sin embargo, ante la reducci\u00f3n de las tasas de infecciones y el miedo a una crisis econ\u00f3mica varios pa\u00edses consideran levantar los bloqueos. Las proyecciones y los principales cambios que prev\u00e9n los especialistas.\" \/>\n<meta property=\"og:url\" content=\"https:\/\/www.noticiasradioreflejos.com.ar\/2021\/la-vida-despues-del-coronavirus-cuando-como-y-a-donde-vamos-a-poder-viajar-los-argentinos\/\" \/>\n<meta property=\"og:site_name\" content=\"Noticias Radio Reflejos\" \/>\n<meta property=\"article:published_time\" content=\"2020-05-10T16:05:55+00:00\" \/>\n<meta property=\"og:image\" content=\"https:\/\/www.infobae.com\/new-resizer\/vnk_QgLaWNkgDXA4SAQbD_Yh13M=\/750x0\/filters:quality(100)\/arc-anglerfish-arc2-prod-infobae.s3.amazonaws.com\/public\/E4L6VPGVNPUEWCG6SMLTFEKNNM.jpg\" \/>\n<meta name=\"author\" content=\"Arnaldo Botto\" \/>\n<meta name=\"twitter:card\" content=\"summary_large_image\" \/>\n<script type=\"application\/ld+json\" class=\"yoast-schema-graph\">{\"@context\":\"https:\/\/schema.org\",\"@graph\":[{\"@type\":\"WebPage\",\"@id\":\"https:\/\/www.noticiasradioreflejos.com.ar\/2021\/la-vida-despues-del-coronavirus-cuando-como-y-a-donde-vamos-a-poder-viajar-los-argentinos\/\",\"url\":\"https:\/\/www.noticiasradioreflejos.com.ar\/2021\/la-vida-despues-del-coronavirus-cuando-como-y-a-donde-vamos-a-poder-viajar-los-argentinos\/\",\"name\":\"La vida despu\u00e9s del coronavirus: cu\u00e1ndo, c\u00f3mo y a d\u00f3nde vamos a poder viajar los argentinos - Noticias Radio Reflejos\",\"isPartOf\":{\"@id\":\"https:\/\/www.noticiasradioreflejos.com.ar\/2021\/#website\"},\"primaryImageOfPage\":{\"@id\":\"https:\/\/www.noticiasradioreflejos.com.ar\/2021\/la-vida-despues-del-coronavirus-cuando-como-y-a-donde-vamos-a-poder-viajar-los-argentinos\/#primaryimage\"},\"image\":{\"@id\":\"https:\/\/www.noticiasradioreflejos.com.ar\/2021\/la-vida-despues-del-coronavirus-cuando-como-y-a-donde-vamos-a-poder-viajar-los-argentinos\/#primaryimage\"},\"thumbnailUrl\":\"https:\/\/www.infobae.com\/new-resizer\/vnk_QgLaWNkgDXA4SAQbD_Yh13M=\/750x0\/filters:quality(100)\/arc-anglerfish-arc2-prod-infobae.s3.amazonaws.com\/public\/E4L6VPGVNPUEWCG6SMLTFEKNNM.jpg\",\"datePublished\":\"2020-05-10T16:05:55+00:00\",\"author\":{\"@id\":\"https:\/\/www.noticiasradioreflejos.com.ar\/2021\/#\/schema\/person\/ad82545263dcc5ec0996818884fd5fb1\"},\"breadcrumb\":{\"@id\":\"https:\/\/www.noticiasradioreflejos.com.ar\/2021\/la-vida-despues-del-coronavirus-cuando-como-y-a-donde-vamos-a-poder-viajar-los-argentinos\/#breadcrumb\"},\"inLanguage\":\"es\",\"potentialAction\":[{\"@type\":\"ReadAction\",\"target\":[\"https:\/\/www.noticiasradioreflejos.com.ar\/2021\/la-vida-despues-del-coronavirus-cuando-como-y-a-donde-vamos-a-poder-viajar-los-argentinos\/\"]}]},{\"@type\":\"ImageObject\",\"inLanguage\":\"es\",\"@id\":\"https:\/\/www.noticiasradioreflejos.com.ar\/2021\/la-vida-despues-del-coronavirus-cuando-como-y-a-donde-vamos-a-poder-viajar-los-argentinos\/#primaryimage\",\"url\":\"https:\/\/www.infobae.com\/new-resizer\/vnk_QgLaWNkgDXA4SAQbD_Yh13M=\/750x0\/filters:quality(100)\/arc-anglerfish-arc2-prod-infobae.s3.amazonaws.com\/public\/E4L6VPGVNPUEWCG6SMLTFEKNNM.jpg\",\"contentUrl\":\"https:\/\/www.infobae.com\/new-resizer\/vnk_QgLaWNkgDXA4SAQbD_Yh13M=\/750x0\/filters:quality(100)\/arc-anglerfish-arc2-prod-infobae.s3.amazonaws.com\/public\/E4L6VPGVNPUEWCG6SMLTFEKNNM.jpg\"},{\"@type\":\"BreadcrumbList\",\"@id\":\"https:\/\/www.noticiasradioreflejos.com.ar\/2021\/la-vida-despues-del-coronavirus-cuando-como-y-a-donde-vamos-a-poder-viajar-los-argentinos\/#breadcrumb\",\"itemListElement\":[{\"@type\":\"ListItem\",\"position\":1,\"name\":\"Portada\",\"item\":\"https:\/\/www.noticiasradioreflejos.com.ar\/2021\/\"},{\"@type\":\"ListItem\",\"position\":2,\"name\":\"La vida despu\u00e9s del coronavirus: cu\u00e1ndo, c\u00f3mo y a d\u00f3nde vamos a poder viajar los argentinos\"}]},{\"@type\":\"WebSite\",\"@id\":\"https:\/\/www.noticiasradioreflejos.com.ar\/2021\/#website\",\"url\":\"https:\/\/www.noticiasradioreflejos.com.ar\/2021\/\",\"name\":\"Noticias Radio Reflejos\",\"description\":\"Las noticias de mi comarca\",\"potentialAction\":[{\"@type\":\"SearchAction\",\"target\":{\"@type\":\"EntryPoint\",\"urlTemplate\":\"https:\/\/www.noticiasradioreflejos.com.ar\/2021\/?s={search_term_string}\"},\"query-input\":{\"@type\":\"PropertyValueSpecification\",\"valueRequired\":true,\"valueName\":\"search_term_string\"}}],\"inLanguage\":\"es\"},{\"@type\":\"Person\",\"@id\":\"https:\/\/www.noticiasradioreflejos.com.ar\/2021\/#\/schema\/person\/ad82545263dcc5ec0996818884fd5fb1\",\"name\":\"Arnaldo Botto\",\"image\":{\"@type\":\"ImageObject\",\"inLanguage\":\"es\",\"@id\":\"https:\/\/www.noticiasradioreflejos.com.ar\/2021\/#\/schema\/person\/image\/\",\"url\":\"https:\/\/secure.gravatar.com\/avatar\/55cb5e37c1efa326397366e6974cb338056df65cb50e7d64d1cf314e87504837?s=96&d=mm&r=g\",\"contentUrl\":\"https:\/\/secure.gravatar.com\/avatar\/55cb5e37c1efa326397366e6974cb338056df65cb50e7d64d1cf314e87504837?s=96&d=mm&r=g\",\"caption\":\"Arnaldo Botto\"},\"url\":\"https:\/\/www.noticiasradioreflejos.com.ar\/2021\/author\/arnaldo\/\"}]}<\/script>\n<!-- \/ Yoast SEO plugin. -->","yoast_head_json":{"title":"La vida despu\u00e9s del coronavirus: cu\u00e1ndo, c\u00f3mo y a d\u00f3nde vamos a poder viajar los argentinos - Noticias Radio Reflejos","robots":{"index":"index","follow":"follow","max-snippet":"max-snippet:-1","max-image-preview":"max-image-preview:large","max-video-preview":"max-video-preview:-1"},"canonical":"https:\/\/www.noticiasradioreflejos.com.ar\/2021\/la-vida-despues-del-coronavirus-cuando-como-y-a-donde-vamos-a-poder-viajar-los-argentinos\/","og_locale":"es_ES","og_type":"article","og_title":"La vida despu\u00e9s del coronavirus: cu\u00e1ndo, c\u00f3mo y a d\u00f3nde vamos a poder viajar los argentinos - Noticias Radio Reflejos","og_description":"La pandemia de COVID-19 ha llevado a todos los destinos del mundo a introducir restricciones a los viajes. Sin embargo, ante la reducci\u00f3n de las tasas de infecciones y el miedo a una crisis econ\u00f3mica varios pa\u00edses consideran levantar los bloqueos. Las proyecciones y los principales cambios que prev\u00e9n los especialistas.","og_url":"https:\/\/www.noticiasradioreflejos.com.ar\/2021\/la-vida-despues-del-coronavirus-cuando-como-y-a-donde-vamos-a-poder-viajar-los-argentinos\/","og_site_name":"Noticias Radio Reflejos","article_published_time":"2020-05-10T16:05:55+00:00","og_image":[{"url":"https:\/\/www.infobae.com\/new-resizer\/vnk_QgLaWNkgDXA4SAQbD_Yh13M=\/750x0\/filters:quality(100)\/arc-anglerfish-arc2-prod-infobae.s3.amazonaws.com\/public\/E4L6VPGVNPUEWCG6SMLTFEKNNM.jpg","type":"","width":"","height":""}],"author":"Arnaldo Botto","twitter_card":"summary_large_image","schema":{"@context":"https:\/\/schema.org","@graph":[{"@type":"WebPage","@id":"https:\/\/www.noticiasradioreflejos.com.ar\/2021\/la-vida-despues-del-coronavirus-cuando-como-y-a-donde-vamos-a-poder-viajar-los-argentinos\/","url":"https:\/\/www.noticiasradioreflejos.com.ar\/2021\/la-vida-despues-del-coronavirus-cuando-como-y-a-donde-vamos-a-poder-viajar-los-argentinos\/","name":"La vida despu\u00e9s del coronavirus: cu\u00e1ndo, c\u00f3mo y a d\u00f3nde vamos a poder viajar los argentinos - Noticias Radio Reflejos","isPartOf":{"@id":"https:\/\/www.noticiasradioreflejos.com.ar\/2021\/#website"},"primaryImageOfPage":{"@id":"https:\/\/www.noticiasradioreflejos.com.ar\/2021\/la-vida-despues-del-coronavirus-cuando-como-y-a-donde-vamos-a-poder-viajar-los-argentinos\/#primaryimage"},"image":{"@id":"https:\/\/www.noticiasradioreflejos.com.ar\/2021\/la-vida-despues-del-coronavirus-cuando-como-y-a-donde-vamos-a-poder-viajar-los-argentinos\/#primaryimage"},"thumbnailUrl":"https:\/\/www.infobae.com\/new-resizer\/vnk_QgLaWNkgDXA4SAQbD_Yh13M=\/750x0\/filters:quality(100)\/arc-anglerfish-arc2-prod-infobae.s3.amazonaws.com\/public\/E4L6VPGVNPUEWCG6SMLTFEKNNM.jpg","datePublished":"2020-05-10T16:05:55+00:00","author":{"@id":"https:\/\/www.noticiasradioreflejos.com.ar\/2021\/#\/schema\/person\/ad82545263dcc5ec0996818884fd5fb1"},"breadcrumb":{"@id":"https:\/\/www.noticiasradioreflejos.com.ar\/2021\/la-vida-despues-del-coronavirus-cuando-como-y-a-donde-vamos-a-poder-viajar-los-argentinos\/#breadcrumb"},"inLanguage":"es","potentialAction":[{"@type":"ReadAction","target":["https:\/\/www.noticiasradioreflejos.com.ar\/2021\/la-vida-despues-del-coronavirus-cuando-como-y-a-donde-vamos-a-poder-viajar-los-argentinos\/"]}]},{"@type":"ImageObject","inLanguage":"es","@id":"https:\/\/www.noticiasradioreflejos.com.ar\/2021\/la-vida-despues-del-coronavirus-cuando-como-y-a-donde-vamos-a-poder-viajar-los-argentinos\/#primaryimage","url":"https:\/\/www.infobae.com\/new-resizer\/vnk_QgLaWNkgDXA4SAQbD_Yh13M=\/750x0\/filters:quality(100)\/arc-anglerfish-arc2-prod-infobae.s3.amazonaws.com\/public\/E4L6VPGVNPUEWCG6SMLTFEKNNM.jpg","contentUrl":"https:\/\/www.infobae.com\/new-resizer\/vnk_QgLaWNkgDXA4SAQbD_Yh13M=\/750x0\/filters:quality(100)\/arc-anglerfish-arc2-prod-infobae.s3.amazonaws.com\/public\/E4L6VPGVNPUEWCG6SMLTFEKNNM.jpg"},{"@type":"BreadcrumbList","@id":"https:\/\/www.noticiasradioreflejos.com.ar\/2021\/la-vida-despues-del-coronavirus-cuando-como-y-a-donde-vamos-a-poder-viajar-los-argentinos\/#breadcrumb","itemListElement":[{"@type":"ListItem","position":1,"name":"Portada","item":"https:\/\/www.noticiasradioreflejos.com.ar\/2021\/"},{"@type":"ListItem","position":2,"name":"La vida despu\u00e9s del coronavirus: cu\u00e1ndo, c\u00f3mo y a d\u00f3nde vamos a poder viajar los argentinos"}]},{"@type":"WebSite","@id":"https:\/\/www.noticiasradioreflejos.com.ar\/2021\/#website","url":"https:\/\/www.noticiasradioreflejos.com.ar\/2021\/","name":"Noticias Radio Reflejos","description":"Las noticias de mi comarca","potentialAction":[{"@type":"SearchAction","target":{"@type":"EntryPoint","urlTemplate":"https:\/\/www.noticiasradioreflejos.com.ar\/2021\/?s={search_term_string}"},"query-input":{"@type":"PropertyValueSpecification","valueRequired":true,"valueName":"search_term_string"}}],"inLanguage":"es"},{"@type":"Person","@id":"https:\/\/www.noticiasradioreflejos.com.ar\/2021\/#\/schema\/person\/ad82545263dcc5ec0996818884fd5fb1","name":"Arnaldo Botto","image":{"@type":"ImageObject","inLanguage":"es","@id":"https:\/\/www.noticiasradioreflejos.com.ar\/2021\/#\/schema\/person\/image\/","url":"https:\/\/secure.gravatar.com\/avatar\/55cb5e37c1efa326397366e6974cb338056df65cb50e7d64d1cf314e87504837?s=96&d=mm&r=g","contentUrl":"https:\/\/secure.gravatar.com\/avatar\/55cb5e37c1efa326397366e6974cb338056df65cb50e7d64d1cf314e87504837?s=96&d=mm&r=g","caption":"Arnaldo Botto"},"url":"https:\/\/www.noticiasradioreflejos.com.ar\/2021\/author\/arnaldo\/"}]}},"_links":{"self":[{"href":"https:\/\/www.noticiasradioreflejos.com.ar\/2021\/wp-json\/wp\/v2\/posts\/41733","targetHints":{"allow":["GET"]}}],"collection":[{"href":"https:\/\/www.noticiasradioreflejos.com.ar\/2021\/wp-json\/wp\/v2\/posts"}],"about":[{"href":"https:\/\/www.noticiasradioreflejos.com.ar\/2021\/wp-json\/wp\/v2\/types\/post"}],"author":[{"embeddable":true,"href":"https:\/\/www.noticiasradioreflejos.com.ar\/2021\/wp-json\/wp\/v2\/users\/3"}],"replies":[{"embeddable":true,"href":"https:\/\/www.noticiasradioreflejos.com.ar\/2021\/wp-json\/wp\/v2\/comments?post=41733"}],"version-history":[{"count":0,"href":"https:\/\/www.noticiasradioreflejos.com.ar\/2021\/wp-json\/wp\/v2\/posts\/41733\/revisions"}],"wp:attachment":[{"href":"https:\/\/www.noticiasradioreflejos.com.ar\/2021\/wp-json\/wp\/v2\/media?parent=41733"}],"wp:term":[{"taxonomy":"category","embeddable":true,"href":"https:\/\/www.noticiasradioreflejos.com.ar\/2021\/wp-json\/wp\/v2\/categories?post=41733"},{"taxonomy":"post_tag","embeddable":true,"href":"https:\/\/www.noticiasradioreflejos.com.ar\/2021\/wp-json\/wp\/v2\/tags?post=41733"}],"curies":[{"name":"wp","href":"https:\/\/api.w.org\/{rel}","templated":true}]}}