{"id":41731,"date":"2020-05-10T12:35:46","date_gmt":"2020-05-10T15:35:46","guid":{"rendered":"http:\/\/www.noticiasradioreflejos.com.ar\/noticias\/?p=41731"},"modified":"2020-05-10T12:35:46","modified_gmt":"2020-05-10T15:35:46","slug":"con-la-ayuda-de-subsidios-los-guias-turisticos-empiezan-a-imaginar-su-profesion-tras-la-pandemia","status":"publish","type":"post","link":"https:\/\/www.noticiasradioreflejos.com.ar\/2021\/con-la-ayuda-de-subsidios-los-guias-turisticos-empiezan-a-imaginar-su-profesion-tras-la-pandemia\/","title":{"rendered":"Con la ayuda de subsidios, los gu\u00edas tur\u00edsticos empiezan a imaginar su profesi\u00f3n tras la pandemia"},"content":{"rendered":"<p>La actividad tur\u00edstica es una de las m\u00e1s afectadas a causa de la pandemia de coronavirus y, hacia adentro, los gu\u00edas son un sector especialmente comprometido ya que necesitan del desplazamiento de los viajantes para poder trabajar; por eso, atraviesan estas semanas de aislamiento planificando el futuro de su profesi\u00f3n, algo que, seg\u00fan los especialistas, no suceder\u00e1 antes de la primavera. Juan Carlos Mulder, gu\u00eda de turismo en Bariloche desde el 2000, dijo a T\u00e9lam: \u00abHasta hoy, algunos colegas han recibido el subsidio de los 10 mil pesos y otros el pr\u00e9stamo a tasa 0, pero muchos no han recibido ninguna de las dos cosas y son hoy los m\u00e1s perjudicados\u00bb.<!--more--><br \/>\nA su vez, remarc\u00f3: \u00abSolicitamos que para este mes de diciembre, no se nos cobre la renovaci\u00f3n de nuestras credenciales, ya que diferentes entes (municipio y parques) nos exigen actualizarlas anualmente\u00bb.<\/p>\n<p>Por su parte, Juan Jos\u00e9 Puliafito, que es gu\u00eda de monta\u00f1a hace 10 a\u00f1os tambi\u00e9n en la ciudad rionegrina de Bariloche y forma parte de la Asociaci\u00f3n Argentina de Gu\u00edas de Monta\u00f1a (AAGM), cont\u00f3 a T\u00e9lam: \u00abAc\u00e1, la primera fuente econ\u00f3mica es el turismo, no solo para las personas que trabajan en gastronom\u00eda, hoteles o servicios con gu\u00edas, sino para todo el sector. Esta situaci\u00f3n de pandemia global afecta de forma indirecta a un mont\u00f3n de familias\u00bb.<\/p>\n<p>El gu\u00eda remarc\u00f3 que desde la AAGM y junto con otros organismos de turismo activo, est\u00e1n conversando de forma virtual para elaborar protocolos para el momento en que, cuando Naci\u00f3n y las provincias lo dispongan, se pueda habilitar ciertas actividades con restricciones.<\/p>\n<p>\u00abNosotros trabajamos con grupos reducidos de personas, tanto para caminar en la monta\u00f1a, andar en bici o en kayak: no es un turismo masivo y adem\u00e1s es al aire libre; cuando la gente pueda volver a circular, nuestro tipo de turismo, pensamos, es m\u00e1s seguro que el tradicional\u00bb.<\/p>\n<p>Desde la capital del pa\u00eds, Federico es parte de un colectivo de gu\u00edas profesionales, inscriptos en el ente de turismo de la Ciudad Aut\u00f3noma de Buenos Aires (CABA), que busca visibilizar la problem\u00e1tica del sector debido a la inactividad forzosa por la pandemia de coronavirus.<\/p>\n<p>El grupo profesional autoconvocado destac\u00f3, a trav\u00e9s de una carta abierta, que los gu\u00edas son \u00abla cara visible, un eslab\u00f3n fundamental del sector tur\u00edstico, el nexo y carta de presentaci\u00f3n entre el destino y el turista, somos int\u00e9rpretes y comunicadores del patrimonio natural y cultural; para ejercer la profesi\u00f3n nos formamos en instituciones universitarias o terciarias y nos capacitamos constantemente para brindar informaci\u00f3n responsable y de calidad\u00bb.<\/p>\n<p>Dada la situaci\u00f3n de paralizaci\u00f3n total del sector desde marzo y los lejanos horizontes de reactivaci\u00f3n de la actividad, solicitan \u00aba las autoridades gubernamentales, un ingreso profesional de emergencia por inactividad forzosa hasta la reanudaci\u00f3n de la actividad\u00bb.<\/p>\n<p>Por su parte y desde Misiones, Marcos Dos Santos es gu\u00eda y trabaja en Iguaz\u00fa desde hace 7 a\u00f1os: \u00abLa situaci\u00f3n es cr\u00edtica, al punto de tener que darnos una mano entre la gente del sector porque ya los ahorros no alcanzan, y s\u00f3lo una minor\u00eda (menos del 10%) trabaja en relaci\u00f3n de dependencia\u00bb, dijo a T\u00e9lam.<\/p>\n<p>Agreg\u00f3 tambi\u00e9n, que \u00absumando el cierre de fronteras y del parque (Parque Nacional Iguaz\u00fa), la \u00fanica industria que mueve el norte misionero qued\u00f3 paralizada, dejando a muchas familias sin sustento; el 80% de la poblaci\u00f3n vive directa e indirectamente del turismo, as\u00ed que hay que de poner mucho \u00e9nfasis en el turismo nacional\u00bb.<\/p>\n<p>Desde la Asociaci\u00f3n de Gu\u00edas de Turismo de Iguaz\u00fa y el Ente Municipal de Turismo Iguaz\u00fa, se enviaron cartas al ejecutivo y legislativo provincial pero hasta ahora no hubo respuestas.<\/p>\n","protected":false},"excerpt":{"rendered":"<p>La actividad tur\u00edstica es una de las m\u00e1s afectadas a causa de la pandemia de coronavirus y, hacia adentro, los gu\u00edas son un sector especialmente comprometido ya que necesitan del desplazamiento de los viajantes para poder trabajar; por eso, atraviesan estas semanas de aislamiento planificando el futuro de su profesi\u00f3n, algo que, seg\u00fan los especialistas, [&hellip;]<\/p>\n","protected":false},"author":3,"featured_media":35560,"comment_status":"closed","ping_status":"open","sticky":false,"template":"","format":"standard","meta":{"footnotes":""},"categories":[33],"tags":[],"class_list":["post-41731","post","type-post","status-publish","format-standard","has-post-thumbnail","hentry","category-turismo"],"yoast_head":"<!-- This site is optimized with the Yoast SEO plugin v25.9 - https:\/\/yoast.com\/wordpress\/plugins\/seo\/ -->\n<title>Con la ayuda de subsidios, los gu\u00edas tur\u00edsticos empiezan a imaginar su profesi\u00f3n tras la pandemia - Noticias Radio Reflejos<\/title>\n<meta name=\"robots\" content=\"index, follow, max-snippet:-1, max-image-preview:large, max-video-preview:-1\" \/>\n<link rel=\"canonical\" href=\"https:\/\/www.noticiasradioreflejos.com.ar\/2021\/con-la-ayuda-de-subsidios-los-guias-turisticos-empiezan-a-imaginar-su-profesion-tras-la-pandemia\/\" \/>\n<meta property=\"og:locale\" content=\"es_ES\" \/>\n<meta property=\"og:type\" content=\"article\" \/>\n<meta property=\"og:title\" content=\"Con la ayuda de subsidios, los gu\u00edas tur\u00edsticos empiezan a imaginar su profesi\u00f3n tras la pandemia - Noticias Radio Reflejos\" \/>\n<meta property=\"og:description\" content=\"La actividad tur\u00edstica es una de las m\u00e1s afectadas a causa de la pandemia de coronavirus y, hacia adentro, los gu\u00edas son un sector especialmente comprometido ya que necesitan del desplazamiento de los viajantes para poder trabajar; por eso, atraviesan estas semanas de aislamiento planificando el futuro de su profesi\u00f3n, algo que, seg\u00fan los especialistas, [&hellip;]\" \/>\n<meta property=\"og:url\" content=\"https:\/\/www.noticiasradioreflejos.com.ar\/2021\/con-la-ayuda-de-subsidios-los-guias-turisticos-empiezan-a-imaginar-su-profesion-tras-la-pandemia\/\" \/>\n<meta property=\"og:site_name\" content=\"Noticias Radio Reflejos\" \/>\n<meta property=\"article:published_time\" content=\"2020-05-10T15:35:46+00:00\" \/>\n<meta property=\"og:image\" content=\"https:\/\/www.noticiasradioreflejos.com.ar\/2021\/wp-content\/uploads\/2019\/10\/Terny.jpg\" \/>\n\t<meta property=\"og:image:width\" content=\"640\" \/>\n\t<meta property=\"og:image:height\" content=\"640\" \/>\n\t<meta property=\"og:image:type\" content=\"image\/jpeg\" \/>\n<meta name=\"author\" content=\"Arnaldo Botto\" \/>\n<meta name=\"twitter:card\" content=\"summary_large_image\" \/>\n<script type=\"application\/ld+json\" class=\"yoast-schema-graph\">{\"@context\":\"https:\/\/schema.org\",\"@graph\":[{\"@type\":\"WebPage\",\"@id\":\"https:\/\/www.noticiasradioreflejos.com.ar\/2021\/con-la-ayuda-de-subsidios-los-guias-turisticos-empiezan-a-imaginar-su-profesion-tras-la-pandemia\/\",\"url\":\"https:\/\/www.noticiasradioreflejos.com.ar\/2021\/con-la-ayuda-de-subsidios-los-guias-turisticos-empiezan-a-imaginar-su-profesion-tras-la-pandemia\/\",\"name\":\"Con la ayuda de subsidios, los gu\u00edas tur\u00edsticos empiezan a imaginar su profesi\u00f3n tras la pandemia - Noticias Radio Reflejos\",\"isPartOf\":{\"@id\":\"https:\/\/www.noticiasradioreflejos.com.ar\/2021\/#website\"},\"primaryImageOfPage\":{\"@id\":\"https:\/\/www.noticiasradioreflejos.com.ar\/2021\/con-la-ayuda-de-subsidios-los-guias-turisticos-empiezan-a-imaginar-su-profesion-tras-la-pandemia\/#primaryimage\"},\"image\":{\"@id\":\"https:\/\/www.noticiasradioreflejos.com.ar\/2021\/con-la-ayuda-de-subsidios-los-guias-turisticos-empiezan-a-imaginar-su-profesion-tras-la-pandemia\/#primaryimage\"},\"thumbnailUrl\":\"https:\/\/www.noticiasradioreflejos.com.ar\/2021\/wp-content\/uploads\/2019\/10\/Terny.jpg\",\"datePublished\":\"2020-05-10T15:35:46+00:00\",\"author\":{\"@id\":\"https:\/\/www.noticiasradioreflejos.com.ar\/2021\/#\/schema\/person\/ad82545263dcc5ec0996818884fd5fb1\"},\"breadcrumb\":{\"@id\":\"https:\/\/www.noticiasradioreflejos.com.ar\/2021\/con-la-ayuda-de-subsidios-los-guias-turisticos-empiezan-a-imaginar-su-profesion-tras-la-pandemia\/#breadcrumb\"},\"inLanguage\":\"es\",\"potentialAction\":[{\"@type\":\"ReadAction\",\"target\":[\"https:\/\/www.noticiasradioreflejos.com.ar\/2021\/con-la-ayuda-de-subsidios-los-guias-turisticos-empiezan-a-imaginar-su-profesion-tras-la-pandemia\/\"]}]},{\"@type\":\"ImageObject\",\"inLanguage\":\"es\",\"@id\":\"https:\/\/www.noticiasradioreflejos.com.ar\/2021\/con-la-ayuda-de-subsidios-los-guias-turisticos-empiezan-a-imaginar-su-profesion-tras-la-pandemia\/#primaryimage\",\"url\":\"https:\/\/www.noticiasradioreflejos.com.ar\/2021\/wp-content\/uploads\/2019\/10\/Terny.jpg\",\"contentUrl\":\"https:\/\/www.noticiasradioreflejos.com.ar\/2021\/wp-content\/uploads\/2019\/10\/Terny.jpg\",\"width\":640,\"height\":640},{\"@type\":\"BreadcrumbList\",\"@id\":\"https:\/\/www.noticiasradioreflejos.com.ar\/2021\/con-la-ayuda-de-subsidios-los-guias-turisticos-empiezan-a-imaginar-su-profesion-tras-la-pandemia\/#breadcrumb\",\"itemListElement\":[{\"@type\":\"ListItem\",\"position\":1,\"name\":\"Portada\",\"item\":\"https:\/\/www.noticiasradioreflejos.com.ar\/2021\/\"},{\"@type\":\"ListItem\",\"position\":2,\"name\":\"Con la ayuda de subsidios, los gu\u00edas tur\u00edsticos empiezan a imaginar su profesi\u00f3n tras la pandemia\"}]},{\"@type\":\"WebSite\",\"@id\":\"https:\/\/www.noticiasradioreflejos.com.ar\/2021\/#website\",\"url\":\"https:\/\/www.noticiasradioreflejos.com.ar\/2021\/\",\"name\":\"Noticias Radio Reflejos\",\"description\":\"Las noticias de mi comarca\",\"potentialAction\":[{\"@type\":\"SearchAction\",\"target\":{\"@type\":\"EntryPoint\",\"urlTemplate\":\"https:\/\/www.noticiasradioreflejos.com.ar\/2021\/?s={search_term_string}\"},\"query-input\":{\"@type\":\"PropertyValueSpecification\",\"valueRequired\":true,\"valueName\":\"search_term_string\"}}],\"inLanguage\":\"es\"},{\"@type\":\"Person\",\"@id\":\"https:\/\/www.noticiasradioreflejos.com.ar\/2021\/#\/schema\/person\/ad82545263dcc5ec0996818884fd5fb1\",\"name\":\"Arnaldo Botto\",\"image\":{\"@type\":\"ImageObject\",\"inLanguage\":\"es\",\"@id\":\"https:\/\/www.noticiasradioreflejos.com.ar\/2021\/#\/schema\/person\/image\/\",\"url\":\"https:\/\/secure.gravatar.com\/avatar\/55cb5e37c1efa326397366e6974cb338056df65cb50e7d64d1cf314e87504837?s=96&d=mm&r=g\",\"contentUrl\":\"https:\/\/secure.gravatar.com\/avatar\/55cb5e37c1efa326397366e6974cb338056df65cb50e7d64d1cf314e87504837?s=96&d=mm&r=g\",\"caption\":\"Arnaldo Botto\"},\"url\":\"https:\/\/www.noticiasradioreflejos.com.ar\/2021\/author\/arnaldo\/\"}]}<\/script>\n<!-- \/ Yoast SEO plugin. -->","yoast_head_json":{"title":"Con la ayuda de subsidios, los gu\u00edas tur\u00edsticos empiezan a imaginar su profesi\u00f3n tras la pandemia - Noticias Radio Reflejos","robots":{"index":"index","follow":"follow","max-snippet":"max-snippet:-1","max-image-preview":"max-image-preview:large","max-video-preview":"max-video-preview:-1"},"canonical":"https:\/\/www.noticiasradioreflejos.com.ar\/2021\/con-la-ayuda-de-subsidios-los-guias-turisticos-empiezan-a-imaginar-su-profesion-tras-la-pandemia\/","og_locale":"es_ES","og_type":"article","og_title":"Con la ayuda de subsidios, los gu\u00edas tur\u00edsticos empiezan a imaginar su profesi\u00f3n tras la pandemia - Noticias Radio Reflejos","og_description":"La actividad tur\u00edstica es una de las m\u00e1s afectadas a causa de la pandemia de coronavirus y, hacia adentro, los gu\u00edas son un sector especialmente comprometido ya que necesitan del desplazamiento de los viajantes para poder trabajar; por eso, atraviesan estas semanas de aislamiento planificando el futuro de su profesi\u00f3n, algo que, seg\u00fan los especialistas, [&hellip;]","og_url":"https:\/\/www.noticiasradioreflejos.com.ar\/2021\/con-la-ayuda-de-subsidios-los-guias-turisticos-empiezan-a-imaginar-su-profesion-tras-la-pandemia\/","og_site_name":"Noticias Radio Reflejos","article_published_time":"2020-05-10T15:35:46+00:00","og_image":[{"width":640,"height":640,"url":"https:\/\/www.noticiasradioreflejos.com.ar\/2021\/wp-content\/uploads\/2019\/10\/Terny.jpg","type":"image\/jpeg"}],"author":"Arnaldo Botto","twitter_card":"summary_large_image","schema":{"@context":"https:\/\/schema.org","@graph":[{"@type":"WebPage","@id":"https:\/\/www.noticiasradioreflejos.com.ar\/2021\/con-la-ayuda-de-subsidios-los-guias-turisticos-empiezan-a-imaginar-su-profesion-tras-la-pandemia\/","url":"https:\/\/www.noticiasradioreflejos.com.ar\/2021\/con-la-ayuda-de-subsidios-los-guias-turisticos-empiezan-a-imaginar-su-profesion-tras-la-pandemia\/","name":"Con la ayuda de subsidios, los gu\u00edas tur\u00edsticos empiezan a imaginar su profesi\u00f3n tras la pandemia - Noticias Radio Reflejos","isPartOf":{"@id":"https:\/\/www.noticiasradioreflejos.com.ar\/2021\/#website"},"primaryImageOfPage":{"@id":"https:\/\/www.noticiasradioreflejos.com.ar\/2021\/con-la-ayuda-de-subsidios-los-guias-turisticos-empiezan-a-imaginar-su-profesion-tras-la-pandemia\/#primaryimage"},"image":{"@id":"https:\/\/www.noticiasradioreflejos.com.ar\/2021\/con-la-ayuda-de-subsidios-los-guias-turisticos-empiezan-a-imaginar-su-profesion-tras-la-pandemia\/#primaryimage"},"thumbnailUrl":"https:\/\/www.noticiasradioreflejos.com.ar\/2021\/wp-content\/uploads\/2019\/10\/Terny.jpg","datePublished":"2020-05-10T15:35:46+00:00","author":{"@id":"https:\/\/www.noticiasradioreflejos.com.ar\/2021\/#\/schema\/person\/ad82545263dcc5ec0996818884fd5fb1"},"breadcrumb":{"@id":"https:\/\/www.noticiasradioreflejos.com.ar\/2021\/con-la-ayuda-de-subsidios-los-guias-turisticos-empiezan-a-imaginar-su-profesion-tras-la-pandemia\/#breadcrumb"},"inLanguage":"es","potentialAction":[{"@type":"ReadAction","target":["https:\/\/www.noticiasradioreflejos.com.ar\/2021\/con-la-ayuda-de-subsidios-los-guias-turisticos-empiezan-a-imaginar-su-profesion-tras-la-pandemia\/"]}]},{"@type":"ImageObject","inLanguage":"es","@id":"https:\/\/www.noticiasradioreflejos.com.ar\/2021\/con-la-ayuda-de-subsidios-los-guias-turisticos-empiezan-a-imaginar-su-profesion-tras-la-pandemia\/#primaryimage","url":"https:\/\/www.noticiasradioreflejos.com.ar\/2021\/wp-content\/uploads\/2019\/10\/Terny.jpg","contentUrl":"https:\/\/www.noticiasradioreflejos.com.ar\/2021\/wp-content\/uploads\/2019\/10\/Terny.jpg","width":640,"height":640},{"@type":"BreadcrumbList","@id":"https:\/\/www.noticiasradioreflejos.com.ar\/2021\/con-la-ayuda-de-subsidios-los-guias-turisticos-empiezan-a-imaginar-su-profesion-tras-la-pandemia\/#breadcrumb","itemListElement":[{"@type":"ListItem","position":1,"name":"Portada","item":"https:\/\/www.noticiasradioreflejos.com.ar\/2021\/"},{"@type":"ListItem","position":2,"name":"Con la ayuda de subsidios, los gu\u00edas tur\u00edsticos empiezan a imaginar su profesi\u00f3n tras la pandemia"}]},{"@type":"WebSite","@id":"https:\/\/www.noticiasradioreflejos.com.ar\/2021\/#website","url":"https:\/\/www.noticiasradioreflejos.com.ar\/2021\/","name":"Noticias Radio Reflejos","description":"Las noticias de mi comarca","potentialAction":[{"@type":"SearchAction","target":{"@type":"EntryPoint","urlTemplate":"https:\/\/www.noticiasradioreflejos.com.ar\/2021\/?s={search_term_string}"},"query-input":{"@type":"PropertyValueSpecification","valueRequired":true,"valueName":"search_term_string"}}],"inLanguage":"es"},{"@type":"Person","@id":"https:\/\/www.noticiasradioreflejos.com.ar\/2021\/#\/schema\/person\/ad82545263dcc5ec0996818884fd5fb1","name":"Arnaldo Botto","image":{"@type":"ImageObject","inLanguage":"es","@id":"https:\/\/www.noticiasradioreflejos.com.ar\/2021\/#\/schema\/person\/image\/","url":"https:\/\/secure.gravatar.com\/avatar\/55cb5e37c1efa326397366e6974cb338056df65cb50e7d64d1cf314e87504837?s=96&d=mm&r=g","contentUrl":"https:\/\/secure.gravatar.com\/avatar\/55cb5e37c1efa326397366e6974cb338056df65cb50e7d64d1cf314e87504837?s=96&d=mm&r=g","caption":"Arnaldo Botto"},"url":"https:\/\/www.noticiasradioreflejos.com.ar\/2021\/author\/arnaldo\/"}]}},"_links":{"self":[{"href":"https:\/\/www.noticiasradioreflejos.com.ar\/2021\/wp-json\/wp\/v2\/posts\/41731","targetHints":{"allow":["GET"]}}],"collection":[{"href":"https:\/\/www.noticiasradioreflejos.com.ar\/2021\/wp-json\/wp\/v2\/posts"}],"about":[{"href":"https:\/\/www.noticiasradioreflejos.com.ar\/2021\/wp-json\/wp\/v2\/types\/post"}],"author":[{"embeddable":true,"href":"https:\/\/www.noticiasradioreflejos.com.ar\/2021\/wp-json\/wp\/v2\/users\/3"}],"replies":[{"embeddable":true,"href":"https:\/\/www.noticiasradioreflejos.com.ar\/2021\/wp-json\/wp\/v2\/comments?post=41731"}],"version-history":[{"count":0,"href":"https:\/\/www.noticiasradioreflejos.com.ar\/2021\/wp-json\/wp\/v2\/posts\/41731\/revisions"}],"wp:featuredmedia":[{"embeddable":true,"href":"https:\/\/www.noticiasradioreflejos.com.ar\/2021\/wp-json\/wp\/v2\/media\/35560"}],"wp:attachment":[{"href":"https:\/\/www.noticiasradioreflejos.com.ar\/2021\/wp-json\/wp\/v2\/media?parent=41731"}],"wp:term":[{"taxonomy":"category","embeddable":true,"href":"https:\/\/www.noticiasradioreflejos.com.ar\/2021\/wp-json\/wp\/v2\/categories?post=41731"},{"taxonomy":"post_tag","embeddable":true,"href":"https:\/\/www.noticiasradioreflejos.com.ar\/2021\/wp-json\/wp\/v2\/tags?post=41731"}],"curies":[{"name":"wp","href":"https:\/\/api.w.org\/{rel}","templated":true}]}}