{"id":41729,"date":"2020-05-10T12:30:37","date_gmt":"2020-05-10T15:30:37","guid":{"rendered":"http:\/\/www.noticiasradioreflejos.com.ar\/noticias\/?p=41729"},"modified":"2020-05-10T12:30:37","modified_gmt":"2020-05-10T15:30:37","slug":"hace-60-anos-israel-secuestro-en-buenos-aires-a-eichmann-el-cerebro-de-la-solucion-final-nazi","status":"publish","type":"post","link":"https:\/\/www.noticiasradioreflejos.com.ar\/2021\/hace-60-anos-israel-secuestro-en-buenos-aires-a-eichmann-el-cerebro-de-la-solucion-final-nazi\/","title":{"rendered":"Hace 60 a\u00f1os Israel secuestr\u00f3 en Buenos Aires a Eichmann, el cerebro de la \u00abSoluci\u00f3n Final\u00bb nazi"},"content":{"rendered":"<p><a title=\"ISRAEL-EICHMANN-TRIAL\" href=\"http:\/\/live.staticflickr.com\/65535\/49878862136_e862f39d45_s.jpg\" rel=\"\"><img loading=\"lazy\" decoding=\"async\" class=\"alignleft\" style=\"float: left;\" title=\"ISRAEL-EICHMANN-TRIAL\" src=\"http:\/\/live.staticflickr.com\/65535\/49878862136_e862f39d45.jpg\" alt=\"ISRAEL-EICHMANN-TRIAL\" width=\"377\" height=\"500\" \/><\/a>El 11 de mayo de 1960, Adolf Eichmann, el arquitecto del Holocausto nazi, fue secuestrado por agentes secretos israel\u00edes en Buenos Aires, donde se hab\u00eda ocultado tras escaparse de Alemania, y fue trasladado a Israel donde fue juzgado y ahorcado por cr\u00edmenes contra la humanidad. El alto funcionario alem\u00e1n se hab\u00eda ganado la consideraci\u00f3n y el reconocimiento de los principales jerarcas nazis por su eficiencia en el manejo de la red de los trenes que trasladaba prisioneros desde los guetos hacia los distintos campos de concentraci\u00f3n.<!--more--><br \/>\nEn julio de 1950 lleg\u00f3 a la Argentina bajo el nombre de Ricardo Klement, mediante un salvoconducto del Comit\u00e9 Internacional de la Cruz Roja (CICR), emitido en Italia, bajo los auspicios de la Iglesia cat\u00f3lica.<br \/>\nInicialmente vivi\u00f3 en la provincia de Tucum\u00e1n y luego se estableci\u00f3 en una modesta casa de la calle Garibaldi, en la localidad bonaerense de San Fernando, junto con su esposa con quien ten\u00eda cuatro hijos.<br \/>\nNacido en Solingen, Alemania, el 19 de marzo de 1906, Eichmann ingres\u00f3 en 1932 al Partido Nazi y se convirti\u00f3 en un miembro destacado de las temidas SS, una escuadra de protecci\u00f3n del dictador Adolf Hitler que comandaba Henrich Himmler.<br \/>\nDurante la Segunda Guerra Mundial (1939-1945), este criminal organiz\u00f3 la captura e identificaci\u00f3n de miles de jud\u00edos que fueron llevados a Auschwitz, Polonia, y a otros campos de exterminio, bajo la llamada \u00abSoluci\u00f3n final\u00bb.<br \/>\nAl capitular la Alemania nazi, fue apresado por tropas estadounidenses pero luego se escap\u00f3 en 1946 y huy\u00f3 a la Argentina. Discretamente, bajo el apellido Klement, empez\u00f3 a trabajar como gerente en una de las plantas de la automotriz alemana Mercedes Benz.<br \/>\nEl c\u00e9lebre cazador de nazis, Simon Wiesenthal, fue el primer en recibir pistas sobre el paradero de Eichman, cuando en 1954 recibi\u00f3 una postal de un amigo que, despu\u00e9s de la guerra, se hab\u00eda ido a vivir a la Argentina.<br \/>\n\u00abVi a ese cerdo sucio Eichmann&#8230; Vive cerca de Buenos Aires y trabaja para una compa\u00f1\u00eda de aguas\u00bb, dec\u00eda la carta que puso en marcha la cacer\u00eda para dar con el alto jerarca nazi.<br \/>\nEn la noche del 11 de mayo de 1960, Eichmann fue secuestrado por un comando del servicio secreto israel\u00ed (Mossad), que hab\u00eda ingresado ilegalmente al pa\u00eds bajo el gobierno del presidente, Arturo Frondizi.<br \/>\nDos de esos agentes cumplieron un rol principal en interrogar al criminal nazi: Peter Malkin, un jud\u00edo alem\u00e1n que huy\u00f3 en 1936 con su familia a la entonces Palestina inglesa, y Sabra Rafi Eitan.<br \/>\nEitan, adem\u00e1s, dirigi\u00f3 el secuestro que se conoci\u00f3 tambi\u00e9n como \u00abOperaci\u00f3n Garibaldi\u00bb, por el nombre de la calle donde viv\u00eda Eichmann, cuya ubicaci\u00f3n precisa en Buenos Aires, fue brindada por Lothar Hermann, un sobreviviente jud\u00edo que hab\u00eda quedado ciego por las palizas que recibi\u00f3 de las SS.<\/p>\n<p>Los Hermann viv\u00edan a poca distancia de la casa de los supuestos Klement y la hija del ex prisionero estaba saliendo con uno de los hijos de Eichmann, que le hab\u00eda presentado a su padre con su nombre real.<\/p>\n<p>Hermann se comunic\u00f3 en 1957 con el fiscal aleman Fritz Bauer, quien finalmente inform\u00f3 a los agentes del Mossad que hab\u00eda un hombre en Buenos Aires que reun\u00eda todas las caracter\u00edsticas de Eichmann.<\/p>\n<p>En marcha el operativo de inteligencia, el criminal de guerra nazi fue capturado por los agentes secretos israel\u00edes al bajar de un colectivo cuando regresaba a su casa.<\/p>\n<p>Posteriormente, fue escondido en una vivienda hasta que el 20 de mayo, drogado y disfrazado de mayordomo, fue llevado a Israel en un avi\u00f3n de la aerol\u00ednea israel\u00ed El Al.<\/p>\n<p>El 15 de diciembre de ese mismo a\u00f1o, Eichmann escuch\u00f3 la sentencia de un tribunal israel\u00ed que lo conden\u00f3 a muerte por cr\u00edmenes contra el pueblo jud\u00edo, cr\u00edmenes contra la humanidad y cr\u00edmenes de guerra.<\/p>\n<p>En su diario de prisi\u00f3n, difundido por Israel en marzo del 2.000, Eichmann, que fue ejecutado e los 56 a\u00f1os consideraba que \u00abtoda la pol\u00edtica es una prostituta callejera, y el nacionalismo, un crimen, la mayor desgracia de los pueblos\u00bb.<\/p>\n<p>En una carta en la reclam\u00f3 clemencia al presidente israel\u00ed, Yitzjak Ben-Zvi, difundida reci\u00e9n en enero de 2016, se\u00f1ala: \u00abYo no era un jefe responsable, por lo que no me siento culpable\u00bb.<\/p>\n<p>Eichmann, finalmente, fue ahorcado el primero de junio de 1962, convirti\u00e9ndose en el \u00fanico civil ejecutado hasta la fecha en Israel.<\/p>\n<p>Su cuerpo fue cremado y sus cenizas esparcidas en el mar, lejos de las aguas territoriales de Israel.<\/p>\n","protected":false},"excerpt":{"rendered":"<p>El 11 de mayo de 1960, Adolf Eichmann, el arquitecto del Holocausto nazi, fue secuestrado por agentes secretos israel\u00edes en Buenos Aires, donde se hab\u00eda ocultado tras escaparse de Alemania, y fue trasladado a Israel donde fue juzgado y ahorcado por cr\u00edmenes contra la humanidad. El alto funcionario alem\u00e1n se hab\u00eda ganado la consideraci\u00f3n y [&hellip;]<\/p>\n","protected":false},"author":3,"featured_media":0,"comment_status":"closed","ping_status":"open","sticky":false,"template":"","format":"standard","meta":{"footnotes":""},"categories":[26],"tags":[],"class_list":["post-41729","post","type-post","status-publish","format-standard","hentry","category-sociedad"],"yoast_head":"<!-- This site is optimized with the Yoast SEO plugin v25.9 - https:\/\/yoast.com\/wordpress\/plugins\/seo\/ -->\n<title>Hace 60 a\u00f1os Israel secuestr\u00f3 en Buenos Aires a Eichmann, el cerebro de la &quot;Soluci\u00f3n Final&quot; nazi - Noticias Radio Reflejos<\/title>\n<meta name=\"robots\" content=\"index, follow, max-snippet:-1, max-image-preview:large, max-video-preview:-1\" \/>\n<link rel=\"canonical\" href=\"https:\/\/www.noticiasradioreflejos.com.ar\/2021\/hace-60-anos-israel-secuestro-en-buenos-aires-a-eichmann-el-cerebro-de-la-solucion-final-nazi\/\" \/>\n<meta property=\"og:locale\" content=\"es_ES\" \/>\n<meta property=\"og:type\" content=\"article\" \/>\n<meta property=\"og:title\" content=\"Hace 60 a\u00f1os Israel secuestr\u00f3 en Buenos Aires a Eichmann, el cerebro de la &quot;Soluci\u00f3n Final&quot; nazi - Noticias Radio Reflejos\" \/>\n<meta property=\"og:description\" content=\"El 11 de mayo de 1960, Adolf Eichmann, el arquitecto del Holocausto nazi, fue secuestrado por agentes secretos israel\u00edes en Buenos Aires, donde se hab\u00eda ocultado tras escaparse de Alemania, y fue trasladado a Israel donde fue juzgado y ahorcado por cr\u00edmenes contra la humanidad. El alto funcionario alem\u00e1n se hab\u00eda ganado la consideraci\u00f3n y [&hellip;]\" \/>\n<meta property=\"og:url\" content=\"https:\/\/www.noticiasradioreflejos.com.ar\/2021\/hace-60-anos-israel-secuestro-en-buenos-aires-a-eichmann-el-cerebro-de-la-solucion-final-nazi\/\" \/>\n<meta property=\"og:site_name\" content=\"Noticias Radio Reflejos\" \/>\n<meta property=\"article:published_time\" content=\"2020-05-10T15:30:37+00:00\" \/>\n<meta property=\"og:image\" content=\"http:\/\/live.staticflickr.com\/65535\/49878862136_e862f39d45.jpg\" \/>\n<meta name=\"author\" content=\"Arnaldo Botto\" \/>\n<meta name=\"twitter:card\" content=\"summary_large_image\" \/>\n<script type=\"application\/ld+json\" class=\"yoast-schema-graph\">{\"@context\":\"https:\/\/schema.org\",\"@graph\":[{\"@type\":\"WebPage\",\"@id\":\"https:\/\/www.noticiasradioreflejos.com.ar\/2021\/hace-60-anos-israel-secuestro-en-buenos-aires-a-eichmann-el-cerebro-de-la-solucion-final-nazi\/\",\"url\":\"https:\/\/www.noticiasradioreflejos.com.ar\/2021\/hace-60-anos-israel-secuestro-en-buenos-aires-a-eichmann-el-cerebro-de-la-solucion-final-nazi\/\",\"name\":\"Hace 60 a\u00f1os Israel secuestr\u00f3 en Buenos Aires a Eichmann, el cerebro de la \\\"Soluci\u00f3n Final\\\" nazi - Noticias Radio Reflejos\",\"isPartOf\":{\"@id\":\"https:\/\/www.noticiasradioreflejos.com.ar\/2021\/#website\"},\"primaryImageOfPage\":{\"@id\":\"https:\/\/www.noticiasradioreflejos.com.ar\/2021\/hace-60-anos-israel-secuestro-en-buenos-aires-a-eichmann-el-cerebro-de-la-solucion-final-nazi\/#primaryimage\"},\"image\":{\"@id\":\"https:\/\/www.noticiasradioreflejos.com.ar\/2021\/hace-60-anos-israel-secuestro-en-buenos-aires-a-eichmann-el-cerebro-de-la-solucion-final-nazi\/#primaryimage\"},\"thumbnailUrl\":\"http:\/\/live.staticflickr.com\/65535\/49878862136_e862f39d45.jpg\",\"datePublished\":\"2020-05-10T15:30:37+00:00\",\"author\":{\"@id\":\"https:\/\/www.noticiasradioreflejos.com.ar\/2021\/#\/schema\/person\/ad82545263dcc5ec0996818884fd5fb1\"},\"breadcrumb\":{\"@id\":\"https:\/\/www.noticiasradioreflejos.com.ar\/2021\/hace-60-anos-israel-secuestro-en-buenos-aires-a-eichmann-el-cerebro-de-la-solucion-final-nazi\/#breadcrumb\"},\"inLanguage\":\"es\",\"potentialAction\":[{\"@type\":\"ReadAction\",\"target\":[\"https:\/\/www.noticiasradioreflejos.com.ar\/2021\/hace-60-anos-israel-secuestro-en-buenos-aires-a-eichmann-el-cerebro-de-la-solucion-final-nazi\/\"]}]},{\"@type\":\"ImageObject\",\"inLanguage\":\"es\",\"@id\":\"https:\/\/www.noticiasradioreflejos.com.ar\/2021\/hace-60-anos-israel-secuestro-en-buenos-aires-a-eichmann-el-cerebro-de-la-solucion-final-nazi\/#primaryimage\",\"url\":\"http:\/\/live.staticflickr.com\/65535\/49878862136_e862f39d45.jpg\",\"contentUrl\":\"http:\/\/live.staticflickr.com\/65535\/49878862136_e862f39d45.jpg\"},{\"@type\":\"BreadcrumbList\",\"@id\":\"https:\/\/www.noticiasradioreflejos.com.ar\/2021\/hace-60-anos-israel-secuestro-en-buenos-aires-a-eichmann-el-cerebro-de-la-solucion-final-nazi\/#breadcrumb\",\"itemListElement\":[{\"@type\":\"ListItem\",\"position\":1,\"name\":\"Portada\",\"item\":\"https:\/\/www.noticiasradioreflejos.com.ar\/2021\/\"},{\"@type\":\"ListItem\",\"position\":2,\"name\":\"Hace 60 a\u00f1os Israel secuestr\u00f3 en Buenos Aires a Eichmann, el cerebro de la \u00abSoluci\u00f3n Final\u00bb nazi\"}]},{\"@type\":\"WebSite\",\"@id\":\"https:\/\/www.noticiasradioreflejos.com.ar\/2021\/#website\",\"url\":\"https:\/\/www.noticiasradioreflejos.com.ar\/2021\/\",\"name\":\"Noticias Radio Reflejos\",\"description\":\"Las noticias de mi comarca\",\"potentialAction\":[{\"@type\":\"SearchAction\",\"target\":{\"@type\":\"EntryPoint\",\"urlTemplate\":\"https:\/\/www.noticiasradioreflejos.com.ar\/2021\/?s={search_term_string}\"},\"query-input\":{\"@type\":\"PropertyValueSpecification\",\"valueRequired\":true,\"valueName\":\"search_term_string\"}}],\"inLanguage\":\"es\"},{\"@type\":\"Person\",\"@id\":\"https:\/\/www.noticiasradioreflejos.com.ar\/2021\/#\/schema\/person\/ad82545263dcc5ec0996818884fd5fb1\",\"name\":\"Arnaldo Botto\",\"image\":{\"@type\":\"ImageObject\",\"inLanguage\":\"es\",\"@id\":\"https:\/\/www.noticiasradioreflejos.com.ar\/2021\/#\/schema\/person\/image\/\",\"url\":\"https:\/\/secure.gravatar.com\/avatar\/55cb5e37c1efa326397366e6974cb338056df65cb50e7d64d1cf314e87504837?s=96&d=mm&r=g\",\"contentUrl\":\"https:\/\/secure.gravatar.com\/avatar\/55cb5e37c1efa326397366e6974cb338056df65cb50e7d64d1cf314e87504837?s=96&d=mm&r=g\",\"caption\":\"Arnaldo Botto\"},\"url\":\"https:\/\/www.noticiasradioreflejos.com.ar\/2021\/author\/arnaldo\/\"}]}<\/script>\n<!-- \/ Yoast SEO plugin. -->","yoast_head_json":{"title":"Hace 60 a\u00f1os Israel secuestr\u00f3 en Buenos Aires a Eichmann, el cerebro de la \"Soluci\u00f3n Final\" nazi - Noticias Radio Reflejos","robots":{"index":"index","follow":"follow","max-snippet":"max-snippet:-1","max-image-preview":"max-image-preview:large","max-video-preview":"max-video-preview:-1"},"canonical":"https:\/\/www.noticiasradioreflejos.com.ar\/2021\/hace-60-anos-israel-secuestro-en-buenos-aires-a-eichmann-el-cerebro-de-la-solucion-final-nazi\/","og_locale":"es_ES","og_type":"article","og_title":"Hace 60 a\u00f1os Israel secuestr\u00f3 en Buenos Aires a Eichmann, el cerebro de la \"Soluci\u00f3n Final\" nazi - Noticias Radio Reflejos","og_description":"El 11 de mayo de 1960, Adolf Eichmann, el arquitecto del Holocausto nazi, fue secuestrado por agentes secretos israel\u00edes en Buenos Aires, donde se hab\u00eda ocultado tras escaparse de Alemania, y fue trasladado a Israel donde fue juzgado y ahorcado por cr\u00edmenes contra la humanidad. El alto funcionario alem\u00e1n se hab\u00eda ganado la consideraci\u00f3n y [&hellip;]","og_url":"https:\/\/www.noticiasradioreflejos.com.ar\/2021\/hace-60-anos-israel-secuestro-en-buenos-aires-a-eichmann-el-cerebro-de-la-solucion-final-nazi\/","og_site_name":"Noticias Radio Reflejos","article_published_time":"2020-05-10T15:30:37+00:00","og_image":[{"url":"http:\/\/live.staticflickr.com\/65535\/49878862136_e862f39d45.jpg","type":"","width":"","height":""}],"author":"Arnaldo Botto","twitter_card":"summary_large_image","schema":{"@context":"https:\/\/schema.org","@graph":[{"@type":"WebPage","@id":"https:\/\/www.noticiasradioreflejos.com.ar\/2021\/hace-60-anos-israel-secuestro-en-buenos-aires-a-eichmann-el-cerebro-de-la-solucion-final-nazi\/","url":"https:\/\/www.noticiasradioreflejos.com.ar\/2021\/hace-60-anos-israel-secuestro-en-buenos-aires-a-eichmann-el-cerebro-de-la-solucion-final-nazi\/","name":"Hace 60 a\u00f1os Israel secuestr\u00f3 en Buenos Aires a Eichmann, el cerebro de la \"Soluci\u00f3n Final\" nazi - Noticias Radio Reflejos","isPartOf":{"@id":"https:\/\/www.noticiasradioreflejos.com.ar\/2021\/#website"},"primaryImageOfPage":{"@id":"https:\/\/www.noticiasradioreflejos.com.ar\/2021\/hace-60-anos-israel-secuestro-en-buenos-aires-a-eichmann-el-cerebro-de-la-solucion-final-nazi\/#primaryimage"},"image":{"@id":"https:\/\/www.noticiasradioreflejos.com.ar\/2021\/hace-60-anos-israel-secuestro-en-buenos-aires-a-eichmann-el-cerebro-de-la-solucion-final-nazi\/#primaryimage"},"thumbnailUrl":"http:\/\/live.staticflickr.com\/65535\/49878862136_e862f39d45.jpg","datePublished":"2020-05-10T15:30:37+00:00","author":{"@id":"https:\/\/www.noticiasradioreflejos.com.ar\/2021\/#\/schema\/person\/ad82545263dcc5ec0996818884fd5fb1"},"breadcrumb":{"@id":"https:\/\/www.noticiasradioreflejos.com.ar\/2021\/hace-60-anos-israel-secuestro-en-buenos-aires-a-eichmann-el-cerebro-de-la-solucion-final-nazi\/#breadcrumb"},"inLanguage":"es","potentialAction":[{"@type":"ReadAction","target":["https:\/\/www.noticiasradioreflejos.com.ar\/2021\/hace-60-anos-israel-secuestro-en-buenos-aires-a-eichmann-el-cerebro-de-la-solucion-final-nazi\/"]}]},{"@type":"ImageObject","inLanguage":"es","@id":"https:\/\/www.noticiasradioreflejos.com.ar\/2021\/hace-60-anos-israel-secuestro-en-buenos-aires-a-eichmann-el-cerebro-de-la-solucion-final-nazi\/#primaryimage","url":"http:\/\/live.staticflickr.com\/65535\/49878862136_e862f39d45.jpg","contentUrl":"http:\/\/live.staticflickr.com\/65535\/49878862136_e862f39d45.jpg"},{"@type":"BreadcrumbList","@id":"https:\/\/www.noticiasradioreflejos.com.ar\/2021\/hace-60-anos-israel-secuestro-en-buenos-aires-a-eichmann-el-cerebro-de-la-solucion-final-nazi\/#breadcrumb","itemListElement":[{"@type":"ListItem","position":1,"name":"Portada","item":"https:\/\/www.noticiasradioreflejos.com.ar\/2021\/"},{"@type":"ListItem","position":2,"name":"Hace 60 a\u00f1os Israel secuestr\u00f3 en Buenos Aires a Eichmann, el cerebro de la \u00abSoluci\u00f3n Final\u00bb nazi"}]},{"@type":"WebSite","@id":"https:\/\/www.noticiasradioreflejos.com.ar\/2021\/#website","url":"https:\/\/www.noticiasradioreflejos.com.ar\/2021\/","name":"Noticias Radio Reflejos","description":"Las noticias de mi comarca","potentialAction":[{"@type":"SearchAction","target":{"@type":"EntryPoint","urlTemplate":"https:\/\/www.noticiasradioreflejos.com.ar\/2021\/?s={search_term_string}"},"query-input":{"@type":"PropertyValueSpecification","valueRequired":true,"valueName":"search_term_string"}}],"inLanguage":"es"},{"@type":"Person","@id":"https:\/\/www.noticiasradioreflejos.com.ar\/2021\/#\/schema\/person\/ad82545263dcc5ec0996818884fd5fb1","name":"Arnaldo Botto","image":{"@type":"ImageObject","inLanguage":"es","@id":"https:\/\/www.noticiasradioreflejos.com.ar\/2021\/#\/schema\/person\/image\/","url":"https:\/\/secure.gravatar.com\/avatar\/55cb5e37c1efa326397366e6974cb338056df65cb50e7d64d1cf314e87504837?s=96&d=mm&r=g","contentUrl":"https:\/\/secure.gravatar.com\/avatar\/55cb5e37c1efa326397366e6974cb338056df65cb50e7d64d1cf314e87504837?s=96&d=mm&r=g","caption":"Arnaldo Botto"},"url":"https:\/\/www.noticiasradioreflejos.com.ar\/2021\/author\/arnaldo\/"}]}},"_links":{"self":[{"href":"https:\/\/www.noticiasradioreflejos.com.ar\/2021\/wp-json\/wp\/v2\/posts\/41729","targetHints":{"allow":["GET"]}}],"collection":[{"href":"https:\/\/www.noticiasradioreflejos.com.ar\/2021\/wp-json\/wp\/v2\/posts"}],"about":[{"href":"https:\/\/www.noticiasradioreflejos.com.ar\/2021\/wp-json\/wp\/v2\/types\/post"}],"author":[{"embeddable":true,"href":"https:\/\/www.noticiasradioreflejos.com.ar\/2021\/wp-json\/wp\/v2\/users\/3"}],"replies":[{"embeddable":true,"href":"https:\/\/www.noticiasradioreflejos.com.ar\/2021\/wp-json\/wp\/v2\/comments?post=41729"}],"version-history":[{"count":0,"href":"https:\/\/www.noticiasradioreflejos.com.ar\/2021\/wp-json\/wp\/v2\/posts\/41729\/revisions"}],"wp:attachment":[{"href":"https:\/\/www.noticiasradioreflejos.com.ar\/2021\/wp-json\/wp\/v2\/media?parent=41729"}],"wp:term":[{"taxonomy":"category","embeddable":true,"href":"https:\/\/www.noticiasradioreflejos.com.ar\/2021\/wp-json\/wp\/v2\/categories?post=41729"},{"taxonomy":"post_tag","embeddable":true,"href":"https:\/\/www.noticiasradioreflejos.com.ar\/2021\/wp-json\/wp\/v2\/tags?post=41729"}],"curies":[{"name":"wp","href":"https:\/\/api.w.org\/{rel}","templated":true}]}}