{"id":41726,"date":"2020-05-10T12:26:12","date_gmt":"2020-05-10T15:26:12","guid":{"rendered":"http:\/\/www.noticiasradioreflejos.com.ar\/noticias\/?p=41726"},"modified":"2020-05-10T12:26:12","modified_gmt":"2020-05-10T15:26:12","slug":"cierran-por-14-dias-parque-eolico-de-villarino-tras-dos-casos-positivos-de-coronavirus","status":"publish","type":"post","link":"https:\/\/www.noticiasradioreflejos.com.ar\/2021\/cierran-por-14-dias-parque-eolico-de-villarino-tras-dos-casos-positivos-de-coronavirus\/","title":{"rendered":"Cierran por 14 d\u00edas parque e\u00f3lico de Villarino tras dos casos positivos de coronavirus"},"content":{"rendered":"<p>Un parque e\u00f3lico ubicado en el distrito de Villarino, en el sur de la provincia de Buenos Aires, deber\u00e1 cerrar por 14 d\u00edas luego que se detectaran dos casos positivos de coronavirus en dos trabajadores, informaron hoy fuentes comunales. Se trata de dos trabajadores oriundos de la provincia de C\u00f3rdoba, que residen en Bah\u00eda Blanca y que se desempe\u00f1an en una firma que opera en el parque e\u00f3lico ubicado en proximidades de Mayor Buratovich, en Villarino.<!--more--><\/p>\n<p>Desde la comuna se inform\u00f3 esta noche que \u00ablos operarios se encontraban trabajando ya que la actividad hab\u00eda sido exceptuada por el Gobierno nacional en el marco del aislamiento social, preventivo y obligatorio el 6 de abril a trav\u00e9s de la decisi\u00f3n administrativa 468\/2020\u00bb.<\/p>\n<p>\u00abLa empresa, en sus controles rutinarios detect\u00f3 ayer que los dos operarios presentaban s\u00edntomas por lo cual se les impidi\u00f3 el acceso al parque y se los aisl\u00f3 inmediatamente hasta obtener los resultados en el que hoy dieron positivos\u00bb, agregaron.<\/p>\n<p>Seg\u00fan se indic\u00f3 la secretar\u00eda de Salud del distrito de Villarino se puso en contacto en todo momento con la empresa con el \u00abfin de establecer los contactos estrechos de los contratistas, operarios, proveedores y otros para poder realizar el aislamiento preventivo y monitoreo de todas las personas\u00bb.<\/p>\n<p>\u00abAdemas se le ha notificado a la empresa que preventivamente por 14 d\u00edas se cierra el parque e\u00f3lico como as\u00ed tambi\u00e9n se pidi\u00f3 un informe de todas las personas que trabajan all\u00ed para aislarlas y realizarles un seguimiento con control de temperatura, aislamiento preventivo\u00bb, agregaron.<\/p>\n<p>Por su parte la secretaria de Salud de Villarino, Silvia Haure, llev\u00f3 tranquilidad a los vecinos del distrito al indicar que \u00abse est\u00e1 realizando el aislamiento de todas las personas que pueden llegar a ser contactos estrechos y se est\u00e1n tomando todas las medidas necesarias para evitar la transmisi\u00f3n del virus\u00bb.<\/p>\n","protected":false},"excerpt":{"rendered":"<p>Un parque e\u00f3lico ubicado en el distrito de Villarino, en el sur de la provincia de Buenos Aires, deber\u00e1 cerrar por 14 d\u00edas luego que se detectaran dos casos positivos de coronavirus en dos trabajadores, informaron hoy fuentes comunales. Se trata de dos trabajadores oriundos de la provincia de C\u00f3rdoba, que residen en Bah\u00eda Blanca [&hellip;]<\/p>\n","protected":false},"author":3,"featured_media":0,"comment_status":"closed","ping_status":"open","sticky":false,"template":"","format":"standard","meta":{"footnotes":""},"categories":[30],"tags":[],"class_list":["post-41726","post","type-post","status-publish","format-standard","hentry","category-salud"],"yoast_head":"<!-- This site is optimized with the Yoast SEO plugin v25.9 - https:\/\/yoast.com\/wordpress\/plugins\/seo\/ -->\n<title>Cierran por 14 d\u00edas parque e\u00f3lico de Villarino tras dos casos positivos de coronavirus - Noticias Radio Reflejos<\/title>\n<meta name=\"robots\" content=\"index, follow, max-snippet:-1, max-image-preview:large, max-video-preview:-1\" \/>\n<link rel=\"canonical\" href=\"https:\/\/www.noticiasradioreflejos.com.ar\/2021\/cierran-por-14-dias-parque-eolico-de-villarino-tras-dos-casos-positivos-de-coronavirus\/\" \/>\n<meta property=\"og:locale\" content=\"es_ES\" \/>\n<meta property=\"og:type\" content=\"article\" \/>\n<meta property=\"og:title\" content=\"Cierran por 14 d\u00edas parque e\u00f3lico de Villarino tras dos casos positivos de coronavirus - Noticias Radio Reflejos\" \/>\n<meta property=\"og:description\" content=\"Un parque e\u00f3lico ubicado en el distrito de Villarino, en el sur de la provincia de Buenos Aires, deber\u00e1 cerrar por 14 d\u00edas luego que se detectaran dos casos positivos de coronavirus en dos trabajadores, informaron hoy fuentes comunales. Se trata de dos trabajadores oriundos de la provincia de C\u00f3rdoba, que residen en Bah\u00eda Blanca [&hellip;]\" \/>\n<meta property=\"og:url\" content=\"https:\/\/www.noticiasradioreflejos.com.ar\/2021\/cierran-por-14-dias-parque-eolico-de-villarino-tras-dos-casos-positivos-de-coronavirus\/\" \/>\n<meta property=\"og:site_name\" content=\"Noticias Radio Reflejos\" \/>\n<meta property=\"article:published_time\" content=\"2020-05-10T15:26:12+00:00\" \/>\n<meta property=\"og:image\" content=\"https:\/\/www.noticiasradioreflejos.com.ar\/2021\/wp-content\/uploads\/2021\/07\/logosol300x200.png\" \/>\n\t<meta property=\"og:image:width\" content=\"300\" \/>\n\t<meta property=\"og:image:height\" content=\"200\" \/>\n\t<meta property=\"og:image:type\" content=\"image\/png\" \/>\n<meta name=\"author\" content=\"Arnaldo Botto\" \/>\n<meta name=\"twitter:card\" content=\"summary_large_image\" \/>\n<script type=\"application\/ld+json\" class=\"yoast-schema-graph\">{\"@context\":\"https:\/\/schema.org\",\"@graph\":[{\"@type\":\"WebPage\",\"@id\":\"https:\/\/www.noticiasradioreflejos.com.ar\/2021\/cierran-por-14-dias-parque-eolico-de-villarino-tras-dos-casos-positivos-de-coronavirus\/\",\"url\":\"https:\/\/www.noticiasradioreflejos.com.ar\/2021\/cierran-por-14-dias-parque-eolico-de-villarino-tras-dos-casos-positivos-de-coronavirus\/\",\"name\":\"Cierran por 14 d\u00edas parque e\u00f3lico de Villarino tras dos casos positivos de coronavirus - Noticias Radio Reflejos\",\"isPartOf\":{\"@id\":\"https:\/\/www.noticiasradioreflejos.com.ar\/2021\/#website\"},\"datePublished\":\"2020-05-10T15:26:12+00:00\",\"author\":{\"@id\":\"https:\/\/www.noticiasradioreflejos.com.ar\/2021\/#\/schema\/person\/ad82545263dcc5ec0996818884fd5fb1\"},\"breadcrumb\":{\"@id\":\"https:\/\/www.noticiasradioreflejos.com.ar\/2021\/cierran-por-14-dias-parque-eolico-de-villarino-tras-dos-casos-positivos-de-coronavirus\/#breadcrumb\"},\"inLanguage\":\"es\",\"potentialAction\":[{\"@type\":\"ReadAction\",\"target\":[\"https:\/\/www.noticiasradioreflejos.com.ar\/2021\/cierran-por-14-dias-parque-eolico-de-villarino-tras-dos-casos-positivos-de-coronavirus\/\"]}]},{\"@type\":\"BreadcrumbList\",\"@id\":\"https:\/\/www.noticiasradioreflejos.com.ar\/2021\/cierran-por-14-dias-parque-eolico-de-villarino-tras-dos-casos-positivos-de-coronavirus\/#breadcrumb\",\"itemListElement\":[{\"@type\":\"ListItem\",\"position\":1,\"name\":\"Portada\",\"item\":\"https:\/\/www.noticiasradioreflejos.com.ar\/2021\/\"},{\"@type\":\"ListItem\",\"position\":2,\"name\":\"Cierran por 14 d\u00edas parque e\u00f3lico de Villarino tras dos casos positivos de coronavirus\"}]},{\"@type\":\"WebSite\",\"@id\":\"https:\/\/www.noticiasradioreflejos.com.ar\/2021\/#website\",\"url\":\"https:\/\/www.noticiasradioreflejos.com.ar\/2021\/\",\"name\":\"Noticias Radio Reflejos\",\"description\":\"Las noticias de mi comarca\",\"potentialAction\":[{\"@type\":\"SearchAction\",\"target\":{\"@type\":\"EntryPoint\",\"urlTemplate\":\"https:\/\/www.noticiasradioreflejos.com.ar\/2021\/?s={search_term_string}\"},\"query-input\":{\"@type\":\"PropertyValueSpecification\",\"valueRequired\":true,\"valueName\":\"search_term_string\"}}],\"inLanguage\":\"es\"},{\"@type\":\"Person\",\"@id\":\"https:\/\/www.noticiasradioreflejos.com.ar\/2021\/#\/schema\/person\/ad82545263dcc5ec0996818884fd5fb1\",\"name\":\"Arnaldo Botto\",\"image\":{\"@type\":\"ImageObject\",\"inLanguage\":\"es\",\"@id\":\"https:\/\/www.noticiasradioreflejos.com.ar\/2021\/#\/schema\/person\/image\/\",\"url\":\"https:\/\/secure.gravatar.com\/avatar\/55cb5e37c1efa326397366e6974cb338056df65cb50e7d64d1cf314e87504837?s=96&d=mm&r=g\",\"contentUrl\":\"https:\/\/secure.gravatar.com\/avatar\/55cb5e37c1efa326397366e6974cb338056df65cb50e7d64d1cf314e87504837?s=96&d=mm&r=g\",\"caption\":\"Arnaldo Botto\"},\"url\":\"https:\/\/www.noticiasradioreflejos.com.ar\/2021\/author\/arnaldo\/\"}]}<\/script>\n<!-- \/ Yoast SEO plugin. -->","yoast_head_json":{"title":"Cierran por 14 d\u00edas parque e\u00f3lico de Villarino tras dos casos positivos de coronavirus - Noticias Radio Reflejos","robots":{"index":"index","follow":"follow","max-snippet":"max-snippet:-1","max-image-preview":"max-image-preview:large","max-video-preview":"max-video-preview:-1"},"canonical":"https:\/\/www.noticiasradioreflejos.com.ar\/2021\/cierran-por-14-dias-parque-eolico-de-villarino-tras-dos-casos-positivos-de-coronavirus\/","og_locale":"es_ES","og_type":"article","og_title":"Cierran por 14 d\u00edas parque e\u00f3lico de Villarino tras dos casos positivos de coronavirus - Noticias Radio Reflejos","og_description":"Un parque e\u00f3lico ubicado en el distrito de Villarino, en el sur de la provincia de Buenos Aires, deber\u00e1 cerrar por 14 d\u00edas luego que se detectaran dos casos positivos de coronavirus en dos trabajadores, informaron hoy fuentes comunales. Se trata de dos trabajadores oriundos de la provincia de C\u00f3rdoba, que residen en Bah\u00eda Blanca [&hellip;]","og_url":"https:\/\/www.noticiasradioreflejos.com.ar\/2021\/cierran-por-14-dias-parque-eolico-de-villarino-tras-dos-casos-positivos-de-coronavirus\/","og_site_name":"Noticias Radio Reflejos","article_published_time":"2020-05-10T15:26:12+00:00","og_image":[{"width":300,"height":200,"url":"https:\/\/www.noticiasradioreflejos.com.ar\/2021\/wp-content\/uploads\/2021\/07\/logosol300x200.png","type":"image\/png"}],"author":"Arnaldo Botto","twitter_card":"summary_large_image","schema":{"@context":"https:\/\/schema.org","@graph":[{"@type":"WebPage","@id":"https:\/\/www.noticiasradioreflejos.com.ar\/2021\/cierran-por-14-dias-parque-eolico-de-villarino-tras-dos-casos-positivos-de-coronavirus\/","url":"https:\/\/www.noticiasradioreflejos.com.ar\/2021\/cierran-por-14-dias-parque-eolico-de-villarino-tras-dos-casos-positivos-de-coronavirus\/","name":"Cierran por 14 d\u00edas parque e\u00f3lico de Villarino tras dos casos positivos de coronavirus - Noticias Radio Reflejos","isPartOf":{"@id":"https:\/\/www.noticiasradioreflejos.com.ar\/2021\/#website"},"datePublished":"2020-05-10T15:26:12+00:00","author":{"@id":"https:\/\/www.noticiasradioreflejos.com.ar\/2021\/#\/schema\/person\/ad82545263dcc5ec0996818884fd5fb1"},"breadcrumb":{"@id":"https:\/\/www.noticiasradioreflejos.com.ar\/2021\/cierran-por-14-dias-parque-eolico-de-villarino-tras-dos-casos-positivos-de-coronavirus\/#breadcrumb"},"inLanguage":"es","potentialAction":[{"@type":"ReadAction","target":["https:\/\/www.noticiasradioreflejos.com.ar\/2021\/cierran-por-14-dias-parque-eolico-de-villarino-tras-dos-casos-positivos-de-coronavirus\/"]}]},{"@type":"BreadcrumbList","@id":"https:\/\/www.noticiasradioreflejos.com.ar\/2021\/cierran-por-14-dias-parque-eolico-de-villarino-tras-dos-casos-positivos-de-coronavirus\/#breadcrumb","itemListElement":[{"@type":"ListItem","position":1,"name":"Portada","item":"https:\/\/www.noticiasradioreflejos.com.ar\/2021\/"},{"@type":"ListItem","position":2,"name":"Cierran por 14 d\u00edas parque e\u00f3lico de Villarino tras dos casos positivos de coronavirus"}]},{"@type":"WebSite","@id":"https:\/\/www.noticiasradioreflejos.com.ar\/2021\/#website","url":"https:\/\/www.noticiasradioreflejos.com.ar\/2021\/","name":"Noticias Radio Reflejos","description":"Las noticias de mi comarca","potentialAction":[{"@type":"SearchAction","target":{"@type":"EntryPoint","urlTemplate":"https:\/\/www.noticiasradioreflejos.com.ar\/2021\/?s={search_term_string}"},"query-input":{"@type":"PropertyValueSpecification","valueRequired":true,"valueName":"search_term_string"}}],"inLanguage":"es"},{"@type":"Person","@id":"https:\/\/www.noticiasradioreflejos.com.ar\/2021\/#\/schema\/person\/ad82545263dcc5ec0996818884fd5fb1","name":"Arnaldo Botto","image":{"@type":"ImageObject","inLanguage":"es","@id":"https:\/\/www.noticiasradioreflejos.com.ar\/2021\/#\/schema\/person\/image\/","url":"https:\/\/secure.gravatar.com\/avatar\/55cb5e37c1efa326397366e6974cb338056df65cb50e7d64d1cf314e87504837?s=96&d=mm&r=g","contentUrl":"https:\/\/secure.gravatar.com\/avatar\/55cb5e37c1efa326397366e6974cb338056df65cb50e7d64d1cf314e87504837?s=96&d=mm&r=g","caption":"Arnaldo Botto"},"url":"https:\/\/www.noticiasradioreflejos.com.ar\/2021\/author\/arnaldo\/"}]}},"_links":{"self":[{"href":"https:\/\/www.noticiasradioreflejos.com.ar\/2021\/wp-json\/wp\/v2\/posts\/41726","targetHints":{"allow":["GET"]}}],"collection":[{"href":"https:\/\/www.noticiasradioreflejos.com.ar\/2021\/wp-json\/wp\/v2\/posts"}],"about":[{"href":"https:\/\/www.noticiasradioreflejos.com.ar\/2021\/wp-json\/wp\/v2\/types\/post"}],"author":[{"embeddable":true,"href":"https:\/\/www.noticiasradioreflejos.com.ar\/2021\/wp-json\/wp\/v2\/users\/3"}],"replies":[{"embeddable":true,"href":"https:\/\/www.noticiasradioreflejos.com.ar\/2021\/wp-json\/wp\/v2\/comments?post=41726"}],"version-history":[{"count":0,"href":"https:\/\/www.noticiasradioreflejos.com.ar\/2021\/wp-json\/wp\/v2\/posts\/41726\/revisions"}],"wp:attachment":[{"href":"https:\/\/www.noticiasradioreflejos.com.ar\/2021\/wp-json\/wp\/v2\/media?parent=41726"}],"wp:term":[{"taxonomy":"category","embeddable":true,"href":"https:\/\/www.noticiasradioreflejos.com.ar\/2021\/wp-json\/wp\/v2\/categories?post=41726"},{"taxonomy":"post_tag","embeddable":true,"href":"https:\/\/www.noticiasradioreflejos.com.ar\/2021\/wp-json\/wp\/v2\/tags?post=41726"}],"curies":[{"name":"wp","href":"https:\/\/api.w.org\/{rel}","templated":true}]}}