{"id":41723,"date":"2020-05-10T12:21:21","date_gmt":"2020-05-10T15:21:21","guid":{"rendered":"http:\/\/www.noticiasradioreflejos.com.ar\/noticias\/?p=41723"},"modified":"2020-05-10T12:21:21","modified_gmt":"2020-05-10T15:21:21","slug":"desde-este-lunes-11-de-mayo-se-pondra-en-funcionamiento-la-linea-de-credito-para-mipymes-que-no-tienen-prestamos-vigentes","status":"publish","type":"post","link":"https:\/\/www.noticiasradioreflejos.com.ar\/2021\/desde-este-lunes-11-de-mayo-se-pondra-en-funcionamiento-la-linea-de-credito-para-mipymes-que-no-tienen-prestamos-vigentes\/","title":{"rendered":"Desde este lunes 11 de mayo se pondr\u00e1 en funcionamiento la l\u00ednea de cr\u00e9dito para MiPyMEs que no tienen pr\u00e9stamos vigentes"},"content":{"rendered":"<p>Las micro, peque\u00f1as y medianas empresas (mipymes) que actualmente no tienen cr\u00e9ditos vigentes podr\u00e1n acceder a partir de ma\u00f1ana a un pr\u00e9stamo con la tasa subsidiada de 24%, seg\u00fan lo establecido por el Banco Central de la Rep\u00fablica Argentina. A trav\u00e9s de la Comunicaci\u00f3n A7006, el BCRA indic\u00f3 que se estima que m\u00e1s de 200 mil empresas est\u00e1n en condiciones de solicitar estos cr\u00e9ditos de la l\u00ednea PyME Plus, con m\u00ednimos requisitos.<!--more--><\/p>\n<p>El cr\u00e9dito tiene una tasa fija del 24 por ciento por un a\u00f1o con un per\u00edodo de gracia de tres meses y como requisito, las empresas deber\u00e1n contar con el certificado MiPyME, cuyo tr\u00e1mite se inicia en la web de AFIP y es otorgado por el Ministerio de Desarrollo Productivo.<\/p>\n<p>En el caso de presentar la garant\u00eda del Fondo de Garant\u00edas Argentino (FoGAr), los bancos estar\u00e1n obligados a otorgar estas financiaciones.<\/p>\n<p>El BCRA habilit\u00f3 esta l\u00ednea que tendr\u00e1 disponibles alrededor de 22.000 millones de pesos y cuyo fondeo estar\u00e1 compuesto por una reducci\u00f3n en el stock de Leliq y la liberaci\u00f3n de encajes bancarios.<\/p>\n<p>La l\u00ednea se suma a la vigente para MiPyMEs a 24%, que lleva aprobado y en proceso cr\u00e9ditos por 199.674,2 millones de pesos, de los cuales se desembolsaron 156.811,6 millones, entre un total de 100.332 empresas.<\/p>\n<p>Las entidades que no presten los montos estipulados por esta nueva l\u00ednea ser\u00e1n penalizados con una reducci\u00f3n en su posici\u00f3n de Leliq de hasta 3 puntos, se\u00f1al\u00f3 la Comunicaci\u00f3n.<\/p>\n<p>Las empresas que accedan a los cr\u00e9ditos a tasa subsidiada a trav\u00e9s de las l\u00edneas MiPyME o la nueva PyME Plus deber\u00e1n pedir la conformidad del BCRA para acceder al Mercado \u00danico y Libre de Cambios para la adquisici\u00f3n de divisas.<\/p>\n","protected":false},"excerpt":{"rendered":"<p>Las micro, peque\u00f1as y medianas empresas (mipymes) que actualmente no tienen cr\u00e9ditos vigentes podr\u00e1n acceder a partir de ma\u00f1ana a un pr\u00e9stamo con la tasa subsidiada de 24%, seg\u00fan lo establecido por el Banco Central de la Rep\u00fablica Argentina. A trav\u00e9s de la Comunicaci\u00f3n A7006, el BCRA indic\u00f3 que se estima que m\u00e1s de 200 [&hellip;]<\/p>\n","protected":false},"author":3,"featured_media":0,"comment_status":"closed","ping_status":"open","sticky":false,"template":"","format":"standard","meta":{"footnotes":""},"categories":[36],"tags":[],"class_list":["post-41723","post","type-post","status-publish","format-standard","hentry","category-economia"],"yoast_head":"<!-- This site is optimized with the Yoast SEO plugin v25.9 - https:\/\/yoast.com\/wordpress\/plugins\/seo\/ -->\n<title>Desde este lunes 11 de mayo se pondr\u00e1 en funcionamiento la l\u00ednea de cr\u00e9dito para MiPyMEs que no tienen pr\u00e9stamos vigentes - Noticias Radio Reflejos<\/title>\n<meta name=\"robots\" content=\"index, follow, max-snippet:-1, max-image-preview:large, max-video-preview:-1\" \/>\n<link rel=\"canonical\" href=\"https:\/\/www.noticiasradioreflejos.com.ar\/2021\/desde-este-lunes-11-de-mayo-se-pondra-en-funcionamiento-la-linea-de-credito-para-mipymes-que-no-tienen-prestamos-vigentes\/\" \/>\n<meta property=\"og:locale\" content=\"es_ES\" \/>\n<meta property=\"og:type\" content=\"article\" \/>\n<meta property=\"og:title\" content=\"Desde este lunes 11 de mayo se pondr\u00e1 en funcionamiento la l\u00ednea de cr\u00e9dito para MiPyMEs que no tienen pr\u00e9stamos vigentes - Noticias Radio Reflejos\" \/>\n<meta property=\"og:description\" content=\"Las micro, peque\u00f1as y medianas empresas (mipymes) que actualmente no tienen cr\u00e9ditos vigentes podr\u00e1n acceder a partir de ma\u00f1ana a un pr\u00e9stamo con la tasa subsidiada de 24%, seg\u00fan lo establecido por el Banco Central de la Rep\u00fablica Argentina. A trav\u00e9s de la Comunicaci\u00f3n A7006, el BCRA indic\u00f3 que se estima que m\u00e1s de 200 [&hellip;]\" \/>\n<meta property=\"og:url\" content=\"https:\/\/www.noticiasradioreflejos.com.ar\/2021\/desde-este-lunes-11-de-mayo-se-pondra-en-funcionamiento-la-linea-de-credito-para-mipymes-que-no-tienen-prestamos-vigentes\/\" \/>\n<meta property=\"og:site_name\" content=\"Noticias Radio Reflejos\" \/>\n<meta property=\"article:published_time\" content=\"2020-05-10T15:21:21+00:00\" \/>\n<meta property=\"og:image\" content=\"https:\/\/www.noticiasradioreflejos.com.ar\/2021\/wp-content\/uploads\/2021\/07\/logosol300x200.png\" \/>\n\t<meta property=\"og:image:width\" content=\"300\" \/>\n\t<meta property=\"og:image:height\" content=\"200\" \/>\n\t<meta property=\"og:image:type\" content=\"image\/png\" \/>\n<meta name=\"author\" content=\"Arnaldo Botto\" \/>\n<meta name=\"twitter:card\" content=\"summary_large_image\" \/>\n<script type=\"application\/ld+json\" class=\"yoast-schema-graph\">{\"@context\":\"https:\/\/schema.org\",\"@graph\":[{\"@type\":\"WebPage\",\"@id\":\"https:\/\/www.noticiasradioreflejos.com.ar\/2021\/desde-este-lunes-11-de-mayo-se-pondra-en-funcionamiento-la-linea-de-credito-para-mipymes-que-no-tienen-prestamos-vigentes\/\",\"url\":\"https:\/\/www.noticiasradioreflejos.com.ar\/2021\/desde-este-lunes-11-de-mayo-se-pondra-en-funcionamiento-la-linea-de-credito-para-mipymes-que-no-tienen-prestamos-vigentes\/\",\"name\":\"Desde este lunes 11 de mayo se pondr\u00e1 en funcionamiento la l\u00ednea de cr\u00e9dito para MiPyMEs que no tienen pr\u00e9stamos vigentes - Noticias Radio Reflejos\",\"isPartOf\":{\"@id\":\"https:\/\/www.noticiasradioreflejos.com.ar\/2021\/#website\"},\"datePublished\":\"2020-05-10T15:21:21+00:00\",\"author\":{\"@id\":\"https:\/\/www.noticiasradioreflejos.com.ar\/2021\/#\/schema\/person\/ad82545263dcc5ec0996818884fd5fb1\"},\"breadcrumb\":{\"@id\":\"https:\/\/www.noticiasradioreflejos.com.ar\/2021\/desde-este-lunes-11-de-mayo-se-pondra-en-funcionamiento-la-linea-de-credito-para-mipymes-que-no-tienen-prestamos-vigentes\/#breadcrumb\"},\"inLanguage\":\"es\",\"potentialAction\":[{\"@type\":\"ReadAction\",\"target\":[\"https:\/\/www.noticiasradioreflejos.com.ar\/2021\/desde-este-lunes-11-de-mayo-se-pondra-en-funcionamiento-la-linea-de-credito-para-mipymes-que-no-tienen-prestamos-vigentes\/\"]}]},{\"@type\":\"BreadcrumbList\",\"@id\":\"https:\/\/www.noticiasradioreflejos.com.ar\/2021\/desde-este-lunes-11-de-mayo-se-pondra-en-funcionamiento-la-linea-de-credito-para-mipymes-que-no-tienen-prestamos-vigentes\/#breadcrumb\",\"itemListElement\":[{\"@type\":\"ListItem\",\"position\":1,\"name\":\"Portada\",\"item\":\"https:\/\/www.noticiasradioreflejos.com.ar\/2021\/\"},{\"@type\":\"ListItem\",\"position\":2,\"name\":\"Desde este lunes 11 de mayo se pondr\u00e1 en funcionamiento la l\u00ednea de cr\u00e9dito para MiPyMEs que no tienen pr\u00e9stamos vigentes\"}]},{\"@type\":\"WebSite\",\"@id\":\"https:\/\/www.noticiasradioreflejos.com.ar\/2021\/#website\",\"url\":\"https:\/\/www.noticiasradioreflejos.com.ar\/2021\/\",\"name\":\"Noticias Radio Reflejos\",\"description\":\"Las noticias de mi comarca\",\"potentialAction\":[{\"@type\":\"SearchAction\",\"target\":{\"@type\":\"EntryPoint\",\"urlTemplate\":\"https:\/\/www.noticiasradioreflejos.com.ar\/2021\/?s={search_term_string}\"},\"query-input\":{\"@type\":\"PropertyValueSpecification\",\"valueRequired\":true,\"valueName\":\"search_term_string\"}}],\"inLanguage\":\"es\"},{\"@type\":\"Person\",\"@id\":\"https:\/\/www.noticiasradioreflejos.com.ar\/2021\/#\/schema\/person\/ad82545263dcc5ec0996818884fd5fb1\",\"name\":\"Arnaldo Botto\",\"image\":{\"@type\":\"ImageObject\",\"inLanguage\":\"es\",\"@id\":\"https:\/\/www.noticiasradioreflejos.com.ar\/2021\/#\/schema\/person\/image\/\",\"url\":\"https:\/\/secure.gravatar.com\/avatar\/55cb5e37c1efa326397366e6974cb338056df65cb50e7d64d1cf314e87504837?s=96&d=mm&r=g\",\"contentUrl\":\"https:\/\/secure.gravatar.com\/avatar\/55cb5e37c1efa326397366e6974cb338056df65cb50e7d64d1cf314e87504837?s=96&d=mm&r=g\",\"caption\":\"Arnaldo Botto\"},\"url\":\"https:\/\/www.noticiasradioreflejos.com.ar\/2021\/author\/arnaldo\/\"}]}<\/script>\n<!-- \/ Yoast SEO plugin. -->","yoast_head_json":{"title":"Desde este lunes 11 de mayo se pondr\u00e1 en funcionamiento la l\u00ednea de cr\u00e9dito para MiPyMEs que no tienen pr\u00e9stamos vigentes - Noticias Radio Reflejos","robots":{"index":"index","follow":"follow","max-snippet":"max-snippet:-1","max-image-preview":"max-image-preview:large","max-video-preview":"max-video-preview:-1"},"canonical":"https:\/\/www.noticiasradioreflejos.com.ar\/2021\/desde-este-lunes-11-de-mayo-se-pondra-en-funcionamiento-la-linea-de-credito-para-mipymes-que-no-tienen-prestamos-vigentes\/","og_locale":"es_ES","og_type":"article","og_title":"Desde este lunes 11 de mayo se pondr\u00e1 en funcionamiento la l\u00ednea de cr\u00e9dito para MiPyMEs que no tienen pr\u00e9stamos vigentes - Noticias Radio Reflejos","og_description":"Las micro, peque\u00f1as y medianas empresas (mipymes) que actualmente no tienen cr\u00e9ditos vigentes podr\u00e1n acceder a partir de ma\u00f1ana a un pr\u00e9stamo con la tasa subsidiada de 24%, seg\u00fan lo establecido por el Banco Central de la Rep\u00fablica Argentina. A trav\u00e9s de la Comunicaci\u00f3n A7006, el BCRA indic\u00f3 que se estima que m\u00e1s de 200 [&hellip;]","og_url":"https:\/\/www.noticiasradioreflejos.com.ar\/2021\/desde-este-lunes-11-de-mayo-se-pondra-en-funcionamiento-la-linea-de-credito-para-mipymes-que-no-tienen-prestamos-vigentes\/","og_site_name":"Noticias Radio Reflejos","article_published_time":"2020-05-10T15:21:21+00:00","og_image":[{"width":300,"height":200,"url":"https:\/\/www.noticiasradioreflejos.com.ar\/2021\/wp-content\/uploads\/2021\/07\/logosol300x200.png","type":"image\/png"}],"author":"Arnaldo Botto","twitter_card":"summary_large_image","schema":{"@context":"https:\/\/schema.org","@graph":[{"@type":"WebPage","@id":"https:\/\/www.noticiasradioreflejos.com.ar\/2021\/desde-este-lunes-11-de-mayo-se-pondra-en-funcionamiento-la-linea-de-credito-para-mipymes-que-no-tienen-prestamos-vigentes\/","url":"https:\/\/www.noticiasradioreflejos.com.ar\/2021\/desde-este-lunes-11-de-mayo-se-pondra-en-funcionamiento-la-linea-de-credito-para-mipymes-que-no-tienen-prestamos-vigentes\/","name":"Desde este lunes 11 de mayo se pondr\u00e1 en funcionamiento la l\u00ednea de cr\u00e9dito para MiPyMEs que no tienen pr\u00e9stamos vigentes - Noticias Radio Reflejos","isPartOf":{"@id":"https:\/\/www.noticiasradioreflejos.com.ar\/2021\/#website"},"datePublished":"2020-05-10T15:21:21+00:00","author":{"@id":"https:\/\/www.noticiasradioreflejos.com.ar\/2021\/#\/schema\/person\/ad82545263dcc5ec0996818884fd5fb1"},"breadcrumb":{"@id":"https:\/\/www.noticiasradioreflejos.com.ar\/2021\/desde-este-lunes-11-de-mayo-se-pondra-en-funcionamiento-la-linea-de-credito-para-mipymes-que-no-tienen-prestamos-vigentes\/#breadcrumb"},"inLanguage":"es","potentialAction":[{"@type":"ReadAction","target":["https:\/\/www.noticiasradioreflejos.com.ar\/2021\/desde-este-lunes-11-de-mayo-se-pondra-en-funcionamiento-la-linea-de-credito-para-mipymes-que-no-tienen-prestamos-vigentes\/"]}]},{"@type":"BreadcrumbList","@id":"https:\/\/www.noticiasradioreflejos.com.ar\/2021\/desde-este-lunes-11-de-mayo-se-pondra-en-funcionamiento-la-linea-de-credito-para-mipymes-que-no-tienen-prestamos-vigentes\/#breadcrumb","itemListElement":[{"@type":"ListItem","position":1,"name":"Portada","item":"https:\/\/www.noticiasradioreflejos.com.ar\/2021\/"},{"@type":"ListItem","position":2,"name":"Desde este lunes 11 de mayo se pondr\u00e1 en funcionamiento la l\u00ednea de cr\u00e9dito para MiPyMEs que no tienen pr\u00e9stamos vigentes"}]},{"@type":"WebSite","@id":"https:\/\/www.noticiasradioreflejos.com.ar\/2021\/#website","url":"https:\/\/www.noticiasradioreflejos.com.ar\/2021\/","name":"Noticias Radio Reflejos","description":"Las noticias de mi comarca","potentialAction":[{"@type":"SearchAction","target":{"@type":"EntryPoint","urlTemplate":"https:\/\/www.noticiasradioreflejos.com.ar\/2021\/?s={search_term_string}"},"query-input":{"@type":"PropertyValueSpecification","valueRequired":true,"valueName":"search_term_string"}}],"inLanguage":"es"},{"@type":"Person","@id":"https:\/\/www.noticiasradioreflejos.com.ar\/2021\/#\/schema\/person\/ad82545263dcc5ec0996818884fd5fb1","name":"Arnaldo Botto","image":{"@type":"ImageObject","inLanguage":"es","@id":"https:\/\/www.noticiasradioreflejos.com.ar\/2021\/#\/schema\/person\/image\/","url":"https:\/\/secure.gravatar.com\/avatar\/55cb5e37c1efa326397366e6974cb338056df65cb50e7d64d1cf314e87504837?s=96&d=mm&r=g","contentUrl":"https:\/\/secure.gravatar.com\/avatar\/55cb5e37c1efa326397366e6974cb338056df65cb50e7d64d1cf314e87504837?s=96&d=mm&r=g","caption":"Arnaldo Botto"},"url":"https:\/\/www.noticiasradioreflejos.com.ar\/2021\/author\/arnaldo\/"}]}},"_links":{"self":[{"href":"https:\/\/www.noticiasradioreflejos.com.ar\/2021\/wp-json\/wp\/v2\/posts\/41723","targetHints":{"allow":["GET"]}}],"collection":[{"href":"https:\/\/www.noticiasradioreflejos.com.ar\/2021\/wp-json\/wp\/v2\/posts"}],"about":[{"href":"https:\/\/www.noticiasradioreflejos.com.ar\/2021\/wp-json\/wp\/v2\/types\/post"}],"author":[{"embeddable":true,"href":"https:\/\/www.noticiasradioreflejos.com.ar\/2021\/wp-json\/wp\/v2\/users\/3"}],"replies":[{"embeddable":true,"href":"https:\/\/www.noticiasradioreflejos.com.ar\/2021\/wp-json\/wp\/v2\/comments?post=41723"}],"version-history":[{"count":0,"href":"https:\/\/www.noticiasradioreflejos.com.ar\/2021\/wp-json\/wp\/v2\/posts\/41723\/revisions"}],"wp:attachment":[{"href":"https:\/\/www.noticiasradioreflejos.com.ar\/2021\/wp-json\/wp\/v2\/media?parent=41723"}],"wp:term":[{"taxonomy":"category","embeddable":true,"href":"https:\/\/www.noticiasradioreflejos.com.ar\/2021\/wp-json\/wp\/v2\/categories?post=41723"},{"taxonomy":"post_tag","embeddable":true,"href":"https:\/\/www.noticiasradioreflejos.com.ar\/2021\/wp-json\/wp\/v2\/tags?post=41723"}],"curies":[{"name":"wp","href":"https:\/\/api.w.org\/{rel}","templated":true}]}}