{"id":4167,"date":"2016-11-29T11:42:40","date_gmt":"2016-11-29T11:42:40","guid":{"rendered":"http:\/\/noticiasradioreflejos.com.ar\/noticias\/?p=4167"},"modified":"2016-11-29T11:42:40","modified_gmt":"2016-11-29T11:42:40","slug":"el-frente-popular-25-de-frebrero-presento-una-carta-al-concejo-deliberante-por-los-trenes-suspendidos","status":"publish","type":"post","link":"https:\/\/www.noticiasradioreflejos.com.ar\/2021\/el-frente-popular-25-de-frebrero-presento-una-carta-al-concejo-deliberante-por-los-trenes-suspendidos\/","title":{"rendered":"El Frente Popular 25 de frebrero present\u00f3 una carta al Concejo Deliberante por los trenes suspendidos"},"content":{"rendered":"<p>El Frente Popular 25 de febrero present\u00f3 en la mesa de entrada del HCD de Tornquist el viernes 25 del corriente una carta en la cual solicitan lo siguiente:<!--more--><\/p>\n<p class=\"m_-8044372504557960557gmail-MsoNoSpacing\">Al Presidente del HCD<\/p>\n<p class=\"m_-8044372504557960557gmail-MsoNoSpacing\">Se\u00f1or \u2026\u2026\u2026\u2026\u2026\u2026\u2026\u2026\u2026..<\/p>\n<p class=\"m_-8044372504557960557gmail-MsoNoSpacing\"><b><u>SU DESPACHO<\/u><\/b><\/p>\n<p class=\"m_-8044372504557960557gmail-MsoNoSpacing\"><b><u>Ref.:<\/u><\/b> FERROBAIRES \u2013 S\/respuesta a reclamos de la comunidad<\/p>\n<p class=\"m_-8044372504557960557gmail-MsoNoSpacing\"><span class=\"m_-8044372504557960557gmail-apple-converted-space\">Los reclamos de las comunidades de los pueblos que han quedado aislados porque el gobierno provincial ha decidido interrumpir el servicio de trenes, son de conocimiento p\u00fablico. En nuestra comarca, <\/span>se repiten con insistencia las peticiones de los vecinos -incluyendo al\u00a0 Frente Popular 25 de febrero- solicitando la vuelta del tren.<\/p>\n<p class=\"m_-8044372504557960557gmail-MsoNoSpacing\">Pasados unos cuantos meses\u00a0 FERROBAIRES, al fin, \u00a0respondi\u00f3 al Concejo Deliberante de Tornquist pero ni una letra de dicha respuesta se compadece con el\u00a0 da\u00f1o que ocasiona la medida unilateralmente adoptada. Ante esta realidad de unas pocas l\u00edneas que son la nada misma, reflexionamos partiendo de interrogantes que exigen verdaderas respuestas: \u00bfCu\u00e1l es el rol de las autoridades locales?, \u00bfacaso son meros gestores, intermediarios, distribuidores de correspondencia de los reclamos vecinales?, \u00bfel Intendente se ha desentendido de la cuesti\u00f3n asumiendo que no es de su incumbencia?<\/p>\n<p class=\"m_-8044372504557960557gmail-MsoNoSpacing\">La ciudadan\u00eda elige a sus gobernantes en la creencia de que se har\u00e1n cargo de la responsabilidad de proteger los intereses de sus gobernados, que una vez \u00a0en la funci\u00f3n p\u00fablica llevar\u00e1n adelante \u00a0el compromiso de gestionar en representaci\u00f3n de los vecinos, que ser\u00e1 m\u00e1s exigente ante las instancias superiores mostr\u00e1ndoles que la comunidad lo observa y aguarda una respuesta concreta, que si siente que lo excede la resoluci\u00f3n de un problema que afecta a la movilidad social y econ\u00f3mica del distrito que gobierna tendr\u00e1 la capacidad de acercarse a los damnificados para dar las explicaciones pertinentes.<\/p>\n<p class=\"m_-8044372504557960557gmail-MsoNoSpacing\">Pero nada de eso est\u00e1 sucediendo y nuestra incertidumbre de ciudadanos desprotegidos aumenta con el correr del tiempo sin saber qu\u00e9 pasar\u00e1 con el tren que nos falta ni c\u00f3mo se plantar\u00e1 el jefe comunal si la decisi\u00f3n de cancelar el servicio viene de su misma fuerza pol\u00edtica.<\/p>\n<p class=\"m_-8044372504557960557gmail-MsoNoSpacing\">Ante la pobreza de las respuestas, le solicitamos al se\u00f1or Presidente del HCD\u00a0 y, por su intermedio a quien corresponda, que arbitre los medios para que a la brevedad se nos informe cu\u00e1l es el verdadero alcance de la cancelaci\u00f3n del servicio ferroviario para que todos nosotros, los perjudicados, tengamos \u00a0las cosas m\u00e1s claras, lo que no implica bajarnos del tren sino seguir subidos a \u00e9l redoblando la fuerza de los reclamos para que regrese.<\/p>\n","protected":false},"excerpt":{"rendered":"<p>El Frente Popular 25 de febrero present\u00f3 en la mesa de entrada del HCD de Tornquist el viernes 25 del corriente una carta en la cual solicitan lo siguiente:<\/p>\n","protected":false},"author":3,"featured_media":0,"comment_status":"closed","ping_status":"open","sticky":false,"template":"","format":"standard","meta":{"footnotes":""},"categories":[24],"tags":[],"class_list":["post-4167","post","type-post","status-publish","format-standard","hentry","category-politica"],"yoast_head":"<!-- This site is optimized with the Yoast SEO plugin v25.9 - https:\/\/yoast.com\/wordpress\/plugins\/seo\/ -->\n<title>El Frente Popular 25 de frebrero present\u00f3 una carta al Concejo Deliberante por los trenes suspendidos - Noticias Radio Reflejos<\/title>\n<meta name=\"robots\" content=\"index, follow, max-snippet:-1, max-image-preview:large, max-video-preview:-1\" \/>\n<link rel=\"canonical\" href=\"https:\/\/www.noticiasradioreflejos.com.ar\/2021\/el-frente-popular-25-de-frebrero-presento-una-carta-al-concejo-deliberante-por-los-trenes-suspendidos\/\" \/>\n<meta property=\"og:locale\" content=\"es_ES\" \/>\n<meta property=\"og:type\" content=\"article\" \/>\n<meta property=\"og:title\" content=\"El Frente Popular 25 de frebrero present\u00f3 una carta al Concejo Deliberante por los trenes suspendidos - Noticias Radio Reflejos\" \/>\n<meta property=\"og:description\" content=\"El Frente Popular 25 de febrero present\u00f3 en la mesa de entrada del HCD de Tornquist el viernes 25 del corriente una carta en la cual solicitan lo siguiente:\" \/>\n<meta property=\"og:url\" content=\"https:\/\/www.noticiasradioreflejos.com.ar\/2021\/el-frente-popular-25-de-frebrero-presento-una-carta-al-concejo-deliberante-por-los-trenes-suspendidos\/\" \/>\n<meta property=\"og:site_name\" content=\"Noticias Radio Reflejos\" \/>\n<meta property=\"article:published_time\" content=\"2016-11-29T11:42:40+00:00\" \/>\n<meta property=\"og:image\" content=\"https:\/\/www.noticiasradioreflejos.com.ar\/2021\/wp-content\/uploads\/2021\/07\/logosol300x200.png\" \/>\n\t<meta property=\"og:image:width\" content=\"300\" \/>\n\t<meta property=\"og:image:height\" content=\"200\" \/>\n\t<meta property=\"og:image:type\" content=\"image\/png\" \/>\n<meta name=\"author\" content=\"Arnaldo Botto\" \/>\n<meta name=\"twitter:card\" content=\"summary_large_image\" \/>\n<script type=\"application\/ld+json\" class=\"yoast-schema-graph\">{\"@context\":\"https:\/\/schema.org\",\"@graph\":[{\"@type\":\"WebPage\",\"@id\":\"https:\/\/www.noticiasradioreflejos.com.ar\/2021\/el-frente-popular-25-de-frebrero-presento-una-carta-al-concejo-deliberante-por-los-trenes-suspendidos\/\",\"url\":\"https:\/\/www.noticiasradioreflejos.com.ar\/2021\/el-frente-popular-25-de-frebrero-presento-una-carta-al-concejo-deliberante-por-los-trenes-suspendidos\/\",\"name\":\"El Frente Popular 25 de frebrero present\u00f3 una carta al Concejo Deliberante por los trenes suspendidos - Noticias Radio Reflejos\",\"isPartOf\":{\"@id\":\"https:\/\/www.noticiasradioreflejos.com.ar\/2021\/#website\"},\"datePublished\":\"2016-11-29T11:42:40+00:00\",\"author\":{\"@id\":\"https:\/\/www.noticiasradioreflejos.com.ar\/2021\/#\/schema\/person\/ad82545263dcc5ec0996818884fd5fb1\"},\"breadcrumb\":{\"@id\":\"https:\/\/www.noticiasradioreflejos.com.ar\/2021\/el-frente-popular-25-de-frebrero-presento-una-carta-al-concejo-deliberante-por-los-trenes-suspendidos\/#breadcrumb\"},\"inLanguage\":\"es\",\"potentialAction\":[{\"@type\":\"ReadAction\",\"target\":[\"https:\/\/www.noticiasradioreflejos.com.ar\/2021\/el-frente-popular-25-de-frebrero-presento-una-carta-al-concejo-deliberante-por-los-trenes-suspendidos\/\"]}]},{\"@type\":\"BreadcrumbList\",\"@id\":\"https:\/\/www.noticiasradioreflejos.com.ar\/2021\/el-frente-popular-25-de-frebrero-presento-una-carta-al-concejo-deliberante-por-los-trenes-suspendidos\/#breadcrumb\",\"itemListElement\":[{\"@type\":\"ListItem\",\"position\":1,\"name\":\"Portada\",\"item\":\"https:\/\/www.noticiasradioreflejos.com.ar\/2021\/\"},{\"@type\":\"ListItem\",\"position\":2,\"name\":\"El Frente Popular 25 de frebrero present\u00f3 una carta al Concejo Deliberante por los trenes suspendidos\"}]},{\"@type\":\"WebSite\",\"@id\":\"https:\/\/www.noticiasradioreflejos.com.ar\/2021\/#website\",\"url\":\"https:\/\/www.noticiasradioreflejos.com.ar\/2021\/\",\"name\":\"Noticias Radio Reflejos\",\"description\":\"Las noticias de mi comarca\",\"potentialAction\":[{\"@type\":\"SearchAction\",\"target\":{\"@type\":\"EntryPoint\",\"urlTemplate\":\"https:\/\/www.noticiasradioreflejos.com.ar\/2021\/?s={search_term_string}\"},\"query-input\":{\"@type\":\"PropertyValueSpecification\",\"valueRequired\":true,\"valueName\":\"search_term_string\"}}],\"inLanguage\":\"es\"},{\"@type\":\"Person\",\"@id\":\"https:\/\/www.noticiasradioreflejos.com.ar\/2021\/#\/schema\/person\/ad82545263dcc5ec0996818884fd5fb1\",\"name\":\"Arnaldo Botto\",\"image\":{\"@type\":\"ImageObject\",\"inLanguage\":\"es\",\"@id\":\"https:\/\/www.noticiasradioreflejos.com.ar\/2021\/#\/schema\/person\/image\/\",\"url\":\"https:\/\/secure.gravatar.com\/avatar\/55cb5e37c1efa326397366e6974cb338056df65cb50e7d64d1cf314e87504837?s=96&d=mm&r=g\",\"contentUrl\":\"https:\/\/secure.gravatar.com\/avatar\/55cb5e37c1efa326397366e6974cb338056df65cb50e7d64d1cf314e87504837?s=96&d=mm&r=g\",\"caption\":\"Arnaldo Botto\"},\"url\":\"https:\/\/www.noticiasradioreflejos.com.ar\/2021\/author\/arnaldo\/\"}]}<\/script>\n<!-- \/ Yoast SEO plugin. -->","yoast_head_json":{"title":"El Frente Popular 25 de frebrero present\u00f3 una carta al Concejo Deliberante por los trenes suspendidos - Noticias Radio Reflejos","robots":{"index":"index","follow":"follow","max-snippet":"max-snippet:-1","max-image-preview":"max-image-preview:large","max-video-preview":"max-video-preview:-1"},"canonical":"https:\/\/www.noticiasradioreflejos.com.ar\/2021\/el-frente-popular-25-de-frebrero-presento-una-carta-al-concejo-deliberante-por-los-trenes-suspendidos\/","og_locale":"es_ES","og_type":"article","og_title":"El Frente Popular 25 de frebrero present\u00f3 una carta al Concejo Deliberante por los trenes suspendidos - Noticias Radio Reflejos","og_description":"El Frente Popular 25 de febrero present\u00f3 en la mesa de entrada del HCD de Tornquist el viernes 25 del corriente una carta en la cual solicitan lo siguiente:","og_url":"https:\/\/www.noticiasradioreflejos.com.ar\/2021\/el-frente-popular-25-de-frebrero-presento-una-carta-al-concejo-deliberante-por-los-trenes-suspendidos\/","og_site_name":"Noticias Radio Reflejos","article_published_time":"2016-11-29T11:42:40+00:00","og_image":[{"width":300,"height":200,"url":"https:\/\/www.noticiasradioreflejos.com.ar\/2021\/wp-content\/uploads\/2021\/07\/logosol300x200.png","type":"image\/png"}],"author":"Arnaldo Botto","twitter_card":"summary_large_image","schema":{"@context":"https:\/\/schema.org","@graph":[{"@type":"WebPage","@id":"https:\/\/www.noticiasradioreflejos.com.ar\/2021\/el-frente-popular-25-de-frebrero-presento-una-carta-al-concejo-deliberante-por-los-trenes-suspendidos\/","url":"https:\/\/www.noticiasradioreflejos.com.ar\/2021\/el-frente-popular-25-de-frebrero-presento-una-carta-al-concejo-deliberante-por-los-trenes-suspendidos\/","name":"El Frente Popular 25 de frebrero present\u00f3 una carta al Concejo Deliberante por los trenes suspendidos - Noticias Radio Reflejos","isPartOf":{"@id":"https:\/\/www.noticiasradioreflejos.com.ar\/2021\/#website"},"datePublished":"2016-11-29T11:42:40+00:00","author":{"@id":"https:\/\/www.noticiasradioreflejos.com.ar\/2021\/#\/schema\/person\/ad82545263dcc5ec0996818884fd5fb1"},"breadcrumb":{"@id":"https:\/\/www.noticiasradioreflejos.com.ar\/2021\/el-frente-popular-25-de-frebrero-presento-una-carta-al-concejo-deliberante-por-los-trenes-suspendidos\/#breadcrumb"},"inLanguage":"es","potentialAction":[{"@type":"ReadAction","target":["https:\/\/www.noticiasradioreflejos.com.ar\/2021\/el-frente-popular-25-de-frebrero-presento-una-carta-al-concejo-deliberante-por-los-trenes-suspendidos\/"]}]},{"@type":"BreadcrumbList","@id":"https:\/\/www.noticiasradioreflejos.com.ar\/2021\/el-frente-popular-25-de-frebrero-presento-una-carta-al-concejo-deliberante-por-los-trenes-suspendidos\/#breadcrumb","itemListElement":[{"@type":"ListItem","position":1,"name":"Portada","item":"https:\/\/www.noticiasradioreflejos.com.ar\/2021\/"},{"@type":"ListItem","position":2,"name":"El Frente Popular 25 de frebrero present\u00f3 una carta al Concejo Deliberante por los trenes suspendidos"}]},{"@type":"WebSite","@id":"https:\/\/www.noticiasradioreflejos.com.ar\/2021\/#website","url":"https:\/\/www.noticiasradioreflejos.com.ar\/2021\/","name":"Noticias Radio Reflejos","description":"Las noticias de mi comarca","potentialAction":[{"@type":"SearchAction","target":{"@type":"EntryPoint","urlTemplate":"https:\/\/www.noticiasradioreflejos.com.ar\/2021\/?s={search_term_string}"},"query-input":{"@type":"PropertyValueSpecification","valueRequired":true,"valueName":"search_term_string"}}],"inLanguage":"es"},{"@type":"Person","@id":"https:\/\/www.noticiasradioreflejos.com.ar\/2021\/#\/schema\/person\/ad82545263dcc5ec0996818884fd5fb1","name":"Arnaldo Botto","image":{"@type":"ImageObject","inLanguage":"es","@id":"https:\/\/www.noticiasradioreflejos.com.ar\/2021\/#\/schema\/person\/image\/","url":"https:\/\/secure.gravatar.com\/avatar\/55cb5e37c1efa326397366e6974cb338056df65cb50e7d64d1cf314e87504837?s=96&d=mm&r=g","contentUrl":"https:\/\/secure.gravatar.com\/avatar\/55cb5e37c1efa326397366e6974cb338056df65cb50e7d64d1cf314e87504837?s=96&d=mm&r=g","caption":"Arnaldo Botto"},"url":"https:\/\/www.noticiasradioreflejos.com.ar\/2021\/author\/arnaldo\/"}]}},"_links":{"self":[{"href":"https:\/\/www.noticiasradioreflejos.com.ar\/2021\/wp-json\/wp\/v2\/posts\/4167","targetHints":{"allow":["GET"]}}],"collection":[{"href":"https:\/\/www.noticiasradioreflejos.com.ar\/2021\/wp-json\/wp\/v2\/posts"}],"about":[{"href":"https:\/\/www.noticiasradioreflejos.com.ar\/2021\/wp-json\/wp\/v2\/types\/post"}],"author":[{"embeddable":true,"href":"https:\/\/www.noticiasradioreflejos.com.ar\/2021\/wp-json\/wp\/v2\/users\/3"}],"replies":[{"embeddable":true,"href":"https:\/\/www.noticiasradioreflejos.com.ar\/2021\/wp-json\/wp\/v2\/comments?post=4167"}],"version-history":[{"count":0,"href":"https:\/\/www.noticiasradioreflejos.com.ar\/2021\/wp-json\/wp\/v2\/posts\/4167\/revisions"}],"wp:attachment":[{"href":"https:\/\/www.noticiasradioreflejos.com.ar\/2021\/wp-json\/wp\/v2\/media?parent=4167"}],"wp:term":[{"taxonomy":"category","embeddable":true,"href":"https:\/\/www.noticiasradioreflejos.com.ar\/2021\/wp-json\/wp\/v2\/categories?post=4167"},{"taxonomy":"post_tag","embeddable":true,"href":"https:\/\/www.noticiasradioreflejos.com.ar\/2021\/wp-json\/wp\/v2\/tags?post=4167"}],"curies":[{"name":"wp","href":"https:\/\/api.w.org\/{rel}","templated":true}]}}