{"id":41629,"date":"2020-05-07T08:04:51","date_gmt":"2020-05-07T11:04:51","guid":{"rendered":"http:\/\/www.noticiasradioreflejos.com.ar\/noticias\/?p=41629"},"modified":"2020-05-07T08:04:51","modified_gmt":"2020-05-07T11:04:51","slug":"centros-de-desarrollo-cientifico-para-los-productores","status":"publish","type":"post","link":"https:\/\/www.noticiasradioreflejos.com.ar\/2021\/centros-de-desarrollo-cientifico-para-los-productores\/","title":{"rendered":"Centros de desarrollo cient\u00edfico para los productores."},"content":{"rendered":"<p>El Ministro de Desarrollo Agrario de la Provincia de Buenos Aires, Javier Rodr\u00edguez, resalt\u00f3 en su paso por la Chacra Experimental Gorina su funci\u00f3n como verdaderos centros de desarrollo cient\u00edfico a disposici\u00f3n del sector agropecuario.<!--more--><br \/>\nLa Plata. \u201cLas Chacras representan el sistema cient\u00edfico de desarrollo, extensi\u00f3n y vinculaci\u00f3n que tiene la Provincia de Buenos Aires a disposici\u00f3n de los productores para lograr potenciar la producci\u00f3n\u201d, sostuvo Rodr\u00edguez.<\/p>\n<p>El titular de Desarrollo Agrario enfatiz\u00f3 que \u201clos centros de experimentaci\u00f3n deben dar soluciones cient\u00edfico-tecnol\u00f3gicas partiendo de la problem\u00e1tica de los productores, eso pensado desde un sistema de 14 chacras experimentales, significa un potencial enorme para impulsar la producci\u00f3n agropecuaria\u201d.<\/p>\n<p>Desde el inicio de la gesti\u00f3n las Chacras, que dependen de la cartera agraria, fueron se\u00f1aladas como verdaderos centros de innovaci\u00f3n y desarrollo que deben estar al servicio de los productores para transmitir sus experiencias y ayudarlos a maximizar los beneficios en la producci\u00f3n.<\/p>\n<p>\u201cLas Chacras deben lograr ser vanguardia y centro de experimentaci\u00f3n; adelantarse a los temas para que el productor sepa en cuales puede avanzar y en cuales no, afirm\u00f3 el Ministro.<\/p>\n<p>El jefe de la cartera agraria se interioriz\u00f3 acerca de los ensayos en tomates y las distintas variedades en la que trabaja la Chacra Gorina y luego se reuni\u00f3 con t\u00e9cnicos y empleados para interiorizarse en la forma que se desarrollan las actividades en el marco de la emergencia por Covid-19.<\/p>\n<p>A su vez Rodr\u00edguez resalt\u00f3 la labor que se realiza desde Gorina, y subray\u00f3 \u201cla importancia de la semilla en la producci\u00f3n, siendo un objetivo clave retomar la idea que en las Chacras se hacen, se producen y se desarrollan semillas\u201d.<\/p>\n","protected":false},"excerpt":{"rendered":"<p>El Ministro de Desarrollo Agrario de la Provincia de Buenos Aires, Javier Rodr\u00edguez, resalt\u00f3 en su paso por la Chacra Experimental Gorina su funci\u00f3n como verdaderos centros de desarrollo cient\u00edfico a disposici\u00f3n del sector agropecuario.<\/p>\n","protected":false},"author":3,"featured_media":0,"comment_status":"closed","ping_status":"open","sticky":false,"template":"","format":"standard","meta":{"footnotes":""},"categories":[24],"tags":[],"class_list":["post-41629","post","type-post","status-publish","format-standard","hentry","category-politica"],"yoast_head":"<!-- This site is optimized with the Yoast SEO plugin v25.9 - https:\/\/yoast.com\/wordpress\/plugins\/seo\/ -->\n<title>Centros de desarrollo cient\u00edfico para los productores. - Noticias Radio Reflejos<\/title>\n<meta name=\"robots\" content=\"index, follow, max-snippet:-1, max-image-preview:large, max-video-preview:-1\" \/>\n<link rel=\"canonical\" href=\"https:\/\/www.noticiasradioreflejos.com.ar\/2021\/centros-de-desarrollo-cientifico-para-los-productores\/\" \/>\n<meta property=\"og:locale\" content=\"es_ES\" \/>\n<meta property=\"og:type\" content=\"article\" \/>\n<meta property=\"og:title\" content=\"Centros de desarrollo cient\u00edfico para los productores. - Noticias Radio Reflejos\" \/>\n<meta property=\"og:description\" content=\"El Ministro de Desarrollo Agrario de la Provincia de Buenos Aires, Javier Rodr\u00edguez, resalt\u00f3 en su paso por la Chacra Experimental Gorina su funci\u00f3n como verdaderos centros de desarrollo cient\u00edfico a disposici\u00f3n del sector agropecuario.\" \/>\n<meta property=\"og:url\" content=\"https:\/\/www.noticiasradioreflejos.com.ar\/2021\/centros-de-desarrollo-cientifico-para-los-productores\/\" \/>\n<meta property=\"og:site_name\" content=\"Noticias Radio Reflejos\" \/>\n<meta property=\"article:published_time\" content=\"2020-05-07T11:04:51+00:00\" \/>\n<meta property=\"og:image\" content=\"https:\/\/www.noticiasradioreflejos.com.ar\/2021\/wp-content\/uploads\/2021\/07\/logosol300x200.png\" \/>\n\t<meta property=\"og:image:width\" content=\"300\" \/>\n\t<meta property=\"og:image:height\" content=\"200\" \/>\n\t<meta property=\"og:image:type\" content=\"image\/png\" \/>\n<meta name=\"author\" content=\"Arnaldo Botto\" \/>\n<meta name=\"twitter:card\" content=\"summary_large_image\" \/>\n<script type=\"application\/ld+json\" class=\"yoast-schema-graph\">{\"@context\":\"https:\/\/schema.org\",\"@graph\":[{\"@type\":\"WebPage\",\"@id\":\"https:\/\/www.noticiasradioreflejos.com.ar\/2021\/centros-de-desarrollo-cientifico-para-los-productores\/\",\"url\":\"https:\/\/www.noticiasradioreflejos.com.ar\/2021\/centros-de-desarrollo-cientifico-para-los-productores\/\",\"name\":\"Centros de desarrollo cient\u00edfico para los productores. - Noticias Radio Reflejos\",\"isPartOf\":{\"@id\":\"https:\/\/www.noticiasradioreflejos.com.ar\/2021\/#website\"},\"datePublished\":\"2020-05-07T11:04:51+00:00\",\"author\":{\"@id\":\"https:\/\/www.noticiasradioreflejos.com.ar\/2021\/#\/schema\/person\/ad82545263dcc5ec0996818884fd5fb1\"},\"breadcrumb\":{\"@id\":\"https:\/\/www.noticiasradioreflejos.com.ar\/2021\/centros-de-desarrollo-cientifico-para-los-productores\/#breadcrumb\"},\"inLanguage\":\"es\",\"potentialAction\":[{\"@type\":\"ReadAction\",\"target\":[\"https:\/\/www.noticiasradioreflejos.com.ar\/2021\/centros-de-desarrollo-cientifico-para-los-productores\/\"]}]},{\"@type\":\"BreadcrumbList\",\"@id\":\"https:\/\/www.noticiasradioreflejos.com.ar\/2021\/centros-de-desarrollo-cientifico-para-los-productores\/#breadcrumb\",\"itemListElement\":[{\"@type\":\"ListItem\",\"position\":1,\"name\":\"Portada\",\"item\":\"https:\/\/www.noticiasradioreflejos.com.ar\/2021\/\"},{\"@type\":\"ListItem\",\"position\":2,\"name\":\"Centros de desarrollo cient\u00edfico para los productores.\"}]},{\"@type\":\"WebSite\",\"@id\":\"https:\/\/www.noticiasradioreflejos.com.ar\/2021\/#website\",\"url\":\"https:\/\/www.noticiasradioreflejos.com.ar\/2021\/\",\"name\":\"Noticias Radio Reflejos\",\"description\":\"Las noticias de mi comarca\",\"potentialAction\":[{\"@type\":\"SearchAction\",\"target\":{\"@type\":\"EntryPoint\",\"urlTemplate\":\"https:\/\/www.noticiasradioreflejos.com.ar\/2021\/?s={search_term_string}\"},\"query-input\":{\"@type\":\"PropertyValueSpecification\",\"valueRequired\":true,\"valueName\":\"search_term_string\"}}],\"inLanguage\":\"es\"},{\"@type\":\"Person\",\"@id\":\"https:\/\/www.noticiasradioreflejos.com.ar\/2021\/#\/schema\/person\/ad82545263dcc5ec0996818884fd5fb1\",\"name\":\"Arnaldo Botto\",\"image\":{\"@type\":\"ImageObject\",\"inLanguage\":\"es\",\"@id\":\"https:\/\/www.noticiasradioreflejos.com.ar\/2021\/#\/schema\/person\/image\/\",\"url\":\"https:\/\/secure.gravatar.com\/avatar\/55cb5e37c1efa326397366e6974cb338056df65cb50e7d64d1cf314e87504837?s=96&d=mm&r=g\",\"contentUrl\":\"https:\/\/secure.gravatar.com\/avatar\/55cb5e37c1efa326397366e6974cb338056df65cb50e7d64d1cf314e87504837?s=96&d=mm&r=g\",\"caption\":\"Arnaldo Botto\"},\"url\":\"https:\/\/www.noticiasradioreflejos.com.ar\/2021\/author\/arnaldo\/\"}]}<\/script>\n<!-- \/ Yoast SEO plugin. -->","yoast_head_json":{"title":"Centros de desarrollo cient\u00edfico para los productores. - Noticias Radio Reflejos","robots":{"index":"index","follow":"follow","max-snippet":"max-snippet:-1","max-image-preview":"max-image-preview:large","max-video-preview":"max-video-preview:-1"},"canonical":"https:\/\/www.noticiasradioreflejos.com.ar\/2021\/centros-de-desarrollo-cientifico-para-los-productores\/","og_locale":"es_ES","og_type":"article","og_title":"Centros de desarrollo cient\u00edfico para los productores. - Noticias Radio Reflejos","og_description":"El Ministro de Desarrollo Agrario de la Provincia de Buenos Aires, Javier Rodr\u00edguez, resalt\u00f3 en su paso por la Chacra Experimental Gorina su funci\u00f3n como verdaderos centros de desarrollo cient\u00edfico a disposici\u00f3n del sector agropecuario.","og_url":"https:\/\/www.noticiasradioreflejos.com.ar\/2021\/centros-de-desarrollo-cientifico-para-los-productores\/","og_site_name":"Noticias Radio Reflejos","article_published_time":"2020-05-07T11:04:51+00:00","og_image":[{"width":300,"height":200,"url":"https:\/\/www.noticiasradioreflejos.com.ar\/2021\/wp-content\/uploads\/2021\/07\/logosol300x200.png","type":"image\/png"}],"author":"Arnaldo Botto","twitter_card":"summary_large_image","schema":{"@context":"https:\/\/schema.org","@graph":[{"@type":"WebPage","@id":"https:\/\/www.noticiasradioreflejos.com.ar\/2021\/centros-de-desarrollo-cientifico-para-los-productores\/","url":"https:\/\/www.noticiasradioreflejos.com.ar\/2021\/centros-de-desarrollo-cientifico-para-los-productores\/","name":"Centros de desarrollo cient\u00edfico para los productores. - Noticias Radio Reflejos","isPartOf":{"@id":"https:\/\/www.noticiasradioreflejos.com.ar\/2021\/#website"},"datePublished":"2020-05-07T11:04:51+00:00","author":{"@id":"https:\/\/www.noticiasradioreflejos.com.ar\/2021\/#\/schema\/person\/ad82545263dcc5ec0996818884fd5fb1"},"breadcrumb":{"@id":"https:\/\/www.noticiasradioreflejos.com.ar\/2021\/centros-de-desarrollo-cientifico-para-los-productores\/#breadcrumb"},"inLanguage":"es","potentialAction":[{"@type":"ReadAction","target":["https:\/\/www.noticiasradioreflejos.com.ar\/2021\/centros-de-desarrollo-cientifico-para-los-productores\/"]}]},{"@type":"BreadcrumbList","@id":"https:\/\/www.noticiasradioreflejos.com.ar\/2021\/centros-de-desarrollo-cientifico-para-los-productores\/#breadcrumb","itemListElement":[{"@type":"ListItem","position":1,"name":"Portada","item":"https:\/\/www.noticiasradioreflejos.com.ar\/2021\/"},{"@type":"ListItem","position":2,"name":"Centros de desarrollo cient\u00edfico para los productores."}]},{"@type":"WebSite","@id":"https:\/\/www.noticiasradioreflejos.com.ar\/2021\/#website","url":"https:\/\/www.noticiasradioreflejos.com.ar\/2021\/","name":"Noticias Radio Reflejos","description":"Las noticias de mi comarca","potentialAction":[{"@type":"SearchAction","target":{"@type":"EntryPoint","urlTemplate":"https:\/\/www.noticiasradioreflejos.com.ar\/2021\/?s={search_term_string}"},"query-input":{"@type":"PropertyValueSpecification","valueRequired":true,"valueName":"search_term_string"}}],"inLanguage":"es"},{"@type":"Person","@id":"https:\/\/www.noticiasradioreflejos.com.ar\/2021\/#\/schema\/person\/ad82545263dcc5ec0996818884fd5fb1","name":"Arnaldo Botto","image":{"@type":"ImageObject","inLanguage":"es","@id":"https:\/\/www.noticiasradioreflejos.com.ar\/2021\/#\/schema\/person\/image\/","url":"https:\/\/secure.gravatar.com\/avatar\/55cb5e37c1efa326397366e6974cb338056df65cb50e7d64d1cf314e87504837?s=96&d=mm&r=g","contentUrl":"https:\/\/secure.gravatar.com\/avatar\/55cb5e37c1efa326397366e6974cb338056df65cb50e7d64d1cf314e87504837?s=96&d=mm&r=g","caption":"Arnaldo Botto"},"url":"https:\/\/www.noticiasradioreflejos.com.ar\/2021\/author\/arnaldo\/"}]}},"_links":{"self":[{"href":"https:\/\/www.noticiasradioreflejos.com.ar\/2021\/wp-json\/wp\/v2\/posts\/41629","targetHints":{"allow":["GET"]}}],"collection":[{"href":"https:\/\/www.noticiasradioreflejos.com.ar\/2021\/wp-json\/wp\/v2\/posts"}],"about":[{"href":"https:\/\/www.noticiasradioreflejos.com.ar\/2021\/wp-json\/wp\/v2\/types\/post"}],"author":[{"embeddable":true,"href":"https:\/\/www.noticiasradioreflejos.com.ar\/2021\/wp-json\/wp\/v2\/users\/3"}],"replies":[{"embeddable":true,"href":"https:\/\/www.noticiasradioreflejos.com.ar\/2021\/wp-json\/wp\/v2\/comments?post=41629"}],"version-history":[{"count":0,"href":"https:\/\/www.noticiasradioreflejos.com.ar\/2021\/wp-json\/wp\/v2\/posts\/41629\/revisions"}],"wp:attachment":[{"href":"https:\/\/www.noticiasradioreflejos.com.ar\/2021\/wp-json\/wp\/v2\/media?parent=41629"}],"wp:term":[{"taxonomy":"category","embeddable":true,"href":"https:\/\/www.noticiasradioreflejos.com.ar\/2021\/wp-json\/wp\/v2\/categories?post=41629"},{"taxonomy":"post_tag","embeddable":true,"href":"https:\/\/www.noticiasradioreflejos.com.ar\/2021\/wp-json\/wp\/v2\/tags?post=41629"}],"curies":[{"name":"wp","href":"https:\/\/api.w.org\/{rel}","templated":true}]}}