{"id":41605,"date":"2020-05-06T12:27:38","date_gmt":"2020-05-06T15:27:38","guid":{"rendered":"http:\/\/www.noticiasradioreflejos.com.ar\/noticias\/?p=41605"},"modified":"2020-05-06T12:27:38","modified_gmt":"2020-05-06T15:27:38","slug":"hallan-en-buen-estado-a-mauricio-duarte-pico","status":"publish","type":"post","link":"https:\/\/www.noticiasradioreflejos.com.ar\/2021\/hallan-en-buen-estado-a-mauricio-duarte-pico\/","title":{"rendered":"Hallan en buen estado a Mauricio Duarte Pico."},"content":{"rendered":"<p>Estaba caminando en la zona del vivero. Creen que pas\u00f3 la noche solo, escondido tras los retos de su padrastro. Lo trasladaron a un hospital para hacerle un chequeo general. La buena noticia esperada por todos lleg\u00f3 desde Coronel Dorrego: encontraron esta ma\u00f1ana, y en buen estado general, al peque\u00f1o Mauricio Duarte Pico, de 9 a\u00f1os de edad.<!--more--><\/p>\n<p>Se trata del chiquito que faltaba de su domicilio, ubicado en la zona de quintas de la vecina localidad, desde las primeras horas del martes, lo cual moviliz\u00f3 un importante operativo de b\u00fasqueda.<\/p>\n<p>Si bien la informaci\u00f3n todav\u00eda se maneja con cautela, los primeros datos a los que pudo acceder LA BR\u00daJULA 24 indican que el nene estuvo toda la noche escondido tras los retos de su padrastro, en un sector de olivares cercano al vivero.<\/p>\n<p>\u00abM\u00e1s all\u00e1 del fr\u00edo y el susto, se encuentra en buenas condiciones generales\u00bb, le refiri\u00f3 una alta fuente a este medio.<\/p>\n<p>Inmediatamente, fue trasladado al hospital local para los controles de rigor.<\/p>\n<p>Cabe recordar que desde muy temprano en la ma\u00f1ana, Mauricio era buscado por efectivos policiales, la Brigada K9 de Punta Alta y vecinos a caballo que se ofrecieron para colaborar en los rastrillajes.<\/p>\n","protected":false},"excerpt":{"rendered":"<p>Estaba caminando en la zona del vivero. Creen que pas\u00f3 la noche solo, escondido tras los retos de su padrastro. Lo trasladaron a un hospital para hacerle un chequeo general. La buena noticia esperada por todos lleg\u00f3 desde Coronel Dorrego: encontraron esta ma\u00f1ana, y en buen estado general, al peque\u00f1o Mauricio Duarte Pico, de 9 [&hellip;]<\/p>\n","protected":false},"author":3,"featured_media":0,"comment_status":"closed","ping_status":"open","sticky":false,"template":"","format":"standard","meta":{"footnotes":""},"categories":[29],"tags":[],"class_list":["post-41605","post","type-post","status-publish","format-standard","hentry","category-policiales"],"yoast_head":"<!-- This site is optimized with the Yoast SEO plugin v25.9 - https:\/\/yoast.com\/wordpress\/plugins\/seo\/ -->\n<title>Hallan en buen estado a Mauricio Duarte Pico. - Noticias Radio Reflejos<\/title>\n<meta name=\"robots\" content=\"index, follow, max-snippet:-1, max-image-preview:large, max-video-preview:-1\" \/>\n<link rel=\"canonical\" href=\"https:\/\/www.noticiasradioreflejos.com.ar\/2021\/hallan-en-buen-estado-a-mauricio-duarte-pico\/\" \/>\n<meta property=\"og:locale\" content=\"es_ES\" \/>\n<meta property=\"og:type\" content=\"article\" \/>\n<meta property=\"og:title\" content=\"Hallan en buen estado a Mauricio Duarte Pico. - Noticias Radio Reflejos\" \/>\n<meta property=\"og:description\" content=\"Estaba caminando en la zona del vivero. Creen que pas\u00f3 la noche solo, escondido tras los retos de su padrastro. Lo trasladaron a un hospital para hacerle un chequeo general. La buena noticia esperada por todos lleg\u00f3 desde Coronel Dorrego: encontraron esta ma\u00f1ana, y en buen estado general, al peque\u00f1o Mauricio Duarte Pico, de 9 [&hellip;]\" \/>\n<meta property=\"og:url\" content=\"https:\/\/www.noticiasradioreflejos.com.ar\/2021\/hallan-en-buen-estado-a-mauricio-duarte-pico\/\" \/>\n<meta property=\"og:site_name\" content=\"Noticias Radio Reflejos\" \/>\n<meta property=\"article:published_time\" content=\"2020-05-06T15:27:38+00:00\" \/>\n<meta property=\"og:image\" content=\"https:\/\/www.noticiasradioreflejos.com.ar\/2021\/wp-content\/uploads\/2021\/07\/logosol300x200.png\" \/>\n\t<meta property=\"og:image:width\" content=\"300\" \/>\n\t<meta property=\"og:image:height\" content=\"200\" \/>\n\t<meta property=\"og:image:type\" content=\"image\/png\" \/>\n<meta name=\"author\" content=\"Arnaldo Botto\" \/>\n<meta name=\"twitter:card\" content=\"summary_large_image\" \/>\n<script type=\"application\/ld+json\" class=\"yoast-schema-graph\">{\"@context\":\"https:\/\/schema.org\",\"@graph\":[{\"@type\":\"WebPage\",\"@id\":\"https:\/\/www.noticiasradioreflejos.com.ar\/2021\/hallan-en-buen-estado-a-mauricio-duarte-pico\/\",\"url\":\"https:\/\/www.noticiasradioreflejos.com.ar\/2021\/hallan-en-buen-estado-a-mauricio-duarte-pico\/\",\"name\":\"Hallan en buen estado a Mauricio Duarte Pico. - Noticias Radio Reflejos\",\"isPartOf\":{\"@id\":\"https:\/\/www.noticiasradioreflejos.com.ar\/2021\/#website\"},\"datePublished\":\"2020-05-06T15:27:38+00:00\",\"author\":{\"@id\":\"https:\/\/www.noticiasradioreflejos.com.ar\/2021\/#\/schema\/person\/ad82545263dcc5ec0996818884fd5fb1\"},\"breadcrumb\":{\"@id\":\"https:\/\/www.noticiasradioreflejos.com.ar\/2021\/hallan-en-buen-estado-a-mauricio-duarte-pico\/#breadcrumb\"},\"inLanguage\":\"es\",\"potentialAction\":[{\"@type\":\"ReadAction\",\"target\":[\"https:\/\/www.noticiasradioreflejos.com.ar\/2021\/hallan-en-buen-estado-a-mauricio-duarte-pico\/\"]}]},{\"@type\":\"BreadcrumbList\",\"@id\":\"https:\/\/www.noticiasradioreflejos.com.ar\/2021\/hallan-en-buen-estado-a-mauricio-duarte-pico\/#breadcrumb\",\"itemListElement\":[{\"@type\":\"ListItem\",\"position\":1,\"name\":\"Portada\",\"item\":\"https:\/\/www.noticiasradioreflejos.com.ar\/2021\/\"},{\"@type\":\"ListItem\",\"position\":2,\"name\":\"Hallan en buen estado a Mauricio Duarte Pico.\"}]},{\"@type\":\"WebSite\",\"@id\":\"https:\/\/www.noticiasradioreflejos.com.ar\/2021\/#website\",\"url\":\"https:\/\/www.noticiasradioreflejos.com.ar\/2021\/\",\"name\":\"Noticias Radio Reflejos\",\"description\":\"Las noticias de mi comarca\",\"potentialAction\":[{\"@type\":\"SearchAction\",\"target\":{\"@type\":\"EntryPoint\",\"urlTemplate\":\"https:\/\/www.noticiasradioreflejos.com.ar\/2021\/?s={search_term_string}\"},\"query-input\":{\"@type\":\"PropertyValueSpecification\",\"valueRequired\":true,\"valueName\":\"search_term_string\"}}],\"inLanguage\":\"es\"},{\"@type\":\"Person\",\"@id\":\"https:\/\/www.noticiasradioreflejos.com.ar\/2021\/#\/schema\/person\/ad82545263dcc5ec0996818884fd5fb1\",\"name\":\"Arnaldo Botto\",\"image\":{\"@type\":\"ImageObject\",\"inLanguage\":\"es\",\"@id\":\"https:\/\/www.noticiasradioreflejos.com.ar\/2021\/#\/schema\/person\/image\/\",\"url\":\"https:\/\/secure.gravatar.com\/avatar\/55cb5e37c1efa326397366e6974cb338056df65cb50e7d64d1cf314e87504837?s=96&d=mm&r=g\",\"contentUrl\":\"https:\/\/secure.gravatar.com\/avatar\/55cb5e37c1efa326397366e6974cb338056df65cb50e7d64d1cf314e87504837?s=96&d=mm&r=g\",\"caption\":\"Arnaldo Botto\"},\"url\":\"https:\/\/www.noticiasradioreflejos.com.ar\/2021\/author\/arnaldo\/\"}]}<\/script>\n<!-- \/ Yoast SEO plugin. -->","yoast_head_json":{"title":"Hallan en buen estado a Mauricio Duarte Pico. - Noticias Radio Reflejos","robots":{"index":"index","follow":"follow","max-snippet":"max-snippet:-1","max-image-preview":"max-image-preview:large","max-video-preview":"max-video-preview:-1"},"canonical":"https:\/\/www.noticiasradioreflejos.com.ar\/2021\/hallan-en-buen-estado-a-mauricio-duarte-pico\/","og_locale":"es_ES","og_type":"article","og_title":"Hallan en buen estado a Mauricio Duarte Pico. - Noticias Radio Reflejos","og_description":"Estaba caminando en la zona del vivero. Creen que pas\u00f3 la noche solo, escondido tras los retos de su padrastro. Lo trasladaron a un hospital para hacerle un chequeo general. La buena noticia esperada por todos lleg\u00f3 desde Coronel Dorrego: encontraron esta ma\u00f1ana, y en buen estado general, al peque\u00f1o Mauricio Duarte Pico, de 9 [&hellip;]","og_url":"https:\/\/www.noticiasradioreflejos.com.ar\/2021\/hallan-en-buen-estado-a-mauricio-duarte-pico\/","og_site_name":"Noticias Radio Reflejos","article_published_time":"2020-05-06T15:27:38+00:00","og_image":[{"width":300,"height":200,"url":"https:\/\/www.noticiasradioreflejos.com.ar\/2021\/wp-content\/uploads\/2021\/07\/logosol300x200.png","type":"image\/png"}],"author":"Arnaldo Botto","twitter_card":"summary_large_image","schema":{"@context":"https:\/\/schema.org","@graph":[{"@type":"WebPage","@id":"https:\/\/www.noticiasradioreflejos.com.ar\/2021\/hallan-en-buen-estado-a-mauricio-duarte-pico\/","url":"https:\/\/www.noticiasradioreflejos.com.ar\/2021\/hallan-en-buen-estado-a-mauricio-duarte-pico\/","name":"Hallan en buen estado a Mauricio Duarte Pico. - Noticias Radio Reflejos","isPartOf":{"@id":"https:\/\/www.noticiasradioreflejos.com.ar\/2021\/#website"},"datePublished":"2020-05-06T15:27:38+00:00","author":{"@id":"https:\/\/www.noticiasradioreflejos.com.ar\/2021\/#\/schema\/person\/ad82545263dcc5ec0996818884fd5fb1"},"breadcrumb":{"@id":"https:\/\/www.noticiasradioreflejos.com.ar\/2021\/hallan-en-buen-estado-a-mauricio-duarte-pico\/#breadcrumb"},"inLanguage":"es","potentialAction":[{"@type":"ReadAction","target":["https:\/\/www.noticiasradioreflejos.com.ar\/2021\/hallan-en-buen-estado-a-mauricio-duarte-pico\/"]}]},{"@type":"BreadcrumbList","@id":"https:\/\/www.noticiasradioreflejos.com.ar\/2021\/hallan-en-buen-estado-a-mauricio-duarte-pico\/#breadcrumb","itemListElement":[{"@type":"ListItem","position":1,"name":"Portada","item":"https:\/\/www.noticiasradioreflejos.com.ar\/2021\/"},{"@type":"ListItem","position":2,"name":"Hallan en buen estado a Mauricio Duarte Pico."}]},{"@type":"WebSite","@id":"https:\/\/www.noticiasradioreflejos.com.ar\/2021\/#website","url":"https:\/\/www.noticiasradioreflejos.com.ar\/2021\/","name":"Noticias Radio Reflejos","description":"Las noticias de mi comarca","potentialAction":[{"@type":"SearchAction","target":{"@type":"EntryPoint","urlTemplate":"https:\/\/www.noticiasradioreflejos.com.ar\/2021\/?s={search_term_string}"},"query-input":{"@type":"PropertyValueSpecification","valueRequired":true,"valueName":"search_term_string"}}],"inLanguage":"es"},{"@type":"Person","@id":"https:\/\/www.noticiasradioreflejos.com.ar\/2021\/#\/schema\/person\/ad82545263dcc5ec0996818884fd5fb1","name":"Arnaldo Botto","image":{"@type":"ImageObject","inLanguage":"es","@id":"https:\/\/www.noticiasradioreflejos.com.ar\/2021\/#\/schema\/person\/image\/","url":"https:\/\/secure.gravatar.com\/avatar\/55cb5e37c1efa326397366e6974cb338056df65cb50e7d64d1cf314e87504837?s=96&d=mm&r=g","contentUrl":"https:\/\/secure.gravatar.com\/avatar\/55cb5e37c1efa326397366e6974cb338056df65cb50e7d64d1cf314e87504837?s=96&d=mm&r=g","caption":"Arnaldo Botto"},"url":"https:\/\/www.noticiasradioreflejos.com.ar\/2021\/author\/arnaldo\/"}]}},"_links":{"self":[{"href":"https:\/\/www.noticiasradioreflejos.com.ar\/2021\/wp-json\/wp\/v2\/posts\/41605","targetHints":{"allow":["GET"]}}],"collection":[{"href":"https:\/\/www.noticiasradioreflejos.com.ar\/2021\/wp-json\/wp\/v2\/posts"}],"about":[{"href":"https:\/\/www.noticiasradioreflejos.com.ar\/2021\/wp-json\/wp\/v2\/types\/post"}],"author":[{"embeddable":true,"href":"https:\/\/www.noticiasradioreflejos.com.ar\/2021\/wp-json\/wp\/v2\/users\/3"}],"replies":[{"embeddable":true,"href":"https:\/\/www.noticiasradioreflejos.com.ar\/2021\/wp-json\/wp\/v2\/comments?post=41605"}],"version-history":[{"count":0,"href":"https:\/\/www.noticiasradioreflejos.com.ar\/2021\/wp-json\/wp\/v2\/posts\/41605\/revisions"}],"wp:attachment":[{"href":"https:\/\/www.noticiasradioreflejos.com.ar\/2021\/wp-json\/wp\/v2\/media?parent=41605"}],"wp:term":[{"taxonomy":"category","embeddable":true,"href":"https:\/\/www.noticiasradioreflejos.com.ar\/2021\/wp-json\/wp\/v2\/categories?post=41605"},{"taxonomy":"post_tag","embeddable":true,"href":"https:\/\/www.noticiasradioreflejos.com.ar\/2021\/wp-json\/wp\/v2\/tags?post=41605"}],"curies":[{"name":"wp","href":"https:\/\/api.w.org\/{rel}","templated":true}]}}