{"id":41601,"date":"2020-05-06T11:44:24","date_gmt":"2020-05-06T14:44:24","guid":{"rendered":"http:\/\/www.noticiasradioreflejos.com.ar\/noticias\/?p=41601"},"modified":"2020-05-06T11:44:24","modified_gmt":"2020-05-06T14:44:24","slug":"recomendaciones-para-la-limpieza-domiciliaria-y-productos-de-uso-domestico","status":"publish","type":"post","link":"https:\/\/www.noticiasradioreflejos.com.ar\/2021\/recomendaciones-para-la-limpieza-domiciliaria-y-productos-de-uso-domestico\/","title":{"rendered":"Recomendaciones para la limpieza domiciliaria y productos de uso dom\u00e9stico."},"content":{"rendered":"<p><a href=\"http:\/\/www.noticiasradioreflejos.com.ar\/noticias\/wp-content\/uploads\/2020\/05\/WhatsApp-Image-2020-05-06-at-10.34.49.jpeg\"><img loading=\"lazy\" decoding=\"async\" class=\"alignleft size-medium wp-image-41602\" src=\"http:\/\/www.noticiasradioreflejos.com.ar\/noticias\/wp-content\/uploads\/2020\/05\/WhatsApp-Image-2020-05-06-at-10.34.49-300x300.jpeg\" alt=\"WhatsApp Image 2020-05-06 at 10.34.49\" width=\"300\" height=\"300\" \/><\/a>La Secretar\u00eda de Salud recuerda que el coronavirus tiene membranas prote\u00ednicas y grasas (l\u00edpidos). Los elementos b\u00e1sicos de cualquier detergente y jab\u00f3n disuelven la membrana grasa y el virus se vuelve inactivo.<br \/>\nEn tal sentido reforzamos los puntos clave al usar un desinfectante:<!--more--><\/p>\n<p>\u2022 Chequear fecha de vencimiento.<br \/>\n\u2022 Usar acorde a instrucciones del fabricante, su uso indebido puede resultar en menor o falta de efectividad o puede ser peligroso.<br \/>\n\u2022 No diluir salvo indicaci\u00f3n del fabricante.<br \/>\n\u2022 No mezclar productos entre s\u00ed salvo indicaci\u00f3n del fabricante.<br \/>\nPuntos clave al realizar el procedimiento de limpieza:<br \/>\n\u2022 Usar guantes de limpieza habitual.<br \/>\n\u2022 Lavarse las manos con agua y jab\u00f3n luego de terminar la limpieza.<br \/>\n\u2022 Evitar salpicaduras en el rostro.<br \/>\n\u2022 Se sugiere evitar el uso de las formulaciones en spray y por ello no se las incluye en la tabla, debido que, si el mismo se aplica en forma directa sobre una superficie, puede no tener acceso a las zonas m\u00e1s contaminadas. En caso de usar spray, debe realizarse aplicando el mismo sobre papel descartable, realizar limpieza y arrastre, y tirar el papel.<br \/>\n\u2022 Para evitar accidentes guardar productos en su envase original o debidamente rotulado en un lugar seguro, debidamente aislado de otros productos con los que se puedan confundir por su forma (sobre todo alimenticios).<br \/>\n\u2022 Mientras est\u00e9 limpiando o utilizando productos de limpieza en casa, no deje nunca sus recipientes desatendidos en presencia de un ni\u00f1o\/a peque\u00f1o.<br \/>\n\u2022 No ingerir.<br \/>\nLimpieza:<br \/>\n\u2022 La ropa de cama, toallas, se recomienda que sea lavada con jabones o detergentes habituales y sea secada completamente para volver a utilizarla.<br \/>\n\u2022 Los cubiertos, vasos, platos y dem\u00e1s utensilios que no sean descartables se lavar\u00e1n con agua caliente y detergente habitual.<br \/>\n\u2022 Las superficies que se tocan con frecuencia, las superficies del ba\u00f1o y el inodoro deben ser limpiadas y desinfectadas diariamente con un desinfectante dom\u00e9stico que contenga lavandina diluida (1 parte de<br \/>\nlavandina dom\u00e9stica al 5% en 50 partes de agua) preparado el mismo d\u00eda que se va a utilizar.<br \/>\n\u2022 En el caso de superficies que no sean aptas para la limpieza con soluciones de agua con detergentes o lavandina, como tel\u00e9fonos celulares y teclados de computadoras entre otros, y de ser aptos a limpieza con alcohol, utilizar soluci\u00f3n alcoh\u00f3lica al 70%. De lo contrario utilizar productos aptos para ese fin.<\/p>\n","protected":false},"excerpt":{"rendered":"<p>La Secretar\u00eda de Salud recuerda que el coronavirus tiene membranas prote\u00ednicas y grasas (l\u00edpidos). Los elementos b\u00e1sicos de cualquier detergente y jab\u00f3n disuelven la membrana grasa y el virus se vuelve inactivo. En tal sentido reforzamos los puntos clave al usar un desinfectante:<\/p>\n","protected":false},"author":3,"featured_media":0,"comment_status":"closed","ping_status":"open","sticky":false,"template":"","format":"standard","meta":{"footnotes":""},"categories":[30],"tags":[],"class_list":["post-41601","post","type-post","status-publish","format-standard","hentry","category-salud"],"yoast_head":"<!-- This site is optimized with the Yoast SEO plugin v25.9 - https:\/\/yoast.com\/wordpress\/plugins\/seo\/ -->\n<title>Recomendaciones para la limpieza domiciliaria y productos de uso dom\u00e9stico. - Noticias Radio Reflejos<\/title>\n<meta name=\"robots\" content=\"index, follow, max-snippet:-1, max-image-preview:large, max-video-preview:-1\" \/>\n<link rel=\"canonical\" href=\"https:\/\/www.noticiasradioreflejos.com.ar\/2021\/recomendaciones-para-la-limpieza-domiciliaria-y-productos-de-uso-domestico\/\" \/>\n<meta property=\"og:locale\" content=\"es_ES\" \/>\n<meta property=\"og:type\" content=\"article\" \/>\n<meta property=\"og:title\" content=\"Recomendaciones para la limpieza domiciliaria y productos de uso dom\u00e9stico. - Noticias Radio Reflejos\" \/>\n<meta property=\"og:description\" content=\"La Secretar\u00eda de Salud recuerda que el coronavirus tiene membranas prote\u00ednicas y grasas (l\u00edpidos). Los elementos b\u00e1sicos de cualquier detergente y jab\u00f3n disuelven la membrana grasa y el virus se vuelve inactivo. En tal sentido reforzamos los puntos clave al usar un desinfectante:\" \/>\n<meta property=\"og:url\" content=\"https:\/\/www.noticiasradioreflejos.com.ar\/2021\/recomendaciones-para-la-limpieza-domiciliaria-y-productos-de-uso-domestico\/\" \/>\n<meta property=\"og:site_name\" content=\"Noticias Radio Reflejos\" \/>\n<meta property=\"article:published_time\" content=\"2020-05-06T14:44:24+00:00\" \/>\n<meta property=\"og:image\" content=\"https:\/\/www.noticiasradioreflejos.com.ar\/2021\/wp-content\/uploads\/2021\/07\/logosol300x200.png\" \/>\n\t<meta property=\"og:image:width\" content=\"300\" \/>\n\t<meta property=\"og:image:height\" content=\"200\" \/>\n\t<meta property=\"og:image:type\" content=\"image\/png\" \/>\n<meta name=\"author\" content=\"Arnaldo Botto\" \/>\n<meta name=\"twitter:card\" content=\"summary_large_image\" \/>\n<script type=\"application\/ld+json\" class=\"yoast-schema-graph\">{\"@context\":\"https:\/\/schema.org\",\"@graph\":[{\"@type\":\"WebPage\",\"@id\":\"https:\/\/www.noticiasradioreflejos.com.ar\/2021\/recomendaciones-para-la-limpieza-domiciliaria-y-productos-de-uso-domestico\/\",\"url\":\"https:\/\/www.noticiasradioreflejos.com.ar\/2021\/recomendaciones-para-la-limpieza-domiciliaria-y-productos-de-uso-domestico\/\",\"name\":\"Recomendaciones para la limpieza domiciliaria y productos de uso dom\u00e9stico. - Noticias Radio Reflejos\",\"isPartOf\":{\"@id\":\"https:\/\/www.noticiasradioreflejos.com.ar\/2021\/#website\"},\"primaryImageOfPage\":{\"@id\":\"https:\/\/www.noticiasradioreflejos.com.ar\/2021\/recomendaciones-para-la-limpieza-domiciliaria-y-productos-de-uso-domestico\/#primaryimage\"},\"image\":{\"@id\":\"https:\/\/www.noticiasradioreflejos.com.ar\/2021\/recomendaciones-para-la-limpieza-domiciliaria-y-productos-de-uso-domestico\/#primaryimage\"},\"thumbnailUrl\":\"http:\/\/www.noticiasradioreflejos.com.ar\/noticias\/wp-content\/uploads\/2020\/05\/WhatsApp-Image-2020-05-06-at-10.34.49-300x300.jpeg\",\"datePublished\":\"2020-05-06T14:44:24+00:00\",\"author\":{\"@id\":\"https:\/\/www.noticiasradioreflejos.com.ar\/2021\/#\/schema\/person\/ad82545263dcc5ec0996818884fd5fb1\"},\"breadcrumb\":{\"@id\":\"https:\/\/www.noticiasradioreflejos.com.ar\/2021\/recomendaciones-para-la-limpieza-domiciliaria-y-productos-de-uso-domestico\/#breadcrumb\"},\"inLanguage\":\"es\",\"potentialAction\":[{\"@type\":\"ReadAction\",\"target\":[\"https:\/\/www.noticiasradioreflejos.com.ar\/2021\/recomendaciones-para-la-limpieza-domiciliaria-y-productos-de-uso-domestico\/\"]}]},{\"@type\":\"ImageObject\",\"inLanguage\":\"es\",\"@id\":\"https:\/\/www.noticiasradioreflejos.com.ar\/2021\/recomendaciones-para-la-limpieza-domiciliaria-y-productos-de-uso-domestico\/#primaryimage\",\"url\":\"http:\/\/www.noticiasradioreflejos.com.ar\/noticias\/wp-content\/uploads\/2020\/05\/WhatsApp-Image-2020-05-06-at-10.34.49-300x300.jpeg\",\"contentUrl\":\"http:\/\/www.noticiasradioreflejos.com.ar\/noticias\/wp-content\/uploads\/2020\/05\/WhatsApp-Image-2020-05-06-at-10.34.49-300x300.jpeg\"},{\"@type\":\"BreadcrumbList\",\"@id\":\"https:\/\/www.noticiasradioreflejos.com.ar\/2021\/recomendaciones-para-la-limpieza-domiciliaria-y-productos-de-uso-domestico\/#breadcrumb\",\"itemListElement\":[{\"@type\":\"ListItem\",\"position\":1,\"name\":\"Portada\",\"item\":\"https:\/\/www.noticiasradioreflejos.com.ar\/2021\/\"},{\"@type\":\"ListItem\",\"position\":2,\"name\":\"Recomendaciones para la limpieza domiciliaria y productos de uso dom\u00e9stico.\"}]},{\"@type\":\"WebSite\",\"@id\":\"https:\/\/www.noticiasradioreflejos.com.ar\/2021\/#website\",\"url\":\"https:\/\/www.noticiasradioreflejos.com.ar\/2021\/\",\"name\":\"Noticias Radio Reflejos\",\"description\":\"Las noticias de mi comarca\",\"potentialAction\":[{\"@type\":\"SearchAction\",\"target\":{\"@type\":\"EntryPoint\",\"urlTemplate\":\"https:\/\/www.noticiasradioreflejos.com.ar\/2021\/?s={search_term_string}\"},\"query-input\":{\"@type\":\"PropertyValueSpecification\",\"valueRequired\":true,\"valueName\":\"search_term_string\"}}],\"inLanguage\":\"es\"},{\"@type\":\"Person\",\"@id\":\"https:\/\/www.noticiasradioreflejos.com.ar\/2021\/#\/schema\/person\/ad82545263dcc5ec0996818884fd5fb1\",\"name\":\"Arnaldo Botto\",\"image\":{\"@type\":\"ImageObject\",\"inLanguage\":\"es\",\"@id\":\"https:\/\/www.noticiasradioreflejos.com.ar\/2021\/#\/schema\/person\/image\/\",\"url\":\"https:\/\/secure.gravatar.com\/avatar\/55cb5e37c1efa326397366e6974cb338056df65cb50e7d64d1cf314e87504837?s=96&d=mm&r=g\",\"contentUrl\":\"https:\/\/secure.gravatar.com\/avatar\/55cb5e37c1efa326397366e6974cb338056df65cb50e7d64d1cf314e87504837?s=96&d=mm&r=g\",\"caption\":\"Arnaldo Botto\"},\"url\":\"https:\/\/www.noticiasradioreflejos.com.ar\/2021\/author\/arnaldo\/\"}]}<\/script>\n<!-- \/ Yoast SEO plugin. -->","yoast_head_json":{"title":"Recomendaciones para la limpieza domiciliaria y productos de uso dom\u00e9stico. - Noticias Radio Reflejos","robots":{"index":"index","follow":"follow","max-snippet":"max-snippet:-1","max-image-preview":"max-image-preview:large","max-video-preview":"max-video-preview:-1"},"canonical":"https:\/\/www.noticiasradioreflejos.com.ar\/2021\/recomendaciones-para-la-limpieza-domiciliaria-y-productos-de-uso-domestico\/","og_locale":"es_ES","og_type":"article","og_title":"Recomendaciones para la limpieza domiciliaria y productos de uso dom\u00e9stico. - Noticias Radio Reflejos","og_description":"La Secretar\u00eda de Salud recuerda que el coronavirus tiene membranas prote\u00ednicas y grasas (l\u00edpidos). Los elementos b\u00e1sicos de cualquier detergente y jab\u00f3n disuelven la membrana grasa y el virus se vuelve inactivo. En tal sentido reforzamos los puntos clave al usar un desinfectante:","og_url":"https:\/\/www.noticiasradioreflejos.com.ar\/2021\/recomendaciones-para-la-limpieza-domiciliaria-y-productos-de-uso-domestico\/","og_site_name":"Noticias Radio Reflejos","article_published_time":"2020-05-06T14:44:24+00:00","og_image":[{"width":300,"height":200,"url":"https:\/\/www.noticiasradioreflejos.com.ar\/2021\/wp-content\/uploads\/2021\/07\/logosol300x200.png","type":"image\/png"}],"author":"Arnaldo Botto","twitter_card":"summary_large_image","schema":{"@context":"https:\/\/schema.org","@graph":[{"@type":"WebPage","@id":"https:\/\/www.noticiasradioreflejos.com.ar\/2021\/recomendaciones-para-la-limpieza-domiciliaria-y-productos-de-uso-domestico\/","url":"https:\/\/www.noticiasradioreflejos.com.ar\/2021\/recomendaciones-para-la-limpieza-domiciliaria-y-productos-de-uso-domestico\/","name":"Recomendaciones para la limpieza domiciliaria y productos de uso dom\u00e9stico. - Noticias Radio Reflejos","isPartOf":{"@id":"https:\/\/www.noticiasradioreflejos.com.ar\/2021\/#website"},"primaryImageOfPage":{"@id":"https:\/\/www.noticiasradioreflejos.com.ar\/2021\/recomendaciones-para-la-limpieza-domiciliaria-y-productos-de-uso-domestico\/#primaryimage"},"image":{"@id":"https:\/\/www.noticiasradioreflejos.com.ar\/2021\/recomendaciones-para-la-limpieza-domiciliaria-y-productos-de-uso-domestico\/#primaryimage"},"thumbnailUrl":"http:\/\/www.noticiasradioreflejos.com.ar\/noticias\/wp-content\/uploads\/2020\/05\/WhatsApp-Image-2020-05-06-at-10.34.49-300x300.jpeg","datePublished":"2020-05-06T14:44:24+00:00","author":{"@id":"https:\/\/www.noticiasradioreflejos.com.ar\/2021\/#\/schema\/person\/ad82545263dcc5ec0996818884fd5fb1"},"breadcrumb":{"@id":"https:\/\/www.noticiasradioreflejos.com.ar\/2021\/recomendaciones-para-la-limpieza-domiciliaria-y-productos-de-uso-domestico\/#breadcrumb"},"inLanguage":"es","potentialAction":[{"@type":"ReadAction","target":["https:\/\/www.noticiasradioreflejos.com.ar\/2021\/recomendaciones-para-la-limpieza-domiciliaria-y-productos-de-uso-domestico\/"]}]},{"@type":"ImageObject","inLanguage":"es","@id":"https:\/\/www.noticiasradioreflejos.com.ar\/2021\/recomendaciones-para-la-limpieza-domiciliaria-y-productos-de-uso-domestico\/#primaryimage","url":"http:\/\/www.noticiasradioreflejos.com.ar\/noticias\/wp-content\/uploads\/2020\/05\/WhatsApp-Image-2020-05-06-at-10.34.49-300x300.jpeg","contentUrl":"http:\/\/www.noticiasradioreflejos.com.ar\/noticias\/wp-content\/uploads\/2020\/05\/WhatsApp-Image-2020-05-06-at-10.34.49-300x300.jpeg"},{"@type":"BreadcrumbList","@id":"https:\/\/www.noticiasradioreflejos.com.ar\/2021\/recomendaciones-para-la-limpieza-domiciliaria-y-productos-de-uso-domestico\/#breadcrumb","itemListElement":[{"@type":"ListItem","position":1,"name":"Portada","item":"https:\/\/www.noticiasradioreflejos.com.ar\/2021\/"},{"@type":"ListItem","position":2,"name":"Recomendaciones para la limpieza domiciliaria y productos de uso dom\u00e9stico."}]},{"@type":"WebSite","@id":"https:\/\/www.noticiasradioreflejos.com.ar\/2021\/#website","url":"https:\/\/www.noticiasradioreflejos.com.ar\/2021\/","name":"Noticias Radio Reflejos","description":"Las noticias de mi comarca","potentialAction":[{"@type":"SearchAction","target":{"@type":"EntryPoint","urlTemplate":"https:\/\/www.noticiasradioreflejos.com.ar\/2021\/?s={search_term_string}"},"query-input":{"@type":"PropertyValueSpecification","valueRequired":true,"valueName":"search_term_string"}}],"inLanguage":"es"},{"@type":"Person","@id":"https:\/\/www.noticiasradioreflejos.com.ar\/2021\/#\/schema\/person\/ad82545263dcc5ec0996818884fd5fb1","name":"Arnaldo Botto","image":{"@type":"ImageObject","inLanguage":"es","@id":"https:\/\/www.noticiasradioreflejos.com.ar\/2021\/#\/schema\/person\/image\/","url":"https:\/\/secure.gravatar.com\/avatar\/55cb5e37c1efa326397366e6974cb338056df65cb50e7d64d1cf314e87504837?s=96&d=mm&r=g","contentUrl":"https:\/\/secure.gravatar.com\/avatar\/55cb5e37c1efa326397366e6974cb338056df65cb50e7d64d1cf314e87504837?s=96&d=mm&r=g","caption":"Arnaldo Botto"},"url":"https:\/\/www.noticiasradioreflejos.com.ar\/2021\/author\/arnaldo\/"}]}},"_links":{"self":[{"href":"https:\/\/www.noticiasradioreflejos.com.ar\/2021\/wp-json\/wp\/v2\/posts\/41601","targetHints":{"allow":["GET"]}}],"collection":[{"href":"https:\/\/www.noticiasradioreflejos.com.ar\/2021\/wp-json\/wp\/v2\/posts"}],"about":[{"href":"https:\/\/www.noticiasradioreflejos.com.ar\/2021\/wp-json\/wp\/v2\/types\/post"}],"author":[{"embeddable":true,"href":"https:\/\/www.noticiasradioreflejos.com.ar\/2021\/wp-json\/wp\/v2\/users\/3"}],"replies":[{"embeddable":true,"href":"https:\/\/www.noticiasradioreflejos.com.ar\/2021\/wp-json\/wp\/v2\/comments?post=41601"}],"version-history":[{"count":0,"href":"https:\/\/www.noticiasradioreflejos.com.ar\/2021\/wp-json\/wp\/v2\/posts\/41601\/revisions"}],"wp:attachment":[{"href":"https:\/\/www.noticiasradioreflejos.com.ar\/2021\/wp-json\/wp\/v2\/media?parent=41601"}],"wp:term":[{"taxonomy":"category","embeddable":true,"href":"https:\/\/www.noticiasradioreflejos.com.ar\/2021\/wp-json\/wp\/v2\/categories?post=41601"},{"taxonomy":"post_tag","embeddable":true,"href":"https:\/\/www.noticiasradioreflejos.com.ar\/2021\/wp-json\/wp\/v2\/tags?post=41601"}],"curies":[{"name":"wp","href":"https:\/\/api.w.org\/{rel}","templated":true}]}}