{"id":41597,"date":"2020-05-06T12:34:04","date_gmt":"2020-05-06T15:34:04","guid":{"rendered":"http:\/\/www.noticiasradioreflejos.com.ar\/noticias\/?p=41597"},"modified":"2020-05-06T12:34:04","modified_gmt":"2020-05-06T15:34:04","slug":"fotografo-serrano-gano-premio-latinoamericano","status":"publish","type":"post","link":"https:\/\/www.noticiasradioreflejos.com.ar\/2021\/fotografo-serrano-gano-premio-latinoamericano\/","title":{"rendered":"Fot\u00f3grafo Serrano gan\u00f3 premio Latinoamericano ."},"content":{"rendered":"<p><a href=\"http:\/\/www.noticiasradioreflejos.com.ar\/noticias\/wp-content\/uploads\/2020\/05\/Fran-SC.jpg\"><img loading=\"lazy\" decoding=\"async\" class=\"alignleft size-medium wp-image-41599\" src=\"http:\/\/www.noticiasradioreflejos.com.ar\/noticias\/wp-content\/uploads\/2020\/05\/Fran-SC-300x200.jpg\" alt=\"Fran SC\" width=\"300\" height=\"200\" \/><\/a><br \/>\nEl destacado artista de Sierra de la Ventana <strong>Franco Scialpi<\/strong>, conocido por el mote de \u00abEl Cazatormentas\u00bb ha sido galardonado con el 2\u00b0 premio en un concurso internacional. M\u00fasico, cocinero y fot\u00f3grafo, Franco nos describe sus sensaciones por el premio recibido y sus m\u00faltiples actividades.<!--more--><\/p>\n<p>\u00abPara mi esto es una alegr\u00eda porque fui reconocido en una p\u00e1gina muy importante, donde hay muchos fot\u00f3grafos de toda Latinoam\u00e9rica\u00bb comenz\u00f3 expres\u00e1ndose Franco en la nota que le hicimos esta ma\u00f1ana. El fot\u00f3grafo fue destacado en la categor\u00eda \u00abCaballos\u00bb. Los equinos capturados por \u00e9l se encuentran en un potrero aleda\u00f1o\u00a0dentro del predio del Tanque de Aguas Corrientes\u00a0de Sierra de la Ventana y la foto con la que particip\u00f3 fue tomada en Diciembre del 2019. La foto fue calificada con un puntaje de 90,13 pts.<\/p>\n<p>Le preguntamos si tiende a concursar seguido con su arte y nos respondi\u00f3 \u00abEn realidad, no. No me manejo demasiado en eso. Tengo algunas p\u00e1ginas donde publico fotos, pero en realidad las uso m\u00e1s para mirar el trabajo ajeno que me ayuda a expandir mi creatividad\u00bb.<\/p>\n<p>Franco nos cont\u00f3 que, en una primera instancia, es el p\u00fablico quien vota las mejores fotos en este concurso. Y luego, entre las m\u00e1s votadas, el jurado elije la ganadora.<\/p>\n<p>\u00abTodos los d\u00edas hacen concursos con distintas tem\u00e1ticas porque participan millones de personas de todo el continente. Para mi haber ganado la foto con los caballos es un golazo\u00bb explic\u00f3 gratamente, y nos confes\u00f3 que un poco se esperaba el galard\u00f3n porque, para \u00e9l, la foto es muy interesante gracias al impacto visual que tiene el atardecer de fondo en su trabajo. Tambi\u00e9n nos cont\u00f3 que estuvo nominado entre las 10 mejores fotos\u00a0donde se encontraba otro reconocido fot\u00f3grafo que pudo publicar su trabajo en la NASA gracias a una excelente toma, \u00abya con eso estaba contento\u00bb dijo Franco. Ha sido destacado tambi\u00e9n en otras categor\u00edas, como en la de fotograf\u00eda nocturna, mejor llamada \u00abFotograf\u00eda de Campo Amplio\u00bb donde, a ra\u00edz de fotos panor\u00e1micas, se puede visualizar todo el arco gal\u00e1ctico.<\/p>\n<p>Le pedimos que nos relate un poco el contexto de la foto. \u00abEra Diciembre, imaginate. Los t\u00e1banos me mataron ese d\u00eda\u00bb recuerda graciosamente. \u00abMe qued\u00e9 danto vueltas en la plaza del pueblo, y cuando empez\u00f3 a caer el atardecer, se acercaron los caballos. Saqu\u00e9 como 50 fotos, pero 1 fue la foto perfecta\u00bb refiri\u00e9ndose a la instant\u00e1nea ganadora.<\/p>\n<p>\u00abAyer me toc\u00f3 a mi salir, porque soy n\u00famero impar, y camin\u00e9 por la plaza del Mirador y me top\u00e9 con un paisaje incre\u00edble\u00bb habl\u00f3 refiri\u00e9ndose a la restricci\u00f3n de salidas que tenemos por la cuarentena, lo cual le limita su actividad ya que \u00e9l es un aficionado en las fotos nocturnas. \u00abAyer tambi\u00e9n me sub\u00ed al techo de casa y pude capturar el arco\u00edris doble completo\u00bb expres\u00f3 y nos cont\u00f3 que para hacer la toma perfecta a veces est\u00e1 5 o 6 horas esperando a componer la fotograf\u00eda y luego, enganchar el momento justo.<\/p>\n<p>Premios Diarios por votaci\u00f3n del Jurado Calificador<br \/>\nAutor: Franco Sc<br \/>\nTema: CABALLOS<br \/>\nD\u00eda: lunes 04 de mayo de 2020<br \/>\nPuntos: 90,13<\/p>\n<p>Jurado Calificador est\u00e1 integrado por:<br \/>\nAdriana Claudia Gallardo.<br \/>\nSilvana Rosa.<br \/>\nFernando Riveros.<br \/>\nMarco Retana<br \/>\nAdolfo Loyola.<br \/>\nHoracio Manuel Lara.<\/p>\n<p>Marta Alicia Arcodia, Directora de C\u00e1maras<br \/>\nFot\u00f3grafos Latinoamericanos<\/p>\n<p><iframe loading=\"lazy\" src=\"https:\/\/w.soundcloud.com\/player\/?url=https%3A\/\/api.soundcloud.com\/tracks\/814815229&amp;color=%23ff5500&amp;auto_play=false&amp;hide_related=false&amp;show_comments=true&amp;show_user=true&amp;show_reposts=false&amp;show_teaser=true\" width=\"100%\" height=\"166\" frameborder=\"no\" scrolling=\"no\"><\/iframe><\/p>\n<div style=\"font-size: 10px; color: #cccccc; line-break: anywhere; word-break: normal; overflow: hidden; white-space: nowrap; text-overflow: ellipsis; font-family: Interstate,Lucida Grande,Lucida Sans Unicode,Lucida Sans,Garuda,Verdana,Tahoma,sans-serif; font-weight: 100;\"><a style=\"color: #cccccc; text-decoration: none;\" title=\"fmreflejos 103.7\" href=\"https:\/\/soundcloud.com\/fmreflejos-103-7\" target=\"_blank\" rel=\"noopener\">fmreflejos 103.7<\/a> \u00b7 <a style=\"color: #cccccc; text-decoration: none;\" title=\"Nota Franco Sc.\" href=\"https:\/\/soundcloud.com\/fmreflejos-103-7\/nota-franco\" target=\"_blank\" rel=\"noopener\">Nota Franco Sc.<\/a><\/div>\n","protected":false},"excerpt":{"rendered":"<p>El destacado artista de Sierra de la Ventana Franco Scialpi, conocido por el mote de \u00abEl Cazatormentas\u00bb ha sido galardonado con el 2\u00b0 premio en un concurso internacional. M\u00fasico, cocinero y fot\u00f3grafo, Franco nos describe sus sensaciones por el premio recibido y sus m\u00faltiples actividades.<\/p>\n","protected":false},"author":3,"featured_media":0,"comment_status":"closed","ping_status":"open","sticky":false,"template":"","format":"standard","meta":{"footnotes":""},"categories":[35],"tags":[],"class_list":["post-41597","post","type-post","status-publish","format-standard","hentry","category-cultura"],"yoast_head":"<!-- This site is optimized with the Yoast SEO plugin v25.9 - https:\/\/yoast.com\/wordpress\/plugins\/seo\/ -->\n<title>Fot\u00f3grafo Serrano gan\u00f3 premio Latinoamericano . - Noticias Radio Reflejos<\/title>\n<meta name=\"robots\" content=\"index, follow, max-snippet:-1, max-image-preview:large, max-video-preview:-1\" \/>\n<link rel=\"canonical\" href=\"https:\/\/www.noticiasradioreflejos.com.ar\/2021\/fotografo-serrano-gano-premio-latinoamericano\/\" \/>\n<meta property=\"og:locale\" content=\"es_ES\" \/>\n<meta property=\"og:type\" content=\"article\" \/>\n<meta property=\"og:title\" content=\"Fot\u00f3grafo Serrano gan\u00f3 premio Latinoamericano . - Noticias Radio Reflejos\" \/>\n<meta property=\"og:description\" content=\"El destacado artista de Sierra de la Ventana Franco Scialpi, conocido por el mote de \u00abEl Cazatormentas\u00bb ha sido galardonado con el 2\u00b0 premio en un concurso internacional. M\u00fasico, cocinero y fot\u00f3grafo, Franco nos describe sus sensaciones por el premio recibido y sus m\u00faltiples actividades.\" \/>\n<meta property=\"og:url\" content=\"https:\/\/www.noticiasradioreflejos.com.ar\/2021\/fotografo-serrano-gano-premio-latinoamericano\/\" \/>\n<meta property=\"og:site_name\" content=\"Noticias Radio Reflejos\" \/>\n<meta property=\"article:published_time\" content=\"2020-05-06T15:34:04+00:00\" \/>\n<meta property=\"og:image\" content=\"https:\/\/www.noticiasradioreflejos.com.ar\/2021\/wp-content\/uploads\/2021\/07\/logosol300x200.png\" \/>\n\t<meta property=\"og:image:width\" content=\"300\" \/>\n\t<meta property=\"og:image:height\" content=\"200\" \/>\n\t<meta property=\"og:image:type\" content=\"image\/png\" \/>\n<meta name=\"author\" content=\"Arnaldo Botto\" \/>\n<meta name=\"twitter:card\" content=\"summary_large_image\" \/>\n<script type=\"application\/ld+json\" class=\"yoast-schema-graph\">{\"@context\":\"https:\/\/schema.org\",\"@graph\":[{\"@type\":\"WebPage\",\"@id\":\"https:\/\/www.noticiasradioreflejos.com.ar\/2021\/fotografo-serrano-gano-premio-latinoamericano\/\",\"url\":\"https:\/\/www.noticiasradioreflejos.com.ar\/2021\/fotografo-serrano-gano-premio-latinoamericano\/\",\"name\":\"Fot\u00f3grafo Serrano gan\u00f3 premio Latinoamericano . - Noticias Radio Reflejos\",\"isPartOf\":{\"@id\":\"https:\/\/www.noticiasradioreflejos.com.ar\/2021\/#website\"},\"primaryImageOfPage\":{\"@id\":\"https:\/\/www.noticiasradioreflejos.com.ar\/2021\/fotografo-serrano-gano-premio-latinoamericano\/#primaryimage\"},\"image\":{\"@id\":\"https:\/\/www.noticiasradioreflejos.com.ar\/2021\/fotografo-serrano-gano-premio-latinoamericano\/#primaryimage\"},\"thumbnailUrl\":\"http:\/\/www.noticiasradioreflejos.com.ar\/noticias\/wp-content\/uploads\/2020\/05\/Fran-SC-300x200.jpg\",\"datePublished\":\"2020-05-06T15:34:04+00:00\",\"author\":{\"@id\":\"https:\/\/www.noticiasradioreflejos.com.ar\/2021\/#\/schema\/person\/ad82545263dcc5ec0996818884fd5fb1\"},\"breadcrumb\":{\"@id\":\"https:\/\/www.noticiasradioreflejos.com.ar\/2021\/fotografo-serrano-gano-premio-latinoamericano\/#breadcrumb\"},\"inLanguage\":\"es\",\"potentialAction\":[{\"@type\":\"ReadAction\",\"target\":[\"https:\/\/www.noticiasradioreflejos.com.ar\/2021\/fotografo-serrano-gano-premio-latinoamericano\/\"]}]},{\"@type\":\"ImageObject\",\"inLanguage\":\"es\",\"@id\":\"https:\/\/www.noticiasradioreflejos.com.ar\/2021\/fotografo-serrano-gano-premio-latinoamericano\/#primaryimage\",\"url\":\"http:\/\/www.noticiasradioreflejos.com.ar\/noticias\/wp-content\/uploads\/2020\/05\/Fran-SC-300x200.jpg\",\"contentUrl\":\"http:\/\/www.noticiasradioreflejos.com.ar\/noticias\/wp-content\/uploads\/2020\/05\/Fran-SC-300x200.jpg\"},{\"@type\":\"BreadcrumbList\",\"@id\":\"https:\/\/www.noticiasradioreflejos.com.ar\/2021\/fotografo-serrano-gano-premio-latinoamericano\/#breadcrumb\",\"itemListElement\":[{\"@type\":\"ListItem\",\"position\":1,\"name\":\"Portada\",\"item\":\"https:\/\/www.noticiasradioreflejos.com.ar\/2021\/\"},{\"@type\":\"ListItem\",\"position\":2,\"name\":\"Fot\u00f3grafo Serrano gan\u00f3 premio Latinoamericano .\"}]},{\"@type\":\"WebSite\",\"@id\":\"https:\/\/www.noticiasradioreflejos.com.ar\/2021\/#website\",\"url\":\"https:\/\/www.noticiasradioreflejos.com.ar\/2021\/\",\"name\":\"Noticias Radio Reflejos\",\"description\":\"Las noticias de mi comarca\",\"potentialAction\":[{\"@type\":\"SearchAction\",\"target\":{\"@type\":\"EntryPoint\",\"urlTemplate\":\"https:\/\/www.noticiasradioreflejos.com.ar\/2021\/?s={search_term_string}\"},\"query-input\":{\"@type\":\"PropertyValueSpecification\",\"valueRequired\":true,\"valueName\":\"search_term_string\"}}],\"inLanguage\":\"es\"},{\"@type\":\"Person\",\"@id\":\"https:\/\/www.noticiasradioreflejos.com.ar\/2021\/#\/schema\/person\/ad82545263dcc5ec0996818884fd5fb1\",\"name\":\"Arnaldo Botto\",\"image\":{\"@type\":\"ImageObject\",\"inLanguage\":\"es\",\"@id\":\"https:\/\/www.noticiasradioreflejos.com.ar\/2021\/#\/schema\/person\/image\/\",\"url\":\"https:\/\/secure.gravatar.com\/avatar\/55cb5e37c1efa326397366e6974cb338056df65cb50e7d64d1cf314e87504837?s=96&d=mm&r=g\",\"contentUrl\":\"https:\/\/secure.gravatar.com\/avatar\/55cb5e37c1efa326397366e6974cb338056df65cb50e7d64d1cf314e87504837?s=96&d=mm&r=g\",\"caption\":\"Arnaldo Botto\"},\"url\":\"https:\/\/www.noticiasradioreflejos.com.ar\/2021\/author\/arnaldo\/\"}]}<\/script>\n<!-- \/ Yoast SEO plugin. -->","yoast_head_json":{"title":"Fot\u00f3grafo Serrano gan\u00f3 premio Latinoamericano . - Noticias Radio Reflejos","robots":{"index":"index","follow":"follow","max-snippet":"max-snippet:-1","max-image-preview":"max-image-preview:large","max-video-preview":"max-video-preview:-1"},"canonical":"https:\/\/www.noticiasradioreflejos.com.ar\/2021\/fotografo-serrano-gano-premio-latinoamericano\/","og_locale":"es_ES","og_type":"article","og_title":"Fot\u00f3grafo Serrano gan\u00f3 premio Latinoamericano . - Noticias Radio Reflejos","og_description":"El destacado artista de Sierra de la Ventana Franco Scialpi, conocido por el mote de \u00abEl Cazatormentas\u00bb ha sido galardonado con el 2\u00b0 premio en un concurso internacional. M\u00fasico, cocinero y fot\u00f3grafo, Franco nos describe sus sensaciones por el premio recibido y sus m\u00faltiples actividades.","og_url":"https:\/\/www.noticiasradioreflejos.com.ar\/2021\/fotografo-serrano-gano-premio-latinoamericano\/","og_site_name":"Noticias Radio Reflejos","article_published_time":"2020-05-06T15:34:04+00:00","og_image":[{"width":300,"height":200,"url":"https:\/\/www.noticiasradioreflejos.com.ar\/2021\/wp-content\/uploads\/2021\/07\/logosol300x200.png","type":"image\/png"}],"author":"Arnaldo Botto","twitter_card":"summary_large_image","schema":{"@context":"https:\/\/schema.org","@graph":[{"@type":"WebPage","@id":"https:\/\/www.noticiasradioreflejos.com.ar\/2021\/fotografo-serrano-gano-premio-latinoamericano\/","url":"https:\/\/www.noticiasradioreflejos.com.ar\/2021\/fotografo-serrano-gano-premio-latinoamericano\/","name":"Fot\u00f3grafo Serrano gan\u00f3 premio Latinoamericano . - Noticias Radio Reflejos","isPartOf":{"@id":"https:\/\/www.noticiasradioreflejos.com.ar\/2021\/#website"},"primaryImageOfPage":{"@id":"https:\/\/www.noticiasradioreflejos.com.ar\/2021\/fotografo-serrano-gano-premio-latinoamericano\/#primaryimage"},"image":{"@id":"https:\/\/www.noticiasradioreflejos.com.ar\/2021\/fotografo-serrano-gano-premio-latinoamericano\/#primaryimage"},"thumbnailUrl":"http:\/\/www.noticiasradioreflejos.com.ar\/noticias\/wp-content\/uploads\/2020\/05\/Fran-SC-300x200.jpg","datePublished":"2020-05-06T15:34:04+00:00","author":{"@id":"https:\/\/www.noticiasradioreflejos.com.ar\/2021\/#\/schema\/person\/ad82545263dcc5ec0996818884fd5fb1"},"breadcrumb":{"@id":"https:\/\/www.noticiasradioreflejos.com.ar\/2021\/fotografo-serrano-gano-premio-latinoamericano\/#breadcrumb"},"inLanguage":"es","potentialAction":[{"@type":"ReadAction","target":["https:\/\/www.noticiasradioreflejos.com.ar\/2021\/fotografo-serrano-gano-premio-latinoamericano\/"]}]},{"@type":"ImageObject","inLanguage":"es","@id":"https:\/\/www.noticiasradioreflejos.com.ar\/2021\/fotografo-serrano-gano-premio-latinoamericano\/#primaryimage","url":"http:\/\/www.noticiasradioreflejos.com.ar\/noticias\/wp-content\/uploads\/2020\/05\/Fran-SC-300x200.jpg","contentUrl":"http:\/\/www.noticiasradioreflejos.com.ar\/noticias\/wp-content\/uploads\/2020\/05\/Fran-SC-300x200.jpg"},{"@type":"BreadcrumbList","@id":"https:\/\/www.noticiasradioreflejos.com.ar\/2021\/fotografo-serrano-gano-premio-latinoamericano\/#breadcrumb","itemListElement":[{"@type":"ListItem","position":1,"name":"Portada","item":"https:\/\/www.noticiasradioreflejos.com.ar\/2021\/"},{"@type":"ListItem","position":2,"name":"Fot\u00f3grafo Serrano gan\u00f3 premio Latinoamericano ."}]},{"@type":"WebSite","@id":"https:\/\/www.noticiasradioreflejos.com.ar\/2021\/#website","url":"https:\/\/www.noticiasradioreflejos.com.ar\/2021\/","name":"Noticias Radio Reflejos","description":"Las noticias de mi comarca","potentialAction":[{"@type":"SearchAction","target":{"@type":"EntryPoint","urlTemplate":"https:\/\/www.noticiasradioreflejos.com.ar\/2021\/?s={search_term_string}"},"query-input":{"@type":"PropertyValueSpecification","valueRequired":true,"valueName":"search_term_string"}}],"inLanguage":"es"},{"@type":"Person","@id":"https:\/\/www.noticiasradioreflejos.com.ar\/2021\/#\/schema\/person\/ad82545263dcc5ec0996818884fd5fb1","name":"Arnaldo Botto","image":{"@type":"ImageObject","inLanguage":"es","@id":"https:\/\/www.noticiasradioreflejos.com.ar\/2021\/#\/schema\/person\/image\/","url":"https:\/\/secure.gravatar.com\/avatar\/55cb5e37c1efa326397366e6974cb338056df65cb50e7d64d1cf314e87504837?s=96&d=mm&r=g","contentUrl":"https:\/\/secure.gravatar.com\/avatar\/55cb5e37c1efa326397366e6974cb338056df65cb50e7d64d1cf314e87504837?s=96&d=mm&r=g","caption":"Arnaldo Botto"},"url":"https:\/\/www.noticiasradioreflejos.com.ar\/2021\/author\/arnaldo\/"}]}},"_links":{"self":[{"href":"https:\/\/www.noticiasradioreflejos.com.ar\/2021\/wp-json\/wp\/v2\/posts\/41597","targetHints":{"allow":["GET"]}}],"collection":[{"href":"https:\/\/www.noticiasradioreflejos.com.ar\/2021\/wp-json\/wp\/v2\/posts"}],"about":[{"href":"https:\/\/www.noticiasradioreflejos.com.ar\/2021\/wp-json\/wp\/v2\/types\/post"}],"author":[{"embeddable":true,"href":"https:\/\/www.noticiasradioreflejos.com.ar\/2021\/wp-json\/wp\/v2\/users\/3"}],"replies":[{"embeddable":true,"href":"https:\/\/www.noticiasradioreflejos.com.ar\/2021\/wp-json\/wp\/v2\/comments?post=41597"}],"version-history":[{"count":0,"href":"https:\/\/www.noticiasradioreflejos.com.ar\/2021\/wp-json\/wp\/v2\/posts\/41597\/revisions"}],"wp:attachment":[{"href":"https:\/\/www.noticiasradioreflejos.com.ar\/2021\/wp-json\/wp\/v2\/media?parent=41597"}],"wp:term":[{"taxonomy":"category","embeddable":true,"href":"https:\/\/www.noticiasradioreflejos.com.ar\/2021\/wp-json\/wp\/v2\/categories?post=41597"},{"taxonomy":"post_tag","embeddable":true,"href":"https:\/\/www.noticiasradioreflejos.com.ar\/2021\/wp-json\/wp\/v2\/tags?post=41597"}],"curies":[{"name":"wp","href":"https:\/\/api.w.org\/{rel}","templated":true}]}}