{"id":41592,"date":"2020-05-06T08:35:45","date_gmt":"2020-05-06T11:35:45","guid":{"rendered":"http:\/\/www.noticiasradioreflejos.com.ar\/noticias\/?p=41592"},"modified":"2020-05-06T08:35:45","modified_gmt":"2020-05-06T11:35:45","slug":"oficializan-que-edenor-y-edesur-deberan-facturar-en-base-al-menor-registro-de-los-ultimos-tres-anos","status":"publish","type":"post","link":"https:\/\/www.noticiasradioreflejos.com.ar\/2021\/oficializan-que-edenor-y-edesur-deberan-facturar-en-base-al-menor-registro-de-los-ultimos-tres-anos\/","title":{"rendered":"Oficializan que Edenor y Edesur deber\u00e1n facturar en base al menor registro de los \u00faltimos tres a\u00f1os"},"content":{"rendered":"<p>El Ente Nacional Regulador de la Electricidad (ENRE) convalid\u00f3 la decisi\u00f3n de que las distribuidoras Edenor y Edesur deber\u00e1n utilizar el menor registro de los tres \u00faltimos a\u00f1os para emitir la factura durante la emergencia sanitaria por la pandemia de coronavirus, a trav\u00e9s de la resoluci\u00f3n 27\/2020 publicada hoy en el Bolet\u00edn Oficial. Adem\u00e1s, por intermedio de las resoluciones 28 y 29\/2020 tambi\u00e9n oficializadas hoy, el ENRE dispuso la constituci\u00f3n de una mesa de distribuci\u00f3n y otra de transporte de energ\u00eda el\u00e9ctrica, de la cual participar\u00e1n las empresas de ambos sectores para coordinar tareas durante la emergencia.<!--more--><\/p>\n<p>El ente regulador, a cargo del interventor Federico Basualdo, instruy\u00f3 a Edenor y Edesur para que realicen la estimaci\u00f3n del consumo de usuarios residenciales utilizando el menor registro de consumo correspondiente al mismo periodo de estimaci\u00f3n de los \u00faltimos tres a\u00f1os, y modificar la f\u00f3rmula, en la actual coyuntura en que no se puede tomar registro presencial de los medidores.<\/p>\n<p>De esta manera, el ENRE adopt\u00f3 similar criterio al que d\u00edas atr\u00e1s implement\u00f3 el Ente Nacional Regulador del gas (Enargas) con las nueve distribuidoras de gas natural que cubren todo el pa\u00eds.<\/p>\n<p>En este caso, el ENRE tiene alcance solamente a las compa\u00f1\u00edas distribuidoras de electricidad que cubren el \u00c1rea Metropolitana Buenos Aires (AMBA), ya que el resto de las compa\u00f1\u00edas son de jurisdicci\u00f3n provincial.<\/p>\n<p>La nueva f\u00f3rmula de estimaci\u00f3n tendr\u00e1 vigencia hasta que se normalicen las tareas de lectura de medidores, limitadas en la actualidad por la vigencia del aislamiento obligatorio.<\/p>\n<p>A la vez, el ENRE record\u00f3 que instruy\u00f3 a las distribuidoras a reforzar los canales de atenci\u00f3n al cliente para garantizar los derechos de los usuarios del servicio.<\/p>\n<p>La premisa es permitir que los usuarios puedan impugnar sus facturas en los casos donde se detecte un desv\u00edo entre el consumo real y el estimado por la distribuidora, declarando el valor consumido.<\/p>\n<p>A su vez, se dispuso que las eventuales diferencias que surjan entre las lecturas reales y lo que se haya facturado a los usuarios, ser\u00e1n evaluadas oportunamente y se establecer\u00e1n los procedimientos para su tratamiento, ponderando los derechos y posibilidades de los mismos.<\/p>\n<p>Por otra parte, el Ente constituy\u00f3 la Mesa de Distribuci\u00f3n de Energ\u00eda El\u00e9ctrica, de la cual participar\u00e1n Edenor y Edesur.<\/p>\n<p>Del mismo modo, conform\u00f3 la Mesa de Transporte de Energ\u00eda El\u00e9ctrica, donde tambi\u00e9n estar\u00e1n las empresas Transener, Transnoa, Transnea, Districuyo, Transba, Transco, Transpa,y el Ente Provincial de Energ\u00eda del Neuqu\u00e9n (EPEN).<\/p>\n<p>Ambas meses tendr\u00e1n como objetivos coordinar las tareas que resulten necesarias ante la situaci\u00f3n de emergencia, con la finalidad de asegurar a los usuarios la adecuada prestaci\u00f3n del servicio de distribuci\u00f3n y de transporte de energ\u00eda el\u00e9ctrica en estas condiciones, en el marco de las competencias y atribuciones de cada uno de los participantes.<\/p>\n<p>Tambi\u00e9n deber\u00e1n articular las medidas que se dispongan durante la emergencia por los respectivos organismos o comit\u00e9s interdisciplinarios que sean convocados o constituidos en el \u00e1mbito nacional; y monitorear, en el marco de las competencias y atribuciones de cada uno de los participantes, el efectivo cumplimiento de las medidas que se adopten en el marco de la emergencia declarada.<\/p>\n","protected":false},"excerpt":{"rendered":"<p>El Ente Nacional Regulador de la Electricidad (ENRE) convalid\u00f3 la decisi\u00f3n de que las distribuidoras Edenor y Edesur deber\u00e1n utilizar el menor registro de los tres \u00faltimos a\u00f1os para emitir la factura durante la emergencia sanitaria por la pandemia de coronavirus, a trav\u00e9s de la resoluci\u00f3n 27\/2020 publicada hoy en el Bolet\u00edn Oficial. Adem\u00e1s, por [&hellip;]<\/p>\n","protected":false},"author":3,"featured_media":0,"comment_status":"closed","ping_status":"open","sticky":false,"template":"","format":"standard","meta":{"footnotes":""},"categories":[36],"tags":[],"class_list":["post-41592","post","type-post","status-publish","format-standard","hentry","category-economia"],"yoast_head":"<!-- This site is optimized with the Yoast SEO plugin v25.9 - https:\/\/yoast.com\/wordpress\/plugins\/seo\/ -->\n<title>Oficializan que Edenor y Edesur deber\u00e1n facturar en base al menor registro de los \u00faltimos tres a\u00f1os - Noticias Radio Reflejos<\/title>\n<meta name=\"robots\" content=\"index, follow, max-snippet:-1, max-image-preview:large, max-video-preview:-1\" \/>\n<link rel=\"canonical\" href=\"https:\/\/www.noticiasradioreflejos.com.ar\/2021\/oficializan-que-edenor-y-edesur-deberan-facturar-en-base-al-menor-registro-de-los-ultimos-tres-anos\/\" \/>\n<meta property=\"og:locale\" content=\"es_ES\" \/>\n<meta property=\"og:type\" content=\"article\" \/>\n<meta property=\"og:title\" content=\"Oficializan que Edenor y Edesur deber\u00e1n facturar en base al menor registro de los \u00faltimos tres a\u00f1os - Noticias Radio Reflejos\" \/>\n<meta property=\"og:description\" content=\"El Ente Nacional Regulador de la Electricidad (ENRE) convalid\u00f3 la decisi\u00f3n de que las distribuidoras Edenor y Edesur deber\u00e1n utilizar el menor registro de los tres \u00faltimos a\u00f1os para emitir la factura durante la emergencia sanitaria por la pandemia de coronavirus, a trav\u00e9s de la resoluci\u00f3n 27\/2020 publicada hoy en el Bolet\u00edn Oficial. Adem\u00e1s, por [&hellip;]\" \/>\n<meta property=\"og:url\" content=\"https:\/\/www.noticiasradioreflejos.com.ar\/2021\/oficializan-que-edenor-y-edesur-deberan-facturar-en-base-al-menor-registro-de-los-ultimos-tres-anos\/\" \/>\n<meta property=\"og:site_name\" content=\"Noticias Radio Reflejos\" \/>\n<meta property=\"article:published_time\" content=\"2020-05-06T11:35:45+00:00\" \/>\n<meta property=\"og:image\" content=\"https:\/\/www.noticiasradioreflejos.com.ar\/2021\/wp-content\/uploads\/2021\/07\/logosol300x200.png\" \/>\n\t<meta property=\"og:image:width\" content=\"300\" \/>\n\t<meta property=\"og:image:height\" content=\"200\" \/>\n\t<meta property=\"og:image:type\" content=\"image\/png\" \/>\n<meta name=\"author\" content=\"Arnaldo Botto\" \/>\n<meta name=\"twitter:card\" content=\"summary_large_image\" \/>\n<script type=\"application\/ld+json\" class=\"yoast-schema-graph\">{\"@context\":\"https:\/\/schema.org\",\"@graph\":[{\"@type\":\"WebPage\",\"@id\":\"https:\/\/www.noticiasradioreflejos.com.ar\/2021\/oficializan-que-edenor-y-edesur-deberan-facturar-en-base-al-menor-registro-de-los-ultimos-tres-anos\/\",\"url\":\"https:\/\/www.noticiasradioreflejos.com.ar\/2021\/oficializan-que-edenor-y-edesur-deberan-facturar-en-base-al-menor-registro-de-los-ultimos-tres-anos\/\",\"name\":\"Oficializan que Edenor y Edesur deber\u00e1n facturar en base al menor registro de los \u00faltimos tres a\u00f1os - Noticias Radio Reflejos\",\"isPartOf\":{\"@id\":\"https:\/\/www.noticiasradioreflejos.com.ar\/2021\/#website\"},\"datePublished\":\"2020-05-06T11:35:45+00:00\",\"author\":{\"@id\":\"https:\/\/www.noticiasradioreflejos.com.ar\/2021\/#\/schema\/person\/ad82545263dcc5ec0996818884fd5fb1\"},\"breadcrumb\":{\"@id\":\"https:\/\/www.noticiasradioreflejos.com.ar\/2021\/oficializan-que-edenor-y-edesur-deberan-facturar-en-base-al-menor-registro-de-los-ultimos-tres-anos\/#breadcrumb\"},\"inLanguage\":\"es\",\"potentialAction\":[{\"@type\":\"ReadAction\",\"target\":[\"https:\/\/www.noticiasradioreflejos.com.ar\/2021\/oficializan-que-edenor-y-edesur-deberan-facturar-en-base-al-menor-registro-de-los-ultimos-tres-anos\/\"]}]},{\"@type\":\"BreadcrumbList\",\"@id\":\"https:\/\/www.noticiasradioreflejos.com.ar\/2021\/oficializan-que-edenor-y-edesur-deberan-facturar-en-base-al-menor-registro-de-los-ultimos-tres-anos\/#breadcrumb\",\"itemListElement\":[{\"@type\":\"ListItem\",\"position\":1,\"name\":\"Portada\",\"item\":\"https:\/\/www.noticiasradioreflejos.com.ar\/2021\/\"},{\"@type\":\"ListItem\",\"position\":2,\"name\":\"Oficializan que Edenor y Edesur deber\u00e1n facturar en base al menor registro de los \u00faltimos tres a\u00f1os\"}]},{\"@type\":\"WebSite\",\"@id\":\"https:\/\/www.noticiasradioreflejos.com.ar\/2021\/#website\",\"url\":\"https:\/\/www.noticiasradioreflejos.com.ar\/2021\/\",\"name\":\"Noticias Radio Reflejos\",\"description\":\"Las noticias de mi comarca\",\"potentialAction\":[{\"@type\":\"SearchAction\",\"target\":{\"@type\":\"EntryPoint\",\"urlTemplate\":\"https:\/\/www.noticiasradioreflejos.com.ar\/2021\/?s={search_term_string}\"},\"query-input\":{\"@type\":\"PropertyValueSpecification\",\"valueRequired\":true,\"valueName\":\"search_term_string\"}}],\"inLanguage\":\"es\"},{\"@type\":\"Person\",\"@id\":\"https:\/\/www.noticiasradioreflejos.com.ar\/2021\/#\/schema\/person\/ad82545263dcc5ec0996818884fd5fb1\",\"name\":\"Arnaldo Botto\",\"image\":{\"@type\":\"ImageObject\",\"inLanguage\":\"es\",\"@id\":\"https:\/\/www.noticiasradioreflejos.com.ar\/2021\/#\/schema\/person\/image\/\",\"url\":\"https:\/\/secure.gravatar.com\/avatar\/55cb5e37c1efa326397366e6974cb338056df65cb50e7d64d1cf314e87504837?s=96&d=mm&r=g\",\"contentUrl\":\"https:\/\/secure.gravatar.com\/avatar\/55cb5e37c1efa326397366e6974cb338056df65cb50e7d64d1cf314e87504837?s=96&d=mm&r=g\",\"caption\":\"Arnaldo Botto\"},\"url\":\"https:\/\/www.noticiasradioreflejos.com.ar\/2021\/author\/arnaldo\/\"}]}<\/script>\n<!-- \/ Yoast SEO plugin. -->","yoast_head_json":{"title":"Oficializan que Edenor y Edesur deber\u00e1n facturar en base al menor registro de los \u00faltimos tres a\u00f1os - Noticias Radio Reflejos","robots":{"index":"index","follow":"follow","max-snippet":"max-snippet:-1","max-image-preview":"max-image-preview:large","max-video-preview":"max-video-preview:-1"},"canonical":"https:\/\/www.noticiasradioreflejos.com.ar\/2021\/oficializan-que-edenor-y-edesur-deberan-facturar-en-base-al-menor-registro-de-los-ultimos-tres-anos\/","og_locale":"es_ES","og_type":"article","og_title":"Oficializan que Edenor y Edesur deber\u00e1n facturar en base al menor registro de los \u00faltimos tres a\u00f1os - Noticias Radio Reflejos","og_description":"El Ente Nacional Regulador de la Electricidad (ENRE) convalid\u00f3 la decisi\u00f3n de que las distribuidoras Edenor y Edesur deber\u00e1n utilizar el menor registro de los tres \u00faltimos a\u00f1os para emitir la factura durante la emergencia sanitaria por la pandemia de coronavirus, a trav\u00e9s de la resoluci\u00f3n 27\/2020 publicada hoy en el Bolet\u00edn Oficial. Adem\u00e1s, por [&hellip;]","og_url":"https:\/\/www.noticiasradioreflejos.com.ar\/2021\/oficializan-que-edenor-y-edesur-deberan-facturar-en-base-al-menor-registro-de-los-ultimos-tres-anos\/","og_site_name":"Noticias Radio Reflejos","article_published_time":"2020-05-06T11:35:45+00:00","og_image":[{"width":300,"height":200,"url":"https:\/\/www.noticiasradioreflejos.com.ar\/2021\/wp-content\/uploads\/2021\/07\/logosol300x200.png","type":"image\/png"}],"author":"Arnaldo Botto","twitter_card":"summary_large_image","schema":{"@context":"https:\/\/schema.org","@graph":[{"@type":"WebPage","@id":"https:\/\/www.noticiasradioreflejos.com.ar\/2021\/oficializan-que-edenor-y-edesur-deberan-facturar-en-base-al-menor-registro-de-los-ultimos-tres-anos\/","url":"https:\/\/www.noticiasradioreflejos.com.ar\/2021\/oficializan-que-edenor-y-edesur-deberan-facturar-en-base-al-menor-registro-de-los-ultimos-tres-anos\/","name":"Oficializan que Edenor y Edesur deber\u00e1n facturar en base al menor registro de los \u00faltimos tres a\u00f1os - Noticias Radio Reflejos","isPartOf":{"@id":"https:\/\/www.noticiasradioreflejos.com.ar\/2021\/#website"},"datePublished":"2020-05-06T11:35:45+00:00","author":{"@id":"https:\/\/www.noticiasradioreflejos.com.ar\/2021\/#\/schema\/person\/ad82545263dcc5ec0996818884fd5fb1"},"breadcrumb":{"@id":"https:\/\/www.noticiasradioreflejos.com.ar\/2021\/oficializan-que-edenor-y-edesur-deberan-facturar-en-base-al-menor-registro-de-los-ultimos-tres-anos\/#breadcrumb"},"inLanguage":"es","potentialAction":[{"@type":"ReadAction","target":["https:\/\/www.noticiasradioreflejos.com.ar\/2021\/oficializan-que-edenor-y-edesur-deberan-facturar-en-base-al-menor-registro-de-los-ultimos-tres-anos\/"]}]},{"@type":"BreadcrumbList","@id":"https:\/\/www.noticiasradioreflejos.com.ar\/2021\/oficializan-que-edenor-y-edesur-deberan-facturar-en-base-al-menor-registro-de-los-ultimos-tres-anos\/#breadcrumb","itemListElement":[{"@type":"ListItem","position":1,"name":"Portada","item":"https:\/\/www.noticiasradioreflejos.com.ar\/2021\/"},{"@type":"ListItem","position":2,"name":"Oficializan que Edenor y Edesur deber\u00e1n facturar en base al menor registro de los \u00faltimos tres a\u00f1os"}]},{"@type":"WebSite","@id":"https:\/\/www.noticiasradioreflejos.com.ar\/2021\/#website","url":"https:\/\/www.noticiasradioreflejos.com.ar\/2021\/","name":"Noticias Radio Reflejos","description":"Las noticias de mi comarca","potentialAction":[{"@type":"SearchAction","target":{"@type":"EntryPoint","urlTemplate":"https:\/\/www.noticiasradioreflejos.com.ar\/2021\/?s={search_term_string}"},"query-input":{"@type":"PropertyValueSpecification","valueRequired":true,"valueName":"search_term_string"}}],"inLanguage":"es"},{"@type":"Person","@id":"https:\/\/www.noticiasradioreflejos.com.ar\/2021\/#\/schema\/person\/ad82545263dcc5ec0996818884fd5fb1","name":"Arnaldo Botto","image":{"@type":"ImageObject","inLanguage":"es","@id":"https:\/\/www.noticiasradioreflejos.com.ar\/2021\/#\/schema\/person\/image\/","url":"https:\/\/secure.gravatar.com\/avatar\/55cb5e37c1efa326397366e6974cb338056df65cb50e7d64d1cf314e87504837?s=96&d=mm&r=g","contentUrl":"https:\/\/secure.gravatar.com\/avatar\/55cb5e37c1efa326397366e6974cb338056df65cb50e7d64d1cf314e87504837?s=96&d=mm&r=g","caption":"Arnaldo Botto"},"url":"https:\/\/www.noticiasradioreflejos.com.ar\/2021\/author\/arnaldo\/"}]}},"_links":{"self":[{"href":"https:\/\/www.noticiasradioreflejos.com.ar\/2021\/wp-json\/wp\/v2\/posts\/41592","targetHints":{"allow":["GET"]}}],"collection":[{"href":"https:\/\/www.noticiasradioreflejos.com.ar\/2021\/wp-json\/wp\/v2\/posts"}],"about":[{"href":"https:\/\/www.noticiasradioreflejos.com.ar\/2021\/wp-json\/wp\/v2\/types\/post"}],"author":[{"embeddable":true,"href":"https:\/\/www.noticiasradioreflejos.com.ar\/2021\/wp-json\/wp\/v2\/users\/3"}],"replies":[{"embeddable":true,"href":"https:\/\/www.noticiasradioreflejos.com.ar\/2021\/wp-json\/wp\/v2\/comments?post=41592"}],"version-history":[{"count":0,"href":"https:\/\/www.noticiasradioreflejos.com.ar\/2021\/wp-json\/wp\/v2\/posts\/41592\/revisions"}],"wp:attachment":[{"href":"https:\/\/www.noticiasradioreflejos.com.ar\/2021\/wp-json\/wp\/v2\/media?parent=41592"}],"wp:term":[{"taxonomy":"category","embeddable":true,"href":"https:\/\/www.noticiasradioreflejos.com.ar\/2021\/wp-json\/wp\/v2\/categories?post=41592"},{"taxonomy":"post_tag","embeddable":true,"href":"https:\/\/www.noticiasradioreflejos.com.ar\/2021\/wp-json\/wp\/v2\/tags?post=41592"}],"curies":[{"name":"wp","href":"https:\/\/api.w.org\/{rel}","templated":true}]}}