{"id":41588,"date":"2020-05-06T08:18:49","date_gmt":"2020-05-06T11:18:49","guid":{"rendered":"http:\/\/www.noticiasradioreflejos.com.ar\/noticias\/?p=41588"},"modified":"2020-05-06T08:18:49","modified_gmt":"2020-05-06T11:18:49","slug":"desesperada-busqueda-de-un-un-nene-en-coronel-dorrego","status":"publish","type":"post","link":"https:\/\/www.noticiasradioreflejos.com.ar\/2021\/desesperada-busqueda-de-un-un-nene-en-coronel-dorrego\/","title":{"rendered":"Desesperada b\u00fasqueda de un ni\u00f1o en Coronel Dorrego."},"content":{"rendered":"<p>Tiene nueve a\u00f1os y fue visto por \u00faltima vez en compa\u00f1\u00eda de su padrastro. Sin pausa y desde anoche, la Polic\u00eda realiza un amplio rastrillaje sin \u00e9xito.<br \/>\nMomentos de angustia vive por estas horas la vecina localidad de Coronel Dorrego. Desde ayer al mediod\u00eda no hay noticias sobre Mauricio Duarte Pico, un nene de 9 a\u00f1os que desde entonces permanece desaparecido.<!--more--><br \/>\nSeg\u00fan pudo saber la redacci\u00f3n de LA BR\u00daJULA 24, desde anoche se est\u00e1n realizando rastrillajes en diversos sectores de la mencionada ciudad y la zona rural, pero hasta este amanecer, no hab\u00edan arrojado resultados positivos.<br \/>\nTrascendidos indican que el \u00faltimo en verlo habr\u00eda sido su padrastro, aunque \u00e9l asegura no saber nada sobre el paradero del menor.<br \/>\nEn principio, minutos antes del mediod\u00eda de ayer, el hombre habr\u00eda concurrido en compa\u00f1\u00eda del ni\u00f1o a un potrero en donde se cr\u00edan ovejas.<br \/>\nAll\u00ed, seg\u00fan asegur\u00f3 su madre en la denuncia policial, el padrastro habr\u00eda reprendido al menor por un incidente con los animales.<\/p>\n","protected":false},"excerpt":{"rendered":"<p>Tiene nueve a\u00f1os y fue visto por \u00faltima vez en compa\u00f1\u00eda de su padrastro. Sin pausa y desde anoche, la Polic\u00eda realiza un amplio rastrillaje sin \u00e9xito. Momentos de angustia vive por estas horas la vecina localidad de Coronel Dorrego. Desde ayer al mediod\u00eda no hay noticias sobre Mauricio Duarte Pico, un nene de 9 [&hellip;]<\/p>\n","protected":false},"author":3,"featured_media":0,"comment_status":"closed","ping_status":"open","sticky":false,"template":"","format":"standard","meta":{"footnotes":""},"categories":[29],"tags":[],"class_list":["post-41588","post","type-post","status-publish","format-standard","hentry","category-policiales"],"yoast_head":"<!-- This site is optimized with the Yoast SEO plugin v25.9 - https:\/\/yoast.com\/wordpress\/plugins\/seo\/ -->\n<title>Desesperada b\u00fasqueda de un ni\u00f1o en Coronel Dorrego. - Noticias Radio Reflejos<\/title>\n<meta name=\"robots\" content=\"index, follow, max-snippet:-1, max-image-preview:large, max-video-preview:-1\" \/>\n<link rel=\"canonical\" href=\"https:\/\/www.noticiasradioreflejos.com.ar\/2021\/desesperada-busqueda-de-un-un-nene-en-coronel-dorrego\/\" \/>\n<meta property=\"og:locale\" content=\"es_ES\" \/>\n<meta property=\"og:type\" content=\"article\" \/>\n<meta property=\"og:title\" content=\"Desesperada b\u00fasqueda de un ni\u00f1o en Coronel Dorrego. - Noticias Radio Reflejos\" \/>\n<meta property=\"og:description\" content=\"Tiene nueve a\u00f1os y fue visto por \u00faltima vez en compa\u00f1\u00eda de su padrastro. Sin pausa y desde anoche, la Polic\u00eda realiza un amplio rastrillaje sin \u00e9xito. Momentos de angustia vive por estas horas la vecina localidad de Coronel Dorrego. Desde ayer al mediod\u00eda no hay noticias sobre Mauricio Duarte Pico, un nene de 9 [&hellip;]\" \/>\n<meta property=\"og:url\" content=\"https:\/\/www.noticiasradioreflejos.com.ar\/2021\/desesperada-busqueda-de-un-un-nene-en-coronel-dorrego\/\" \/>\n<meta property=\"og:site_name\" content=\"Noticias Radio Reflejos\" \/>\n<meta property=\"article:published_time\" content=\"2020-05-06T11:18:49+00:00\" \/>\n<meta property=\"og:image\" content=\"https:\/\/www.noticiasradioreflejos.com.ar\/2021\/wp-content\/uploads\/2021\/07\/logosol300x200.png\" \/>\n\t<meta property=\"og:image:width\" content=\"300\" \/>\n\t<meta property=\"og:image:height\" content=\"200\" \/>\n\t<meta property=\"og:image:type\" content=\"image\/png\" \/>\n<meta name=\"author\" content=\"Arnaldo Botto\" \/>\n<meta name=\"twitter:card\" content=\"summary_large_image\" \/>\n<script type=\"application\/ld+json\" class=\"yoast-schema-graph\">{\"@context\":\"https:\/\/schema.org\",\"@graph\":[{\"@type\":\"WebPage\",\"@id\":\"https:\/\/www.noticiasradioreflejos.com.ar\/2021\/desesperada-busqueda-de-un-un-nene-en-coronel-dorrego\/\",\"url\":\"https:\/\/www.noticiasradioreflejos.com.ar\/2021\/desesperada-busqueda-de-un-un-nene-en-coronel-dorrego\/\",\"name\":\"Desesperada b\u00fasqueda de un ni\u00f1o en Coronel Dorrego. - Noticias Radio Reflejos\",\"isPartOf\":{\"@id\":\"https:\/\/www.noticiasradioreflejos.com.ar\/2021\/#website\"},\"datePublished\":\"2020-05-06T11:18:49+00:00\",\"author\":{\"@id\":\"https:\/\/www.noticiasradioreflejos.com.ar\/2021\/#\/schema\/person\/ad82545263dcc5ec0996818884fd5fb1\"},\"breadcrumb\":{\"@id\":\"https:\/\/www.noticiasradioreflejos.com.ar\/2021\/desesperada-busqueda-de-un-un-nene-en-coronel-dorrego\/#breadcrumb\"},\"inLanguage\":\"es\",\"potentialAction\":[{\"@type\":\"ReadAction\",\"target\":[\"https:\/\/www.noticiasradioreflejos.com.ar\/2021\/desesperada-busqueda-de-un-un-nene-en-coronel-dorrego\/\"]}]},{\"@type\":\"BreadcrumbList\",\"@id\":\"https:\/\/www.noticiasradioreflejos.com.ar\/2021\/desesperada-busqueda-de-un-un-nene-en-coronel-dorrego\/#breadcrumb\",\"itemListElement\":[{\"@type\":\"ListItem\",\"position\":1,\"name\":\"Portada\",\"item\":\"https:\/\/www.noticiasradioreflejos.com.ar\/2021\/\"},{\"@type\":\"ListItem\",\"position\":2,\"name\":\"Desesperada b\u00fasqueda de un ni\u00f1o en Coronel Dorrego.\"}]},{\"@type\":\"WebSite\",\"@id\":\"https:\/\/www.noticiasradioreflejos.com.ar\/2021\/#website\",\"url\":\"https:\/\/www.noticiasradioreflejos.com.ar\/2021\/\",\"name\":\"Noticias Radio Reflejos\",\"description\":\"Las noticias de mi comarca\",\"potentialAction\":[{\"@type\":\"SearchAction\",\"target\":{\"@type\":\"EntryPoint\",\"urlTemplate\":\"https:\/\/www.noticiasradioreflejos.com.ar\/2021\/?s={search_term_string}\"},\"query-input\":{\"@type\":\"PropertyValueSpecification\",\"valueRequired\":true,\"valueName\":\"search_term_string\"}}],\"inLanguage\":\"es\"},{\"@type\":\"Person\",\"@id\":\"https:\/\/www.noticiasradioreflejos.com.ar\/2021\/#\/schema\/person\/ad82545263dcc5ec0996818884fd5fb1\",\"name\":\"Arnaldo Botto\",\"image\":{\"@type\":\"ImageObject\",\"inLanguage\":\"es\",\"@id\":\"https:\/\/www.noticiasradioreflejos.com.ar\/2021\/#\/schema\/person\/image\/\",\"url\":\"https:\/\/secure.gravatar.com\/avatar\/55cb5e37c1efa326397366e6974cb338056df65cb50e7d64d1cf314e87504837?s=96&d=mm&r=g\",\"contentUrl\":\"https:\/\/secure.gravatar.com\/avatar\/55cb5e37c1efa326397366e6974cb338056df65cb50e7d64d1cf314e87504837?s=96&d=mm&r=g\",\"caption\":\"Arnaldo Botto\"},\"url\":\"https:\/\/www.noticiasradioreflejos.com.ar\/2021\/author\/arnaldo\/\"}]}<\/script>\n<!-- \/ Yoast SEO plugin. -->","yoast_head_json":{"title":"Desesperada b\u00fasqueda de un ni\u00f1o en Coronel Dorrego. - Noticias Radio Reflejos","robots":{"index":"index","follow":"follow","max-snippet":"max-snippet:-1","max-image-preview":"max-image-preview:large","max-video-preview":"max-video-preview:-1"},"canonical":"https:\/\/www.noticiasradioreflejos.com.ar\/2021\/desesperada-busqueda-de-un-un-nene-en-coronel-dorrego\/","og_locale":"es_ES","og_type":"article","og_title":"Desesperada b\u00fasqueda de un ni\u00f1o en Coronel Dorrego. - Noticias Radio Reflejos","og_description":"Tiene nueve a\u00f1os y fue visto por \u00faltima vez en compa\u00f1\u00eda de su padrastro. Sin pausa y desde anoche, la Polic\u00eda realiza un amplio rastrillaje sin \u00e9xito. Momentos de angustia vive por estas horas la vecina localidad de Coronel Dorrego. Desde ayer al mediod\u00eda no hay noticias sobre Mauricio Duarte Pico, un nene de 9 [&hellip;]","og_url":"https:\/\/www.noticiasradioreflejos.com.ar\/2021\/desesperada-busqueda-de-un-un-nene-en-coronel-dorrego\/","og_site_name":"Noticias Radio Reflejos","article_published_time":"2020-05-06T11:18:49+00:00","og_image":[{"width":300,"height":200,"url":"https:\/\/www.noticiasradioreflejos.com.ar\/2021\/wp-content\/uploads\/2021\/07\/logosol300x200.png","type":"image\/png"}],"author":"Arnaldo Botto","twitter_card":"summary_large_image","schema":{"@context":"https:\/\/schema.org","@graph":[{"@type":"WebPage","@id":"https:\/\/www.noticiasradioreflejos.com.ar\/2021\/desesperada-busqueda-de-un-un-nene-en-coronel-dorrego\/","url":"https:\/\/www.noticiasradioreflejos.com.ar\/2021\/desesperada-busqueda-de-un-un-nene-en-coronel-dorrego\/","name":"Desesperada b\u00fasqueda de un ni\u00f1o en Coronel Dorrego. - Noticias Radio Reflejos","isPartOf":{"@id":"https:\/\/www.noticiasradioreflejos.com.ar\/2021\/#website"},"datePublished":"2020-05-06T11:18:49+00:00","author":{"@id":"https:\/\/www.noticiasradioreflejos.com.ar\/2021\/#\/schema\/person\/ad82545263dcc5ec0996818884fd5fb1"},"breadcrumb":{"@id":"https:\/\/www.noticiasradioreflejos.com.ar\/2021\/desesperada-busqueda-de-un-un-nene-en-coronel-dorrego\/#breadcrumb"},"inLanguage":"es","potentialAction":[{"@type":"ReadAction","target":["https:\/\/www.noticiasradioreflejos.com.ar\/2021\/desesperada-busqueda-de-un-un-nene-en-coronel-dorrego\/"]}]},{"@type":"BreadcrumbList","@id":"https:\/\/www.noticiasradioreflejos.com.ar\/2021\/desesperada-busqueda-de-un-un-nene-en-coronel-dorrego\/#breadcrumb","itemListElement":[{"@type":"ListItem","position":1,"name":"Portada","item":"https:\/\/www.noticiasradioreflejos.com.ar\/2021\/"},{"@type":"ListItem","position":2,"name":"Desesperada b\u00fasqueda de un ni\u00f1o en Coronel Dorrego."}]},{"@type":"WebSite","@id":"https:\/\/www.noticiasradioreflejos.com.ar\/2021\/#website","url":"https:\/\/www.noticiasradioreflejos.com.ar\/2021\/","name":"Noticias Radio Reflejos","description":"Las noticias de mi comarca","potentialAction":[{"@type":"SearchAction","target":{"@type":"EntryPoint","urlTemplate":"https:\/\/www.noticiasradioreflejos.com.ar\/2021\/?s={search_term_string}"},"query-input":{"@type":"PropertyValueSpecification","valueRequired":true,"valueName":"search_term_string"}}],"inLanguage":"es"},{"@type":"Person","@id":"https:\/\/www.noticiasradioreflejos.com.ar\/2021\/#\/schema\/person\/ad82545263dcc5ec0996818884fd5fb1","name":"Arnaldo Botto","image":{"@type":"ImageObject","inLanguage":"es","@id":"https:\/\/www.noticiasradioreflejos.com.ar\/2021\/#\/schema\/person\/image\/","url":"https:\/\/secure.gravatar.com\/avatar\/55cb5e37c1efa326397366e6974cb338056df65cb50e7d64d1cf314e87504837?s=96&d=mm&r=g","contentUrl":"https:\/\/secure.gravatar.com\/avatar\/55cb5e37c1efa326397366e6974cb338056df65cb50e7d64d1cf314e87504837?s=96&d=mm&r=g","caption":"Arnaldo Botto"},"url":"https:\/\/www.noticiasradioreflejos.com.ar\/2021\/author\/arnaldo\/"}]}},"_links":{"self":[{"href":"https:\/\/www.noticiasradioreflejos.com.ar\/2021\/wp-json\/wp\/v2\/posts\/41588","targetHints":{"allow":["GET"]}}],"collection":[{"href":"https:\/\/www.noticiasradioreflejos.com.ar\/2021\/wp-json\/wp\/v2\/posts"}],"about":[{"href":"https:\/\/www.noticiasradioreflejos.com.ar\/2021\/wp-json\/wp\/v2\/types\/post"}],"author":[{"embeddable":true,"href":"https:\/\/www.noticiasradioreflejos.com.ar\/2021\/wp-json\/wp\/v2\/users\/3"}],"replies":[{"embeddable":true,"href":"https:\/\/www.noticiasradioreflejos.com.ar\/2021\/wp-json\/wp\/v2\/comments?post=41588"}],"version-history":[{"count":0,"href":"https:\/\/www.noticiasradioreflejos.com.ar\/2021\/wp-json\/wp\/v2\/posts\/41588\/revisions"}],"wp:attachment":[{"href":"https:\/\/www.noticiasradioreflejos.com.ar\/2021\/wp-json\/wp\/v2\/media?parent=41588"}],"wp:term":[{"taxonomy":"category","embeddable":true,"href":"https:\/\/www.noticiasradioreflejos.com.ar\/2021\/wp-json\/wp\/v2\/categories?post=41588"},{"taxonomy":"post_tag","embeddable":true,"href":"https:\/\/www.noticiasradioreflejos.com.ar\/2021\/wp-json\/wp\/v2\/tags?post=41588"}],"curies":[{"name":"wp","href":"https:\/\/api.w.org\/{rel}","templated":true}]}}