{"id":41582,"date":"2020-05-06T08:08:35","date_gmt":"2020-05-06T11:08:35","guid":{"rendered":"http:\/\/www.noticiasradioreflejos.com.ar\/noticias\/?p=41582"},"modified":"2020-05-06T08:08:35","modified_gmt":"2020-05-06T11:08:35","slug":"hoy-cobran-el-ife-los-que-eligieron-el-correo-con-dni-terminado-en-0-y-apellido-de-la-a-a-la-l","status":"publish","type":"post","link":"https:\/\/www.noticiasradioreflejos.com.ar\/2021\/hoy-cobran-el-ife-los-que-eligieron-el-correo-con-dni-terminado-en-0-y-apellido-de-la-a-a-la-l\/","title":{"rendered":"Hoy cobran el IFE los que eligieron el Correo, con DNI terminado en 0 y apellido de la A a la L"},"content":{"rendered":"<p>Los beneficiarios del Ingreso Familiar de Emergencia (IFE) con DNI terminado en 0, letra inicial del apellido de la A a la L y que eligieron cobrar a trav\u00e9s del Correo Argentino podr\u00e1n concurrir hoy a la sucursal m\u00e1s pr\u00f3xima a su domicilio para percibir la ayuda dispuesta por el Gobierno para paliar los efectos del coronavirus en sectores de menores recursos.<!--more--><br \/>\nPor su parte, las personas que se inscribieron para percibir el IFE con DNI terminado en 4 y cuya solicitud fue rechazada, pueden volver hoy a pedir la revisi\u00f3n del caso a trav\u00e9s del sitio web de la Administraci\u00f3n Nacional de la Seguridad Social (Anses).<\/p>\n<p>Durante la jornada, comenzar\u00e1 a acreditarse el monto del IFE a las personas que, habi\u00e9ndose inscripto entre el 27 y 31 de marzo, seleccionaron la opci\u00f3n de cobro por Correo Argentino entre el 11 y el 15 de abril pasados, precis\u00f3 la Anses.<\/p>\n<p>En total, suman 1.314.446 las personas que concurrir\u00e1n a la sucursal del Correo m\u00e1s cercana a su domicilio, de acuerdo con el n\u00famero de terminaci\u00f3n de sus DNI, a raz\u00f3n de un d\u00edgito por d\u00eda h\u00e1bil, pero tambi\u00e9n seg\u00fan la inicial del apellido.<\/p>\n<p>La Anses remarc\u00f3 que este cronograma no incluye a las personas que optaron por los distintos medios de cobro entre el 16 y el 20 de abril.<\/p>\n<p>El cronograma continuar\u00e1 ma\u00f1ana, con los que tienen DNI terminado en 0, pero apellido que inicia de la letra M a la Z; despu\u00e9s vendr\u00e1n los que finalizan en 1, el viernes con apellido de la A a la L, y el lunes 11 de la M a la Z.<\/p>\n<p>Los que tienen DNI que concluye en 2 concurrir\u00e1n el martes 12, de la A a la L, y el mi\u00e9rcoles 13, de la M a la Z; para los que terminan en 3, el jueves 14, de la A a la L, y el viernes 15, de la M a la Z; los que finalizan en 4, el lunes 18, de la A a la L, y el martes 19, de la M a la Z.<\/p>\n<p>Para la terminaci\u00f3n de DNI en 5, les tocar\u00e1 el mi\u00e9rcoles 20 a quienes su apellido comienza de la letra A a la L, y el jueves 21, de la M a la Z; en 6, el viernes 22, de la A a la L, y el martes 26, de la M a la Z; y en 7, el mi\u00e9rcoles 27, de la A a la L, y el jueves 28, de la M a la Z.<\/p>\n<p>El turno de los que tiene DNI finalizado en 8 ser\u00e1 el viernes 29, para los apellidos con letra inicial de la A a la L, y el lunes 1 de junio, de la M a la Z; y para los concluidos en 9, el martes 2, de la A a la L, y el mi\u00e9rcoles 3, de la M a la Z.<\/p>\n<p>Asimismo, el organismo detect\u00f3 que hay personas que fueron rechazadas como beneficiarios del IFE porque no estaban actualizados sus datos en la base del Anses, del Registro Nacional de las Personas (Renaper) o de la Administraci\u00f3n Nacional de Ingresos P\u00fablicos (Afip).<\/p>\n<p>Esas personas podr\u00e1n corregir la informaci\u00f3n para quedar nuevamente inscriptos y recibir la ayuda de $10.000 dispuesta por el Gobierno para los sectores de menores recursos.<\/p>\n<p>El cronograma contin\u00faa ma\u00f1ana y el viernes con los DNI terminados en 5; el lunes 11 y el martes 12, ser\u00e1 el turno para los concluidos en 6; mi\u00e9rcoles 13 y jueves 14, en 7; viernes 15 y lunes 18, en 8; y martes 19 y mi\u00e9rcoles 20 en 9.<\/p>\n","protected":false},"excerpt":{"rendered":"<p>Los beneficiarios del Ingreso Familiar de Emergencia (IFE) con DNI terminado en 0, letra inicial del apellido de la A a la L y que eligieron cobrar a trav\u00e9s del Correo Argentino podr\u00e1n concurrir hoy a la sucursal m\u00e1s pr\u00f3xima a su domicilio para percibir la ayuda dispuesta por el Gobierno para paliar los efectos [&hellip;]<\/p>\n","protected":false},"author":3,"featured_media":0,"comment_status":"closed","ping_status":"open","sticky":false,"template":"","format":"standard","meta":{"footnotes":""},"categories":[36],"tags":[],"class_list":["post-41582","post","type-post","status-publish","format-standard","hentry","category-economia"],"yoast_head":"<!-- This site is optimized with the Yoast SEO plugin v25.9 - https:\/\/yoast.com\/wordpress\/plugins\/seo\/ -->\n<title>Hoy cobran el IFE los que eligieron el Correo, con DNI terminado en 0 y apellido de la A a la L - Noticias Radio Reflejos<\/title>\n<meta name=\"robots\" content=\"index, follow, max-snippet:-1, max-image-preview:large, max-video-preview:-1\" \/>\n<link rel=\"canonical\" href=\"https:\/\/www.noticiasradioreflejos.com.ar\/2021\/hoy-cobran-el-ife-los-que-eligieron-el-correo-con-dni-terminado-en-0-y-apellido-de-la-a-a-la-l\/\" \/>\n<meta property=\"og:locale\" content=\"es_ES\" \/>\n<meta property=\"og:type\" content=\"article\" \/>\n<meta property=\"og:title\" content=\"Hoy cobran el IFE los que eligieron el Correo, con DNI terminado en 0 y apellido de la A a la L - Noticias Radio Reflejos\" \/>\n<meta property=\"og:description\" content=\"Los beneficiarios del Ingreso Familiar de Emergencia (IFE) con DNI terminado en 0, letra inicial del apellido de la A a la L y que eligieron cobrar a trav\u00e9s del Correo Argentino podr\u00e1n concurrir hoy a la sucursal m\u00e1s pr\u00f3xima a su domicilio para percibir la ayuda dispuesta por el Gobierno para paliar los efectos [&hellip;]\" \/>\n<meta property=\"og:url\" content=\"https:\/\/www.noticiasradioreflejos.com.ar\/2021\/hoy-cobran-el-ife-los-que-eligieron-el-correo-con-dni-terminado-en-0-y-apellido-de-la-a-a-la-l\/\" \/>\n<meta property=\"og:site_name\" content=\"Noticias Radio Reflejos\" \/>\n<meta property=\"article:published_time\" content=\"2020-05-06T11:08:35+00:00\" \/>\n<meta property=\"og:image\" content=\"https:\/\/www.noticiasradioreflejos.com.ar\/2021\/wp-content\/uploads\/2021\/07\/logosol300x200.png\" \/>\n\t<meta property=\"og:image:width\" content=\"300\" \/>\n\t<meta property=\"og:image:height\" content=\"200\" \/>\n\t<meta property=\"og:image:type\" content=\"image\/png\" \/>\n<meta name=\"author\" content=\"Arnaldo Botto\" \/>\n<meta name=\"twitter:card\" content=\"summary_large_image\" \/>\n<script type=\"application\/ld+json\" class=\"yoast-schema-graph\">{\"@context\":\"https:\/\/schema.org\",\"@graph\":[{\"@type\":\"WebPage\",\"@id\":\"https:\/\/www.noticiasradioreflejos.com.ar\/2021\/hoy-cobran-el-ife-los-que-eligieron-el-correo-con-dni-terminado-en-0-y-apellido-de-la-a-a-la-l\/\",\"url\":\"https:\/\/www.noticiasradioreflejos.com.ar\/2021\/hoy-cobran-el-ife-los-que-eligieron-el-correo-con-dni-terminado-en-0-y-apellido-de-la-a-a-la-l\/\",\"name\":\"Hoy cobran el IFE los que eligieron el Correo, con DNI terminado en 0 y apellido de la A a la L - Noticias Radio Reflejos\",\"isPartOf\":{\"@id\":\"https:\/\/www.noticiasradioreflejos.com.ar\/2021\/#website\"},\"datePublished\":\"2020-05-06T11:08:35+00:00\",\"author\":{\"@id\":\"https:\/\/www.noticiasradioreflejos.com.ar\/2021\/#\/schema\/person\/ad82545263dcc5ec0996818884fd5fb1\"},\"breadcrumb\":{\"@id\":\"https:\/\/www.noticiasradioreflejos.com.ar\/2021\/hoy-cobran-el-ife-los-que-eligieron-el-correo-con-dni-terminado-en-0-y-apellido-de-la-a-a-la-l\/#breadcrumb\"},\"inLanguage\":\"es\",\"potentialAction\":[{\"@type\":\"ReadAction\",\"target\":[\"https:\/\/www.noticiasradioreflejos.com.ar\/2021\/hoy-cobran-el-ife-los-que-eligieron-el-correo-con-dni-terminado-en-0-y-apellido-de-la-a-a-la-l\/\"]}]},{\"@type\":\"BreadcrumbList\",\"@id\":\"https:\/\/www.noticiasradioreflejos.com.ar\/2021\/hoy-cobran-el-ife-los-que-eligieron-el-correo-con-dni-terminado-en-0-y-apellido-de-la-a-a-la-l\/#breadcrumb\",\"itemListElement\":[{\"@type\":\"ListItem\",\"position\":1,\"name\":\"Portada\",\"item\":\"https:\/\/www.noticiasradioreflejos.com.ar\/2021\/\"},{\"@type\":\"ListItem\",\"position\":2,\"name\":\"Hoy cobran el IFE los que eligieron el Correo, con DNI terminado en 0 y apellido de la A a la L\"}]},{\"@type\":\"WebSite\",\"@id\":\"https:\/\/www.noticiasradioreflejos.com.ar\/2021\/#website\",\"url\":\"https:\/\/www.noticiasradioreflejos.com.ar\/2021\/\",\"name\":\"Noticias Radio Reflejos\",\"description\":\"Las noticias de mi comarca\",\"potentialAction\":[{\"@type\":\"SearchAction\",\"target\":{\"@type\":\"EntryPoint\",\"urlTemplate\":\"https:\/\/www.noticiasradioreflejos.com.ar\/2021\/?s={search_term_string}\"},\"query-input\":{\"@type\":\"PropertyValueSpecification\",\"valueRequired\":true,\"valueName\":\"search_term_string\"}}],\"inLanguage\":\"es\"},{\"@type\":\"Person\",\"@id\":\"https:\/\/www.noticiasradioreflejos.com.ar\/2021\/#\/schema\/person\/ad82545263dcc5ec0996818884fd5fb1\",\"name\":\"Arnaldo Botto\",\"image\":{\"@type\":\"ImageObject\",\"inLanguage\":\"es\",\"@id\":\"https:\/\/www.noticiasradioreflejos.com.ar\/2021\/#\/schema\/person\/image\/\",\"url\":\"https:\/\/secure.gravatar.com\/avatar\/55cb5e37c1efa326397366e6974cb338056df65cb50e7d64d1cf314e87504837?s=96&d=mm&r=g\",\"contentUrl\":\"https:\/\/secure.gravatar.com\/avatar\/55cb5e37c1efa326397366e6974cb338056df65cb50e7d64d1cf314e87504837?s=96&d=mm&r=g\",\"caption\":\"Arnaldo Botto\"},\"url\":\"https:\/\/www.noticiasradioreflejos.com.ar\/2021\/author\/arnaldo\/\"}]}<\/script>\n<!-- \/ Yoast SEO plugin. -->","yoast_head_json":{"title":"Hoy cobran el IFE los que eligieron el Correo, con DNI terminado en 0 y apellido de la A a la L - Noticias Radio Reflejos","robots":{"index":"index","follow":"follow","max-snippet":"max-snippet:-1","max-image-preview":"max-image-preview:large","max-video-preview":"max-video-preview:-1"},"canonical":"https:\/\/www.noticiasradioreflejos.com.ar\/2021\/hoy-cobran-el-ife-los-que-eligieron-el-correo-con-dni-terminado-en-0-y-apellido-de-la-a-a-la-l\/","og_locale":"es_ES","og_type":"article","og_title":"Hoy cobran el IFE los que eligieron el Correo, con DNI terminado en 0 y apellido de la A a la L - Noticias Radio Reflejos","og_description":"Los beneficiarios del Ingreso Familiar de Emergencia (IFE) con DNI terminado en 0, letra inicial del apellido de la A a la L y que eligieron cobrar a trav\u00e9s del Correo Argentino podr\u00e1n concurrir hoy a la sucursal m\u00e1s pr\u00f3xima a su domicilio para percibir la ayuda dispuesta por el Gobierno para paliar los efectos [&hellip;]","og_url":"https:\/\/www.noticiasradioreflejos.com.ar\/2021\/hoy-cobran-el-ife-los-que-eligieron-el-correo-con-dni-terminado-en-0-y-apellido-de-la-a-a-la-l\/","og_site_name":"Noticias Radio Reflejos","article_published_time":"2020-05-06T11:08:35+00:00","og_image":[{"width":300,"height":200,"url":"https:\/\/www.noticiasradioreflejos.com.ar\/2021\/wp-content\/uploads\/2021\/07\/logosol300x200.png","type":"image\/png"}],"author":"Arnaldo Botto","twitter_card":"summary_large_image","schema":{"@context":"https:\/\/schema.org","@graph":[{"@type":"WebPage","@id":"https:\/\/www.noticiasradioreflejos.com.ar\/2021\/hoy-cobran-el-ife-los-que-eligieron-el-correo-con-dni-terminado-en-0-y-apellido-de-la-a-a-la-l\/","url":"https:\/\/www.noticiasradioreflejos.com.ar\/2021\/hoy-cobran-el-ife-los-que-eligieron-el-correo-con-dni-terminado-en-0-y-apellido-de-la-a-a-la-l\/","name":"Hoy cobran el IFE los que eligieron el Correo, con DNI terminado en 0 y apellido de la A a la L - Noticias Radio Reflejos","isPartOf":{"@id":"https:\/\/www.noticiasradioreflejos.com.ar\/2021\/#website"},"datePublished":"2020-05-06T11:08:35+00:00","author":{"@id":"https:\/\/www.noticiasradioreflejos.com.ar\/2021\/#\/schema\/person\/ad82545263dcc5ec0996818884fd5fb1"},"breadcrumb":{"@id":"https:\/\/www.noticiasradioreflejos.com.ar\/2021\/hoy-cobran-el-ife-los-que-eligieron-el-correo-con-dni-terminado-en-0-y-apellido-de-la-a-a-la-l\/#breadcrumb"},"inLanguage":"es","potentialAction":[{"@type":"ReadAction","target":["https:\/\/www.noticiasradioreflejos.com.ar\/2021\/hoy-cobran-el-ife-los-que-eligieron-el-correo-con-dni-terminado-en-0-y-apellido-de-la-a-a-la-l\/"]}]},{"@type":"BreadcrumbList","@id":"https:\/\/www.noticiasradioreflejos.com.ar\/2021\/hoy-cobran-el-ife-los-que-eligieron-el-correo-con-dni-terminado-en-0-y-apellido-de-la-a-a-la-l\/#breadcrumb","itemListElement":[{"@type":"ListItem","position":1,"name":"Portada","item":"https:\/\/www.noticiasradioreflejos.com.ar\/2021\/"},{"@type":"ListItem","position":2,"name":"Hoy cobran el IFE los que eligieron el Correo, con DNI terminado en 0 y apellido de la A a la L"}]},{"@type":"WebSite","@id":"https:\/\/www.noticiasradioreflejos.com.ar\/2021\/#website","url":"https:\/\/www.noticiasradioreflejos.com.ar\/2021\/","name":"Noticias Radio Reflejos","description":"Las noticias de mi comarca","potentialAction":[{"@type":"SearchAction","target":{"@type":"EntryPoint","urlTemplate":"https:\/\/www.noticiasradioreflejos.com.ar\/2021\/?s={search_term_string}"},"query-input":{"@type":"PropertyValueSpecification","valueRequired":true,"valueName":"search_term_string"}}],"inLanguage":"es"},{"@type":"Person","@id":"https:\/\/www.noticiasradioreflejos.com.ar\/2021\/#\/schema\/person\/ad82545263dcc5ec0996818884fd5fb1","name":"Arnaldo Botto","image":{"@type":"ImageObject","inLanguage":"es","@id":"https:\/\/www.noticiasradioreflejos.com.ar\/2021\/#\/schema\/person\/image\/","url":"https:\/\/secure.gravatar.com\/avatar\/55cb5e37c1efa326397366e6974cb338056df65cb50e7d64d1cf314e87504837?s=96&d=mm&r=g","contentUrl":"https:\/\/secure.gravatar.com\/avatar\/55cb5e37c1efa326397366e6974cb338056df65cb50e7d64d1cf314e87504837?s=96&d=mm&r=g","caption":"Arnaldo Botto"},"url":"https:\/\/www.noticiasradioreflejos.com.ar\/2021\/author\/arnaldo\/"}]}},"_links":{"self":[{"href":"https:\/\/www.noticiasradioreflejos.com.ar\/2021\/wp-json\/wp\/v2\/posts\/41582","targetHints":{"allow":["GET"]}}],"collection":[{"href":"https:\/\/www.noticiasradioreflejos.com.ar\/2021\/wp-json\/wp\/v2\/posts"}],"about":[{"href":"https:\/\/www.noticiasradioreflejos.com.ar\/2021\/wp-json\/wp\/v2\/types\/post"}],"author":[{"embeddable":true,"href":"https:\/\/www.noticiasradioreflejos.com.ar\/2021\/wp-json\/wp\/v2\/users\/3"}],"replies":[{"embeddable":true,"href":"https:\/\/www.noticiasradioreflejos.com.ar\/2021\/wp-json\/wp\/v2\/comments?post=41582"}],"version-history":[{"count":0,"href":"https:\/\/www.noticiasradioreflejos.com.ar\/2021\/wp-json\/wp\/v2\/posts\/41582\/revisions"}],"wp:attachment":[{"href":"https:\/\/www.noticiasradioreflejos.com.ar\/2021\/wp-json\/wp\/v2\/media?parent=41582"}],"wp:term":[{"taxonomy":"category","embeddable":true,"href":"https:\/\/www.noticiasradioreflejos.com.ar\/2021\/wp-json\/wp\/v2\/categories?post=41582"},{"taxonomy":"post_tag","embeddable":true,"href":"https:\/\/www.noticiasradioreflejos.com.ar\/2021\/wp-json\/wp\/v2\/tags?post=41582"}],"curies":[{"name":"wp","href":"https:\/\/api.w.org\/{rel}","templated":true}]}}