{"id":4149,"date":"2016-11-28T16:48:00","date_gmt":"2016-11-28T16:48:00","guid":{"rendered":"http:\/\/noticiasradioreflejos.com.ar\/noticias\/?p=4149"},"modified":"2016-11-28T16:48:00","modified_gmt":"2016-11-28T16:48:00","slug":"4149","status":"publish","type":"post","link":"https:\/\/www.noticiasradioreflejos.com.ar\/2021\/4149\/","title":{"rendered":"Damian Banek Campeon Colombofilo"},"content":{"rendered":"<p>El 19 de Noviembre cay\u00f3 el tel\u00f3n de la actividad colomb\u00f3fila en nuestra ciudad luego de un a\u00f1o cargado de competencia. Nuestro medio sigui\u00f3 cada fin de semana el apasionante deporte de las palomas mensajeras de competici\u00f3n.<!--more--><br \/>\nAunque la \u00faltima carrera lo tuvo distendido Dami\u00e1n Banek que ya se hab\u00eda consagrado de antemano ratific\u00f3 su poder\u00edo y logr\u00f3 alzarse con el campeonato 2016 donde gan\u00f3 todo el de Pichones y el de adultas tambi\u00e9n.<br \/>\nBanek, hace pocos a\u00f1os est\u00e1 radicado en la ciudad y en su palomar del acceso a la ciudad con una vista incre\u00edble celebr\u00f3 el t\u00edtulo obtenido.<br \/>\nLa \u00faltima competencia del torneo lo tuvo ganador desde Concepci\u00f3n del Uruguay a unos 723 kil\u00f3metros en l\u00ednea de vuelo. Ese d\u00eda la carrera se largo a la hora 6 y la ganadora una hembra azul 193829 arrib\u00f3 a la hora 14.26.56 a un promedio de 85 kil\u00f3metros 347 metros en la hora aventajando\u00a0 por 9 minutos a la segunda paloma arribada de Eduardo Del Po.<br \/>\n<strong>La clasificaci\u00f3n fue la siguiente<\/strong><br \/>\n1,4,5 Dami\u00e1n banek<br \/>\n2,3,6,9 Eduardo Del Po<br \/>\n7,10,11,12 Luis Cabrera<br \/>\n8 Horacio Urriaga<br \/>\n<strong>Mejor Adulta<\/strong><br \/>\nEl\u00a0<strong>macho plateado 193839<\/strong>\u00a0fue la mejor paloma del torneo en puntos acumulados obtuvo diez premios clasificatorios con dos triunfos, tres segundos, un sexto, un decimo segundo y tres clasifica en el puesto 13. Otra de las palomas destacadas fue la 225746 de Luis Cabrera que clasific\u00f3 en 9 carreras.<br \/>\n<strong>Campeonato Final<\/strong><br \/>\n1-<strong>Dami\u00e1n Banek \u00a0 \u00a0 \u00a035810<\/strong><br \/>\n2-Eduardo Del Po \u00a0 \u00a0 \u00a032288<br \/>\n3-Luis Cabrera\u00a0\u00a0\u00a0\u00a0\u00a0\u00a0\u00a0\u00a0\u00a0 29505<br \/>\n4-Horacio Urriaga \u00a0 \u00a0 \u00a025480<br \/>\n5-Luis Cabrera 1\u00a0\u00a0\u00a0\u00a0\u00a0\u00a0 18052<br \/>\n6-Alberto Olle\u00a0\u00a0\u00a0\u00a0\u00a0\u00a0\u00a0\u00a0\u00a0\u00a0 12601<br \/>\n7-Pablo Peralta\u00a0\u00a0\u00a0\u00a0\u00a0\u00a0\u00a0\u00a0\u00a0 12559(No corri\u00f3 en la parte final del Torneo)<br \/>\n8-Cimino Juan\u00a0\u00a0\u00a0\u00a0\u00a0\u00a0\u00a0\u00a0\u00a0 \u00a0\u00a0\u00a0\u00a05749(No corrio ultima ultimas lineas)<br \/>\n9-Carlos Mutti\u00a0\u00a0\u00a0\u00a0\u00a0\u00a0\u00a0\u00a0\u00a0\u00a0\u00a0\u00a0\u00a0 4034(Dej\u00f3 la competencia de antemano)<br \/>\n<strong>Pr\u00f3ximo a\u00f1o<\/strong><br \/>\nTodos desde agosto est\u00e1n en \u00e9poca de cr\u00eda de los nuevo pichones que llevar\u00e1n matr\u00edcula azul en sus patas. Se estima que el pr\u00f3ximo a\u00f1o se agregar\u00e1n a los 8 competidores actuales Maximiliano Braun con su palomar en cercan\u00edas de la Escuela Agropecuaria. Daniel Torres que vuelve al ruedo esta vez con su palomar en Italia e Independencia, Daniel David, bahiense radicado en la ciudad que volar\u00e1 en la secci\u00f3n quintas detr\u00e1s de las v\u00edas del ferrocarril y Gaston Gomez \u00a013 a\u00f1os el mas joven que probar\u00e1 suerte en\u00a0 avenida Sarmiento al 800. Ser\u00e1n 12 competidores los que saldr\u00e1n al ruedo.<br \/>\n<strong>Entrega de premios<\/strong><br \/>\nSe est\u00e1 organizando para mediados de Diciembre la entrega de los premios del campeonato en una cena que se desarrollar\u00e1 en lugar a confirmar.<br \/>\nNos dej\u00f3 conceptos el campe\u00f3n Dami\u00e1n Banek.<br \/>\n<a title=\"DSC_0155\" href=\"http:\/\/farm6.staticflickr.com\/5746\/30477402264_7091780136_z.jpg\" rel=\"\"><img loading=\"lazy\" decoding=\"async\" class=\"aligncenter\" title=\"DSC_0155\" src=\"http:\/\/farm6.staticflickr.com\/5746\/30477402264_7091780136_z.jpg\" alt=\"DSC_0155\" width=\"640\" height=\"363\" \/><\/a><br \/>\n<a title=\"DSC_0187\" href=\"http:\/\/farm6.staticflickr.com\/5695\/30931232900_e20af2df27_z.jpg\" rel=\"\"><img loading=\"lazy\" decoding=\"async\" class=\"aligncenter\" title=\"DSC_0187\" src=\"http:\/\/farm6.staticflickr.com\/5695\/30931232900_e20af2df27_z.jpg\" alt=\"DSC_0187\" width=\"640\" height=\"343\" \/><\/a><\/p>\n","protected":false},"excerpt":{"rendered":"<p>El 19 de Noviembre cay\u00f3 el tel\u00f3n de la actividad colomb\u00f3fila en nuestra ciudad luego de un a\u00f1o cargado de competencia. Nuestro medio sigui\u00f3 cada fin de semana el apasionante deporte de las palomas mensajeras de competici\u00f3n.<\/p>\n","protected":false},"author":3,"featured_media":0,"comment_status":"closed","ping_status":"open","sticky":false,"template":"","format":"standard","meta":{"footnotes":""},"categories":[27],"tags":[],"class_list":["post-4149","post","type-post","status-publish","format-standard","hentry","category-deportes"],"yoast_head":"<!-- This site is optimized with the Yoast SEO plugin v25.9 - https:\/\/yoast.com\/wordpress\/plugins\/seo\/ -->\n<title>Damian Banek Campeon Colombofilo - Noticias Radio Reflejos<\/title>\n<meta name=\"robots\" content=\"index, follow, max-snippet:-1, max-image-preview:large, max-video-preview:-1\" \/>\n<link rel=\"canonical\" href=\"https:\/\/www.noticiasradioreflejos.com.ar\/2021\/4149\/\" \/>\n<meta property=\"og:locale\" content=\"es_ES\" \/>\n<meta property=\"og:type\" content=\"article\" \/>\n<meta property=\"og:title\" content=\"Damian Banek Campeon Colombofilo - Noticias Radio Reflejos\" \/>\n<meta property=\"og:description\" content=\"El 19 de Noviembre cay\u00f3 el tel\u00f3n de la actividad colomb\u00f3fila en nuestra ciudad luego de un a\u00f1o cargado de competencia. Nuestro medio sigui\u00f3 cada fin de semana el apasionante deporte de las palomas mensajeras de competici\u00f3n.\" \/>\n<meta property=\"og:url\" content=\"https:\/\/www.noticiasradioreflejos.com.ar\/2021\/4149\/\" \/>\n<meta property=\"og:site_name\" content=\"Noticias Radio Reflejos\" \/>\n<meta property=\"article:published_time\" content=\"2016-11-28T16:48:00+00:00\" \/>\n<meta property=\"og:image\" content=\"http:\/\/farm6.staticflickr.com\/5746\/30477402264_7091780136_z.jpg\" \/>\n<meta name=\"author\" content=\"Arnaldo Botto\" \/>\n<meta name=\"twitter:card\" content=\"summary_large_image\" \/>\n<script type=\"application\/ld+json\" class=\"yoast-schema-graph\">{\"@context\":\"https:\/\/schema.org\",\"@graph\":[{\"@type\":\"WebPage\",\"@id\":\"https:\/\/www.noticiasradioreflejos.com.ar\/2021\/4149\/\",\"url\":\"https:\/\/www.noticiasradioreflejos.com.ar\/2021\/4149\/\",\"name\":\"Damian Banek Campeon Colombofilo - Noticias Radio Reflejos\",\"isPartOf\":{\"@id\":\"https:\/\/www.noticiasradioreflejos.com.ar\/2021\/#website\"},\"primaryImageOfPage\":{\"@id\":\"https:\/\/www.noticiasradioreflejos.com.ar\/2021\/4149\/#primaryimage\"},\"image\":{\"@id\":\"https:\/\/www.noticiasradioreflejos.com.ar\/2021\/4149\/#primaryimage\"},\"thumbnailUrl\":\"http:\/\/farm6.staticflickr.com\/5746\/30477402264_7091780136_z.jpg\",\"datePublished\":\"2016-11-28T16:48:00+00:00\",\"author\":{\"@id\":\"https:\/\/www.noticiasradioreflejos.com.ar\/2021\/#\/schema\/person\/ad82545263dcc5ec0996818884fd5fb1\"},\"breadcrumb\":{\"@id\":\"https:\/\/www.noticiasradioreflejos.com.ar\/2021\/4149\/#breadcrumb\"},\"inLanguage\":\"es\",\"potentialAction\":[{\"@type\":\"ReadAction\",\"target\":[\"https:\/\/www.noticiasradioreflejos.com.ar\/2021\/4149\/\"]}]},{\"@type\":\"ImageObject\",\"inLanguage\":\"es\",\"@id\":\"https:\/\/www.noticiasradioreflejos.com.ar\/2021\/4149\/#primaryimage\",\"url\":\"http:\/\/farm6.staticflickr.com\/5746\/30477402264_7091780136_z.jpg\",\"contentUrl\":\"http:\/\/farm6.staticflickr.com\/5746\/30477402264_7091780136_z.jpg\"},{\"@type\":\"BreadcrumbList\",\"@id\":\"https:\/\/www.noticiasradioreflejos.com.ar\/2021\/4149\/#breadcrumb\",\"itemListElement\":[{\"@type\":\"ListItem\",\"position\":1,\"name\":\"Portada\",\"item\":\"https:\/\/www.noticiasradioreflejos.com.ar\/2021\/\"},{\"@type\":\"ListItem\",\"position\":2,\"name\":\"Damian Banek Campeon Colombofilo\"}]},{\"@type\":\"WebSite\",\"@id\":\"https:\/\/www.noticiasradioreflejos.com.ar\/2021\/#website\",\"url\":\"https:\/\/www.noticiasradioreflejos.com.ar\/2021\/\",\"name\":\"Noticias Radio Reflejos\",\"description\":\"Las noticias de mi comarca\",\"potentialAction\":[{\"@type\":\"SearchAction\",\"target\":{\"@type\":\"EntryPoint\",\"urlTemplate\":\"https:\/\/www.noticiasradioreflejos.com.ar\/2021\/?s={search_term_string}\"},\"query-input\":{\"@type\":\"PropertyValueSpecification\",\"valueRequired\":true,\"valueName\":\"search_term_string\"}}],\"inLanguage\":\"es\"},{\"@type\":\"Person\",\"@id\":\"https:\/\/www.noticiasradioreflejos.com.ar\/2021\/#\/schema\/person\/ad82545263dcc5ec0996818884fd5fb1\",\"name\":\"Arnaldo Botto\",\"image\":{\"@type\":\"ImageObject\",\"inLanguage\":\"es\",\"@id\":\"https:\/\/www.noticiasradioreflejos.com.ar\/2021\/#\/schema\/person\/image\/\",\"url\":\"https:\/\/secure.gravatar.com\/avatar\/55cb5e37c1efa326397366e6974cb338056df65cb50e7d64d1cf314e87504837?s=96&d=mm&r=g\",\"contentUrl\":\"https:\/\/secure.gravatar.com\/avatar\/55cb5e37c1efa326397366e6974cb338056df65cb50e7d64d1cf314e87504837?s=96&d=mm&r=g\",\"caption\":\"Arnaldo Botto\"},\"url\":\"https:\/\/www.noticiasradioreflejos.com.ar\/2021\/author\/arnaldo\/\"}]}<\/script>\n<!-- \/ Yoast SEO plugin. -->","yoast_head_json":{"title":"Damian Banek Campeon Colombofilo - Noticias Radio Reflejos","robots":{"index":"index","follow":"follow","max-snippet":"max-snippet:-1","max-image-preview":"max-image-preview:large","max-video-preview":"max-video-preview:-1"},"canonical":"https:\/\/www.noticiasradioreflejos.com.ar\/2021\/4149\/","og_locale":"es_ES","og_type":"article","og_title":"Damian Banek Campeon Colombofilo - Noticias Radio Reflejos","og_description":"El 19 de Noviembre cay\u00f3 el tel\u00f3n de la actividad colomb\u00f3fila en nuestra ciudad luego de un a\u00f1o cargado de competencia. Nuestro medio sigui\u00f3 cada fin de semana el apasionante deporte de las palomas mensajeras de competici\u00f3n.","og_url":"https:\/\/www.noticiasradioreflejos.com.ar\/2021\/4149\/","og_site_name":"Noticias Radio Reflejos","article_published_time":"2016-11-28T16:48:00+00:00","og_image":[{"url":"http:\/\/farm6.staticflickr.com\/5746\/30477402264_7091780136_z.jpg","type":"","width":"","height":""}],"author":"Arnaldo Botto","twitter_card":"summary_large_image","schema":{"@context":"https:\/\/schema.org","@graph":[{"@type":"WebPage","@id":"https:\/\/www.noticiasradioreflejos.com.ar\/2021\/4149\/","url":"https:\/\/www.noticiasradioreflejos.com.ar\/2021\/4149\/","name":"Damian Banek Campeon Colombofilo - Noticias Radio Reflejos","isPartOf":{"@id":"https:\/\/www.noticiasradioreflejos.com.ar\/2021\/#website"},"primaryImageOfPage":{"@id":"https:\/\/www.noticiasradioreflejos.com.ar\/2021\/4149\/#primaryimage"},"image":{"@id":"https:\/\/www.noticiasradioreflejos.com.ar\/2021\/4149\/#primaryimage"},"thumbnailUrl":"http:\/\/farm6.staticflickr.com\/5746\/30477402264_7091780136_z.jpg","datePublished":"2016-11-28T16:48:00+00:00","author":{"@id":"https:\/\/www.noticiasradioreflejos.com.ar\/2021\/#\/schema\/person\/ad82545263dcc5ec0996818884fd5fb1"},"breadcrumb":{"@id":"https:\/\/www.noticiasradioreflejos.com.ar\/2021\/4149\/#breadcrumb"},"inLanguage":"es","potentialAction":[{"@type":"ReadAction","target":["https:\/\/www.noticiasradioreflejos.com.ar\/2021\/4149\/"]}]},{"@type":"ImageObject","inLanguage":"es","@id":"https:\/\/www.noticiasradioreflejos.com.ar\/2021\/4149\/#primaryimage","url":"http:\/\/farm6.staticflickr.com\/5746\/30477402264_7091780136_z.jpg","contentUrl":"http:\/\/farm6.staticflickr.com\/5746\/30477402264_7091780136_z.jpg"},{"@type":"BreadcrumbList","@id":"https:\/\/www.noticiasradioreflejos.com.ar\/2021\/4149\/#breadcrumb","itemListElement":[{"@type":"ListItem","position":1,"name":"Portada","item":"https:\/\/www.noticiasradioreflejos.com.ar\/2021\/"},{"@type":"ListItem","position":2,"name":"Damian Banek Campeon Colombofilo"}]},{"@type":"WebSite","@id":"https:\/\/www.noticiasradioreflejos.com.ar\/2021\/#website","url":"https:\/\/www.noticiasradioreflejos.com.ar\/2021\/","name":"Noticias Radio Reflejos","description":"Las noticias de mi comarca","potentialAction":[{"@type":"SearchAction","target":{"@type":"EntryPoint","urlTemplate":"https:\/\/www.noticiasradioreflejos.com.ar\/2021\/?s={search_term_string}"},"query-input":{"@type":"PropertyValueSpecification","valueRequired":true,"valueName":"search_term_string"}}],"inLanguage":"es"},{"@type":"Person","@id":"https:\/\/www.noticiasradioreflejos.com.ar\/2021\/#\/schema\/person\/ad82545263dcc5ec0996818884fd5fb1","name":"Arnaldo Botto","image":{"@type":"ImageObject","inLanguage":"es","@id":"https:\/\/www.noticiasradioreflejos.com.ar\/2021\/#\/schema\/person\/image\/","url":"https:\/\/secure.gravatar.com\/avatar\/55cb5e37c1efa326397366e6974cb338056df65cb50e7d64d1cf314e87504837?s=96&d=mm&r=g","contentUrl":"https:\/\/secure.gravatar.com\/avatar\/55cb5e37c1efa326397366e6974cb338056df65cb50e7d64d1cf314e87504837?s=96&d=mm&r=g","caption":"Arnaldo Botto"},"url":"https:\/\/www.noticiasradioreflejos.com.ar\/2021\/author\/arnaldo\/"}]}},"_links":{"self":[{"href":"https:\/\/www.noticiasradioreflejos.com.ar\/2021\/wp-json\/wp\/v2\/posts\/4149","targetHints":{"allow":["GET"]}}],"collection":[{"href":"https:\/\/www.noticiasradioreflejos.com.ar\/2021\/wp-json\/wp\/v2\/posts"}],"about":[{"href":"https:\/\/www.noticiasradioreflejos.com.ar\/2021\/wp-json\/wp\/v2\/types\/post"}],"author":[{"embeddable":true,"href":"https:\/\/www.noticiasradioreflejos.com.ar\/2021\/wp-json\/wp\/v2\/users\/3"}],"replies":[{"embeddable":true,"href":"https:\/\/www.noticiasradioreflejos.com.ar\/2021\/wp-json\/wp\/v2\/comments?post=4149"}],"version-history":[{"count":0,"href":"https:\/\/www.noticiasradioreflejos.com.ar\/2021\/wp-json\/wp\/v2\/posts\/4149\/revisions"}],"wp:attachment":[{"href":"https:\/\/www.noticiasradioreflejos.com.ar\/2021\/wp-json\/wp\/v2\/media?parent=4149"}],"wp:term":[{"taxonomy":"category","embeddable":true,"href":"https:\/\/www.noticiasradioreflejos.com.ar\/2021\/wp-json\/wp\/v2\/categories?post=4149"},{"taxonomy":"post_tag","embeddable":true,"href":"https:\/\/www.noticiasradioreflejos.com.ar\/2021\/wp-json\/wp\/v2\/tags?post=4149"}],"curies":[{"name":"wp","href":"https:\/\/api.w.org\/{rel}","templated":true}]}}