{"id":4147,"date":"2016-11-28T16:43:14","date_gmt":"2016-11-28T16:43:14","guid":{"rendered":"http:\/\/noticiasradioreflejos.com.ar\/noticias\/?p=4147"},"modified":"2016-11-28T16:43:14","modified_gmt":"2016-11-28T16:43:14","slug":"jornada-internacional-cambio-climatico-y-crisis-ambiental","status":"publish","type":"post","link":"https:\/\/www.noticiasradioreflejos.com.ar\/2021\/jornada-internacional-cambio-climatico-y-crisis-ambiental\/","title":{"rendered":"Jornada Internacional Cambio Clim\u00e1tico y Crisis Ambiental"},"content":{"rendered":"<p>Legisladores, representantes de la iglesia y de la sociedad civil, expertos en medio ambiente, cient\u00edficos del clima, adem\u00e1s de l\u00edderes ind\u00edgenas y comunitarios de pa\u00edses como Argentina, Brasil, Uruguay, Ecuador y Colombia se reunir\u00e1n en la ciudad porte\u00f1a de Buenos Aires para discutir las amenazas que representan el uso de combustibles f\u00f3siles en Am\u00e9rica Latina, en particular la t\u00e9cnica del\u00a0<em>fracking<\/em>\u00a0para la extracci\u00f3n no convencional de petr\u00f3leo y gas (tambi\u00e9n conocida como\u00a0<em>fracking<\/em>). La jornada internacional\u00a0<em>\u201cCambio Clim\u00e1tico y Crisis Ambiental: Los Peligros del fracking y las alternativas para Am\u00e9rica Latina\u201d<\/em>, que ocurre el 01 de Diciembre en la C\u00e1mara de Diputados de la Naci\u00f3n Argentina, tambi\u00e9n tiene como objetivo definir estrategias conjuntas de acci\u00f3n en el continente.<!--more--><br \/>\nLos invitados al evento forman parte de la Coalici\u00f3n Latinoamericana Contra El\u00a0<em>Fracking<\/em>, una iniciativa de expansi\u00f3n regional de la COESUS \u2013 Coalici\u00f3n No Fracking Brasil por el Clima, Agua y la Vida. El principal objetivo de la coalici\u00f3n es prevenir la expansi\u00f3n de la pr\u00e1ctica de la fractura hidr\u00e1ulica a trav\u00e9s de pol\u00edticas p\u00fablicas y legislaciones, as\u00ed como la promoci\u00f3n de soluciones independientes e integradores de energ\u00eda limpia a partir de una base econ\u00f3mica sostenible, justa y competitiva.<br \/>\n\u201cLa Coalici\u00f3n se propone contribuir t\u00e9cnicamente y apoyar a los pa\u00edses para que asuman una posici\u00f3n de liderazgo mundial en el \u00e1mbito de las econom\u00edas con bajas emisiones de carbono. Sus miembros reconocen las oportunidades y sinergias entre todos los pa\u00edses que representan, y est\u00e1n orientados a la protecci\u00f3n y la conservaci\u00f3n del clima\u201d, afirma Nicole Figueredo de Oliveira, directora de\u00a0<a href=\"http:\/\/naofrackingbrasil.us11.list-manage1.com\/track\/click?u=278f6565324fd9d2264a9e656&amp;id=3b6338c665&amp;e=1193c1fa4d\" target=\"_blank\" data-saferedirecturl=\"https:\/\/www.google.com\/url?hl=es&amp;q=http:\/\/naofrackingbrasil.us11.list-manage1.com\/track\/click?u%3D278f6565324fd9d2264a9e656%26id%3D3b6338c665%26e%3D1193c1fa4d&amp;source=gmail&amp;ust=1480436641912000&amp;usg=AFQjCNFCzsFf6MYLolmtN3QK2gfw7UowWg\" rel=\"noopener\">350.org<\/a>\u00a0Brasil y Am\u00e9rica Latina Para Nicole, \u201csi la sociedad y los gobiernos no se movilizan para contener la entrada y el avance del\u00a0<em>fracking<\/em>\u00a0en sus respectivos pa\u00edses, no solo las comunidades locales sufrir\u00e1n los impactos del cambio clim\u00e1tico, tambi\u00e9n el resto del mundo\u201d.<br \/>\n<a href=\"http:\/\/naofrackingbrasil.us11.list-manage.com\/track\/click?u=278f6565324fd9d2264a9e656&amp;id=b817e15a32&amp;e=1193c1fa4d\" target=\"_blank\" data-saferedirecturl=\"https:\/\/www.google.com\/url?hl=es&amp;q=http:\/\/naofrackingbrasil.us11.list-manage.com\/track\/click?u%3D278f6565324fd9d2264a9e656%26id%3Db817e15a32%26e%3D1193c1fa4d&amp;source=gmail&amp;ust=1480436641912000&amp;usg=AFQjCNFUEpkaV7zyk5FQltzZFM1zTLX9uA\" rel=\"noopener\">El primer encuentro realizado el 19 de septiembre en Montevideo, Uruguay<\/a>, reuni\u00f3 a representantes del Parlamento Latinoamericano y fue parte de la programaci\u00f3n paralela de la Asamblea Parlamentaria Euro-Latinoamericana (EuroLat), sirviendo para intercambiar experiencias en el combate contra el\u00a0<em>fracking<\/em>\u00a0y dando como resultado la formaci\u00f3n de un frente amplio para la construcci\u00f3n de estrategias conjuntas. En esta segunda edici\u00f3n, decenas de parlamentarios nacionales y de las provincias ya han confirmado su presencia, adem\u00e1s de representantes del movimiento medioambiental y activistas contra la tecnolog\u00eda<em>,\u00a0<\/em>demostrando la importancia y la urgencia de contener el avance de la industria de los hidrocarburos.<br \/>\n\u201cConsiderando que la econom\u00eda de estos pa\u00edses se basa en la agricultura, es fundamental asegurar que la industria agr\u00edcola latinoamericana est\u00e9 libre de contaminaci\u00f3n. Siendo as\u00ed, la prohibici\u00f3n del\u00a0<em>fracking\u00a0<\/em>en el continente no solo proteger\u00e1 la salud de las personas, animales y el medio ambiente, tambi\u00e9n garantizar\u00e1 la competitividad de los productos en el mercado internacional, en un momento en el que los pa\u00edses ya est\u00e1n creando restricciones a las importaciones de los alimentos provenientes de \u00e1reas de exploraci\u00f3n del gas de esquisto\u201d, defendi\u00f3 Juliano Bueno de Ara\u00fajo, coordinador de Campa\u00f1as Clim\u00e1ticas de\u00a0<a href=\"http:\/\/naofrackingbrasil.us11.list-manage.com\/track\/click?u=278f6565324fd9d2264a9e656&amp;id=5a7ee0722e&amp;e=1193c1fa4d\" target=\"_blank\" data-saferedirecturl=\"https:\/\/www.google.com\/url?hl=es&amp;q=http:\/\/naofrackingbrasil.us11.list-manage.com\/track\/click?u%3D278f6565324fd9d2264a9e656%26id%3D5a7ee0722e%26e%3D1193c1fa4d&amp;source=gmail&amp;ust=1480436641912000&amp;usg=AFQjCNEP499yfhISNDBVYKtlyGcmazf0ZA\" rel=\"noopener\">350.org<\/a>\u00a0y fundador de COESUS.<\/p>\n","protected":false},"excerpt":{"rendered":"<p>Legisladores, representantes de la iglesia y de la sociedad civil, expertos en medio ambiente, cient\u00edficos del clima, adem\u00e1s de l\u00edderes ind\u00edgenas y comunitarios de pa\u00edses como Argentina, Brasil, Uruguay, Ecuador y Colombia se reunir\u00e1n en la ciudad porte\u00f1a de Buenos Aires para discutir las amenazas que representan el uso de combustibles f\u00f3siles en Am\u00e9rica Latina, [&hellip;]<\/p>\n","protected":false},"author":3,"featured_media":0,"comment_status":"closed","ping_status":"open","sticky":false,"template":"","format":"standard","meta":{"footnotes":""},"categories":[24],"tags":[],"class_list":["post-4147","post","type-post","status-publish","format-standard","hentry","category-politica"],"yoast_head":"<!-- This site is optimized with the Yoast SEO plugin v25.9 - https:\/\/yoast.com\/wordpress\/plugins\/seo\/ -->\n<title>Jornada Internacional Cambio Clim\u00e1tico y Crisis Ambiental - Noticias Radio Reflejos<\/title>\n<meta name=\"robots\" content=\"index, follow, max-snippet:-1, max-image-preview:large, max-video-preview:-1\" \/>\n<link rel=\"canonical\" href=\"https:\/\/www.noticiasradioreflejos.com.ar\/2021\/jornada-internacional-cambio-climatico-y-crisis-ambiental\/\" \/>\n<meta property=\"og:locale\" content=\"es_ES\" \/>\n<meta property=\"og:type\" content=\"article\" \/>\n<meta property=\"og:title\" content=\"Jornada Internacional Cambio Clim\u00e1tico y Crisis Ambiental - Noticias Radio Reflejos\" \/>\n<meta property=\"og:description\" content=\"Legisladores, representantes de la iglesia y de la sociedad civil, expertos en medio ambiente, cient\u00edficos del clima, adem\u00e1s de l\u00edderes ind\u00edgenas y comunitarios de pa\u00edses como Argentina, Brasil, Uruguay, Ecuador y Colombia se reunir\u00e1n en la ciudad porte\u00f1a de Buenos Aires para discutir las amenazas que representan el uso de combustibles f\u00f3siles en Am\u00e9rica Latina, [&hellip;]\" \/>\n<meta property=\"og:url\" content=\"https:\/\/www.noticiasradioreflejos.com.ar\/2021\/jornada-internacional-cambio-climatico-y-crisis-ambiental\/\" \/>\n<meta property=\"og:site_name\" content=\"Noticias Radio Reflejos\" \/>\n<meta property=\"article:published_time\" content=\"2016-11-28T16:43:14+00:00\" \/>\n<meta property=\"og:image\" content=\"https:\/\/www.noticiasradioreflejos.com.ar\/2021\/wp-content\/uploads\/2021\/07\/logosol300x200.png\" \/>\n\t<meta property=\"og:image:width\" content=\"300\" \/>\n\t<meta property=\"og:image:height\" content=\"200\" \/>\n\t<meta property=\"og:image:type\" content=\"image\/png\" \/>\n<meta name=\"author\" content=\"Arnaldo Botto\" \/>\n<meta name=\"twitter:card\" content=\"summary_large_image\" \/>\n<script type=\"application\/ld+json\" class=\"yoast-schema-graph\">{\"@context\":\"https:\/\/schema.org\",\"@graph\":[{\"@type\":\"WebPage\",\"@id\":\"https:\/\/www.noticiasradioreflejos.com.ar\/2021\/jornada-internacional-cambio-climatico-y-crisis-ambiental\/\",\"url\":\"https:\/\/www.noticiasradioreflejos.com.ar\/2021\/jornada-internacional-cambio-climatico-y-crisis-ambiental\/\",\"name\":\"Jornada Internacional Cambio Clim\u00e1tico y Crisis Ambiental - Noticias Radio Reflejos\",\"isPartOf\":{\"@id\":\"https:\/\/www.noticiasradioreflejos.com.ar\/2021\/#website\"},\"datePublished\":\"2016-11-28T16:43:14+00:00\",\"author\":{\"@id\":\"https:\/\/www.noticiasradioreflejos.com.ar\/2021\/#\/schema\/person\/ad82545263dcc5ec0996818884fd5fb1\"},\"breadcrumb\":{\"@id\":\"https:\/\/www.noticiasradioreflejos.com.ar\/2021\/jornada-internacional-cambio-climatico-y-crisis-ambiental\/#breadcrumb\"},\"inLanguage\":\"es\",\"potentialAction\":[{\"@type\":\"ReadAction\",\"target\":[\"https:\/\/www.noticiasradioreflejos.com.ar\/2021\/jornada-internacional-cambio-climatico-y-crisis-ambiental\/\"]}]},{\"@type\":\"BreadcrumbList\",\"@id\":\"https:\/\/www.noticiasradioreflejos.com.ar\/2021\/jornada-internacional-cambio-climatico-y-crisis-ambiental\/#breadcrumb\",\"itemListElement\":[{\"@type\":\"ListItem\",\"position\":1,\"name\":\"Portada\",\"item\":\"https:\/\/www.noticiasradioreflejos.com.ar\/2021\/\"},{\"@type\":\"ListItem\",\"position\":2,\"name\":\"Jornada Internacional Cambio Clim\u00e1tico y Crisis Ambiental\"}]},{\"@type\":\"WebSite\",\"@id\":\"https:\/\/www.noticiasradioreflejos.com.ar\/2021\/#website\",\"url\":\"https:\/\/www.noticiasradioreflejos.com.ar\/2021\/\",\"name\":\"Noticias Radio Reflejos\",\"description\":\"Las noticias de mi comarca\",\"potentialAction\":[{\"@type\":\"SearchAction\",\"target\":{\"@type\":\"EntryPoint\",\"urlTemplate\":\"https:\/\/www.noticiasradioreflejos.com.ar\/2021\/?s={search_term_string}\"},\"query-input\":{\"@type\":\"PropertyValueSpecification\",\"valueRequired\":true,\"valueName\":\"search_term_string\"}}],\"inLanguage\":\"es\"},{\"@type\":\"Person\",\"@id\":\"https:\/\/www.noticiasradioreflejos.com.ar\/2021\/#\/schema\/person\/ad82545263dcc5ec0996818884fd5fb1\",\"name\":\"Arnaldo Botto\",\"image\":{\"@type\":\"ImageObject\",\"inLanguage\":\"es\",\"@id\":\"https:\/\/www.noticiasradioreflejos.com.ar\/2021\/#\/schema\/person\/image\/\",\"url\":\"https:\/\/secure.gravatar.com\/avatar\/55cb5e37c1efa326397366e6974cb338056df65cb50e7d64d1cf314e87504837?s=96&d=mm&r=g\",\"contentUrl\":\"https:\/\/secure.gravatar.com\/avatar\/55cb5e37c1efa326397366e6974cb338056df65cb50e7d64d1cf314e87504837?s=96&d=mm&r=g\",\"caption\":\"Arnaldo Botto\"},\"url\":\"https:\/\/www.noticiasradioreflejos.com.ar\/2021\/author\/arnaldo\/\"}]}<\/script>\n<!-- \/ Yoast SEO plugin. -->","yoast_head_json":{"title":"Jornada Internacional Cambio Clim\u00e1tico y Crisis Ambiental - Noticias Radio Reflejos","robots":{"index":"index","follow":"follow","max-snippet":"max-snippet:-1","max-image-preview":"max-image-preview:large","max-video-preview":"max-video-preview:-1"},"canonical":"https:\/\/www.noticiasradioreflejos.com.ar\/2021\/jornada-internacional-cambio-climatico-y-crisis-ambiental\/","og_locale":"es_ES","og_type":"article","og_title":"Jornada Internacional Cambio Clim\u00e1tico y Crisis Ambiental - Noticias Radio Reflejos","og_description":"Legisladores, representantes de la iglesia y de la sociedad civil, expertos en medio ambiente, cient\u00edficos del clima, adem\u00e1s de l\u00edderes ind\u00edgenas y comunitarios de pa\u00edses como Argentina, Brasil, Uruguay, Ecuador y Colombia se reunir\u00e1n en la ciudad porte\u00f1a de Buenos Aires para discutir las amenazas que representan el uso de combustibles f\u00f3siles en Am\u00e9rica Latina, [&hellip;]","og_url":"https:\/\/www.noticiasradioreflejos.com.ar\/2021\/jornada-internacional-cambio-climatico-y-crisis-ambiental\/","og_site_name":"Noticias Radio Reflejos","article_published_time":"2016-11-28T16:43:14+00:00","og_image":[{"width":300,"height":200,"url":"https:\/\/www.noticiasradioreflejos.com.ar\/2021\/wp-content\/uploads\/2021\/07\/logosol300x200.png","type":"image\/png"}],"author":"Arnaldo Botto","twitter_card":"summary_large_image","schema":{"@context":"https:\/\/schema.org","@graph":[{"@type":"WebPage","@id":"https:\/\/www.noticiasradioreflejos.com.ar\/2021\/jornada-internacional-cambio-climatico-y-crisis-ambiental\/","url":"https:\/\/www.noticiasradioreflejos.com.ar\/2021\/jornada-internacional-cambio-climatico-y-crisis-ambiental\/","name":"Jornada Internacional Cambio Clim\u00e1tico y Crisis Ambiental - Noticias Radio Reflejos","isPartOf":{"@id":"https:\/\/www.noticiasradioreflejos.com.ar\/2021\/#website"},"datePublished":"2016-11-28T16:43:14+00:00","author":{"@id":"https:\/\/www.noticiasradioreflejos.com.ar\/2021\/#\/schema\/person\/ad82545263dcc5ec0996818884fd5fb1"},"breadcrumb":{"@id":"https:\/\/www.noticiasradioreflejos.com.ar\/2021\/jornada-internacional-cambio-climatico-y-crisis-ambiental\/#breadcrumb"},"inLanguage":"es","potentialAction":[{"@type":"ReadAction","target":["https:\/\/www.noticiasradioreflejos.com.ar\/2021\/jornada-internacional-cambio-climatico-y-crisis-ambiental\/"]}]},{"@type":"BreadcrumbList","@id":"https:\/\/www.noticiasradioreflejos.com.ar\/2021\/jornada-internacional-cambio-climatico-y-crisis-ambiental\/#breadcrumb","itemListElement":[{"@type":"ListItem","position":1,"name":"Portada","item":"https:\/\/www.noticiasradioreflejos.com.ar\/2021\/"},{"@type":"ListItem","position":2,"name":"Jornada Internacional Cambio Clim\u00e1tico y Crisis Ambiental"}]},{"@type":"WebSite","@id":"https:\/\/www.noticiasradioreflejos.com.ar\/2021\/#website","url":"https:\/\/www.noticiasradioreflejos.com.ar\/2021\/","name":"Noticias Radio Reflejos","description":"Las noticias de mi comarca","potentialAction":[{"@type":"SearchAction","target":{"@type":"EntryPoint","urlTemplate":"https:\/\/www.noticiasradioreflejos.com.ar\/2021\/?s={search_term_string}"},"query-input":{"@type":"PropertyValueSpecification","valueRequired":true,"valueName":"search_term_string"}}],"inLanguage":"es"},{"@type":"Person","@id":"https:\/\/www.noticiasradioreflejos.com.ar\/2021\/#\/schema\/person\/ad82545263dcc5ec0996818884fd5fb1","name":"Arnaldo Botto","image":{"@type":"ImageObject","inLanguage":"es","@id":"https:\/\/www.noticiasradioreflejos.com.ar\/2021\/#\/schema\/person\/image\/","url":"https:\/\/secure.gravatar.com\/avatar\/55cb5e37c1efa326397366e6974cb338056df65cb50e7d64d1cf314e87504837?s=96&d=mm&r=g","contentUrl":"https:\/\/secure.gravatar.com\/avatar\/55cb5e37c1efa326397366e6974cb338056df65cb50e7d64d1cf314e87504837?s=96&d=mm&r=g","caption":"Arnaldo Botto"},"url":"https:\/\/www.noticiasradioreflejos.com.ar\/2021\/author\/arnaldo\/"}]}},"_links":{"self":[{"href":"https:\/\/www.noticiasradioreflejos.com.ar\/2021\/wp-json\/wp\/v2\/posts\/4147","targetHints":{"allow":["GET"]}}],"collection":[{"href":"https:\/\/www.noticiasradioreflejos.com.ar\/2021\/wp-json\/wp\/v2\/posts"}],"about":[{"href":"https:\/\/www.noticiasradioreflejos.com.ar\/2021\/wp-json\/wp\/v2\/types\/post"}],"author":[{"embeddable":true,"href":"https:\/\/www.noticiasradioreflejos.com.ar\/2021\/wp-json\/wp\/v2\/users\/3"}],"replies":[{"embeddable":true,"href":"https:\/\/www.noticiasradioreflejos.com.ar\/2021\/wp-json\/wp\/v2\/comments?post=4147"}],"version-history":[{"count":0,"href":"https:\/\/www.noticiasradioreflejos.com.ar\/2021\/wp-json\/wp\/v2\/posts\/4147\/revisions"}],"wp:attachment":[{"href":"https:\/\/www.noticiasradioreflejos.com.ar\/2021\/wp-json\/wp\/v2\/media?parent=4147"}],"wp:term":[{"taxonomy":"category","embeddable":true,"href":"https:\/\/www.noticiasradioreflejos.com.ar\/2021\/wp-json\/wp\/v2\/categories?post=4147"},{"taxonomy":"post_tag","embeddable":true,"href":"https:\/\/www.noticiasradioreflejos.com.ar\/2021\/wp-json\/wp\/v2\/tags?post=4147"}],"curies":[{"name":"wp","href":"https:\/\/api.w.org\/{rel}","templated":true}]}}