{"id":4141,"date":"2016-11-26T13:25:32","date_gmt":"2016-11-26T13:25:32","guid":{"rendered":"http:\/\/noticiasradioreflejos.com.ar\/noticias\/?p=4141"},"modified":"2016-11-26T13:25:32","modified_gmt":"2016-11-26T13:25:32","slug":"media-sancion-al-proyecto-de-ley-que-crea-el-registro-provincial-de-propietarios-de-tarjetas-sim-de-celulares-en-buenos-aires","status":"publish","type":"post","link":"https:\/\/www.noticiasradioreflejos.com.ar\/2021\/media-sancion-al-proyecto-de-ley-que-crea-el-registro-provincial-de-propietarios-de-tarjetas-sim-de-celulares-en-buenos-aires\/","title":{"rendered":"Media sanci\u00f3n al proyecto de Ley que crea el registro provincial de propietarios de tarjetas sim de celulares en Buenos Aires"},"content":{"rendered":"<p>Un Proyecto de Ley que crea el Registro Provincial de propietarios de Tarjetas SIM de celulares con el objetivo de evitar secuestros extorsivos en el territorio bonaerense, fue aprobado en el Senado Bonaerense y ahora fue enviado a la C\u00e1mara de Diputados para su sanci\u00f3n definitiva.<!--more--><br \/>\nLa iniciativa fue tratada ayer, cuando comienza el plazo de 90 d\u00edas establecido por el Ente Nacional de Comunicaciones para que las empresas de telefon\u00eda celular alisten su software de inteligencia de red para identificar a titulares de l\u00edneas.<br \/>\nEsta medida fue anunciada el martes por la Ministra de Seguridad de la Naci\u00f3n, Patricia Bullrich, quien precis\u00f3 que tiene como fin no s\u00f3lo evitar el robo de los tel\u00e9fonos celulares, sino tambi\u00e9n \u00abel uso de esas l\u00edneas para cometer delitos graves como los secuestros\u00bb.<br \/>\nEl proyecto aprobado ayer en la Legislatura Provincial y que fue elaborado por el Senador bahiense del Frente para la Victoria, Federico Susbielles, tambi\u00e9n apunta a \u00abreducir y prevenir la concreci\u00f3n de secuestros extorsivos, ya que la mayor\u00eda se realiza a trav\u00e9s del uso de tel\u00e9fonos celulares con &#8216;chips&#8217; sin registro alguno\u00bb.<br \/>\nEl proyecto tiene como objetivo \u00abdesarticular la duplicaci\u00f3n y comercializaci\u00f3n de tel\u00e9fonos m\u00f3viles robados ya que regula la comercializaci\u00f3n de Tarjetas SIM para telefon\u00eda celular o m\u00f3vil en todo el territorio de la Provincia de Buenos Aires\u00bb. (Agencia de Noticias T\u00e9lam).<br \/>\n&nbsp;<\/p>\n","protected":false},"excerpt":{"rendered":"<p>Un Proyecto de Ley que crea el Registro Provincial de propietarios de Tarjetas SIM de celulares con el objetivo de evitar secuestros extorsivos en el territorio bonaerense, fue aprobado en el Senado Bonaerense y ahora fue enviado a la C\u00e1mara de Diputados para su sanci\u00f3n definitiva.<\/p>\n","protected":false},"author":3,"featured_media":0,"comment_status":"closed","ping_status":"open","sticky":false,"template":"","format":"standard","meta":{"footnotes":""},"categories":[24],"tags":[],"class_list":["post-4141","post","type-post","status-publish","format-standard","hentry","category-politica"],"yoast_head":"<!-- This site is optimized with the Yoast SEO plugin v25.9 - https:\/\/yoast.com\/wordpress\/plugins\/seo\/ -->\n<title>Media sanci\u00f3n al proyecto de Ley que crea el registro provincial de propietarios de tarjetas sim de celulares en Buenos Aires - Noticias Radio Reflejos<\/title>\n<meta name=\"robots\" content=\"index, follow, max-snippet:-1, max-image-preview:large, max-video-preview:-1\" \/>\n<link rel=\"canonical\" href=\"https:\/\/www.noticiasradioreflejos.com.ar\/2021\/media-sancion-al-proyecto-de-ley-que-crea-el-registro-provincial-de-propietarios-de-tarjetas-sim-de-celulares-en-buenos-aires\/\" \/>\n<meta property=\"og:locale\" content=\"es_ES\" \/>\n<meta property=\"og:type\" content=\"article\" \/>\n<meta property=\"og:title\" content=\"Media sanci\u00f3n al proyecto de Ley que crea el registro provincial de propietarios de tarjetas sim de celulares en Buenos Aires - Noticias Radio Reflejos\" \/>\n<meta property=\"og:description\" content=\"Un Proyecto de Ley que crea el Registro Provincial de propietarios de Tarjetas SIM de celulares con el objetivo de evitar secuestros extorsivos en el territorio bonaerense, fue aprobado en el Senado Bonaerense y ahora fue enviado a la C\u00e1mara de Diputados para su sanci\u00f3n definitiva.\" \/>\n<meta property=\"og:url\" content=\"https:\/\/www.noticiasradioreflejos.com.ar\/2021\/media-sancion-al-proyecto-de-ley-que-crea-el-registro-provincial-de-propietarios-de-tarjetas-sim-de-celulares-en-buenos-aires\/\" \/>\n<meta property=\"og:site_name\" content=\"Noticias Radio Reflejos\" \/>\n<meta property=\"article:published_time\" content=\"2016-11-26T13:25:32+00:00\" \/>\n<meta property=\"og:image\" content=\"https:\/\/www.noticiasradioreflejos.com.ar\/2021\/wp-content\/uploads\/2021\/07\/logosol300x200.png\" \/>\n\t<meta property=\"og:image:width\" content=\"300\" \/>\n\t<meta property=\"og:image:height\" content=\"200\" \/>\n\t<meta property=\"og:image:type\" content=\"image\/png\" \/>\n<meta name=\"author\" content=\"Arnaldo Botto\" \/>\n<meta name=\"twitter:card\" content=\"summary_large_image\" \/>\n<script type=\"application\/ld+json\" class=\"yoast-schema-graph\">{\"@context\":\"https:\/\/schema.org\",\"@graph\":[{\"@type\":\"WebPage\",\"@id\":\"https:\/\/www.noticiasradioreflejos.com.ar\/2021\/media-sancion-al-proyecto-de-ley-que-crea-el-registro-provincial-de-propietarios-de-tarjetas-sim-de-celulares-en-buenos-aires\/\",\"url\":\"https:\/\/www.noticiasradioreflejos.com.ar\/2021\/media-sancion-al-proyecto-de-ley-que-crea-el-registro-provincial-de-propietarios-de-tarjetas-sim-de-celulares-en-buenos-aires\/\",\"name\":\"Media sanci\u00f3n al proyecto de Ley que crea el registro provincial de propietarios de tarjetas sim de celulares en Buenos Aires - Noticias Radio Reflejos\",\"isPartOf\":{\"@id\":\"https:\/\/www.noticiasradioreflejos.com.ar\/2021\/#website\"},\"datePublished\":\"2016-11-26T13:25:32+00:00\",\"author\":{\"@id\":\"https:\/\/www.noticiasradioreflejos.com.ar\/2021\/#\/schema\/person\/ad82545263dcc5ec0996818884fd5fb1\"},\"breadcrumb\":{\"@id\":\"https:\/\/www.noticiasradioreflejos.com.ar\/2021\/media-sancion-al-proyecto-de-ley-que-crea-el-registro-provincial-de-propietarios-de-tarjetas-sim-de-celulares-en-buenos-aires\/#breadcrumb\"},\"inLanguage\":\"es\",\"potentialAction\":[{\"@type\":\"ReadAction\",\"target\":[\"https:\/\/www.noticiasradioreflejos.com.ar\/2021\/media-sancion-al-proyecto-de-ley-que-crea-el-registro-provincial-de-propietarios-de-tarjetas-sim-de-celulares-en-buenos-aires\/\"]}]},{\"@type\":\"BreadcrumbList\",\"@id\":\"https:\/\/www.noticiasradioreflejos.com.ar\/2021\/media-sancion-al-proyecto-de-ley-que-crea-el-registro-provincial-de-propietarios-de-tarjetas-sim-de-celulares-en-buenos-aires\/#breadcrumb\",\"itemListElement\":[{\"@type\":\"ListItem\",\"position\":1,\"name\":\"Portada\",\"item\":\"https:\/\/www.noticiasradioreflejos.com.ar\/2021\/\"},{\"@type\":\"ListItem\",\"position\":2,\"name\":\"Media sanci\u00f3n al proyecto de Ley que crea el registro provincial de propietarios de tarjetas sim de celulares en Buenos Aires\"}]},{\"@type\":\"WebSite\",\"@id\":\"https:\/\/www.noticiasradioreflejos.com.ar\/2021\/#website\",\"url\":\"https:\/\/www.noticiasradioreflejos.com.ar\/2021\/\",\"name\":\"Noticias Radio Reflejos\",\"description\":\"Las noticias de mi comarca\",\"potentialAction\":[{\"@type\":\"SearchAction\",\"target\":{\"@type\":\"EntryPoint\",\"urlTemplate\":\"https:\/\/www.noticiasradioreflejos.com.ar\/2021\/?s={search_term_string}\"},\"query-input\":{\"@type\":\"PropertyValueSpecification\",\"valueRequired\":true,\"valueName\":\"search_term_string\"}}],\"inLanguage\":\"es\"},{\"@type\":\"Person\",\"@id\":\"https:\/\/www.noticiasradioreflejos.com.ar\/2021\/#\/schema\/person\/ad82545263dcc5ec0996818884fd5fb1\",\"name\":\"Arnaldo Botto\",\"image\":{\"@type\":\"ImageObject\",\"inLanguage\":\"es\",\"@id\":\"https:\/\/www.noticiasradioreflejos.com.ar\/2021\/#\/schema\/person\/image\/\",\"url\":\"https:\/\/secure.gravatar.com\/avatar\/55cb5e37c1efa326397366e6974cb338056df65cb50e7d64d1cf314e87504837?s=96&d=mm&r=g\",\"contentUrl\":\"https:\/\/secure.gravatar.com\/avatar\/55cb5e37c1efa326397366e6974cb338056df65cb50e7d64d1cf314e87504837?s=96&d=mm&r=g\",\"caption\":\"Arnaldo Botto\"},\"url\":\"https:\/\/www.noticiasradioreflejos.com.ar\/2021\/author\/arnaldo\/\"}]}<\/script>\n<!-- \/ Yoast SEO plugin. -->","yoast_head_json":{"title":"Media sanci\u00f3n al proyecto de Ley que crea el registro provincial de propietarios de tarjetas sim de celulares en Buenos Aires - Noticias Radio Reflejos","robots":{"index":"index","follow":"follow","max-snippet":"max-snippet:-1","max-image-preview":"max-image-preview:large","max-video-preview":"max-video-preview:-1"},"canonical":"https:\/\/www.noticiasradioreflejos.com.ar\/2021\/media-sancion-al-proyecto-de-ley-que-crea-el-registro-provincial-de-propietarios-de-tarjetas-sim-de-celulares-en-buenos-aires\/","og_locale":"es_ES","og_type":"article","og_title":"Media sanci\u00f3n al proyecto de Ley que crea el registro provincial de propietarios de tarjetas sim de celulares en Buenos Aires - Noticias Radio Reflejos","og_description":"Un Proyecto de Ley que crea el Registro Provincial de propietarios de Tarjetas SIM de celulares con el objetivo de evitar secuestros extorsivos en el territorio bonaerense, fue aprobado en el Senado Bonaerense y ahora fue enviado a la C\u00e1mara de Diputados para su sanci\u00f3n definitiva.","og_url":"https:\/\/www.noticiasradioreflejos.com.ar\/2021\/media-sancion-al-proyecto-de-ley-que-crea-el-registro-provincial-de-propietarios-de-tarjetas-sim-de-celulares-en-buenos-aires\/","og_site_name":"Noticias Radio Reflejos","article_published_time":"2016-11-26T13:25:32+00:00","og_image":[{"width":300,"height":200,"url":"https:\/\/www.noticiasradioreflejos.com.ar\/2021\/wp-content\/uploads\/2021\/07\/logosol300x200.png","type":"image\/png"}],"author":"Arnaldo Botto","twitter_card":"summary_large_image","schema":{"@context":"https:\/\/schema.org","@graph":[{"@type":"WebPage","@id":"https:\/\/www.noticiasradioreflejos.com.ar\/2021\/media-sancion-al-proyecto-de-ley-que-crea-el-registro-provincial-de-propietarios-de-tarjetas-sim-de-celulares-en-buenos-aires\/","url":"https:\/\/www.noticiasradioreflejos.com.ar\/2021\/media-sancion-al-proyecto-de-ley-que-crea-el-registro-provincial-de-propietarios-de-tarjetas-sim-de-celulares-en-buenos-aires\/","name":"Media sanci\u00f3n al proyecto de Ley que crea el registro provincial de propietarios de tarjetas sim de celulares en Buenos Aires - Noticias Radio Reflejos","isPartOf":{"@id":"https:\/\/www.noticiasradioreflejos.com.ar\/2021\/#website"},"datePublished":"2016-11-26T13:25:32+00:00","author":{"@id":"https:\/\/www.noticiasradioreflejos.com.ar\/2021\/#\/schema\/person\/ad82545263dcc5ec0996818884fd5fb1"},"breadcrumb":{"@id":"https:\/\/www.noticiasradioreflejos.com.ar\/2021\/media-sancion-al-proyecto-de-ley-que-crea-el-registro-provincial-de-propietarios-de-tarjetas-sim-de-celulares-en-buenos-aires\/#breadcrumb"},"inLanguage":"es","potentialAction":[{"@type":"ReadAction","target":["https:\/\/www.noticiasradioreflejos.com.ar\/2021\/media-sancion-al-proyecto-de-ley-que-crea-el-registro-provincial-de-propietarios-de-tarjetas-sim-de-celulares-en-buenos-aires\/"]}]},{"@type":"BreadcrumbList","@id":"https:\/\/www.noticiasradioreflejos.com.ar\/2021\/media-sancion-al-proyecto-de-ley-que-crea-el-registro-provincial-de-propietarios-de-tarjetas-sim-de-celulares-en-buenos-aires\/#breadcrumb","itemListElement":[{"@type":"ListItem","position":1,"name":"Portada","item":"https:\/\/www.noticiasradioreflejos.com.ar\/2021\/"},{"@type":"ListItem","position":2,"name":"Media sanci\u00f3n al proyecto de Ley que crea el registro provincial de propietarios de tarjetas sim de celulares en Buenos Aires"}]},{"@type":"WebSite","@id":"https:\/\/www.noticiasradioreflejos.com.ar\/2021\/#website","url":"https:\/\/www.noticiasradioreflejos.com.ar\/2021\/","name":"Noticias Radio Reflejos","description":"Las noticias de mi comarca","potentialAction":[{"@type":"SearchAction","target":{"@type":"EntryPoint","urlTemplate":"https:\/\/www.noticiasradioreflejos.com.ar\/2021\/?s={search_term_string}"},"query-input":{"@type":"PropertyValueSpecification","valueRequired":true,"valueName":"search_term_string"}}],"inLanguage":"es"},{"@type":"Person","@id":"https:\/\/www.noticiasradioreflejos.com.ar\/2021\/#\/schema\/person\/ad82545263dcc5ec0996818884fd5fb1","name":"Arnaldo Botto","image":{"@type":"ImageObject","inLanguage":"es","@id":"https:\/\/www.noticiasradioreflejos.com.ar\/2021\/#\/schema\/person\/image\/","url":"https:\/\/secure.gravatar.com\/avatar\/55cb5e37c1efa326397366e6974cb338056df65cb50e7d64d1cf314e87504837?s=96&d=mm&r=g","contentUrl":"https:\/\/secure.gravatar.com\/avatar\/55cb5e37c1efa326397366e6974cb338056df65cb50e7d64d1cf314e87504837?s=96&d=mm&r=g","caption":"Arnaldo Botto"},"url":"https:\/\/www.noticiasradioreflejos.com.ar\/2021\/author\/arnaldo\/"}]}},"_links":{"self":[{"href":"https:\/\/www.noticiasradioreflejos.com.ar\/2021\/wp-json\/wp\/v2\/posts\/4141","targetHints":{"allow":["GET"]}}],"collection":[{"href":"https:\/\/www.noticiasradioreflejos.com.ar\/2021\/wp-json\/wp\/v2\/posts"}],"about":[{"href":"https:\/\/www.noticiasradioreflejos.com.ar\/2021\/wp-json\/wp\/v2\/types\/post"}],"author":[{"embeddable":true,"href":"https:\/\/www.noticiasradioreflejos.com.ar\/2021\/wp-json\/wp\/v2\/users\/3"}],"replies":[{"embeddable":true,"href":"https:\/\/www.noticiasradioreflejos.com.ar\/2021\/wp-json\/wp\/v2\/comments?post=4141"}],"version-history":[{"count":0,"href":"https:\/\/www.noticiasradioreflejos.com.ar\/2021\/wp-json\/wp\/v2\/posts\/4141\/revisions"}],"wp:attachment":[{"href":"https:\/\/www.noticiasradioreflejos.com.ar\/2021\/wp-json\/wp\/v2\/media?parent=4141"}],"wp:term":[{"taxonomy":"category","embeddable":true,"href":"https:\/\/www.noticiasradioreflejos.com.ar\/2021\/wp-json\/wp\/v2\/categories?post=4141"},{"taxonomy":"post_tag","embeddable":true,"href":"https:\/\/www.noticiasradioreflejos.com.ar\/2021\/wp-json\/wp\/v2\/tags?post=4141"}],"curies":[{"name":"wp","href":"https:\/\/api.w.org\/{rel}","templated":true}]}}