{"id":41364,"date":"2020-04-29T14:26:35","date_gmt":"2020-04-29T17:26:35","guid":{"rendered":"http:\/\/www.noticiasradioreflejos.com.ar\/noticias\/?p=41364"},"modified":"2020-04-29T14:26:35","modified_gmt":"2020-04-29T17:26:35","slug":"los-prestadores-turisticos-ya-cuentan-con-beneficios-para-enfrentar-la-crisis-por-el-coronavirus","status":"publish","type":"post","link":"https:\/\/www.noticiasradioreflejos.com.ar\/2021\/los-prestadores-turisticos-ya-cuentan-con-beneficios-para-enfrentar-la-crisis-por-el-coronavirus\/","title":{"rendered":"Los prestadores tur\u00edsticos de Tierra del Fuego ya cuentan con beneficios para enfrentar la crisis por el coronavirus."},"content":{"rendered":"<p>Los prestadores tur\u00edsticos de Tierra del Fuego estar\u00e1n exentos de pagar los servicios de agua y de energ\u00eda el\u00e9ctrica y contar\u00e1n con cr\u00e9ditos a tasas preferenciales en el banco provincial para enfrentar la crisis que atraviesa la actividad tur\u00edstica a ra\u00edz de la pandemia de coronavirus, inform\u00f3 hoy el Instituto Fueguino de Turismo (IFT)<!--more--><br \/>\nEl presidente de ese organismo, Dante Querciali, se\u00f1al\u00f3 en declaraciones radiales que \u00abaunque la ayuda no alcance, hay que hacer este esfuerzo para que los prestadores tur\u00edsticos sigan en pie hasta que termine esta pandemia\u00bb.<\/p>\n<p>Querciali sostuvo que \u00abtodav\u00eda no podemos determinar la magnitud de la crisis econ\u00f3mica y de p\u00e9rdidas de puesto de trabajo que sufrir\u00e1 el sector\u00bb y estim\u00f3 que la recuperaci\u00f3n de la actividad \u00abser\u00e1 lenta y muy complicada, porque en nuestra provincia no tenemos turismo de cercan\u00eda\u00bb.<\/p>\n<p>\u00abSomos una provincia que dependemos de la llegada de aviones por nuestra ubicaci\u00f3n geogr\u00e1fica, y por eso necesitamos recuperar la conectividad cuanto antes\u00bb, remarc\u00f3 el funcionario fueguino<\/p>\n<p>Tierra del Fuego cuenta en la actualidad con dos vuelos semanales de Aerol\u00edneas Argentinas, pero los mismos s\u00f3lo son para transportar insumos sanitarios o medicamentos.<\/p>\n<p>El presidente del IFT manifest\u00f3 que \u00aba pesar de las dificultades que sufre la actividad tur\u00edstica a ra\u00edz del coronavirus, nuestro destino volver\u00e1 a ser elegido por sus hermosos atractivos y porque est\u00e1 en la fantas\u00eda de la gente\u00bb.<\/p>\n<p>Querciali destac\u00f3 que \u00abtambi\u00e9n tenemos baja densidad poblacional y la gran mayor\u00eda de las actividades tur\u00edsticas son al aire libre y en contacto con la naturaleza, lo que agrega otra ventaja comparativa a tener en cuenta cuando se retome la actividad tres esta pandemia\u00bb.<\/p>\n<p>\u00abPor el momento estamos dedicados a difundir nuestros atractivos tur\u00edsticos a trav\u00e9s de todas las redes sociales\u00bb, subray\u00f3.<\/p>\n<p>Los empresarios tur\u00edsticos de Tierra del Fuego, excepto los due\u00f1os de los hoteles y los restaurantes, y los gremios del sector acordaron el martes \u00faltimo una reducci\u00f3n salarial, el mantenimiento de los puestos laborales y la continuidad de las compa\u00f1\u00edas durante la crisis originada por el coronavirus.<\/p>\n<p>El convenio suscrito entre la C\u00e1mara de Turismo de la capital fueguina y los sindicatos relacionados con la actividad incluye una reducci\u00f3n del 14% en los salarios de los empleados mientras dure el aislamiento social, preventivo y obligatorio dispuesto por el gobierno nacional.<\/p>\n","protected":false},"excerpt":{"rendered":"<p>Los prestadores tur\u00edsticos de Tierra del Fuego estar\u00e1n exentos de pagar los servicios de agua y de energ\u00eda el\u00e9ctrica y contar\u00e1n con cr\u00e9ditos a tasas preferenciales en el banco provincial para enfrentar la crisis que atraviesa la actividad tur\u00edstica a ra\u00edz de la pandemia de coronavirus, inform\u00f3 hoy el Instituto Fueguino de Turismo (IFT)<\/p>\n","protected":false},"author":3,"featured_media":2977,"comment_status":"closed","ping_status":"open","sticky":false,"template":"","format":"standard","meta":{"footnotes":""},"categories":[33],"tags":[],"class_list":["post-41364","post","type-post","status-publish","format-standard","has-post-thumbnail","hentry","category-turismo"],"yoast_head":"<!-- This site is optimized with the Yoast SEO plugin v25.9 - https:\/\/yoast.com\/wordpress\/plugins\/seo\/ -->\n<title>Los prestadores tur\u00edsticos de Tierra del Fuego ya cuentan con beneficios para enfrentar la crisis por el coronavirus. - Noticias Radio Reflejos<\/title>\n<meta name=\"robots\" content=\"index, follow, max-snippet:-1, max-image-preview:large, max-video-preview:-1\" \/>\n<link rel=\"canonical\" href=\"https:\/\/www.noticiasradioreflejos.com.ar\/2021\/los-prestadores-turisticos-ya-cuentan-con-beneficios-para-enfrentar-la-crisis-por-el-coronavirus\/\" \/>\n<meta property=\"og:locale\" content=\"es_ES\" \/>\n<meta property=\"og:type\" content=\"article\" \/>\n<meta property=\"og:title\" content=\"Los prestadores tur\u00edsticos de Tierra del Fuego ya cuentan con beneficios para enfrentar la crisis por el coronavirus. - Noticias Radio Reflejos\" \/>\n<meta property=\"og:description\" content=\"Los prestadores tur\u00edsticos de Tierra del Fuego estar\u00e1n exentos de pagar los servicios de agua y de energ\u00eda el\u00e9ctrica y contar\u00e1n con cr\u00e9ditos a tasas preferenciales en el banco provincial para enfrentar la crisis que atraviesa la actividad tur\u00edstica a ra\u00edz de la pandemia de coronavirus, inform\u00f3 hoy el Instituto Fueguino de Turismo (IFT)\" \/>\n<meta property=\"og:url\" content=\"https:\/\/www.noticiasradioreflejos.com.ar\/2021\/los-prestadores-turisticos-ya-cuentan-con-beneficios-para-enfrentar-la-crisis-por-el-coronavirus\/\" \/>\n<meta property=\"og:site_name\" content=\"Noticias Radio Reflejos\" \/>\n<meta property=\"article:published_time\" content=\"2020-04-29T17:26:35+00:00\" \/>\n<meta property=\"og:image\" content=\"https:\/\/www.noticiasradioreflejos.com.ar\/2021\/wp-content\/uploads\/2016\/10\/2a-Cablagata-Esc.-Agraria-Villa-Ventana-47.jpg\" \/>\n\t<meta property=\"og:image:width\" content=\"2304\" \/>\n\t<meta property=\"og:image:height\" content=\"1296\" \/>\n\t<meta property=\"og:image:type\" content=\"image\/jpeg\" \/>\n<meta name=\"author\" content=\"Arnaldo Botto\" \/>\n<meta name=\"twitter:card\" content=\"summary_large_image\" \/>\n<script type=\"application\/ld+json\" class=\"yoast-schema-graph\">{\"@context\":\"https:\/\/schema.org\",\"@graph\":[{\"@type\":\"WebPage\",\"@id\":\"https:\/\/www.noticiasradioreflejos.com.ar\/2021\/los-prestadores-turisticos-ya-cuentan-con-beneficios-para-enfrentar-la-crisis-por-el-coronavirus\/\",\"url\":\"https:\/\/www.noticiasradioreflejos.com.ar\/2021\/los-prestadores-turisticos-ya-cuentan-con-beneficios-para-enfrentar-la-crisis-por-el-coronavirus\/\",\"name\":\"Los prestadores tur\u00edsticos de Tierra del Fuego ya cuentan con beneficios para enfrentar la crisis por el coronavirus. - Noticias Radio Reflejos\",\"isPartOf\":{\"@id\":\"https:\/\/www.noticiasradioreflejos.com.ar\/2021\/#website\"},\"primaryImageOfPage\":{\"@id\":\"https:\/\/www.noticiasradioreflejos.com.ar\/2021\/los-prestadores-turisticos-ya-cuentan-con-beneficios-para-enfrentar-la-crisis-por-el-coronavirus\/#primaryimage\"},\"image\":{\"@id\":\"https:\/\/www.noticiasradioreflejos.com.ar\/2021\/los-prestadores-turisticos-ya-cuentan-con-beneficios-para-enfrentar-la-crisis-por-el-coronavirus\/#primaryimage\"},\"thumbnailUrl\":\"https:\/\/www.noticiasradioreflejos.com.ar\/2021\/wp-content\/uploads\/2016\/10\/2a-Cablagata-Esc.-Agraria-Villa-Ventana-47.jpg\",\"datePublished\":\"2020-04-29T17:26:35+00:00\",\"author\":{\"@id\":\"https:\/\/www.noticiasradioreflejos.com.ar\/2021\/#\/schema\/person\/ad82545263dcc5ec0996818884fd5fb1\"},\"breadcrumb\":{\"@id\":\"https:\/\/www.noticiasradioreflejos.com.ar\/2021\/los-prestadores-turisticos-ya-cuentan-con-beneficios-para-enfrentar-la-crisis-por-el-coronavirus\/#breadcrumb\"},\"inLanguage\":\"es\",\"potentialAction\":[{\"@type\":\"ReadAction\",\"target\":[\"https:\/\/www.noticiasradioreflejos.com.ar\/2021\/los-prestadores-turisticos-ya-cuentan-con-beneficios-para-enfrentar-la-crisis-por-el-coronavirus\/\"]}]},{\"@type\":\"ImageObject\",\"inLanguage\":\"es\",\"@id\":\"https:\/\/www.noticiasradioreflejos.com.ar\/2021\/los-prestadores-turisticos-ya-cuentan-con-beneficios-para-enfrentar-la-crisis-por-el-coronavirus\/#primaryimage\",\"url\":\"https:\/\/www.noticiasradioreflejos.com.ar\/2021\/wp-content\/uploads\/2016\/10\/2a-Cablagata-Esc.-Agraria-Villa-Ventana-47.jpg\",\"contentUrl\":\"https:\/\/www.noticiasradioreflejos.com.ar\/2021\/wp-content\/uploads\/2016\/10\/2a-Cablagata-Esc.-Agraria-Villa-Ventana-47.jpg\",\"width\":2304,\"height\":1296},{\"@type\":\"BreadcrumbList\",\"@id\":\"https:\/\/www.noticiasradioreflejos.com.ar\/2021\/los-prestadores-turisticos-ya-cuentan-con-beneficios-para-enfrentar-la-crisis-por-el-coronavirus\/#breadcrumb\",\"itemListElement\":[{\"@type\":\"ListItem\",\"position\":1,\"name\":\"Portada\",\"item\":\"https:\/\/www.noticiasradioreflejos.com.ar\/2021\/\"},{\"@type\":\"ListItem\",\"position\":2,\"name\":\"Los prestadores tur\u00edsticos de Tierra del Fuego ya cuentan con beneficios para enfrentar la crisis por el coronavirus.\"}]},{\"@type\":\"WebSite\",\"@id\":\"https:\/\/www.noticiasradioreflejos.com.ar\/2021\/#website\",\"url\":\"https:\/\/www.noticiasradioreflejos.com.ar\/2021\/\",\"name\":\"Noticias Radio Reflejos\",\"description\":\"Las noticias de mi comarca\",\"potentialAction\":[{\"@type\":\"SearchAction\",\"target\":{\"@type\":\"EntryPoint\",\"urlTemplate\":\"https:\/\/www.noticiasradioreflejos.com.ar\/2021\/?s={search_term_string}\"},\"query-input\":{\"@type\":\"PropertyValueSpecification\",\"valueRequired\":true,\"valueName\":\"search_term_string\"}}],\"inLanguage\":\"es\"},{\"@type\":\"Person\",\"@id\":\"https:\/\/www.noticiasradioreflejos.com.ar\/2021\/#\/schema\/person\/ad82545263dcc5ec0996818884fd5fb1\",\"name\":\"Arnaldo Botto\",\"image\":{\"@type\":\"ImageObject\",\"inLanguage\":\"es\",\"@id\":\"https:\/\/www.noticiasradioreflejos.com.ar\/2021\/#\/schema\/person\/image\/\",\"url\":\"https:\/\/secure.gravatar.com\/avatar\/55cb5e37c1efa326397366e6974cb338056df65cb50e7d64d1cf314e87504837?s=96&d=mm&r=g\",\"contentUrl\":\"https:\/\/secure.gravatar.com\/avatar\/55cb5e37c1efa326397366e6974cb338056df65cb50e7d64d1cf314e87504837?s=96&d=mm&r=g\",\"caption\":\"Arnaldo Botto\"},\"url\":\"https:\/\/www.noticiasradioreflejos.com.ar\/2021\/author\/arnaldo\/\"}]}<\/script>\n<!-- \/ Yoast SEO plugin. -->","yoast_head_json":{"title":"Los prestadores tur\u00edsticos de Tierra del Fuego ya cuentan con beneficios para enfrentar la crisis por el coronavirus. - Noticias Radio Reflejos","robots":{"index":"index","follow":"follow","max-snippet":"max-snippet:-1","max-image-preview":"max-image-preview:large","max-video-preview":"max-video-preview:-1"},"canonical":"https:\/\/www.noticiasradioreflejos.com.ar\/2021\/los-prestadores-turisticos-ya-cuentan-con-beneficios-para-enfrentar-la-crisis-por-el-coronavirus\/","og_locale":"es_ES","og_type":"article","og_title":"Los prestadores tur\u00edsticos de Tierra del Fuego ya cuentan con beneficios para enfrentar la crisis por el coronavirus. - Noticias Radio Reflejos","og_description":"Los prestadores tur\u00edsticos de Tierra del Fuego estar\u00e1n exentos de pagar los servicios de agua y de energ\u00eda el\u00e9ctrica y contar\u00e1n con cr\u00e9ditos a tasas preferenciales en el banco provincial para enfrentar la crisis que atraviesa la actividad tur\u00edstica a ra\u00edz de la pandemia de coronavirus, inform\u00f3 hoy el Instituto Fueguino de Turismo (IFT)","og_url":"https:\/\/www.noticiasradioreflejos.com.ar\/2021\/los-prestadores-turisticos-ya-cuentan-con-beneficios-para-enfrentar-la-crisis-por-el-coronavirus\/","og_site_name":"Noticias Radio Reflejos","article_published_time":"2020-04-29T17:26:35+00:00","og_image":[{"width":2304,"height":1296,"url":"https:\/\/www.noticiasradioreflejos.com.ar\/2021\/wp-content\/uploads\/2016\/10\/2a-Cablagata-Esc.-Agraria-Villa-Ventana-47.jpg","type":"image\/jpeg"}],"author":"Arnaldo Botto","twitter_card":"summary_large_image","schema":{"@context":"https:\/\/schema.org","@graph":[{"@type":"WebPage","@id":"https:\/\/www.noticiasradioreflejos.com.ar\/2021\/los-prestadores-turisticos-ya-cuentan-con-beneficios-para-enfrentar-la-crisis-por-el-coronavirus\/","url":"https:\/\/www.noticiasradioreflejos.com.ar\/2021\/los-prestadores-turisticos-ya-cuentan-con-beneficios-para-enfrentar-la-crisis-por-el-coronavirus\/","name":"Los prestadores tur\u00edsticos de Tierra del Fuego ya cuentan con beneficios para enfrentar la crisis por el coronavirus. - Noticias Radio Reflejos","isPartOf":{"@id":"https:\/\/www.noticiasradioreflejos.com.ar\/2021\/#website"},"primaryImageOfPage":{"@id":"https:\/\/www.noticiasradioreflejos.com.ar\/2021\/los-prestadores-turisticos-ya-cuentan-con-beneficios-para-enfrentar-la-crisis-por-el-coronavirus\/#primaryimage"},"image":{"@id":"https:\/\/www.noticiasradioreflejos.com.ar\/2021\/los-prestadores-turisticos-ya-cuentan-con-beneficios-para-enfrentar-la-crisis-por-el-coronavirus\/#primaryimage"},"thumbnailUrl":"https:\/\/www.noticiasradioreflejos.com.ar\/2021\/wp-content\/uploads\/2016\/10\/2a-Cablagata-Esc.-Agraria-Villa-Ventana-47.jpg","datePublished":"2020-04-29T17:26:35+00:00","author":{"@id":"https:\/\/www.noticiasradioreflejos.com.ar\/2021\/#\/schema\/person\/ad82545263dcc5ec0996818884fd5fb1"},"breadcrumb":{"@id":"https:\/\/www.noticiasradioreflejos.com.ar\/2021\/los-prestadores-turisticos-ya-cuentan-con-beneficios-para-enfrentar-la-crisis-por-el-coronavirus\/#breadcrumb"},"inLanguage":"es","potentialAction":[{"@type":"ReadAction","target":["https:\/\/www.noticiasradioreflejos.com.ar\/2021\/los-prestadores-turisticos-ya-cuentan-con-beneficios-para-enfrentar-la-crisis-por-el-coronavirus\/"]}]},{"@type":"ImageObject","inLanguage":"es","@id":"https:\/\/www.noticiasradioreflejos.com.ar\/2021\/los-prestadores-turisticos-ya-cuentan-con-beneficios-para-enfrentar-la-crisis-por-el-coronavirus\/#primaryimage","url":"https:\/\/www.noticiasradioreflejos.com.ar\/2021\/wp-content\/uploads\/2016\/10\/2a-Cablagata-Esc.-Agraria-Villa-Ventana-47.jpg","contentUrl":"https:\/\/www.noticiasradioreflejos.com.ar\/2021\/wp-content\/uploads\/2016\/10\/2a-Cablagata-Esc.-Agraria-Villa-Ventana-47.jpg","width":2304,"height":1296},{"@type":"BreadcrumbList","@id":"https:\/\/www.noticiasradioreflejos.com.ar\/2021\/los-prestadores-turisticos-ya-cuentan-con-beneficios-para-enfrentar-la-crisis-por-el-coronavirus\/#breadcrumb","itemListElement":[{"@type":"ListItem","position":1,"name":"Portada","item":"https:\/\/www.noticiasradioreflejos.com.ar\/2021\/"},{"@type":"ListItem","position":2,"name":"Los prestadores tur\u00edsticos de Tierra del Fuego ya cuentan con beneficios para enfrentar la crisis por el coronavirus."}]},{"@type":"WebSite","@id":"https:\/\/www.noticiasradioreflejos.com.ar\/2021\/#website","url":"https:\/\/www.noticiasradioreflejos.com.ar\/2021\/","name":"Noticias Radio Reflejos","description":"Las noticias de mi comarca","potentialAction":[{"@type":"SearchAction","target":{"@type":"EntryPoint","urlTemplate":"https:\/\/www.noticiasradioreflejos.com.ar\/2021\/?s={search_term_string}"},"query-input":{"@type":"PropertyValueSpecification","valueRequired":true,"valueName":"search_term_string"}}],"inLanguage":"es"},{"@type":"Person","@id":"https:\/\/www.noticiasradioreflejos.com.ar\/2021\/#\/schema\/person\/ad82545263dcc5ec0996818884fd5fb1","name":"Arnaldo Botto","image":{"@type":"ImageObject","inLanguage":"es","@id":"https:\/\/www.noticiasradioreflejos.com.ar\/2021\/#\/schema\/person\/image\/","url":"https:\/\/secure.gravatar.com\/avatar\/55cb5e37c1efa326397366e6974cb338056df65cb50e7d64d1cf314e87504837?s=96&d=mm&r=g","contentUrl":"https:\/\/secure.gravatar.com\/avatar\/55cb5e37c1efa326397366e6974cb338056df65cb50e7d64d1cf314e87504837?s=96&d=mm&r=g","caption":"Arnaldo Botto"},"url":"https:\/\/www.noticiasradioreflejos.com.ar\/2021\/author\/arnaldo\/"}]}},"_links":{"self":[{"href":"https:\/\/www.noticiasradioreflejos.com.ar\/2021\/wp-json\/wp\/v2\/posts\/41364","targetHints":{"allow":["GET"]}}],"collection":[{"href":"https:\/\/www.noticiasradioreflejos.com.ar\/2021\/wp-json\/wp\/v2\/posts"}],"about":[{"href":"https:\/\/www.noticiasradioreflejos.com.ar\/2021\/wp-json\/wp\/v2\/types\/post"}],"author":[{"embeddable":true,"href":"https:\/\/www.noticiasradioreflejos.com.ar\/2021\/wp-json\/wp\/v2\/users\/3"}],"replies":[{"embeddable":true,"href":"https:\/\/www.noticiasradioreflejos.com.ar\/2021\/wp-json\/wp\/v2\/comments?post=41364"}],"version-history":[{"count":0,"href":"https:\/\/www.noticiasradioreflejos.com.ar\/2021\/wp-json\/wp\/v2\/posts\/41364\/revisions"}],"wp:featuredmedia":[{"embeddable":true,"href":"https:\/\/www.noticiasradioreflejos.com.ar\/2021\/wp-json\/wp\/v2\/media\/2977"}],"wp:attachment":[{"href":"https:\/\/www.noticiasradioreflejos.com.ar\/2021\/wp-json\/wp\/v2\/media?parent=41364"}],"wp:term":[{"taxonomy":"category","embeddable":true,"href":"https:\/\/www.noticiasradioreflejos.com.ar\/2021\/wp-json\/wp\/v2\/categories?post=41364"},{"taxonomy":"post_tag","embeddable":true,"href":"https:\/\/www.noticiasradioreflejos.com.ar\/2021\/wp-json\/wp\/v2\/tags?post=41364"}],"curies":[{"name":"wp","href":"https:\/\/api.w.org\/{rel}","templated":true}]}}