{"id":41362,"date":"2020-04-29T14:04:31","date_gmt":"2020-04-29T17:04:31","guid":{"rendered":"http:\/\/www.noticiasradioreflejos.com.ar\/noticias\/?p=41362"},"modified":"2020-04-29T14:04:31","modified_gmt":"2020-04-29T17:04:31","slug":"vacunas-antigripales-inmunizan-embarazadas-puerperas-adultos-y-ninos-de-riesgo","status":"publish","type":"post","link":"https:\/\/www.noticiasradioreflejos.com.ar\/2021\/vacunas-antigripales-inmunizan-embarazadas-puerperas-adultos-y-ninos-de-riesgo\/","title":{"rendered":"Vacunas antigripales: inmunizan embarazadas, pu\u00e9rperas, adultos y ni\u00f1os de riesgo."},"content":{"rendered":"<p>La Secretar\u00eda de Salud Municipal a trav\u00e9s del \u00e1rea de inmunizaciones, comunica a la poblaci\u00f3n que el d\u00eda de hoy, se recepcionar\u00e1 un nuevo lote de vacunas antigripales, que ser\u00e1 distribu\u00eddo en todo el Distrito.<!--more--><br \/>\nLa inmunizaci\u00f3n comenzar\u00e1 efectuarse a partir de ma\u00f1ana, jueves 30 de abril, \u00fanicamente para embarazadas, pu\u00e9rperas, adultos y ni\u00f1os de riesgo. Las patolog\u00edas de riesgo son hipertensi\u00f3n, diabetes, personas con EPOC, etc.<br \/>\nRecordamos los distintos tel\u00e9fonos de los CAPS para consultas, y el cronograma de vacunaci\u00f3n:<br \/>\n\u2022 <strong>Tornquist<\/strong>: de 7 a 14hs.<br \/>\n<strong>Sala Norte:<\/strong> lunes mi\u00e9rcoles y viernes: pacientes adultos<br \/>\nMartes y jueves: pacientes pedi\u00e1tricos<br \/>\nTel: 4940.812<br \/>\n<strong>Sala Sur<\/strong>: Lunes y Mi\u00e9rcoles: pacientes pedi\u00e1tricos.<br \/>\nMartes, jueves y viernes: pacientes adultos<br \/>\nTel: 4940.400<\/p>\n<p>\u2022 <strong>Sierra de la Ventana<\/strong>: de 9 a 14hs<br \/>\nLunes, mi\u00e9rcoles y viernes: pacientes adultos<br \/>\nMartes y jueves: pacientes pedi\u00e1tricos<br \/>\nTel: 4915.030<br \/>\n\u2022 <strong>Chasic\u00f3<\/strong>: de 14 a 17hs Comunicarse con la sala para solicitar turnos<br \/>\nTel: 4961.010<br \/>\n\u2022 <strong>Villa Ventana<\/strong>: Comunicarse con la sala para solicitar turnos<br \/>\nTel: 4910.250<br \/>\n\u2022 <strong>Saldungaray<\/strong>: Comunicarse con la sala para solicitar turnos<br \/>\nTel: 4916.035<br \/>\n\u2022 <strong>Tres Picos y La Gruta<\/strong>: Comunicarse con la sala m\u00e9dica<br \/>\nVilla Serrana La Gruta: 291 429-9086<br \/>\nTres Picos: \u200e291 4146460<br \/>\nSolicitamos, en caso de concurrir con acompa\u00f1ante, hacerlo con una sola persona; adem\u00e1s recordamos que s\u00f3lo se llevar\u00e1 a cabo dicha tarea en los d\u00edas y lugares establecidos, para evitar la saturaci\u00f3n de los espacios y la aglomeraci\u00f3n de personas.<br \/>\nSeamos responsables con el personal de salud y con nuestros vecinos.<\/p>\n","protected":false},"excerpt":{"rendered":"<p>La Secretar\u00eda de Salud Municipal a trav\u00e9s del \u00e1rea de inmunizaciones, comunica a la poblaci\u00f3n que el d\u00eda de hoy, se recepcionar\u00e1 un nuevo lote de vacunas antigripales, que ser\u00e1 distribu\u00eddo en todo el Distrito.<\/p>\n","protected":false},"author":3,"featured_media":0,"comment_status":"closed","ping_status":"open","sticky":false,"template":"","format":"standard","meta":{"footnotes":""},"categories":[30],"tags":[],"class_list":["post-41362","post","type-post","status-publish","format-standard","hentry","category-salud"],"yoast_head":"<!-- This site is optimized with the Yoast SEO plugin v25.9 - https:\/\/yoast.com\/wordpress\/plugins\/seo\/ -->\n<title>Vacunas antigripales: inmunizan embarazadas, pu\u00e9rperas, adultos y ni\u00f1os de riesgo. - Noticias Radio Reflejos<\/title>\n<meta name=\"robots\" content=\"index, follow, max-snippet:-1, max-image-preview:large, max-video-preview:-1\" \/>\n<link rel=\"canonical\" href=\"https:\/\/www.noticiasradioreflejos.com.ar\/2021\/vacunas-antigripales-inmunizan-embarazadas-puerperas-adultos-y-ninos-de-riesgo\/\" \/>\n<meta property=\"og:locale\" content=\"es_ES\" \/>\n<meta property=\"og:type\" content=\"article\" \/>\n<meta property=\"og:title\" content=\"Vacunas antigripales: inmunizan embarazadas, pu\u00e9rperas, adultos y ni\u00f1os de riesgo. - Noticias Radio Reflejos\" \/>\n<meta property=\"og:description\" content=\"La Secretar\u00eda de Salud Municipal a trav\u00e9s del \u00e1rea de inmunizaciones, comunica a la poblaci\u00f3n que el d\u00eda de hoy, se recepcionar\u00e1 un nuevo lote de vacunas antigripales, que ser\u00e1 distribu\u00eddo en todo el Distrito.\" \/>\n<meta property=\"og:url\" content=\"https:\/\/www.noticiasradioreflejos.com.ar\/2021\/vacunas-antigripales-inmunizan-embarazadas-puerperas-adultos-y-ninos-de-riesgo\/\" \/>\n<meta property=\"og:site_name\" content=\"Noticias Radio Reflejos\" \/>\n<meta property=\"article:published_time\" content=\"2020-04-29T17:04:31+00:00\" \/>\n<meta property=\"og:image\" content=\"https:\/\/www.noticiasradioreflejos.com.ar\/2021\/wp-content\/uploads\/2021\/07\/logosol300x200.png\" \/>\n\t<meta property=\"og:image:width\" content=\"300\" \/>\n\t<meta property=\"og:image:height\" content=\"200\" \/>\n\t<meta property=\"og:image:type\" content=\"image\/png\" \/>\n<meta name=\"author\" content=\"Arnaldo Botto\" \/>\n<meta name=\"twitter:card\" content=\"summary_large_image\" \/>\n<script type=\"application\/ld+json\" class=\"yoast-schema-graph\">{\"@context\":\"https:\/\/schema.org\",\"@graph\":[{\"@type\":\"WebPage\",\"@id\":\"https:\/\/www.noticiasradioreflejos.com.ar\/2021\/vacunas-antigripales-inmunizan-embarazadas-puerperas-adultos-y-ninos-de-riesgo\/\",\"url\":\"https:\/\/www.noticiasradioreflejos.com.ar\/2021\/vacunas-antigripales-inmunizan-embarazadas-puerperas-adultos-y-ninos-de-riesgo\/\",\"name\":\"Vacunas antigripales: inmunizan embarazadas, pu\u00e9rperas, adultos y ni\u00f1os de riesgo. - Noticias Radio Reflejos\",\"isPartOf\":{\"@id\":\"https:\/\/www.noticiasradioreflejos.com.ar\/2021\/#website\"},\"datePublished\":\"2020-04-29T17:04:31+00:00\",\"author\":{\"@id\":\"https:\/\/www.noticiasradioreflejos.com.ar\/2021\/#\/schema\/person\/ad82545263dcc5ec0996818884fd5fb1\"},\"breadcrumb\":{\"@id\":\"https:\/\/www.noticiasradioreflejos.com.ar\/2021\/vacunas-antigripales-inmunizan-embarazadas-puerperas-adultos-y-ninos-de-riesgo\/#breadcrumb\"},\"inLanguage\":\"es\",\"potentialAction\":[{\"@type\":\"ReadAction\",\"target\":[\"https:\/\/www.noticiasradioreflejos.com.ar\/2021\/vacunas-antigripales-inmunizan-embarazadas-puerperas-adultos-y-ninos-de-riesgo\/\"]}]},{\"@type\":\"BreadcrumbList\",\"@id\":\"https:\/\/www.noticiasradioreflejos.com.ar\/2021\/vacunas-antigripales-inmunizan-embarazadas-puerperas-adultos-y-ninos-de-riesgo\/#breadcrumb\",\"itemListElement\":[{\"@type\":\"ListItem\",\"position\":1,\"name\":\"Portada\",\"item\":\"https:\/\/www.noticiasradioreflejos.com.ar\/2021\/\"},{\"@type\":\"ListItem\",\"position\":2,\"name\":\"Vacunas antigripales: inmunizan embarazadas, pu\u00e9rperas, adultos y ni\u00f1os de riesgo.\"}]},{\"@type\":\"WebSite\",\"@id\":\"https:\/\/www.noticiasradioreflejos.com.ar\/2021\/#website\",\"url\":\"https:\/\/www.noticiasradioreflejos.com.ar\/2021\/\",\"name\":\"Noticias Radio Reflejos\",\"description\":\"Las noticias de mi comarca\",\"potentialAction\":[{\"@type\":\"SearchAction\",\"target\":{\"@type\":\"EntryPoint\",\"urlTemplate\":\"https:\/\/www.noticiasradioreflejos.com.ar\/2021\/?s={search_term_string}\"},\"query-input\":{\"@type\":\"PropertyValueSpecification\",\"valueRequired\":true,\"valueName\":\"search_term_string\"}}],\"inLanguage\":\"es\"},{\"@type\":\"Person\",\"@id\":\"https:\/\/www.noticiasradioreflejos.com.ar\/2021\/#\/schema\/person\/ad82545263dcc5ec0996818884fd5fb1\",\"name\":\"Arnaldo Botto\",\"image\":{\"@type\":\"ImageObject\",\"inLanguage\":\"es\",\"@id\":\"https:\/\/www.noticiasradioreflejos.com.ar\/2021\/#\/schema\/person\/image\/\",\"url\":\"https:\/\/secure.gravatar.com\/avatar\/55cb5e37c1efa326397366e6974cb338056df65cb50e7d64d1cf314e87504837?s=96&d=mm&r=g\",\"contentUrl\":\"https:\/\/secure.gravatar.com\/avatar\/55cb5e37c1efa326397366e6974cb338056df65cb50e7d64d1cf314e87504837?s=96&d=mm&r=g\",\"caption\":\"Arnaldo Botto\"},\"url\":\"https:\/\/www.noticiasradioreflejos.com.ar\/2021\/author\/arnaldo\/\"}]}<\/script>\n<!-- \/ Yoast SEO plugin. -->","yoast_head_json":{"title":"Vacunas antigripales: inmunizan embarazadas, pu\u00e9rperas, adultos y ni\u00f1os de riesgo. - Noticias Radio Reflejos","robots":{"index":"index","follow":"follow","max-snippet":"max-snippet:-1","max-image-preview":"max-image-preview:large","max-video-preview":"max-video-preview:-1"},"canonical":"https:\/\/www.noticiasradioreflejos.com.ar\/2021\/vacunas-antigripales-inmunizan-embarazadas-puerperas-adultos-y-ninos-de-riesgo\/","og_locale":"es_ES","og_type":"article","og_title":"Vacunas antigripales: inmunizan embarazadas, pu\u00e9rperas, adultos y ni\u00f1os de riesgo. - Noticias Radio Reflejos","og_description":"La Secretar\u00eda de Salud Municipal a trav\u00e9s del \u00e1rea de inmunizaciones, comunica a la poblaci\u00f3n que el d\u00eda de hoy, se recepcionar\u00e1 un nuevo lote de vacunas antigripales, que ser\u00e1 distribu\u00eddo en todo el Distrito.","og_url":"https:\/\/www.noticiasradioreflejos.com.ar\/2021\/vacunas-antigripales-inmunizan-embarazadas-puerperas-adultos-y-ninos-de-riesgo\/","og_site_name":"Noticias Radio Reflejos","article_published_time":"2020-04-29T17:04:31+00:00","og_image":[{"width":300,"height":200,"url":"https:\/\/www.noticiasradioreflejos.com.ar\/2021\/wp-content\/uploads\/2021\/07\/logosol300x200.png","type":"image\/png"}],"author":"Arnaldo Botto","twitter_card":"summary_large_image","schema":{"@context":"https:\/\/schema.org","@graph":[{"@type":"WebPage","@id":"https:\/\/www.noticiasradioreflejos.com.ar\/2021\/vacunas-antigripales-inmunizan-embarazadas-puerperas-adultos-y-ninos-de-riesgo\/","url":"https:\/\/www.noticiasradioreflejos.com.ar\/2021\/vacunas-antigripales-inmunizan-embarazadas-puerperas-adultos-y-ninos-de-riesgo\/","name":"Vacunas antigripales: inmunizan embarazadas, pu\u00e9rperas, adultos y ni\u00f1os de riesgo. - Noticias Radio Reflejos","isPartOf":{"@id":"https:\/\/www.noticiasradioreflejos.com.ar\/2021\/#website"},"datePublished":"2020-04-29T17:04:31+00:00","author":{"@id":"https:\/\/www.noticiasradioreflejos.com.ar\/2021\/#\/schema\/person\/ad82545263dcc5ec0996818884fd5fb1"},"breadcrumb":{"@id":"https:\/\/www.noticiasradioreflejos.com.ar\/2021\/vacunas-antigripales-inmunizan-embarazadas-puerperas-adultos-y-ninos-de-riesgo\/#breadcrumb"},"inLanguage":"es","potentialAction":[{"@type":"ReadAction","target":["https:\/\/www.noticiasradioreflejos.com.ar\/2021\/vacunas-antigripales-inmunizan-embarazadas-puerperas-adultos-y-ninos-de-riesgo\/"]}]},{"@type":"BreadcrumbList","@id":"https:\/\/www.noticiasradioreflejos.com.ar\/2021\/vacunas-antigripales-inmunizan-embarazadas-puerperas-adultos-y-ninos-de-riesgo\/#breadcrumb","itemListElement":[{"@type":"ListItem","position":1,"name":"Portada","item":"https:\/\/www.noticiasradioreflejos.com.ar\/2021\/"},{"@type":"ListItem","position":2,"name":"Vacunas antigripales: inmunizan embarazadas, pu\u00e9rperas, adultos y ni\u00f1os de riesgo."}]},{"@type":"WebSite","@id":"https:\/\/www.noticiasradioreflejos.com.ar\/2021\/#website","url":"https:\/\/www.noticiasradioreflejos.com.ar\/2021\/","name":"Noticias Radio Reflejos","description":"Las noticias de mi comarca","potentialAction":[{"@type":"SearchAction","target":{"@type":"EntryPoint","urlTemplate":"https:\/\/www.noticiasradioreflejos.com.ar\/2021\/?s={search_term_string}"},"query-input":{"@type":"PropertyValueSpecification","valueRequired":true,"valueName":"search_term_string"}}],"inLanguage":"es"},{"@type":"Person","@id":"https:\/\/www.noticiasradioreflejos.com.ar\/2021\/#\/schema\/person\/ad82545263dcc5ec0996818884fd5fb1","name":"Arnaldo Botto","image":{"@type":"ImageObject","inLanguage":"es","@id":"https:\/\/www.noticiasradioreflejos.com.ar\/2021\/#\/schema\/person\/image\/","url":"https:\/\/secure.gravatar.com\/avatar\/55cb5e37c1efa326397366e6974cb338056df65cb50e7d64d1cf314e87504837?s=96&d=mm&r=g","contentUrl":"https:\/\/secure.gravatar.com\/avatar\/55cb5e37c1efa326397366e6974cb338056df65cb50e7d64d1cf314e87504837?s=96&d=mm&r=g","caption":"Arnaldo Botto"},"url":"https:\/\/www.noticiasradioreflejos.com.ar\/2021\/author\/arnaldo\/"}]}},"_links":{"self":[{"href":"https:\/\/www.noticiasradioreflejos.com.ar\/2021\/wp-json\/wp\/v2\/posts\/41362","targetHints":{"allow":["GET"]}}],"collection":[{"href":"https:\/\/www.noticiasradioreflejos.com.ar\/2021\/wp-json\/wp\/v2\/posts"}],"about":[{"href":"https:\/\/www.noticiasradioreflejos.com.ar\/2021\/wp-json\/wp\/v2\/types\/post"}],"author":[{"embeddable":true,"href":"https:\/\/www.noticiasradioreflejos.com.ar\/2021\/wp-json\/wp\/v2\/users\/3"}],"replies":[{"embeddable":true,"href":"https:\/\/www.noticiasradioreflejos.com.ar\/2021\/wp-json\/wp\/v2\/comments?post=41362"}],"version-history":[{"count":0,"href":"https:\/\/www.noticiasradioreflejos.com.ar\/2021\/wp-json\/wp\/v2\/posts\/41362\/revisions"}],"wp:attachment":[{"href":"https:\/\/www.noticiasradioreflejos.com.ar\/2021\/wp-json\/wp\/v2\/media?parent=41362"}],"wp:term":[{"taxonomy":"category","embeddable":true,"href":"https:\/\/www.noticiasradioreflejos.com.ar\/2021\/wp-json\/wp\/v2\/categories?post=41362"},{"taxonomy":"post_tag","embeddable":true,"href":"https:\/\/www.noticiasradioreflejos.com.ar\/2021\/wp-json\/wp\/v2\/tags?post=41362"}],"curies":[{"name":"wp","href":"https:\/\/api.w.org\/{rel}","templated":true}]}}