{"id":41348,"date":"2020-04-29T08:51:43","date_gmt":"2020-04-29T11:51:43","guid":{"rendered":"http:\/\/www.noticiasradioreflejos.com.ar\/noticias\/?p=41348"},"modified":"2020-04-29T08:51:43","modified_gmt":"2020-04-29T11:51:43","slug":"despues-de-dos-dias-de-lluvias-llego-el-sol-a-la-comarca","status":"publish","type":"post","link":"https:\/\/www.noticiasradioreflejos.com.ar\/2021\/despues-de-dos-dias-de-lluvias-llego-el-sol-a-la-comarca\/","title":{"rendered":"Despu\u00e9s de dos d\u00edas de lluvias lleg\u00f3 el sol a la comarca."},"content":{"rendered":"<p>Intensos vientos del sector oeste sudoeste en la tarde y noche de este martes despejaron el cielo de la Comarca. Las lluvias fueron muy abundantes en toda la regi\u00f3n.<!--more--><\/p>\n<p>En Sierra de la Ventana las precipitaciones acumularon 94 mm. Para este mi\u00e9rcoles 29 de abril se espera una jornada soleada con una m\u00e1xima de 18 a 20 grados y viento moderados del sudoeste.<\/p>\n<p><strong>Totales de lluvia de la zona hasta las 8 hs:<\/strong><br \/>\n94 mm en Sierra de la Ventana<br \/>\n73 mm en Calqu\u00edn<br \/>\n104\u00a0mm en Villa Ventana<br \/>\n83\u00a0mm en Tornquist<br \/>\n148 mm en Cerro Napost\u00e1 Oeste<br \/>\n82\u00a0mm en Cord\u00f3n Cerro Ventana<br \/>\n59\u00a0mm en Tres Picos.<br \/>\n72\u00a0mm en Chasico.<br \/>\n120\u00a0mm. en Pig\u00fc\u00e9<br \/>\n104 mm. en Espartillar<br \/>\n97 mm. en Saavedra<br \/>\n120 mm. en Goyena<br \/>\n103 mm. en Coronel Su\u00e1rez<br \/>\n40\u00a0mm en Cnel Dorrego<br \/>\n107 mm. en Huanguel\u00e9n<br \/>\n139 mm en Arroyo Corto<br \/>\n148 mm en Darragueira<br \/>\n125 mm en Espartillar<br \/>\n48 mm. en Carhu\u00e9<br \/>\n126 mm en Dufaur<br \/>\n85 mm en El Pantanoso<br \/>\n93\u00a0mm en 17 de Agosto<br \/>\n104 mm en San Eloy<br \/>\n76 mm en Cnel Pringles<br \/>\n84\u00a0mm en Pje La Paloma<br \/>\n39 mm en Cabildo<br \/>\n60\u00a0mm en Frapal<br \/>\n57 mm en Tte Origone<br \/>\n93 mm en San Miguel Arc\u00e1ngel<br \/>\n36.2 mm en Punta Alta<\/p>\n","protected":false},"excerpt":{"rendered":"<p>Intensos vientos del sector oeste sudoeste en la tarde y noche de este martes despejaron el cielo de la Comarca. Las lluvias fueron muy abundantes en toda la regi\u00f3n.<\/p>\n","protected":false},"author":3,"featured_media":0,"comment_status":"closed","ping_status":"open","sticky":false,"template":"","format":"standard","meta":{"footnotes":""},"categories":[25],"tags":[],"class_list":["post-41348","post","type-post","status-publish","format-standard","hentry","category-uncategorized"],"yoast_head":"<!-- This site is optimized with the Yoast SEO plugin v25.9 - https:\/\/yoast.com\/wordpress\/plugins\/seo\/ -->\n<title>Despu\u00e9s de dos d\u00edas de lluvias lleg\u00f3 el sol a la comarca. - Noticias Radio Reflejos<\/title>\n<meta name=\"robots\" content=\"index, follow, max-snippet:-1, max-image-preview:large, max-video-preview:-1\" \/>\n<link rel=\"canonical\" href=\"https:\/\/www.noticiasradioreflejos.com.ar\/2021\/despues-de-dos-dias-de-lluvias-llego-el-sol-a-la-comarca\/\" \/>\n<meta property=\"og:locale\" content=\"es_ES\" \/>\n<meta property=\"og:type\" content=\"article\" \/>\n<meta property=\"og:title\" content=\"Despu\u00e9s de dos d\u00edas de lluvias lleg\u00f3 el sol a la comarca. - Noticias Radio Reflejos\" \/>\n<meta property=\"og:description\" content=\"Intensos vientos del sector oeste sudoeste en la tarde y noche de este martes despejaron el cielo de la Comarca. Las lluvias fueron muy abundantes en toda la regi\u00f3n.\" \/>\n<meta property=\"og:url\" content=\"https:\/\/www.noticiasradioreflejos.com.ar\/2021\/despues-de-dos-dias-de-lluvias-llego-el-sol-a-la-comarca\/\" \/>\n<meta property=\"og:site_name\" content=\"Noticias Radio Reflejos\" \/>\n<meta property=\"article:published_time\" content=\"2020-04-29T11:51:43+00:00\" \/>\n<meta property=\"og:image\" content=\"https:\/\/www.noticiasradioreflejos.com.ar\/2021\/wp-content\/uploads\/2021\/07\/logosol300x200.png\" \/>\n\t<meta property=\"og:image:width\" content=\"300\" \/>\n\t<meta property=\"og:image:height\" content=\"200\" \/>\n\t<meta property=\"og:image:type\" content=\"image\/png\" \/>\n<meta name=\"author\" content=\"Arnaldo Botto\" \/>\n<meta name=\"twitter:card\" content=\"summary_large_image\" \/>\n<script type=\"application\/ld+json\" class=\"yoast-schema-graph\">{\"@context\":\"https:\/\/schema.org\",\"@graph\":[{\"@type\":\"WebPage\",\"@id\":\"https:\/\/www.noticiasradioreflejos.com.ar\/2021\/despues-de-dos-dias-de-lluvias-llego-el-sol-a-la-comarca\/\",\"url\":\"https:\/\/www.noticiasradioreflejos.com.ar\/2021\/despues-de-dos-dias-de-lluvias-llego-el-sol-a-la-comarca\/\",\"name\":\"Despu\u00e9s de dos d\u00edas de lluvias lleg\u00f3 el sol a la comarca. - Noticias Radio Reflejos\",\"isPartOf\":{\"@id\":\"https:\/\/www.noticiasradioreflejos.com.ar\/2021\/#website\"},\"datePublished\":\"2020-04-29T11:51:43+00:00\",\"author\":{\"@id\":\"https:\/\/www.noticiasradioreflejos.com.ar\/2021\/#\/schema\/person\/ad82545263dcc5ec0996818884fd5fb1\"},\"breadcrumb\":{\"@id\":\"https:\/\/www.noticiasradioreflejos.com.ar\/2021\/despues-de-dos-dias-de-lluvias-llego-el-sol-a-la-comarca\/#breadcrumb\"},\"inLanguage\":\"es\",\"potentialAction\":[{\"@type\":\"ReadAction\",\"target\":[\"https:\/\/www.noticiasradioreflejos.com.ar\/2021\/despues-de-dos-dias-de-lluvias-llego-el-sol-a-la-comarca\/\"]}]},{\"@type\":\"BreadcrumbList\",\"@id\":\"https:\/\/www.noticiasradioreflejos.com.ar\/2021\/despues-de-dos-dias-de-lluvias-llego-el-sol-a-la-comarca\/#breadcrumb\",\"itemListElement\":[{\"@type\":\"ListItem\",\"position\":1,\"name\":\"Portada\",\"item\":\"https:\/\/www.noticiasradioreflejos.com.ar\/2021\/\"},{\"@type\":\"ListItem\",\"position\":2,\"name\":\"Despu\u00e9s de dos d\u00edas de lluvias lleg\u00f3 el sol a la comarca.\"}]},{\"@type\":\"WebSite\",\"@id\":\"https:\/\/www.noticiasradioreflejos.com.ar\/2021\/#website\",\"url\":\"https:\/\/www.noticiasradioreflejos.com.ar\/2021\/\",\"name\":\"Noticias Radio Reflejos\",\"description\":\"Las noticias de mi comarca\",\"potentialAction\":[{\"@type\":\"SearchAction\",\"target\":{\"@type\":\"EntryPoint\",\"urlTemplate\":\"https:\/\/www.noticiasradioreflejos.com.ar\/2021\/?s={search_term_string}\"},\"query-input\":{\"@type\":\"PropertyValueSpecification\",\"valueRequired\":true,\"valueName\":\"search_term_string\"}}],\"inLanguage\":\"es\"},{\"@type\":\"Person\",\"@id\":\"https:\/\/www.noticiasradioreflejos.com.ar\/2021\/#\/schema\/person\/ad82545263dcc5ec0996818884fd5fb1\",\"name\":\"Arnaldo Botto\",\"image\":{\"@type\":\"ImageObject\",\"inLanguage\":\"es\",\"@id\":\"https:\/\/www.noticiasradioreflejos.com.ar\/2021\/#\/schema\/person\/image\/\",\"url\":\"https:\/\/secure.gravatar.com\/avatar\/55cb5e37c1efa326397366e6974cb338056df65cb50e7d64d1cf314e87504837?s=96&d=mm&r=g\",\"contentUrl\":\"https:\/\/secure.gravatar.com\/avatar\/55cb5e37c1efa326397366e6974cb338056df65cb50e7d64d1cf314e87504837?s=96&d=mm&r=g\",\"caption\":\"Arnaldo Botto\"},\"url\":\"https:\/\/www.noticiasradioreflejos.com.ar\/2021\/author\/arnaldo\/\"}]}<\/script>\n<!-- \/ Yoast SEO plugin. -->","yoast_head_json":{"title":"Despu\u00e9s de dos d\u00edas de lluvias lleg\u00f3 el sol a la comarca. - Noticias Radio Reflejos","robots":{"index":"index","follow":"follow","max-snippet":"max-snippet:-1","max-image-preview":"max-image-preview:large","max-video-preview":"max-video-preview:-1"},"canonical":"https:\/\/www.noticiasradioreflejos.com.ar\/2021\/despues-de-dos-dias-de-lluvias-llego-el-sol-a-la-comarca\/","og_locale":"es_ES","og_type":"article","og_title":"Despu\u00e9s de dos d\u00edas de lluvias lleg\u00f3 el sol a la comarca. - Noticias Radio Reflejos","og_description":"Intensos vientos del sector oeste sudoeste en la tarde y noche de este martes despejaron el cielo de la Comarca. Las lluvias fueron muy abundantes en toda la regi\u00f3n.","og_url":"https:\/\/www.noticiasradioreflejos.com.ar\/2021\/despues-de-dos-dias-de-lluvias-llego-el-sol-a-la-comarca\/","og_site_name":"Noticias Radio Reflejos","article_published_time":"2020-04-29T11:51:43+00:00","og_image":[{"width":300,"height":200,"url":"https:\/\/www.noticiasradioreflejos.com.ar\/2021\/wp-content\/uploads\/2021\/07\/logosol300x200.png","type":"image\/png"}],"author":"Arnaldo Botto","twitter_card":"summary_large_image","schema":{"@context":"https:\/\/schema.org","@graph":[{"@type":"WebPage","@id":"https:\/\/www.noticiasradioreflejos.com.ar\/2021\/despues-de-dos-dias-de-lluvias-llego-el-sol-a-la-comarca\/","url":"https:\/\/www.noticiasradioreflejos.com.ar\/2021\/despues-de-dos-dias-de-lluvias-llego-el-sol-a-la-comarca\/","name":"Despu\u00e9s de dos d\u00edas de lluvias lleg\u00f3 el sol a la comarca. - Noticias Radio Reflejos","isPartOf":{"@id":"https:\/\/www.noticiasradioreflejos.com.ar\/2021\/#website"},"datePublished":"2020-04-29T11:51:43+00:00","author":{"@id":"https:\/\/www.noticiasradioreflejos.com.ar\/2021\/#\/schema\/person\/ad82545263dcc5ec0996818884fd5fb1"},"breadcrumb":{"@id":"https:\/\/www.noticiasradioreflejos.com.ar\/2021\/despues-de-dos-dias-de-lluvias-llego-el-sol-a-la-comarca\/#breadcrumb"},"inLanguage":"es","potentialAction":[{"@type":"ReadAction","target":["https:\/\/www.noticiasradioreflejos.com.ar\/2021\/despues-de-dos-dias-de-lluvias-llego-el-sol-a-la-comarca\/"]}]},{"@type":"BreadcrumbList","@id":"https:\/\/www.noticiasradioreflejos.com.ar\/2021\/despues-de-dos-dias-de-lluvias-llego-el-sol-a-la-comarca\/#breadcrumb","itemListElement":[{"@type":"ListItem","position":1,"name":"Portada","item":"https:\/\/www.noticiasradioreflejos.com.ar\/2021\/"},{"@type":"ListItem","position":2,"name":"Despu\u00e9s de dos d\u00edas de lluvias lleg\u00f3 el sol a la comarca."}]},{"@type":"WebSite","@id":"https:\/\/www.noticiasradioreflejos.com.ar\/2021\/#website","url":"https:\/\/www.noticiasradioreflejos.com.ar\/2021\/","name":"Noticias Radio Reflejos","description":"Las noticias de mi comarca","potentialAction":[{"@type":"SearchAction","target":{"@type":"EntryPoint","urlTemplate":"https:\/\/www.noticiasradioreflejos.com.ar\/2021\/?s={search_term_string}"},"query-input":{"@type":"PropertyValueSpecification","valueRequired":true,"valueName":"search_term_string"}}],"inLanguage":"es"},{"@type":"Person","@id":"https:\/\/www.noticiasradioreflejos.com.ar\/2021\/#\/schema\/person\/ad82545263dcc5ec0996818884fd5fb1","name":"Arnaldo Botto","image":{"@type":"ImageObject","inLanguage":"es","@id":"https:\/\/www.noticiasradioreflejos.com.ar\/2021\/#\/schema\/person\/image\/","url":"https:\/\/secure.gravatar.com\/avatar\/55cb5e37c1efa326397366e6974cb338056df65cb50e7d64d1cf314e87504837?s=96&d=mm&r=g","contentUrl":"https:\/\/secure.gravatar.com\/avatar\/55cb5e37c1efa326397366e6974cb338056df65cb50e7d64d1cf314e87504837?s=96&d=mm&r=g","caption":"Arnaldo Botto"},"url":"https:\/\/www.noticiasradioreflejos.com.ar\/2021\/author\/arnaldo\/"}]}},"_links":{"self":[{"href":"https:\/\/www.noticiasradioreflejos.com.ar\/2021\/wp-json\/wp\/v2\/posts\/41348","targetHints":{"allow":["GET"]}}],"collection":[{"href":"https:\/\/www.noticiasradioreflejos.com.ar\/2021\/wp-json\/wp\/v2\/posts"}],"about":[{"href":"https:\/\/www.noticiasradioreflejos.com.ar\/2021\/wp-json\/wp\/v2\/types\/post"}],"author":[{"embeddable":true,"href":"https:\/\/www.noticiasradioreflejos.com.ar\/2021\/wp-json\/wp\/v2\/users\/3"}],"replies":[{"embeddable":true,"href":"https:\/\/www.noticiasradioreflejos.com.ar\/2021\/wp-json\/wp\/v2\/comments?post=41348"}],"version-history":[{"count":0,"href":"https:\/\/www.noticiasradioreflejos.com.ar\/2021\/wp-json\/wp\/v2\/posts\/41348\/revisions"}],"wp:attachment":[{"href":"https:\/\/www.noticiasradioreflejos.com.ar\/2021\/wp-json\/wp\/v2\/media?parent=41348"}],"wp:term":[{"taxonomy":"category","embeddable":true,"href":"https:\/\/www.noticiasradioreflejos.com.ar\/2021\/wp-json\/wp\/v2\/categories?post=41348"},{"taxonomy":"post_tag","embeddable":true,"href":"https:\/\/www.noticiasradioreflejos.com.ar\/2021\/wp-json\/wp\/v2\/tags?post=41348"}],"curies":[{"name":"wp","href":"https:\/\/api.w.org\/{rel}","templated":true}]}}