{"id":41345,"date":"2020-04-29T08:27:22","date_gmt":"2020-04-29T11:27:22","guid":{"rendered":"http:\/\/www.noticiasradioreflejos.com.ar\/noticias\/?p=41345"},"modified":"2020-04-29T08:27:22","modified_gmt":"2020-04-29T11:27:22","slug":"una-persona-murio-arrollado-por-un-patrullero-cerca-del-ingreso-a-tornquist-sobre-la-ruta-33","status":"publish","type":"post","link":"https:\/\/www.noticiasradioreflejos.com.ar\/2021\/una-persona-murio-arrollado-por-un-patrullero-cerca-del-ingreso-a-tornquist-sobre-la-ruta-33\/","title":{"rendered":"Una persona muri\u00f3 arrollado por un patrullero cerca del ingreso a Tornquist sobre la ruta 33."},"content":{"rendered":"<p>Fue esta madrugada a metros del parque e\u00f3lico. El m\u00f3vil se dirig\u00eda a Guamin\u00ed y, cuando se lanz\u00f3 a pasar a un cami\u00f3n, no pudo evitar embestir a la v\u00edctima.<br \/>\nUna persona muri\u00f3 durante el transcurso de la \u00faltima madrugada, luego de ser arrollada por un patrullero que circulaba por la Ruta 33.<!--more--><\/p>\n<p>Se investiga el homicidio culposo de un hombre que result\u00f3 arrollado en la ruta nacional 33, durante la ma\u00f1ana de este mi\u00e9rcoles a la hora 5.50 en el kil\u00f3metro 44.5, en cercan\u00eda de los molinos e\u00f3licos.<\/p>\n<p>Cuando arribaron m\u00f3viles policiales luego de un llamado a la comisar\u00eda local, se constat\u00f3 la presencia de un hombre tendido en la cinta asf\u00e1ltica sobre el carril que conduce en direcci\u00f3n Bah\u00eda-Tornquist y a metros de este una camioneta marca ford ranger (OTJ 339), perteneciente a la delegaci\u00f3n de la polic\u00eda federal de Bahia Blanca quienes se dirig\u00edan a la localidad de Guamin\u00ed.<\/p>\n<p>Seg\u00fan se pudo saber, el movil pas\u00f3 a un cami\u00f3n y no pudo evitar arrollar lo que afirmaron ver como un \u201cbulto\u201d tirado en la carretera.<\/p>\n<p>Se dio aviso a la ayudant\u00eda fiscal de Tornquist. Se hizo adem\u00e1s presente en el lugar el comisario Pablo Messineo titular de la Polic\u00eda Federal y trabajaba polic\u00eda cient\u00edfica para determinar todo lo ocurrido.<\/p>\n","protected":false},"excerpt":{"rendered":"<p>Fue esta madrugada a metros del parque e\u00f3lico. El m\u00f3vil se dirig\u00eda a Guamin\u00ed y, cuando se lanz\u00f3 a pasar a un cami\u00f3n, no pudo evitar embestir a la v\u00edctima. Una persona muri\u00f3 durante el transcurso de la \u00faltima madrugada, luego de ser arrollada por un patrullero que circulaba por la Ruta 33.<\/p>\n","protected":false},"author":3,"featured_media":0,"comment_status":"closed","ping_status":"open","sticky":false,"template":"","format":"standard","meta":{"footnotes":""},"categories":[29],"tags":[],"class_list":["post-41345","post","type-post","status-publish","format-standard","hentry","category-policiales"],"yoast_head":"<!-- This site is optimized with the Yoast SEO plugin v25.9 - https:\/\/yoast.com\/wordpress\/plugins\/seo\/ -->\n<title>Una persona muri\u00f3 arrollado por un patrullero cerca del ingreso a Tornquist sobre la ruta 33. - Noticias Radio Reflejos<\/title>\n<meta name=\"robots\" content=\"index, follow, max-snippet:-1, max-image-preview:large, max-video-preview:-1\" \/>\n<link rel=\"canonical\" href=\"https:\/\/www.noticiasradioreflejos.com.ar\/2021\/una-persona-murio-arrollado-por-un-patrullero-cerca-del-ingreso-a-tornquist-sobre-la-ruta-33\/\" \/>\n<meta property=\"og:locale\" content=\"es_ES\" \/>\n<meta property=\"og:type\" content=\"article\" \/>\n<meta property=\"og:title\" content=\"Una persona muri\u00f3 arrollado por un patrullero cerca del ingreso a Tornquist sobre la ruta 33. - Noticias Radio Reflejos\" \/>\n<meta property=\"og:description\" content=\"Fue esta madrugada a metros del parque e\u00f3lico. El m\u00f3vil se dirig\u00eda a Guamin\u00ed y, cuando se lanz\u00f3 a pasar a un cami\u00f3n, no pudo evitar embestir a la v\u00edctima. Una persona muri\u00f3 durante el transcurso de la \u00faltima madrugada, luego de ser arrollada por un patrullero que circulaba por la Ruta 33.\" \/>\n<meta property=\"og:url\" content=\"https:\/\/www.noticiasradioreflejos.com.ar\/2021\/una-persona-murio-arrollado-por-un-patrullero-cerca-del-ingreso-a-tornquist-sobre-la-ruta-33\/\" \/>\n<meta property=\"og:site_name\" content=\"Noticias Radio Reflejos\" \/>\n<meta property=\"article:published_time\" content=\"2020-04-29T11:27:22+00:00\" \/>\n<meta property=\"og:image\" content=\"https:\/\/www.noticiasradioreflejos.com.ar\/2021\/wp-content\/uploads\/2021\/07\/logosol300x200.png\" \/>\n\t<meta property=\"og:image:width\" content=\"300\" \/>\n\t<meta property=\"og:image:height\" content=\"200\" \/>\n\t<meta property=\"og:image:type\" content=\"image\/png\" \/>\n<meta name=\"author\" content=\"Arnaldo Botto\" \/>\n<meta name=\"twitter:card\" content=\"summary_large_image\" \/>\n<script type=\"application\/ld+json\" class=\"yoast-schema-graph\">{\"@context\":\"https:\/\/schema.org\",\"@graph\":[{\"@type\":\"WebPage\",\"@id\":\"https:\/\/www.noticiasradioreflejos.com.ar\/2021\/una-persona-murio-arrollado-por-un-patrullero-cerca-del-ingreso-a-tornquist-sobre-la-ruta-33\/\",\"url\":\"https:\/\/www.noticiasradioreflejos.com.ar\/2021\/una-persona-murio-arrollado-por-un-patrullero-cerca-del-ingreso-a-tornquist-sobre-la-ruta-33\/\",\"name\":\"Una persona muri\u00f3 arrollado por un patrullero cerca del ingreso a Tornquist sobre la ruta 33. - Noticias Radio Reflejos\",\"isPartOf\":{\"@id\":\"https:\/\/www.noticiasradioreflejos.com.ar\/2021\/#website\"},\"datePublished\":\"2020-04-29T11:27:22+00:00\",\"author\":{\"@id\":\"https:\/\/www.noticiasradioreflejos.com.ar\/2021\/#\/schema\/person\/ad82545263dcc5ec0996818884fd5fb1\"},\"breadcrumb\":{\"@id\":\"https:\/\/www.noticiasradioreflejos.com.ar\/2021\/una-persona-murio-arrollado-por-un-patrullero-cerca-del-ingreso-a-tornquist-sobre-la-ruta-33\/#breadcrumb\"},\"inLanguage\":\"es\",\"potentialAction\":[{\"@type\":\"ReadAction\",\"target\":[\"https:\/\/www.noticiasradioreflejos.com.ar\/2021\/una-persona-murio-arrollado-por-un-patrullero-cerca-del-ingreso-a-tornquist-sobre-la-ruta-33\/\"]}]},{\"@type\":\"BreadcrumbList\",\"@id\":\"https:\/\/www.noticiasradioreflejos.com.ar\/2021\/una-persona-murio-arrollado-por-un-patrullero-cerca-del-ingreso-a-tornquist-sobre-la-ruta-33\/#breadcrumb\",\"itemListElement\":[{\"@type\":\"ListItem\",\"position\":1,\"name\":\"Portada\",\"item\":\"https:\/\/www.noticiasradioreflejos.com.ar\/2021\/\"},{\"@type\":\"ListItem\",\"position\":2,\"name\":\"Una persona muri\u00f3 arrollado por un patrullero cerca del ingreso a Tornquist sobre la ruta 33.\"}]},{\"@type\":\"WebSite\",\"@id\":\"https:\/\/www.noticiasradioreflejos.com.ar\/2021\/#website\",\"url\":\"https:\/\/www.noticiasradioreflejos.com.ar\/2021\/\",\"name\":\"Noticias Radio Reflejos\",\"description\":\"Las noticias de mi comarca\",\"potentialAction\":[{\"@type\":\"SearchAction\",\"target\":{\"@type\":\"EntryPoint\",\"urlTemplate\":\"https:\/\/www.noticiasradioreflejos.com.ar\/2021\/?s={search_term_string}\"},\"query-input\":{\"@type\":\"PropertyValueSpecification\",\"valueRequired\":true,\"valueName\":\"search_term_string\"}}],\"inLanguage\":\"es\"},{\"@type\":\"Person\",\"@id\":\"https:\/\/www.noticiasradioreflejos.com.ar\/2021\/#\/schema\/person\/ad82545263dcc5ec0996818884fd5fb1\",\"name\":\"Arnaldo Botto\",\"image\":{\"@type\":\"ImageObject\",\"inLanguage\":\"es\",\"@id\":\"https:\/\/www.noticiasradioreflejos.com.ar\/2021\/#\/schema\/person\/image\/\",\"url\":\"https:\/\/secure.gravatar.com\/avatar\/55cb5e37c1efa326397366e6974cb338056df65cb50e7d64d1cf314e87504837?s=96&d=mm&r=g\",\"contentUrl\":\"https:\/\/secure.gravatar.com\/avatar\/55cb5e37c1efa326397366e6974cb338056df65cb50e7d64d1cf314e87504837?s=96&d=mm&r=g\",\"caption\":\"Arnaldo Botto\"},\"url\":\"https:\/\/www.noticiasradioreflejos.com.ar\/2021\/author\/arnaldo\/\"}]}<\/script>\n<!-- \/ Yoast SEO plugin. -->","yoast_head_json":{"title":"Una persona muri\u00f3 arrollado por un patrullero cerca del ingreso a Tornquist sobre la ruta 33. - Noticias Radio Reflejos","robots":{"index":"index","follow":"follow","max-snippet":"max-snippet:-1","max-image-preview":"max-image-preview:large","max-video-preview":"max-video-preview:-1"},"canonical":"https:\/\/www.noticiasradioreflejos.com.ar\/2021\/una-persona-murio-arrollado-por-un-patrullero-cerca-del-ingreso-a-tornquist-sobre-la-ruta-33\/","og_locale":"es_ES","og_type":"article","og_title":"Una persona muri\u00f3 arrollado por un patrullero cerca del ingreso a Tornquist sobre la ruta 33. - Noticias Radio Reflejos","og_description":"Fue esta madrugada a metros del parque e\u00f3lico. El m\u00f3vil se dirig\u00eda a Guamin\u00ed y, cuando se lanz\u00f3 a pasar a un cami\u00f3n, no pudo evitar embestir a la v\u00edctima. Una persona muri\u00f3 durante el transcurso de la \u00faltima madrugada, luego de ser arrollada por un patrullero que circulaba por la Ruta 33.","og_url":"https:\/\/www.noticiasradioreflejos.com.ar\/2021\/una-persona-murio-arrollado-por-un-patrullero-cerca-del-ingreso-a-tornquist-sobre-la-ruta-33\/","og_site_name":"Noticias Radio Reflejos","article_published_time":"2020-04-29T11:27:22+00:00","og_image":[{"width":300,"height":200,"url":"https:\/\/www.noticiasradioreflejos.com.ar\/2021\/wp-content\/uploads\/2021\/07\/logosol300x200.png","type":"image\/png"}],"author":"Arnaldo Botto","twitter_card":"summary_large_image","schema":{"@context":"https:\/\/schema.org","@graph":[{"@type":"WebPage","@id":"https:\/\/www.noticiasradioreflejos.com.ar\/2021\/una-persona-murio-arrollado-por-un-patrullero-cerca-del-ingreso-a-tornquist-sobre-la-ruta-33\/","url":"https:\/\/www.noticiasradioreflejos.com.ar\/2021\/una-persona-murio-arrollado-por-un-patrullero-cerca-del-ingreso-a-tornquist-sobre-la-ruta-33\/","name":"Una persona muri\u00f3 arrollado por un patrullero cerca del ingreso a Tornquist sobre la ruta 33. - Noticias Radio Reflejos","isPartOf":{"@id":"https:\/\/www.noticiasradioreflejos.com.ar\/2021\/#website"},"datePublished":"2020-04-29T11:27:22+00:00","author":{"@id":"https:\/\/www.noticiasradioreflejos.com.ar\/2021\/#\/schema\/person\/ad82545263dcc5ec0996818884fd5fb1"},"breadcrumb":{"@id":"https:\/\/www.noticiasradioreflejos.com.ar\/2021\/una-persona-murio-arrollado-por-un-patrullero-cerca-del-ingreso-a-tornquist-sobre-la-ruta-33\/#breadcrumb"},"inLanguage":"es","potentialAction":[{"@type":"ReadAction","target":["https:\/\/www.noticiasradioreflejos.com.ar\/2021\/una-persona-murio-arrollado-por-un-patrullero-cerca-del-ingreso-a-tornquist-sobre-la-ruta-33\/"]}]},{"@type":"BreadcrumbList","@id":"https:\/\/www.noticiasradioreflejos.com.ar\/2021\/una-persona-murio-arrollado-por-un-patrullero-cerca-del-ingreso-a-tornquist-sobre-la-ruta-33\/#breadcrumb","itemListElement":[{"@type":"ListItem","position":1,"name":"Portada","item":"https:\/\/www.noticiasradioreflejos.com.ar\/2021\/"},{"@type":"ListItem","position":2,"name":"Una persona muri\u00f3 arrollado por un patrullero cerca del ingreso a Tornquist sobre la ruta 33."}]},{"@type":"WebSite","@id":"https:\/\/www.noticiasradioreflejos.com.ar\/2021\/#website","url":"https:\/\/www.noticiasradioreflejos.com.ar\/2021\/","name":"Noticias Radio Reflejos","description":"Las noticias de mi comarca","potentialAction":[{"@type":"SearchAction","target":{"@type":"EntryPoint","urlTemplate":"https:\/\/www.noticiasradioreflejos.com.ar\/2021\/?s={search_term_string}"},"query-input":{"@type":"PropertyValueSpecification","valueRequired":true,"valueName":"search_term_string"}}],"inLanguage":"es"},{"@type":"Person","@id":"https:\/\/www.noticiasradioreflejos.com.ar\/2021\/#\/schema\/person\/ad82545263dcc5ec0996818884fd5fb1","name":"Arnaldo Botto","image":{"@type":"ImageObject","inLanguage":"es","@id":"https:\/\/www.noticiasradioreflejos.com.ar\/2021\/#\/schema\/person\/image\/","url":"https:\/\/secure.gravatar.com\/avatar\/55cb5e37c1efa326397366e6974cb338056df65cb50e7d64d1cf314e87504837?s=96&d=mm&r=g","contentUrl":"https:\/\/secure.gravatar.com\/avatar\/55cb5e37c1efa326397366e6974cb338056df65cb50e7d64d1cf314e87504837?s=96&d=mm&r=g","caption":"Arnaldo Botto"},"url":"https:\/\/www.noticiasradioreflejos.com.ar\/2021\/author\/arnaldo\/"}]}},"_links":{"self":[{"href":"https:\/\/www.noticiasradioreflejos.com.ar\/2021\/wp-json\/wp\/v2\/posts\/41345","targetHints":{"allow":["GET"]}}],"collection":[{"href":"https:\/\/www.noticiasradioreflejos.com.ar\/2021\/wp-json\/wp\/v2\/posts"}],"about":[{"href":"https:\/\/www.noticiasradioreflejos.com.ar\/2021\/wp-json\/wp\/v2\/types\/post"}],"author":[{"embeddable":true,"href":"https:\/\/www.noticiasradioreflejos.com.ar\/2021\/wp-json\/wp\/v2\/users\/3"}],"replies":[{"embeddable":true,"href":"https:\/\/www.noticiasradioreflejos.com.ar\/2021\/wp-json\/wp\/v2\/comments?post=41345"}],"version-history":[{"count":0,"href":"https:\/\/www.noticiasradioreflejos.com.ar\/2021\/wp-json\/wp\/v2\/posts\/41345\/revisions"}],"wp:attachment":[{"href":"https:\/\/www.noticiasradioreflejos.com.ar\/2021\/wp-json\/wp\/v2\/media?parent=41345"}],"wp:term":[{"taxonomy":"category","embeddable":true,"href":"https:\/\/www.noticiasradioreflejos.com.ar\/2021\/wp-json\/wp\/v2\/categories?post=41345"},{"taxonomy":"post_tag","embeddable":true,"href":"https:\/\/www.noticiasradioreflejos.com.ar\/2021\/wp-json\/wp\/v2\/tags?post=41345"}],"curies":[{"name":"wp","href":"https:\/\/api.w.org\/{rel}","templated":true}]}}