{"id":41341,"date":"2020-04-29T07:41:48","date_gmt":"2020-04-29T10:41:48","guid":{"rendered":"http:\/\/www.noticiasradioreflejos.com.ar\/noticias\/?p=41341"},"modified":"2020-04-29T07:41:48","modified_gmt":"2020-04-29T10:41:48","slug":"kicillof-anuncia-medidas-para-sectores-productivos","status":"publish","type":"post","link":"https:\/\/www.noticiasradioreflejos.com.ar\/2021\/kicillof-anuncia-medidas-para-sectores-productivos\/","title":{"rendered":"Kicillof anuncia medidas para sectores productivos"},"content":{"rendered":"<p>El gobernador de la provincia de Buenos Aires, Axel Kicillof, anunciar\u00e1 hoy un paquete de medidas para los sectores productivos bonaerenses en el marco de la emergencia sanitaria por coronavirus, se inform\u00f3 oficialmente.<!--more--><br \/>\nDurante el anuncio, que se llevar\u00e1 a cabo desde las 11 en el Sal\u00f3n Dorado de la Gobernaci\u00f3n bonaerense, en La Plata, el gobernador estar\u00e1 acompa\u00f1ado por el ministro de la Producci\u00f3n, Augusto Costa, y por el presidente del Banco Provincia, Juan Cuattromo.<\/p>\n<p>Desde el inicio de la pandemia, la provincia -a trav\u00e9s del Banco Provincia- dispuso de una l\u00ednea de cr\u00e9ditos para pymes para el pago de sueldos con tasa de 24% anual por un plazo de 90 d\u00edas.<\/p>\n<p>A la vez, ARBA lanz\u00f3 un plan de pagos de hasta 10 a\u00f1os para Pymes que contempla quita de 100% de quita de multas e intereses; reprogram\u00f3 vencimientos impositivos, extendi\u00f3 hasta el 31 de mayo la suspensi\u00f3n de embargos sobre cuentas bancarias y derechos de cr\u00e9dito y pr\u00f3rrog\u00f3 hasta el 10 de junio pr\u00f3ximo los vencimientos de cuotas o anticipos de planes de pago que operaban en el mes de abril.<\/p>\n<p>Con las acciones implementadas por el organismo recaudador, la Provincia ya favoreci\u00f3 a un conjunto de 3.500.000 hogares bonaerenses, lo que en materia de recursos constituye un esfuerzo fiscal de $3.350 millones.<\/p>\n<p>En tanto, el Ministerio de Trabajo puso en marcha un r\u00e9gimen de regularizaci\u00f3n para peque\u00f1as y medianas empresas que registren deudas por infracciones laborales con descuentos del 100% al 50%; la posibilidad de pago al contado o hasta tres cuotas sin inter\u00e9s; y la financiaci\u00f3n de hasta en 48 cuotas.<\/p>\n","protected":false},"excerpt":{"rendered":"<p>El gobernador de la provincia de Buenos Aires, Axel Kicillof, anunciar\u00e1 hoy un paquete de medidas para los sectores productivos bonaerenses en el marco de la emergencia sanitaria por coronavirus, se inform\u00f3 oficialmente.<\/p>\n","protected":false},"author":3,"featured_media":0,"comment_status":"closed","ping_status":"open","sticky":false,"template":"","format":"standard","meta":{"footnotes":""},"categories":[36],"tags":[],"class_list":["post-41341","post","type-post","status-publish","format-standard","hentry","category-economia"],"yoast_head":"<!-- This site is optimized with the Yoast SEO plugin v25.9 - https:\/\/yoast.com\/wordpress\/plugins\/seo\/ -->\n<title>Kicillof anuncia medidas para sectores productivos - Noticias Radio Reflejos<\/title>\n<meta name=\"robots\" content=\"index, follow, max-snippet:-1, max-image-preview:large, max-video-preview:-1\" \/>\n<link rel=\"canonical\" href=\"https:\/\/www.noticiasradioreflejos.com.ar\/2021\/kicillof-anuncia-medidas-para-sectores-productivos\/\" \/>\n<meta property=\"og:locale\" content=\"es_ES\" \/>\n<meta property=\"og:type\" content=\"article\" \/>\n<meta property=\"og:title\" content=\"Kicillof anuncia medidas para sectores productivos - Noticias Radio Reflejos\" \/>\n<meta property=\"og:description\" content=\"El gobernador de la provincia de Buenos Aires, Axel Kicillof, anunciar\u00e1 hoy un paquete de medidas para los sectores productivos bonaerenses en el marco de la emergencia sanitaria por coronavirus, se inform\u00f3 oficialmente.\" \/>\n<meta property=\"og:url\" content=\"https:\/\/www.noticiasradioreflejos.com.ar\/2021\/kicillof-anuncia-medidas-para-sectores-productivos\/\" \/>\n<meta property=\"og:site_name\" content=\"Noticias Radio Reflejos\" \/>\n<meta property=\"article:published_time\" content=\"2020-04-29T10:41:48+00:00\" \/>\n<meta property=\"og:image\" content=\"https:\/\/www.noticiasradioreflejos.com.ar\/2021\/wp-content\/uploads\/2021\/07\/logosol300x200.png\" \/>\n\t<meta property=\"og:image:width\" content=\"300\" \/>\n\t<meta property=\"og:image:height\" content=\"200\" \/>\n\t<meta property=\"og:image:type\" content=\"image\/png\" \/>\n<meta name=\"author\" content=\"Arnaldo Botto\" \/>\n<meta name=\"twitter:card\" content=\"summary_large_image\" \/>\n<script type=\"application\/ld+json\" class=\"yoast-schema-graph\">{\"@context\":\"https:\/\/schema.org\",\"@graph\":[{\"@type\":\"WebPage\",\"@id\":\"https:\/\/www.noticiasradioreflejos.com.ar\/2021\/kicillof-anuncia-medidas-para-sectores-productivos\/\",\"url\":\"https:\/\/www.noticiasradioreflejos.com.ar\/2021\/kicillof-anuncia-medidas-para-sectores-productivos\/\",\"name\":\"Kicillof anuncia medidas para sectores productivos - Noticias Radio Reflejos\",\"isPartOf\":{\"@id\":\"https:\/\/www.noticiasradioreflejos.com.ar\/2021\/#website\"},\"datePublished\":\"2020-04-29T10:41:48+00:00\",\"author\":{\"@id\":\"https:\/\/www.noticiasradioreflejos.com.ar\/2021\/#\/schema\/person\/ad82545263dcc5ec0996818884fd5fb1\"},\"breadcrumb\":{\"@id\":\"https:\/\/www.noticiasradioreflejos.com.ar\/2021\/kicillof-anuncia-medidas-para-sectores-productivos\/#breadcrumb\"},\"inLanguage\":\"es\",\"potentialAction\":[{\"@type\":\"ReadAction\",\"target\":[\"https:\/\/www.noticiasradioreflejos.com.ar\/2021\/kicillof-anuncia-medidas-para-sectores-productivos\/\"]}]},{\"@type\":\"BreadcrumbList\",\"@id\":\"https:\/\/www.noticiasradioreflejos.com.ar\/2021\/kicillof-anuncia-medidas-para-sectores-productivos\/#breadcrumb\",\"itemListElement\":[{\"@type\":\"ListItem\",\"position\":1,\"name\":\"Portada\",\"item\":\"https:\/\/www.noticiasradioreflejos.com.ar\/2021\/\"},{\"@type\":\"ListItem\",\"position\":2,\"name\":\"Kicillof anuncia medidas para sectores productivos\"}]},{\"@type\":\"WebSite\",\"@id\":\"https:\/\/www.noticiasradioreflejos.com.ar\/2021\/#website\",\"url\":\"https:\/\/www.noticiasradioreflejos.com.ar\/2021\/\",\"name\":\"Noticias Radio Reflejos\",\"description\":\"Las noticias de mi comarca\",\"potentialAction\":[{\"@type\":\"SearchAction\",\"target\":{\"@type\":\"EntryPoint\",\"urlTemplate\":\"https:\/\/www.noticiasradioreflejos.com.ar\/2021\/?s={search_term_string}\"},\"query-input\":{\"@type\":\"PropertyValueSpecification\",\"valueRequired\":true,\"valueName\":\"search_term_string\"}}],\"inLanguage\":\"es\"},{\"@type\":\"Person\",\"@id\":\"https:\/\/www.noticiasradioreflejos.com.ar\/2021\/#\/schema\/person\/ad82545263dcc5ec0996818884fd5fb1\",\"name\":\"Arnaldo Botto\",\"image\":{\"@type\":\"ImageObject\",\"inLanguage\":\"es\",\"@id\":\"https:\/\/www.noticiasradioreflejos.com.ar\/2021\/#\/schema\/person\/image\/\",\"url\":\"https:\/\/secure.gravatar.com\/avatar\/55cb5e37c1efa326397366e6974cb338056df65cb50e7d64d1cf314e87504837?s=96&d=mm&r=g\",\"contentUrl\":\"https:\/\/secure.gravatar.com\/avatar\/55cb5e37c1efa326397366e6974cb338056df65cb50e7d64d1cf314e87504837?s=96&d=mm&r=g\",\"caption\":\"Arnaldo Botto\"},\"url\":\"https:\/\/www.noticiasradioreflejos.com.ar\/2021\/author\/arnaldo\/\"}]}<\/script>\n<!-- \/ Yoast SEO plugin. -->","yoast_head_json":{"title":"Kicillof anuncia medidas para sectores productivos - Noticias Radio Reflejos","robots":{"index":"index","follow":"follow","max-snippet":"max-snippet:-1","max-image-preview":"max-image-preview:large","max-video-preview":"max-video-preview:-1"},"canonical":"https:\/\/www.noticiasradioreflejos.com.ar\/2021\/kicillof-anuncia-medidas-para-sectores-productivos\/","og_locale":"es_ES","og_type":"article","og_title":"Kicillof anuncia medidas para sectores productivos - Noticias Radio Reflejos","og_description":"El gobernador de la provincia de Buenos Aires, Axel Kicillof, anunciar\u00e1 hoy un paquete de medidas para los sectores productivos bonaerenses en el marco de la emergencia sanitaria por coronavirus, se inform\u00f3 oficialmente.","og_url":"https:\/\/www.noticiasradioreflejos.com.ar\/2021\/kicillof-anuncia-medidas-para-sectores-productivos\/","og_site_name":"Noticias Radio Reflejos","article_published_time":"2020-04-29T10:41:48+00:00","og_image":[{"width":300,"height":200,"url":"https:\/\/www.noticiasradioreflejos.com.ar\/2021\/wp-content\/uploads\/2021\/07\/logosol300x200.png","type":"image\/png"}],"author":"Arnaldo Botto","twitter_card":"summary_large_image","schema":{"@context":"https:\/\/schema.org","@graph":[{"@type":"WebPage","@id":"https:\/\/www.noticiasradioreflejos.com.ar\/2021\/kicillof-anuncia-medidas-para-sectores-productivos\/","url":"https:\/\/www.noticiasradioreflejos.com.ar\/2021\/kicillof-anuncia-medidas-para-sectores-productivos\/","name":"Kicillof anuncia medidas para sectores productivos - Noticias Radio Reflejos","isPartOf":{"@id":"https:\/\/www.noticiasradioreflejos.com.ar\/2021\/#website"},"datePublished":"2020-04-29T10:41:48+00:00","author":{"@id":"https:\/\/www.noticiasradioreflejos.com.ar\/2021\/#\/schema\/person\/ad82545263dcc5ec0996818884fd5fb1"},"breadcrumb":{"@id":"https:\/\/www.noticiasradioreflejos.com.ar\/2021\/kicillof-anuncia-medidas-para-sectores-productivos\/#breadcrumb"},"inLanguage":"es","potentialAction":[{"@type":"ReadAction","target":["https:\/\/www.noticiasradioreflejos.com.ar\/2021\/kicillof-anuncia-medidas-para-sectores-productivos\/"]}]},{"@type":"BreadcrumbList","@id":"https:\/\/www.noticiasradioreflejos.com.ar\/2021\/kicillof-anuncia-medidas-para-sectores-productivos\/#breadcrumb","itemListElement":[{"@type":"ListItem","position":1,"name":"Portada","item":"https:\/\/www.noticiasradioreflejos.com.ar\/2021\/"},{"@type":"ListItem","position":2,"name":"Kicillof anuncia medidas para sectores productivos"}]},{"@type":"WebSite","@id":"https:\/\/www.noticiasradioreflejos.com.ar\/2021\/#website","url":"https:\/\/www.noticiasradioreflejos.com.ar\/2021\/","name":"Noticias Radio Reflejos","description":"Las noticias de mi comarca","potentialAction":[{"@type":"SearchAction","target":{"@type":"EntryPoint","urlTemplate":"https:\/\/www.noticiasradioreflejos.com.ar\/2021\/?s={search_term_string}"},"query-input":{"@type":"PropertyValueSpecification","valueRequired":true,"valueName":"search_term_string"}}],"inLanguage":"es"},{"@type":"Person","@id":"https:\/\/www.noticiasradioreflejos.com.ar\/2021\/#\/schema\/person\/ad82545263dcc5ec0996818884fd5fb1","name":"Arnaldo Botto","image":{"@type":"ImageObject","inLanguage":"es","@id":"https:\/\/www.noticiasradioreflejos.com.ar\/2021\/#\/schema\/person\/image\/","url":"https:\/\/secure.gravatar.com\/avatar\/55cb5e37c1efa326397366e6974cb338056df65cb50e7d64d1cf314e87504837?s=96&d=mm&r=g","contentUrl":"https:\/\/secure.gravatar.com\/avatar\/55cb5e37c1efa326397366e6974cb338056df65cb50e7d64d1cf314e87504837?s=96&d=mm&r=g","caption":"Arnaldo Botto"},"url":"https:\/\/www.noticiasradioreflejos.com.ar\/2021\/author\/arnaldo\/"}]}},"_links":{"self":[{"href":"https:\/\/www.noticiasradioreflejos.com.ar\/2021\/wp-json\/wp\/v2\/posts\/41341","targetHints":{"allow":["GET"]}}],"collection":[{"href":"https:\/\/www.noticiasradioreflejos.com.ar\/2021\/wp-json\/wp\/v2\/posts"}],"about":[{"href":"https:\/\/www.noticiasradioreflejos.com.ar\/2021\/wp-json\/wp\/v2\/types\/post"}],"author":[{"embeddable":true,"href":"https:\/\/www.noticiasradioreflejos.com.ar\/2021\/wp-json\/wp\/v2\/users\/3"}],"replies":[{"embeddable":true,"href":"https:\/\/www.noticiasradioreflejos.com.ar\/2021\/wp-json\/wp\/v2\/comments?post=41341"}],"version-history":[{"count":0,"href":"https:\/\/www.noticiasradioreflejos.com.ar\/2021\/wp-json\/wp\/v2\/posts\/41341\/revisions"}],"wp:attachment":[{"href":"https:\/\/www.noticiasradioreflejos.com.ar\/2021\/wp-json\/wp\/v2\/media?parent=41341"}],"wp:term":[{"taxonomy":"category","embeddable":true,"href":"https:\/\/www.noticiasradioreflejos.com.ar\/2021\/wp-json\/wp\/v2\/categories?post=41341"},{"taxonomy":"post_tag","embeddable":true,"href":"https:\/\/www.noticiasradioreflejos.com.ar\/2021\/wp-json\/wp\/v2\/tags?post=41341"}],"curies":[{"name":"wp","href":"https:\/\/api.w.org\/{rel}","templated":true}]}}