{"id":41336,"date":"2020-04-29T07:35:37","date_gmt":"2020-04-29T10:35:37","guid":{"rendered":"http:\/\/www.noticiasradioreflejos.com.ar\/noticias\/?p=41336"},"modified":"2020-04-29T07:35:37","modified_gmt":"2020-04-29T10:35:37","slug":"inscripcion-y-reinscripcion-de-plan-fines-terminalidad-primaria-secundaria-y-deudores-de-materias","status":"publish","type":"post","link":"https:\/\/www.noticiasradioreflejos.com.ar\/2021\/inscripcion-y-reinscripcion-de-plan-fines-terminalidad-primaria-secundaria-y-deudores-de-materias\/","title":{"rendered":"Inscripci\u00f3n y reinscripci\u00f3n de Plan FINES, terminalidad primaria, secundaria y deudores de materias."},"content":{"rendered":"<p>La Direcci\u00f3n del CENS 451 informa por este medio que el Ministerio de Educaci\u00f3n de la Naci\u00f3n, ha puesto en marcha un sistema federal para unificar los procesos de inscripci\u00f3n de FinEs 2020 y revalidaci\u00f3n de estudiantes cursantes. <!--more--><\/p>\n<p>Por tal motivo, se comunica a todos los alumnos que han iniciado sus cursadas desde Agosto de 2017 que deber\u00e1n ratificar su inscripci\u00f3n; y a quienes aspiran a iniciar sus estudios en el a\u00f1o 2020 que tendr\u00e1n que realizar su preinscripci\u00f3n online.<\/p>\n<p>\u00bfC\u00f3mo ingresar?<\/p>\n<p>Deber\u00e1 efectuarse a trav\u00e9s de la p\u00e1gina web: https:\/\/www.argentina.gob.ar\/educacion\/fines<\/p>\n<p>INSTRUCTIVO: <a href=\"https:\/\/bit.ly\/3bJZcJk\">https:\/\/bit.ly\/3bJZcJk<\/a><\/p>\n<p>FORMULARIO: <a href=\"https:\/\/bit.ly\/2y3yoVP\">https:\/\/bit.ly\/2y3yoVP<\/a><\/p>\n<p>\u00bfA qui\u00e9nes est\u00e1 dirigido?<\/p>\n<p>A la totalidad de Estudiantes de:<\/p>\n<p><strong>Plan FinEs<\/strong><br \/>\nSecundaria con Oficios (parte trayecto secundario)<br \/>\nQuienes quieran inscribirse para el Ciclo Lectivo 2020 en terminalidad Primaria, Secundaria y Deudores de Materias.<\/p>\n<p>Se recuerda que la fecha l\u00edmite para ratificar la inscripci\u00f3n ante el Ministerio de<\/p>\n<p>Educaci\u00f3n de la Naci\u00f3n es el 30 de abril de 2020.<\/p>\n<p>CONTACTO: <a href=\"mailto:cens451saldunga@gmail.com\"><strong>cens451saldunga@gmail.com<\/strong><\/a><\/p>\n","protected":false},"excerpt":{"rendered":"<p>La Direcci\u00f3n del CENS 451 informa por este medio que el Ministerio de Educaci\u00f3n de la Naci\u00f3n, ha puesto en marcha un sistema federal para unificar los procesos de inscripci\u00f3n de FinEs 2020 y revalidaci\u00f3n de estudiantes cursantes.<\/p>\n","protected":false},"author":3,"featured_media":0,"comment_status":"closed","ping_status":"open","sticky":false,"template":"","format":"standard","meta":{"footnotes":""},"categories":[34],"tags":[],"class_list":["post-41336","post","type-post","status-publish","format-standard","hentry","category-educacion"],"yoast_head":"<!-- This site is optimized with the Yoast SEO plugin v25.9 - https:\/\/yoast.com\/wordpress\/plugins\/seo\/ -->\n<title>Inscripci\u00f3n y reinscripci\u00f3n de Plan FINES, terminalidad primaria, secundaria y deudores de materias. - Noticias Radio Reflejos<\/title>\n<meta name=\"robots\" content=\"index, follow, max-snippet:-1, max-image-preview:large, max-video-preview:-1\" \/>\n<link rel=\"canonical\" href=\"https:\/\/www.noticiasradioreflejos.com.ar\/2021\/inscripcion-y-reinscripcion-de-plan-fines-terminalidad-primaria-secundaria-y-deudores-de-materias\/\" \/>\n<meta property=\"og:locale\" content=\"es_ES\" \/>\n<meta property=\"og:type\" content=\"article\" \/>\n<meta property=\"og:title\" content=\"Inscripci\u00f3n y reinscripci\u00f3n de Plan FINES, terminalidad primaria, secundaria y deudores de materias. - Noticias Radio Reflejos\" \/>\n<meta property=\"og:description\" content=\"La Direcci\u00f3n del CENS 451 informa por este medio que el Ministerio de Educaci\u00f3n de la Naci\u00f3n, ha puesto en marcha un sistema federal para unificar los procesos de inscripci\u00f3n de FinEs 2020 y revalidaci\u00f3n de estudiantes cursantes.\" \/>\n<meta property=\"og:url\" content=\"https:\/\/www.noticiasradioreflejos.com.ar\/2021\/inscripcion-y-reinscripcion-de-plan-fines-terminalidad-primaria-secundaria-y-deudores-de-materias\/\" \/>\n<meta property=\"og:site_name\" content=\"Noticias Radio Reflejos\" \/>\n<meta property=\"article:published_time\" content=\"2020-04-29T10:35:37+00:00\" \/>\n<meta property=\"og:image\" content=\"https:\/\/www.noticiasradioreflejos.com.ar\/2021\/wp-content\/uploads\/2021\/07\/logosol300x200.png\" \/>\n\t<meta property=\"og:image:width\" content=\"300\" \/>\n\t<meta property=\"og:image:height\" content=\"200\" \/>\n\t<meta property=\"og:image:type\" content=\"image\/png\" \/>\n<meta name=\"author\" content=\"Arnaldo Botto\" \/>\n<meta name=\"twitter:card\" content=\"summary_large_image\" \/>\n<script type=\"application\/ld+json\" class=\"yoast-schema-graph\">{\"@context\":\"https:\/\/schema.org\",\"@graph\":[{\"@type\":\"WebPage\",\"@id\":\"https:\/\/www.noticiasradioreflejos.com.ar\/2021\/inscripcion-y-reinscripcion-de-plan-fines-terminalidad-primaria-secundaria-y-deudores-de-materias\/\",\"url\":\"https:\/\/www.noticiasradioreflejos.com.ar\/2021\/inscripcion-y-reinscripcion-de-plan-fines-terminalidad-primaria-secundaria-y-deudores-de-materias\/\",\"name\":\"Inscripci\u00f3n y reinscripci\u00f3n de Plan FINES, terminalidad primaria, secundaria y deudores de materias. - Noticias Radio Reflejos\",\"isPartOf\":{\"@id\":\"https:\/\/www.noticiasradioreflejos.com.ar\/2021\/#website\"},\"datePublished\":\"2020-04-29T10:35:37+00:00\",\"author\":{\"@id\":\"https:\/\/www.noticiasradioreflejos.com.ar\/2021\/#\/schema\/person\/ad82545263dcc5ec0996818884fd5fb1\"},\"breadcrumb\":{\"@id\":\"https:\/\/www.noticiasradioreflejos.com.ar\/2021\/inscripcion-y-reinscripcion-de-plan-fines-terminalidad-primaria-secundaria-y-deudores-de-materias\/#breadcrumb\"},\"inLanguage\":\"es\",\"potentialAction\":[{\"@type\":\"ReadAction\",\"target\":[\"https:\/\/www.noticiasradioreflejos.com.ar\/2021\/inscripcion-y-reinscripcion-de-plan-fines-terminalidad-primaria-secundaria-y-deudores-de-materias\/\"]}]},{\"@type\":\"BreadcrumbList\",\"@id\":\"https:\/\/www.noticiasradioreflejos.com.ar\/2021\/inscripcion-y-reinscripcion-de-plan-fines-terminalidad-primaria-secundaria-y-deudores-de-materias\/#breadcrumb\",\"itemListElement\":[{\"@type\":\"ListItem\",\"position\":1,\"name\":\"Portada\",\"item\":\"https:\/\/www.noticiasradioreflejos.com.ar\/2021\/\"},{\"@type\":\"ListItem\",\"position\":2,\"name\":\"Inscripci\u00f3n y reinscripci\u00f3n de Plan FINES, terminalidad primaria, secundaria y deudores de materias.\"}]},{\"@type\":\"WebSite\",\"@id\":\"https:\/\/www.noticiasradioreflejos.com.ar\/2021\/#website\",\"url\":\"https:\/\/www.noticiasradioreflejos.com.ar\/2021\/\",\"name\":\"Noticias Radio Reflejos\",\"description\":\"Las noticias de mi comarca\",\"potentialAction\":[{\"@type\":\"SearchAction\",\"target\":{\"@type\":\"EntryPoint\",\"urlTemplate\":\"https:\/\/www.noticiasradioreflejos.com.ar\/2021\/?s={search_term_string}\"},\"query-input\":{\"@type\":\"PropertyValueSpecification\",\"valueRequired\":true,\"valueName\":\"search_term_string\"}}],\"inLanguage\":\"es\"},{\"@type\":\"Person\",\"@id\":\"https:\/\/www.noticiasradioreflejos.com.ar\/2021\/#\/schema\/person\/ad82545263dcc5ec0996818884fd5fb1\",\"name\":\"Arnaldo Botto\",\"image\":{\"@type\":\"ImageObject\",\"inLanguage\":\"es\",\"@id\":\"https:\/\/www.noticiasradioreflejos.com.ar\/2021\/#\/schema\/person\/image\/\",\"url\":\"https:\/\/secure.gravatar.com\/avatar\/55cb5e37c1efa326397366e6974cb338056df65cb50e7d64d1cf314e87504837?s=96&d=mm&r=g\",\"contentUrl\":\"https:\/\/secure.gravatar.com\/avatar\/55cb5e37c1efa326397366e6974cb338056df65cb50e7d64d1cf314e87504837?s=96&d=mm&r=g\",\"caption\":\"Arnaldo Botto\"},\"url\":\"https:\/\/www.noticiasradioreflejos.com.ar\/2021\/author\/arnaldo\/\"}]}<\/script>\n<!-- \/ Yoast SEO plugin. -->","yoast_head_json":{"title":"Inscripci\u00f3n y reinscripci\u00f3n de Plan FINES, terminalidad primaria, secundaria y deudores de materias. - Noticias Radio Reflejos","robots":{"index":"index","follow":"follow","max-snippet":"max-snippet:-1","max-image-preview":"max-image-preview:large","max-video-preview":"max-video-preview:-1"},"canonical":"https:\/\/www.noticiasradioreflejos.com.ar\/2021\/inscripcion-y-reinscripcion-de-plan-fines-terminalidad-primaria-secundaria-y-deudores-de-materias\/","og_locale":"es_ES","og_type":"article","og_title":"Inscripci\u00f3n y reinscripci\u00f3n de Plan FINES, terminalidad primaria, secundaria y deudores de materias. - Noticias Radio Reflejos","og_description":"La Direcci\u00f3n del CENS 451 informa por este medio que el Ministerio de Educaci\u00f3n de la Naci\u00f3n, ha puesto en marcha un sistema federal para unificar los procesos de inscripci\u00f3n de FinEs 2020 y revalidaci\u00f3n de estudiantes cursantes.","og_url":"https:\/\/www.noticiasradioreflejos.com.ar\/2021\/inscripcion-y-reinscripcion-de-plan-fines-terminalidad-primaria-secundaria-y-deudores-de-materias\/","og_site_name":"Noticias Radio Reflejos","article_published_time":"2020-04-29T10:35:37+00:00","og_image":[{"width":300,"height":200,"url":"https:\/\/www.noticiasradioreflejos.com.ar\/2021\/wp-content\/uploads\/2021\/07\/logosol300x200.png","type":"image\/png"}],"author":"Arnaldo Botto","twitter_card":"summary_large_image","schema":{"@context":"https:\/\/schema.org","@graph":[{"@type":"WebPage","@id":"https:\/\/www.noticiasradioreflejos.com.ar\/2021\/inscripcion-y-reinscripcion-de-plan-fines-terminalidad-primaria-secundaria-y-deudores-de-materias\/","url":"https:\/\/www.noticiasradioreflejos.com.ar\/2021\/inscripcion-y-reinscripcion-de-plan-fines-terminalidad-primaria-secundaria-y-deudores-de-materias\/","name":"Inscripci\u00f3n y reinscripci\u00f3n de Plan FINES, terminalidad primaria, secundaria y deudores de materias. - Noticias Radio Reflejos","isPartOf":{"@id":"https:\/\/www.noticiasradioreflejos.com.ar\/2021\/#website"},"datePublished":"2020-04-29T10:35:37+00:00","author":{"@id":"https:\/\/www.noticiasradioreflejos.com.ar\/2021\/#\/schema\/person\/ad82545263dcc5ec0996818884fd5fb1"},"breadcrumb":{"@id":"https:\/\/www.noticiasradioreflejos.com.ar\/2021\/inscripcion-y-reinscripcion-de-plan-fines-terminalidad-primaria-secundaria-y-deudores-de-materias\/#breadcrumb"},"inLanguage":"es","potentialAction":[{"@type":"ReadAction","target":["https:\/\/www.noticiasradioreflejos.com.ar\/2021\/inscripcion-y-reinscripcion-de-plan-fines-terminalidad-primaria-secundaria-y-deudores-de-materias\/"]}]},{"@type":"BreadcrumbList","@id":"https:\/\/www.noticiasradioreflejos.com.ar\/2021\/inscripcion-y-reinscripcion-de-plan-fines-terminalidad-primaria-secundaria-y-deudores-de-materias\/#breadcrumb","itemListElement":[{"@type":"ListItem","position":1,"name":"Portada","item":"https:\/\/www.noticiasradioreflejos.com.ar\/2021\/"},{"@type":"ListItem","position":2,"name":"Inscripci\u00f3n y reinscripci\u00f3n de Plan FINES, terminalidad primaria, secundaria y deudores de materias."}]},{"@type":"WebSite","@id":"https:\/\/www.noticiasradioreflejos.com.ar\/2021\/#website","url":"https:\/\/www.noticiasradioreflejos.com.ar\/2021\/","name":"Noticias Radio Reflejos","description":"Las noticias de mi comarca","potentialAction":[{"@type":"SearchAction","target":{"@type":"EntryPoint","urlTemplate":"https:\/\/www.noticiasradioreflejos.com.ar\/2021\/?s={search_term_string}"},"query-input":{"@type":"PropertyValueSpecification","valueRequired":true,"valueName":"search_term_string"}}],"inLanguage":"es"},{"@type":"Person","@id":"https:\/\/www.noticiasradioreflejos.com.ar\/2021\/#\/schema\/person\/ad82545263dcc5ec0996818884fd5fb1","name":"Arnaldo Botto","image":{"@type":"ImageObject","inLanguage":"es","@id":"https:\/\/www.noticiasradioreflejos.com.ar\/2021\/#\/schema\/person\/image\/","url":"https:\/\/secure.gravatar.com\/avatar\/55cb5e37c1efa326397366e6974cb338056df65cb50e7d64d1cf314e87504837?s=96&d=mm&r=g","contentUrl":"https:\/\/secure.gravatar.com\/avatar\/55cb5e37c1efa326397366e6974cb338056df65cb50e7d64d1cf314e87504837?s=96&d=mm&r=g","caption":"Arnaldo Botto"},"url":"https:\/\/www.noticiasradioreflejos.com.ar\/2021\/author\/arnaldo\/"}]}},"_links":{"self":[{"href":"https:\/\/www.noticiasradioreflejos.com.ar\/2021\/wp-json\/wp\/v2\/posts\/41336","targetHints":{"allow":["GET"]}}],"collection":[{"href":"https:\/\/www.noticiasradioreflejos.com.ar\/2021\/wp-json\/wp\/v2\/posts"}],"about":[{"href":"https:\/\/www.noticiasradioreflejos.com.ar\/2021\/wp-json\/wp\/v2\/types\/post"}],"author":[{"embeddable":true,"href":"https:\/\/www.noticiasradioreflejos.com.ar\/2021\/wp-json\/wp\/v2\/users\/3"}],"replies":[{"embeddable":true,"href":"https:\/\/www.noticiasradioreflejos.com.ar\/2021\/wp-json\/wp\/v2\/comments?post=41336"}],"version-history":[{"count":0,"href":"https:\/\/www.noticiasradioreflejos.com.ar\/2021\/wp-json\/wp\/v2\/posts\/41336\/revisions"}],"wp:attachment":[{"href":"https:\/\/www.noticiasradioreflejos.com.ar\/2021\/wp-json\/wp\/v2\/media?parent=41336"}],"wp:term":[{"taxonomy":"category","embeddable":true,"href":"https:\/\/www.noticiasradioreflejos.com.ar\/2021\/wp-json\/wp\/v2\/categories?post=41336"},{"taxonomy":"post_tag","embeddable":true,"href":"https:\/\/www.noticiasradioreflejos.com.ar\/2021\/wp-json\/wp\/v2\/tags?post=41336"}],"curies":[{"name":"wp","href":"https:\/\/api.w.org\/{rel}","templated":true}]}}