{"id":41330,"date":"2020-04-28T19:55:06","date_gmt":"2020-04-28T22:55:06","guid":{"rendered":"http:\/\/www.noticiasradioreflejos.com.ar\/noticias\/?p=41330"},"modified":"2020-04-28T19:55:06","modified_gmt":"2020-04-28T22:55:06","slug":"este-miercoles-cobran-el-ife-las-personas-con-documentos-terminados-en-6-y-que-eligieron-su-pago-por-cbu","status":"publish","type":"post","link":"https:\/\/www.noticiasradioreflejos.com.ar\/2021\/este-miercoles-cobran-el-ife-las-personas-con-documentos-terminados-en-6-y-que-eligieron-su-pago-por-cbu\/","title":{"rendered":"Este mi\u00e9rcoles cobran el IFE las personas con documentos terminados en 6 y que eligieron su pago por CBU"},"content":{"rendered":"<p>La ANSES informa que, este mi\u00e9rcoles 29 de abril, se les acreditar\u00e1n los 10.000 pesos del Ingreso Familiar de Emergencia (IFE) a las personas cuyo documento finaliza en 6, se inscribieron entre el 27 y 31 de marzo y seleccionaron la opci\u00f3n de cobro por CBU del 11 al 15 de abril pasados.<!--more--><\/p>\n<p>En total, el monto que se pagar\u00e1 en esta primera etapa es de 9765 millones de pesos, que impacta en casi un mill\u00f3n de personas a las que se les acreditar\u00e1 el dinero en sus cuentas de acuerdo con el n\u00famero de terminaci\u00f3n de sus DNI, a raz\u00f3n de un d\u00edgito por d\u00eda h\u00e1bil. Este ingreso excepcional deber\u00e1 ser retirado -tal como se hace habitualmente- de los cajeros autom\u00e1ticos utilizando la tarjeta de d\u00e9bito.<\/p>\n<p>El cronograma, que se detalla m\u00e1s abajo, no incluye a las personas que eligieron otros medios de cobro del 16 al 20 de abril.<\/p>\n<p>El esquema de pago contin\u00faa de la siguiente manera: jueves 30, documentos terminados en 7; lunes 4 de mayo, en 8 y martes 5 de mayo, en 9.<\/p>\n","protected":false},"excerpt":{"rendered":"<p>La ANSES informa que, este mi\u00e9rcoles 29 de abril, se les acreditar\u00e1n los 10.000 pesos del Ingreso Familiar de Emergencia (IFE) a las personas cuyo documento finaliza en 6, se inscribieron entre el 27 y 31 de marzo y seleccionaron la opci\u00f3n de cobro por CBU del 11 al 15 de abril pasados.<\/p>\n","protected":false},"author":3,"featured_media":0,"comment_status":"closed","ping_status":"open","sticky":false,"template":"","format":"standard","meta":{"footnotes":""},"categories":[36],"tags":[],"class_list":["post-41330","post","type-post","status-publish","format-standard","hentry","category-economia"],"yoast_head":"<!-- This site is optimized with the Yoast SEO plugin v25.9 - https:\/\/yoast.com\/wordpress\/plugins\/seo\/ -->\n<title>Este mi\u00e9rcoles cobran el IFE las personas con documentos terminados en 6 y que eligieron su pago por CBU - Noticias Radio Reflejos<\/title>\n<meta name=\"robots\" content=\"index, follow, max-snippet:-1, max-image-preview:large, max-video-preview:-1\" \/>\n<link rel=\"canonical\" href=\"https:\/\/www.noticiasradioreflejos.com.ar\/2021\/este-miercoles-cobran-el-ife-las-personas-con-documentos-terminados-en-6-y-que-eligieron-su-pago-por-cbu\/\" \/>\n<meta property=\"og:locale\" content=\"es_ES\" \/>\n<meta property=\"og:type\" content=\"article\" \/>\n<meta property=\"og:title\" content=\"Este mi\u00e9rcoles cobran el IFE las personas con documentos terminados en 6 y que eligieron su pago por CBU - Noticias Radio Reflejos\" \/>\n<meta property=\"og:description\" content=\"La ANSES informa que, este mi\u00e9rcoles 29 de abril, se les acreditar\u00e1n los 10.000 pesos del Ingreso Familiar de Emergencia (IFE) a las personas cuyo documento finaliza en 6, se inscribieron entre el 27 y 31 de marzo y seleccionaron la opci\u00f3n de cobro por CBU del 11 al 15 de abril pasados.\" \/>\n<meta property=\"og:url\" content=\"https:\/\/www.noticiasradioreflejos.com.ar\/2021\/este-miercoles-cobran-el-ife-las-personas-con-documentos-terminados-en-6-y-que-eligieron-su-pago-por-cbu\/\" \/>\n<meta property=\"og:site_name\" content=\"Noticias Radio Reflejos\" \/>\n<meta property=\"article:published_time\" content=\"2020-04-28T22:55:06+00:00\" \/>\n<meta property=\"og:image\" content=\"https:\/\/www.noticiasradioreflejos.com.ar\/2021\/wp-content\/uploads\/2021\/07\/logosol300x200.png\" \/>\n\t<meta property=\"og:image:width\" content=\"300\" \/>\n\t<meta property=\"og:image:height\" content=\"200\" \/>\n\t<meta property=\"og:image:type\" content=\"image\/png\" \/>\n<meta name=\"author\" content=\"Arnaldo Botto\" \/>\n<meta name=\"twitter:card\" content=\"summary_large_image\" \/>\n<script type=\"application\/ld+json\" class=\"yoast-schema-graph\">{\"@context\":\"https:\/\/schema.org\",\"@graph\":[{\"@type\":\"WebPage\",\"@id\":\"https:\/\/www.noticiasradioreflejos.com.ar\/2021\/este-miercoles-cobran-el-ife-las-personas-con-documentos-terminados-en-6-y-que-eligieron-su-pago-por-cbu\/\",\"url\":\"https:\/\/www.noticiasradioreflejos.com.ar\/2021\/este-miercoles-cobran-el-ife-las-personas-con-documentos-terminados-en-6-y-que-eligieron-su-pago-por-cbu\/\",\"name\":\"Este mi\u00e9rcoles cobran el IFE las personas con documentos terminados en 6 y que eligieron su pago por CBU - Noticias Radio Reflejos\",\"isPartOf\":{\"@id\":\"https:\/\/www.noticiasradioreflejos.com.ar\/2021\/#website\"},\"datePublished\":\"2020-04-28T22:55:06+00:00\",\"author\":{\"@id\":\"https:\/\/www.noticiasradioreflejos.com.ar\/2021\/#\/schema\/person\/ad82545263dcc5ec0996818884fd5fb1\"},\"breadcrumb\":{\"@id\":\"https:\/\/www.noticiasradioreflejos.com.ar\/2021\/este-miercoles-cobran-el-ife-las-personas-con-documentos-terminados-en-6-y-que-eligieron-su-pago-por-cbu\/#breadcrumb\"},\"inLanguage\":\"es\",\"potentialAction\":[{\"@type\":\"ReadAction\",\"target\":[\"https:\/\/www.noticiasradioreflejos.com.ar\/2021\/este-miercoles-cobran-el-ife-las-personas-con-documentos-terminados-en-6-y-que-eligieron-su-pago-por-cbu\/\"]}]},{\"@type\":\"BreadcrumbList\",\"@id\":\"https:\/\/www.noticiasradioreflejos.com.ar\/2021\/este-miercoles-cobran-el-ife-las-personas-con-documentos-terminados-en-6-y-que-eligieron-su-pago-por-cbu\/#breadcrumb\",\"itemListElement\":[{\"@type\":\"ListItem\",\"position\":1,\"name\":\"Portada\",\"item\":\"https:\/\/www.noticiasradioreflejos.com.ar\/2021\/\"},{\"@type\":\"ListItem\",\"position\":2,\"name\":\"Este mi\u00e9rcoles cobran el IFE las personas con documentos terminados en 6 y que eligieron su pago por CBU\"}]},{\"@type\":\"WebSite\",\"@id\":\"https:\/\/www.noticiasradioreflejos.com.ar\/2021\/#website\",\"url\":\"https:\/\/www.noticiasradioreflejos.com.ar\/2021\/\",\"name\":\"Noticias Radio Reflejos\",\"description\":\"Las noticias de mi comarca\",\"potentialAction\":[{\"@type\":\"SearchAction\",\"target\":{\"@type\":\"EntryPoint\",\"urlTemplate\":\"https:\/\/www.noticiasradioreflejos.com.ar\/2021\/?s={search_term_string}\"},\"query-input\":{\"@type\":\"PropertyValueSpecification\",\"valueRequired\":true,\"valueName\":\"search_term_string\"}}],\"inLanguage\":\"es\"},{\"@type\":\"Person\",\"@id\":\"https:\/\/www.noticiasradioreflejos.com.ar\/2021\/#\/schema\/person\/ad82545263dcc5ec0996818884fd5fb1\",\"name\":\"Arnaldo Botto\",\"image\":{\"@type\":\"ImageObject\",\"inLanguage\":\"es\",\"@id\":\"https:\/\/www.noticiasradioreflejos.com.ar\/2021\/#\/schema\/person\/image\/\",\"url\":\"https:\/\/secure.gravatar.com\/avatar\/55cb5e37c1efa326397366e6974cb338056df65cb50e7d64d1cf314e87504837?s=96&d=mm&r=g\",\"contentUrl\":\"https:\/\/secure.gravatar.com\/avatar\/55cb5e37c1efa326397366e6974cb338056df65cb50e7d64d1cf314e87504837?s=96&d=mm&r=g\",\"caption\":\"Arnaldo Botto\"},\"url\":\"https:\/\/www.noticiasradioreflejos.com.ar\/2021\/author\/arnaldo\/\"}]}<\/script>\n<!-- \/ Yoast SEO plugin. -->","yoast_head_json":{"title":"Este mi\u00e9rcoles cobran el IFE las personas con documentos terminados en 6 y que eligieron su pago por CBU - Noticias Radio Reflejos","robots":{"index":"index","follow":"follow","max-snippet":"max-snippet:-1","max-image-preview":"max-image-preview:large","max-video-preview":"max-video-preview:-1"},"canonical":"https:\/\/www.noticiasradioreflejos.com.ar\/2021\/este-miercoles-cobran-el-ife-las-personas-con-documentos-terminados-en-6-y-que-eligieron-su-pago-por-cbu\/","og_locale":"es_ES","og_type":"article","og_title":"Este mi\u00e9rcoles cobran el IFE las personas con documentos terminados en 6 y que eligieron su pago por CBU - Noticias Radio Reflejos","og_description":"La ANSES informa que, este mi\u00e9rcoles 29 de abril, se les acreditar\u00e1n los 10.000 pesos del Ingreso Familiar de Emergencia (IFE) a las personas cuyo documento finaliza en 6, se inscribieron entre el 27 y 31 de marzo y seleccionaron la opci\u00f3n de cobro por CBU del 11 al 15 de abril pasados.","og_url":"https:\/\/www.noticiasradioreflejos.com.ar\/2021\/este-miercoles-cobran-el-ife-las-personas-con-documentos-terminados-en-6-y-que-eligieron-su-pago-por-cbu\/","og_site_name":"Noticias Radio Reflejos","article_published_time":"2020-04-28T22:55:06+00:00","og_image":[{"width":300,"height":200,"url":"https:\/\/www.noticiasradioreflejos.com.ar\/2021\/wp-content\/uploads\/2021\/07\/logosol300x200.png","type":"image\/png"}],"author":"Arnaldo Botto","twitter_card":"summary_large_image","schema":{"@context":"https:\/\/schema.org","@graph":[{"@type":"WebPage","@id":"https:\/\/www.noticiasradioreflejos.com.ar\/2021\/este-miercoles-cobran-el-ife-las-personas-con-documentos-terminados-en-6-y-que-eligieron-su-pago-por-cbu\/","url":"https:\/\/www.noticiasradioreflejos.com.ar\/2021\/este-miercoles-cobran-el-ife-las-personas-con-documentos-terminados-en-6-y-que-eligieron-su-pago-por-cbu\/","name":"Este mi\u00e9rcoles cobran el IFE las personas con documentos terminados en 6 y que eligieron su pago por CBU - Noticias Radio Reflejos","isPartOf":{"@id":"https:\/\/www.noticiasradioreflejos.com.ar\/2021\/#website"},"datePublished":"2020-04-28T22:55:06+00:00","author":{"@id":"https:\/\/www.noticiasradioreflejos.com.ar\/2021\/#\/schema\/person\/ad82545263dcc5ec0996818884fd5fb1"},"breadcrumb":{"@id":"https:\/\/www.noticiasradioreflejos.com.ar\/2021\/este-miercoles-cobran-el-ife-las-personas-con-documentos-terminados-en-6-y-que-eligieron-su-pago-por-cbu\/#breadcrumb"},"inLanguage":"es","potentialAction":[{"@type":"ReadAction","target":["https:\/\/www.noticiasradioreflejos.com.ar\/2021\/este-miercoles-cobran-el-ife-las-personas-con-documentos-terminados-en-6-y-que-eligieron-su-pago-por-cbu\/"]}]},{"@type":"BreadcrumbList","@id":"https:\/\/www.noticiasradioreflejos.com.ar\/2021\/este-miercoles-cobran-el-ife-las-personas-con-documentos-terminados-en-6-y-que-eligieron-su-pago-por-cbu\/#breadcrumb","itemListElement":[{"@type":"ListItem","position":1,"name":"Portada","item":"https:\/\/www.noticiasradioreflejos.com.ar\/2021\/"},{"@type":"ListItem","position":2,"name":"Este mi\u00e9rcoles cobran el IFE las personas con documentos terminados en 6 y que eligieron su pago por CBU"}]},{"@type":"WebSite","@id":"https:\/\/www.noticiasradioreflejos.com.ar\/2021\/#website","url":"https:\/\/www.noticiasradioreflejos.com.ar\/2021\/","name":"Noticias Radio Reflejos","description":"Las noticias de mi comarca","potentialAction":[{"@type":"SearchAction","target":{"@type":"EntryPoint","urlTemplate":"https:\/\/www.noticiasradioreflejos.com.ar\/2021\/?s={search_term_string}"},"query-input":{"@type":"PropertyValueSpecification","valueRequired":true,"valueName":"search_term_string"}}],"inLanguage":"es"},{"@type":"Person","@id":"https:\/\/www.noticiasradioreflejos.com.ar\/2021\/#\/schema\/person\/ad82545263dcc5ec0996818884fd5fb1","name":"Arnaldo Botto","image":{"@type":"ImageObject","inLanguage":"es","@id":"https:\/\/www.noticiasradioreflejos.com.ar\/2021\/#\/schema\/person\/image\/","url":"https:\/\/secure.gravatar.com\/avatar\/55cb5e37c1efa326397366e6974cb338056df65cb50e7d64d1cf314e87504837?s=96&d=mm&r=g","contentUrl":"https:\/\/secure.gravatar.com\/avatar\/55cb5e37c1efa326397366e6974cb338056df65cb50e7d64d1cf314e87504837?s=96&d=mm&r=g","caption":"Arnaldo Botto"},"url":"https:\/\/www.noticiasradioreflejos.com.ar\/2021\/author\/arnaldo\/"}]}},"_links":{"self":[{"href":"https:\/\/www.noticiasradioreflejos.com.ar\/2021\/wp-json\/wp\/v2\/posts\/41330","targetHints":{"allow":["GET"]}}],"collection":[{"href":"https:\/\/www.noticiasradioreflejos.com.ar\/2021\/wp-json\/wp\/v2\/posts"}],"about":[{"href":"https:\/\/www.noticiasradioreflejos.com.ar\/2021\/wp-json\/wp\/v2\/types\/post"}],"author":[{"embeddable":true,"href":"https:\/\/www.noticiasradioreflejos.com.ar\/2021\/wp-json\/wp\/v2\/users\/3"}],"replies":[{"embeddable":true,"href":"https:\/\/www.noticiasradioreflejos.com.ar\/2021\/wp-json\/wp\/v2\/comments?post=41330"}],"version-history":[{"count":0,"href":"https:\/\/www.noticiasradioreflejos.com.ar\/2021\/wp-json\/wp\/v2\/posts\/41330\/revisions"}],"wp:attachment":[{"href":"https:\/\/www.noticiasradioreflejos.com.ar\/2021\/wp-json\/wp\/v2\/media?parent=41330"}],"wp:term":[{"taxonomy":"category","embeddable":true,"href":"https:\/\/www.noticiasradioreflejos.com.ar\/2021\/wp-json\/wp\/v2\/categories?post=41330"},{"taxonomy":"post_tag","embeddable":true,"href":"https:\/\/www.noticiasradioreflejos.com.ar\/2021\/wp-json\/wp\/v2\/tags?post=41330"}],"curies":[{"name":"wp","href":"https:\/\/api.w.org\/{rel}","templated":true}]}}