{"id":41322,"date":"2020-04-28T15:00:44","date_gmt":"2020-04-28T18:00:44","guid":{"rendered":"http:\/\/www.noticiasradioreflejos.com.ar\/noticias\/?p=41322"},"modified":"2020-04-28T15:00:44","modified_gmt":"2020-04-28T18:00:44","slug":"ante-la-duda-que-tengamos-de-los-protocolos-mantenemos-el-menor-contacto-y-la-menor-exposicion-al-exterior-ezequiel-gabella","status":"publish","type":"post","link":"https:\/\/www.noticiasradioreflejos.com.ar\/2021\/ante-la-duda-que-tengamos-de-los-protocolos-mantenemos-el-menor-contacto-y-la-menor-exposicion-al-exterior-ezequiel-gabella\/","title":{"rendered":"\u201cAnte la duda que tengamos de los protocolos, mantenemos el menor contacto y la menor exposici\u00f3n al exterior\u201d &#8211; Ezequiel Gabella."},"content":{"rendered":"<p>El Secretario de Gobierno y Seguridad de Tornquist, Ezequiel Gabella, nos aclara los grises abiertos a la interpretaci\u00f3n del nuevo protocolo de aislamiento propuesto por el Municipio, con el fin de llevar tranquilidad y certidumbre a la poblaci\u00f3n del distrito tornquistense.<!--more--><\/p>\n<p>Ezequiel comienza explic\u00e1ndonos que siempre que se hace alguna norma para regular ciertas situaciones, existen huecos que permiten distintas interpretaciones, y esos huecos deben ser llenados de alguna manera. \u201cEn los pueblos, debe primar el sentido com\u00fan\u201d sostuvo, y opin\u00f3 que en tiempos de pandemia, el sentido com\u00fan debe ser quedarse en casa, mantenerse lo m\u00e1s alejados posibles, respetar el distanciamiento y cuidarnos entre todos. \u201cAnte la duda que tengamos de los protocolos, mantenemos el menor contacto y la menor exposici\u00f3n al exterior\u201d le comunic\u00f3 a la gente contundentemente.<br \/>\n\u201cHay una divisi\u00f3n, que no tiene que ver nada con ninguna dicotom\u00eda pol\u00edtica, que son aquellas personas que tienen m\u00e1s miedo o cuidado que sostienen que cada medida de apertura o flexibilidad la toman como una medida temeraria, peligrosa, nociva para la poblaci\u00f3n. Y hay otras, que minimizan la situaci\u00f3n. Nosotros tratamos de ir por el camino del medio, porque cada vez que hablamos de la posibilidad de desarrollar alguna nueva actividad, no estamos obligando a las personas a realizarla. Lo mismo sucede con los comercios.\u201d aclar\u00f3 firmemente Ezequiel, y sentenci\u00f3 que la prioridad del Municipio es que no haya enfermos de coronavirus en Tornquist, pero que la decisi\u00f3n pol\u00edtica fue realizar una apertura para que haya movimiento econ\u00f3mico. Hoy en d\u00eda hay m\u00e1s de 600 personas (familias de 4 integrantes promedio) asistidas por alg\u00fan factor externo, ya sea por el municipio, un vecino, alguna organizaci\u00f3n, etc. Entonces, es clave darles la apertura a aquellas personas que, a causa de estas medidas, se quedaron sin trabajo. \u201cTenemos que estar muy orgullosos de los Tornquistenses (incluyendo a las localidades de todo el partido) de la solidaridad que tenemos\u201d remarc\u00f3 Ezequiel.<br \/>\nAdem\u00e1s, le preguntamos por la comunicaci\u00f3n con Provincia y nos coment\u00f3 que el di\u00e1logo es permanente, muy cercano y muy bueno, sin distinci\u00f3n de banderas pol\u00edticas, y que la respuesta de Provincia y de Naci\u00f3n siempre ha sido muy buena y acorde a las capacidades econ\u00f3micas del momento. Puntualmente, hay dos cosas m\u00e1s complejas que son la baja de recaudaci\u00f3n del Municipio y de la Provincia, que gener\u00f3 que escaseen los recursos que ingresan al Municipio, y con ello, enfrentar los gastos que el mismo tiene y que en este momento los m\u00e1s grandes son los sueldos. Por otro lado, con respecto a los insumos de salud, Ezequiel nos cont\u00f3 que hay una situaci\u00f3n que molest\u00f3 a los Municipios, y es que se ha intentado hacer una evaluaci\u00f3n de lo preparados que estamos para la pandemia y la cantidad de respiradores que tenemos. Y lo que realmente desconcert\u00f3 a los Municipios fue que Naci\u00f3n administrar\u00e1 todos los respiradores producidos en este tiempo, sin importar si nosotros ya hab\u00edamos encargado uno. \u201cEl tema respiradores no es tan sencillo, no es una responsabilidad del Poder Ejecutivo del Municipio. Los respiradores necesitan de una estructura mucho m\u00e1s grande para funcionar, necesitan de una terapia y, por lo tanto, de un m\u00e9dico terapista trabajando las 24 horas, y estar aislado en otra parte del edificio, con enfermeros entrenados de una manera diferenciada\u201d, sentenci\u00f3.<br \/>\nLas c\u00e1maras y agrupaciones pol\u00edticas solicitan los arcos pulverizadores para los veh\u00edculos para el ingreso al pueblo, pero Ezequiel nos comenta que, al asesorarse con m\u00e9dicos, descubrieron que son s\u00f3lo una herramienta para mantener a la gente tranquila, ya que si la persona que maneja est\u00e1 infectada, el virus vive en la cabina del auto y no en el exterior. \u201cPoner gente a trabajar en esto y derrochar recursos s\u00f3lo para la pantalla nos parece un desprop\u00f3sito\u201d afirm\u00f3. Por otro lado, est\u00e1n los arcos para las personas. Hay un ofrecimiento por parte de un privado, Viginet-IP, en financiar en parte un t\u00fanel de ozono para instalar en la entrada del hospital. Toda persona que ingresar\u00eda al hospital pasar\u00eda por esa cabina y ser\u00eda desinfectado totalmente. \u201cEs algo muy novedoso que se est\u00e1 evaluando\u201d detall\u00f3.<br \/>\nAtendiendo a las consultas de los oyentes de la radio, hablamos sobre la sanitizaci\u00f3n de los productos de los supermercados, a lo que Ezequiel respondi\u00f3 que algunas localidades hab\u00edan tomado la medida de no dejar ingresar a los proveedores, pero que no pudo ser sostenida en el tiempo por la imposibilidad f\u00edsica y demanda de personas y de estructura. \u201cNo podemos pretender que el municipio se haga cargo de todo. Lo m\u00e1s eficiente ser\u00eda que cada consumidor higienice los productos al llegar a su casa\u201d.<br \/>\nEzequiel nos cont\u00f3 que a partir de este Domingo pasado, uno de los grises m\u00e1s grandes que deja a libre interpretaci\u00f3n y que concierne a la poblaci\u00f3n, es el tema de las caminatas recreativas. Contestando una pregunta puntual, dijo \u201cS\u00ed, se puede caminar en la bicisenda del pueblo\u201d. El Gobernador no va a reglamentar las salidas recreativas, sino que ser\u00e1 cada Intendente quien, conociendo la realidad de su distrito, reglamentar\u00e1 las caminatas. La idea es que la gente siga respetando el distanciamiento social, entonces, hay que tratar de realizar estas caminatas donde haya menos gente posible.<br \/>\nFinalmente, Ezequiel nos aclara algunas cosas con respecto a los adultos mayores. \u201cLa persona que considera que por su edad o por su estado f\u00edsico no se encuentra en las condiciones para exponerse, va a tener exclusividad el d\u00eda Lunes para salir, ya que va a andar gente caminando por las calles en las mismas condiciones que \u00e9l\/ella. Puede salir el d\u00eda que le corresponde por documento tambi\u00e9n, pero desde el municipio le damos la exclusividad de estar m\u00e1s cuidado. Las personas que no puedan caminar, tienen la posibilidad de salir en el auto a despejarse tambi\u00e9n\u201d.<br \/>\n\u201cTenemos que aprovechar esta oportunidad de las salidas recreativas, porque as\u00ed como no nos tembl\u00f3 el pulso para darle apertura a estas actividades, tampoco nos va a temblar el pulso para prohibirlas en caso de que la poblaci\u00f3n no las realice respetando el protocolo\u201d sentenci\u00f3 finalmente.<\/p>\n<p><iframe loading=\"lazy\" src=\"https:\/\/w.soundcloud.com\/player\/?url=https%3A\/\/api.soundcloud.com\/tracks\/808996849&amp;color=%23ff5500&amp;auto_play=false&amp;hide_related=false&amp;show_comments=true&amp;show_user=true&amp;show_reposts=false&amp;show_teaser=true\" width=\"100%\" height=\"166\" frameborder=\"no\" scrolling=\"no\"><\/iframe><\/p>\n<div style=\"font-size: 10px; color: #cccccc; line-break: anywhere; word-break: normal; overflow: hidden; white-space: nowrap; text-overflow: ellipsis; font-family: Interstate,Lucida Grande,Lucida Sans Unicode,Lucida Sans,Garuda,Verdana,Tahoma,sans-serif; font-weight: 100;\"><a style=\"color: #cccccc; text-decoration: none;\" title=\"fmreflejos 103.7\" href=\"https:\/\/soundcloud.com\/fmreflejos-103-7\" target=\"_blank\" rel=\"noopener\">fmreflejos 103.7<\/a> \u00b7 <a style=\"color: #cccccc; text-decoration: none;\" title=\"Ezequiel Gabella - Nuevo protocolo aislamiento,\" href=\"https:\/\/soundcloud.com\/fmreflejos-103-7\/nota-ezequiel\" target=\"_blank\" rel=\"noopener\">Ezequiel Gabella &#8211; Nuevo protocolo aislamiento,<\/a><\/div>\n","protected":false},"excerpt":{"rendered":"<p>El Secretario de Gobierno y Seguridad de Tornquist, Ezequiel Gabella, nos aclara los grises abiertos a la interpretaci\u00f3n del nuevo protocolo de aislamiento propuesto por el Municipio, con el fin de llevar tranquilidad y certidumbre a la poblaci\u00f3n del distrito tornquistense.<\/p>\n","protected":false},"author":3,"featured_media":0,"comment_status":"closed","ping_status":"open","sticky":false,"template":"","format":"standard","meta":{"footnotes":""},"categories":[28],"tags":[],"class_list":["post-41322","post","type-post","status-publish","format-standard","hentry","category-municipales"],"yoast_head":"<!-- This site is optimized with the Yoast SEO plugin v25.9 - https:\/\/yoast.com\/wordpress\/plugins\/seo\/ -->\n<title>\u201cAnte la duda que tengamos de los protocolos, mantenemos el menor contacto y la menor exposici\u00f3n al exterior\u201d - Ezequiel Gabella. - Noticias Radio Reflejos<\/title>\n<meta name=\"robots\" content=\"index, follow, max-snippet:-1, max-image-preview:large, max-video-preview:-1\" \/>\n<link rel=\"canonical\" href=\"https:\/\/www.noticiasradioreflejos.com.ar\/2021\/ante-la-duda-que-tengamos-de-los-protocolos-mantenemos-el-menor-contacto-y-la-menor-exposicion-al-exterior-ezequiel-gabella\/\" \/>\n<meta property=\"og:locale\" content=\"es_ES\" \/>\n<meta property=\"og:type\" content=\"article\" \/>\n<meta property=\"og:title\" content=\"\u201cAnte la duda que tengamos de los protocolos, mantenemos el menor contacto y la menor exposici\u00f3n al exterior\u201d - Ezequiel Gabella. - Noticias Radio Reflejos\" \/>\n<meta property=\"og:description\" content=\"El Secretario de Gobierno y Seguridad de Tornquist, Ezequiel Gabella, nos aclara los grises abiertos a la interpretaci\u00f3n del nuevo protocolo de aislamiento propuesto por el Municipio, con el fin de llevar tranquilidad y certidumbre a la poblaci\u00f3n del distrito tornquistense.\" \/>\n<meta property=\"og:url\" content=\"https:\/\/www.noticiasradioreflejos.com.ar\/2021\/ante-la-duda-que-tengamos-de-los-protocolos-mantenemos-el-menor-contacto-y-la-menor-exposicion-al-exterior-ezequiel-gabella\/\" \/>\n<meta property=\"og:site_name\" content=\"Noticias Radio Reflejos\" \/>\n<meta property=\"article:published_time\" content=\"2020-04-28T18:00:44+00:00\" \/>\n<meta property=\"og:image\" content=\"https:\/\/www.noticiasradioreflejos.com.ar\/2021\/wp-content\/uploads\/2021\/07\/logosol300x200.png\" \/>\n\t<meta property=\"og:image:width\" content=\"300\" \/>\n\t<meta property=\"og:image:height\" content=\"200\" \/>\n\t<meta property=\"og:image:type\" content=\"image\/png\" \/>\n<meta name=\"author\" content=\"Arnaldo Botto\" \/>\n<meta name=\"twitter:card\" content=\"summary_large_image\" \/>\n<script type=\"application\/ld+json\" class=\"yoast-schema-graph\">{\"@context\":\"https:\/\/schema.org\",\"@graph\":[{\"@type\":\"WebPage\",\"@id\":\"https:\/\/www.noticiasradioreflejos.com.ar\/2021\/ante-la-duda-que-tengamos-de-los-protocolos-mantenemos-el-menor-contacto-y-la-menor-exposicion-al-exterior-ezequiel-gabella\/\",\"url\":\"https:\/\/www.noticiasradioreflejos.com.ar\/2021\/ante-la-duda-que-tengamos-de-los-protocolos-mantenemos-el-menor-contacto-y-la-menor-exposicion-al-exterior-ezequiel-gabella\/\",\"name\":\"\u201cAnte la duda que tengamos de los protocolos, mantenemos el menor contacto y la menor exposici\u00f3n al exterior\u201d - Ezequiel Gabella. - Noticias Radio Reflejos\",\"isPartOf\":{\"@id\":\"https:\/\/www.noticiasradioreflejos.com.ar\/2021\/#website\"},\"datePublished\":\"2020-04-28T18:00:44+00:00\",\"author\":{\"@id\":\"https:\/\/www.noticiasradioreflejos.com.ar\/2021\/#\/schema\/person\/ad82545263dcc5ec0996818884fd5fb1\"},\"breadcrumb\":{\"@id\":\"https:\/\/www.noticiasradioreflejos.com.ar\/2021\/ante-la-duda-que-tengamos-de-los-protocolos-mantenemos-el-menor-contacto-y-la-menor-exposicion-al-exterior-ezequiel-gabella\/#breadcrumb\"},\"inLanguage\":\"es\",\"potentialAction\":[{\"@type\":\"ReadAction\",\"target\":[\"https:\/\/www.noticiasradioreflejos.com.ar\/2021\/ante-la-duda-que-tengamos-de-los-protocolos-mantenemos-el-menor-contacto-y-la-menor-exposicion-al-exterior-ezequiel-gabella\/\"]}]},{\"@type\":\"BreadcrumbList\",\"@id\":\"https:\/\/www.noticiasradioreflejos.com.ar\/2021\/ante-la-duda-que-tengamos-de-los-protocolos-mantenemos-el-menor-contacto-y-la-menor-exposicion-al-exterior-ezequiel-gabella\/#breadcrumb\",\"itemListElement\":[{\"@type\":\"ListItem\",\"position\":1,\"name\":\"Portada\",\"item\":\"https:\/\/www.noticiasradioreflejos.com.ar\/2021\/\"},{\"@type\":\"ListItem\",\"position\":2,\"name\":\"\u201cAnte la duda que tengamos de los protocolos, mantenemos el menor contacto y la menor exposici\u00f3n al exterior\u201d &#8211; Ezequiel Gabella.\"}]},{\"@type\":\"WebSite\",\"@id\":\"https:\/\/www.noticiasradioreflejos.com.ar\/2021\/#website\",\"url\":\"https:\/\/www.noticiasradioreflejos.com.ar\/2021\/\",\"name\":\"Noticias Radio Reflejos\",\"description\":\"Las noticias de mi comarca\",\"potentialAction\":[{\"@type\":\"SearchAction\",\"target\":{\"@type\":\"EntryPoint\",\"urlTemplate\":\"https:\/\/www.noticiasradioreflejos.com.ar\/2021\/?s={search_term_string}\"},\"query-input\":{\"@type\":\"PropertyValueSpecification\",\"valueRequired\":true,\"valueName\":\"search_term_string\"}}],\"inLanguage\":\"es\"},{\"@type\":\"Person\",\"@id\":\"https:\/\/www.noticiasradioreflejos.com.ar\/2021\/#\/schema\/person\/ad82545263dcc5ec0996818884fd5fb1\",\"name\":\"Arnaldo Botto\",\"image\":{\"@type\":\"ImageObject\",\"inLanguage\":\"es\",\"@id\":\"https:\/\/www.noticiasradioreflejos.com.ar\/2021\/#\/schema\/person\/image\/\",\"url\":\"https:\/\/secure.gravatar.com\/avatar\/55cb5e37c1efa326397366e6974cb338056df65cb50e7d64d1cf314e87504837?s=96&d=mm&r=g\",\"contentUrl\":\"https:\/\/secure.gravatar.com\/avatar\/55cb5e37c1efa326397366e6974cb338056df65cb50e7d64d1cf314e87504837?s=96&d=mm&r=g\",\"caption\":\"Arnaldo Botto\"},\"url\":\"https:\/\/www.noticiasradioreflejos.com.ar\/2021\/author\/arnaldo\/\"}]}<\/script>\n<!-- \/ Yoast SEO plugin. -->","yoast_head_json":{"title":"\u201cAnte la duda que tengamos de los protocolos, mantenemos el menor contacto y la menor exposici\u00f3n al exterior\u201d - Ezequiel Gabella. - Noticias Radio Reflejos","robots":{"index":"index","follow":"follow","max-snippet":"max-snippet:-1","max-image-preview":"max-image-preview:large","max-video-preview":"max-video-preview:-1"},"canonical":"https:\/\/www.noticiasradioreflejos.com.ar\/2021\/ante-la-duda-que-tengamos-de-los-protocolos-mantenemos-el-menor-contacto-y-la-menor-exposicion-al-exterior-ezequiel-gabella\/","og_locale":"es_ES","og_type":"article","og_title":"\u201cAnte la duda que tengamos de los protocolos, mantenemos el menor contacto y la menor exposici\u00f3n al exterior\u201d - Ezequiel Gabella. - Noticias Radio Reflejos","og_description":"El Secretario de Gobierno y Seguridad de Tornquist, Ezequiel Gabella, nos aclara los grises abiertos a la interpretaci\u00f3n del nuevo protocolo de aislamiento propuesto por el Municipio, con el fin de llevar tranquilidad y certidumbre a la poblaci\u00f3n del distrito tornquistense.","og_url":"https:\/\/www.noticiasradioreflejos.com.ar\/2021\/ante-la-duda-que-tengamos-de-los-protocolos-mantenemos-el-menor-contacto-y-la-menor-exposicion-al-exterior-ezequiel-gabella\/","og_site_name":"Noticias Radio Reflejos","article_published_time":"2020-04-28T18:00:44+00:00","og_image":[{"width":300,"height":200,"url":"https:\/\/www.noticiasradioreflejos.com.ar\/2021\/wp-content\/uploads\/2021\/07\/logosol300x200.png","type":"image\/png"}],"author":"Arnaldo Botto","twitter_card":"summary_large_image","schema":{"@context":"https:\/\/schema.org","@graph":[{"@type":"WebPage","@id":"https:\/\/www.noticiasradioreflejos.com.ar\/2021\/ante-la-duda-que-tengamos-de-los-protocolos-mantenemos-el-menor-contacto-y-la-menor-exposicion-al-exterior-ezequiel-gabella\/","url":"https:\/\/www.noticiasradioreflejos.com.ar\/2021\/ante-la-duda-que-tengamos-de-los-protocolos-mantenemos-el-menor-contacto-y-la-menor-exposicion-al-exterior-ezequiel-gabella\/","name":"\u201cAnte la duda que tengamos de los protocolos, mantenemos el menor contacto y la menor exposici\u00f3n al exterior\u201d - Ezequiel Gabella. - Noticias Radio Reflejos","isPartOf":{"@id":"https:\/\/www.noticiasradioreflejos.com.ar\/2021\/#website"},"datePublished":"2020-04-28T18:00:44+00:00","author":{"@id":"https:\/\/www.noticiasradioreflejos.com.ar\/2021\/#\/schema\/person\/ad82545263dcc5ec0996818884fd5fb1"},"breadcrumb":{"@id":"https:\/\/www.noticiasradioreflejos.com.ar\/2021\/ante-la-duda-que-tengamos-de-los-protocolos-mantenemos-el-menor-contacto-y-la-menor-exposicion-al-exterior-ezequiel-gabella\/#breadcrumb"},"inLanguage":"es","potentialAction":[{"@type":"ReadAction","target":["https:\/\/www.noticiasradioreflejos.com.ar\/2021\/ante-la-duda-que-tengamos-de-los-protocolos-mantenemos-el-menor-contacto-y-la-menor-exposicion-al-exterior-ezequiel-gabella\/"]}]},{"@type":"BreadcrumbList","@id":"https:\/\/www.noticiasradioreflejos.com.ar\/2021\/ante-la-duda-que-tengamos-de-los-protocolos-mantenemos-el-menor-contacto-y-la-menor-exposicion-al-exterior-ezequiel-gabella\/#breadcrumb","itemListElement":[{"@type":"ListItem","position":1,"name":"Portada","item":"https:\/\/www.noticiasradioreflejos.com.ar\/2021\/"},{"@type":"ListItem","position":2,"name":"\u201cAnte la duda que tengamos de los protocolos, mantenemos el menor contacto y la menor exposici\u00f3n al exterior\u201d &#8211; Ezequiel Gabella."}]},{"@type":"WebSite","@id":"https:\/\/www.noticiasradioreflejos.com.ar\/2021\/#website","url":"https:\/\/www.noticiasradioreflejos.com.ar\/2021\/","name":"Noticias Radio Reflejos","description":"Las noticias de mi comarca","potentialAction":[{"@type":"SearchAction","target":{"@type":"EntryPoint","urlTemplate":"https:\/\/www.noticiasradioreflejos.com.ar\/2021\/?s={search_term_string}"},"query-input":{"@type":"PropertyValueSpecification","valueRequired":true,"valueName":"search_term_string"}}],"inLanguage":"es"},{"@type":"Person","@id":"https:\/\/www.noticiasradioreflejos.com.ar\/2021\/#\/schema\/person\/ad82545263dcc5ec0996818884fd5fb1","name":"Arnaldo Botto","image":{"@type":"ImageObject","inLanguage":"es","@id":"https:\/\/www.noticiasradioreflejos.com.ar\/2021\/#\/schema\/person\/image\/","url":"https:\/\/secure.gravatar.com\/avatar\/55cb5e37c1efa326397366e6974cb338056df65cb50e7d64d1cf314e87504837?s=96&d=mm&r=g","contentUrl":"https:\/\/secure.gravatar.com\/avatar\/55cb5e37c1efa326397366e6974cb338056df65cb50e7d64d1cf314e87504837?s=96&d=mm&r=g","caption":"Arnaldo Botto"},"url":"https:\/\/www.noticiasradioreflejos.com.ar\/2021\/author\/arnaldo\/"}]}},"_links":{"self":[{"href":"https:\/\/www.noticiasradioreflejos.com.ar\/2021\/wp-json\/wp\/v2\/posts\/41322","targetHints":{"allow":["GET"]}}],"collection":[{"href":"https:\/\/www.noticiasradioreflejos.com.ar\/2021\/wp-json\/wp\/v2\/posts"}],"about":[{"href":"https:\/\/www.noticiasradioreflejos.com.ar\/2021\/wp-json\/wp\/v2\/types\/post"}],"author":[{"embeddable":true,"href":"https:\/\/www.noticiasradioreflejos.com.ar\/2021\/wp-json\/wp\/v2\/users\/3"}],"replies":[{"embeddable":true,"href":"https:\/\/www.noticiasradioreflejos.com.ar\/2021\/wp-json\/wp\/v2\/comments?post=41322"}],"version-history":[{"count":0,"href":"https:\/\/www.noticiasradioreflejos.com.ar\/2021\/wp-json\/wp\/v2\/posts\/41322\/revisions"}],"wp:attachment":[{"href":"https:\/\/www.noticiasradioreflejos.com.ar\/2021\/wp-json\/wp\/v2\/media?parent=41322"}],"wp:term":[{"taxonomy":"category","embeddable":true,"href":"https:\/\/www.noticiasradioreflejos.com.ar\/2021\/wp-json\/wp\/v2\/categories?post=41322"},{"taxonomy":"post_tag","embeddable":true,"href":"https:\/\/www.noticiasradioreflejos.com.ar\/2021\/wp-json\/wp\/v2\/tags?post=41322"}],"curies":[{"name":"wp","href":"https:\/\/api.w.org\/{rel}","templated":true}]}}