{"id":41311,"date":"2020-04-28T11:08:39","date_gmt":"2020-04-28T14:08:39","guid":{"rendered":"http:\/\/www.noticiasradioreflejos.com.ar\/noticias\/?p=41311"},"modified":"2020-04-28T11:08:39","modified_gmt":"2020-04-28T14:08:39","slug":"creditos-a-tasa-cero-la-afip-confirmo-que-estaran-disponibles-recien-la-semana-que-viene","status":"publish","type":"post","link":"https:\/\/www.noticiasradioreflejos.com.ar\/2021\/creditos-a-tasa-cero-la-afip-confirmo-que-estaran-disponibles-recien-la-semana-que-viene\/","title":{"rendered":"Cr\u00e9ditos a tasa cero: la AFIP confirm\u00f3 que estar\u00e1n disponibles reci\u00e9n la semana que viene"},"content":{"rendered":"<p>Se retras\u00f3, ya que se esperaba que comience esta semana. Pero los bancos a\u00fan no tienen la informaci\u00f3n sobre los monotributistas y aut\u00f3nomos que est\u00e1n habilitados para acceder al beneficio. Aunque hab\u00eda una alta expectativa de que los cr\u00e9ditos a tasa cero para monotributistas y aut\u00f3nomos que fueron anunciados por el Gobierno comenzaran a ser otorgados en estos d\u00edas, desde la AFIP adelantaron que reci\u00e9n estar\u00e1n disponibles a partir de la semana pr\u00f3xima. El organismo es el que debe validar qui\u00e9nes son los contribuyentes que pueden acceder al beneficio.<!--more--><\/p>\n<p>El tr\u00e1mite para acceder al cr\u00e9dito se debe realizar a trav\u00e9s de la p\u00e1gina web de la AFIP, con clave fiscal. Una vez confirmados los datos, si el contribuyente est\u00e1 habilitado tendr\u00e1 que ingresar su CBU. Esos datos ser\u00e1n transmitidos al Banco Central que ser\u00e1 el encargado de solicitar a cada banco que acredite los montos correspondientes en las tarjetas de cada beneficiario.<\/p>\n<p>\u201cLa persona que solicite el cr\u00e9dito no tiene que ir al banco\u201d, aclararon desde AFIP. En la jornada del lunes, los bancos ya hab\u00edan comenzado a recibir las primeras consultas de sus clientes, que buscaban acceder a los cr\u00e9ditos. Sin embargo, se\u00f1alaron que no contaban con la reglamentaci\u00f3n ni la informaci\u00f3n de AFIP para poder avanzar.<\/p>\n<p>El Banco Central dispuso que las entidades financieras tendr\u00e1n dos d\u00edas h\u00e1biles para otorgarlos a partir de que el cliente los solicite<br \/>\n\u201cEl banco trabaj\u00f3 todo el fin de semana para preparar la implementaci\u00f3n de esta nueva operatoria y ya est\u00e1 lista. Cuando la AFIP realice la reglamentaci\u00f3n correspondiente y env\u00ede a las entidades el listado de los que pueden acceder, podemos empezar a otorgarlos. Hasta el momento, eso no ha ocurrido\u201d, explicaron a Infobae desde uno de los principales bancos privados. Y adelantaron que el proceso, una vez salvado este \u00faltimo paso, ser\u00e1 sencillo.<\/p>\n<p>El Banco Central dispuso que los cr\u00e9ditos deber\u00e1n ser acreditados por los bancos dos d\u00edas h\u00e1biles despu\u00e9s de que el cliente los solicite. El saldo se acreditar\u00e1 directamente en la tarjeta de cr\u00e9dito del beneficiario y ser\u00e1 por un monto correspondiente al 25% de la facturaci\u00f3n anual de la categor\u00eda en la que est\u00e1 inscripto con un tope de $150.000.<\/p>\n<p>Si la persona no cuenta una tarjeta de cr\u00e9dito, el banco \u2014que figura en el listado de la AFIP\u2014 deber\u00e1 emitir una tarjeta de cr\u00e9dito con un l\u00edmite de compra al menos igual a la financiaci\u00f3n que se le acredita, sin costo (excepto que el cliente realice consumos por montos superiores al importe acreditado).<\/p>\n<p>Entre otros requisitos, para calificar es necesario que la facturaci\u00f3n del monotributista o aut\u00f3nomo haya ca\u00eddo entre el 12 de marzo y el 12 de abril respecto del per\u00edodos anteriores<br \/>\nEntre otros requisitos, para calificar es necesario que la facturaci\u00f3n del monotributista o aut\u00f3nomo haya ca\u00eddo entre el 12 de marzo y el 12 de abril respecto del per\u00edodos anteriores. Y no pueden acceder qui\u00e9nes tengan un trabajo en relaci\u00f3n de dependencia o perciban una jubilaci\u00f3n. En un primer momento, tampoco estaban autorizados quienes recib\u00edan el bono de Anses de $10.000 (IFE) pero luego ese requisito fue eliminado.<\/p>\n<p>Seg\u00fan los datos oficiales, unas 2,3 millones de personas estar\u00edan en condiciones de acceder a estos cr\u00e9ditos, entre monotributistas y aut\u00f3nomos. La mayor parte de estos beneficiarios corresponde a las categor\u00edas inferiores del monotributo: el 63% corresponde a monotributistas A y B (incluidos quienes percibieron el IFE) y C.<br \/>\nPara evitar una mayor presi\u00f3n sobre el d\u00f3lar, el Banco Central estableci\u00f3 que hasta la cancelaci\u00f3n del cr\u00e9dito, los aut\u00f3nomos y monotributistas no podr\u00e1n comprar moneda extranjera en el mercado de cambios ni tampoco vender ti\u0301tulos con liquidacio\u0301n en moneda extranjera o transferirlos a otras entidades.<\/p>\n<p>El cr\u00e9dito ser\u00e1 desembolsado en tres cuotas mensuales iguales y consecutivas. Tendr\u00e1 un plazo de gracia de seis meses y se cancelar\u00e1 luego en 12 cuotas.<\/p>\n<p><strong>Por Ximena Casas &#8211; Infobae<\/strong><\/p>\n","protected":false},"excerpt":{"rendered":"<p>Se retras\u00f3, ya que se esperaba que comience esta semana. Pero los bancos a\u00fan no tienen la informaci\u00f3n sobre los monotributistas y aut\u00f3nomos que est\u00e1n habilitados para acceder al beneficio. Aunque hab\u00eda una alta expectativa de que los cr\u00e9ditos a tasa cero para monotributistas y aut\u00f3nomos que fueron anunciados por el Gobierno comenzaran a ser [&hellip;]<\/p>\n","protected":false},"author":3,"featured_media":0,"comment_status":"closed","ping_status":"open","sticky":false,"template":"","format":"standard","meta":{"footnotes":""},"categories":[36],"tags":[],"class_list":["post-41311","post","type-post","status-publish","format-standard","hentry","category-economia"],"yoast_head":"<!-- This site is optimized with the Yoast SEO plugin v25.9 - https:\/\/yoast.com\/wordpress\/plugins\/seo\/ -->\n<title>Cr\u00e9ditos a tasa cero: la AFIP confirm\u00f3 que estar\u00e1n disponibles reci\u00e9n la semana que viene - Noticias Radio Reflejos<\/title>\n<meta name=\"robots\" content=\"index, follow, max-snippet:-1, max-image-preview:large, max-video-preview:-1\" \/>\n<link rel=\"canonical\" href=\"https:\/\/www.noticiasradioreflejos.com.ar\/2021\/creditos-a-tasa-cero-la-afip-confirmo-que-estaran-disponibles-recien-la-semana-que-viene\/\" \/>\n<meta property=\"og:locale\" content=\"es_ES\" \/>\n<meta property=\"og:type\" content=\"article\" \/>\n<meta property=\"og:title\" content=\"Cr\u00e9ditos a tasa cero: la AFIP confirm\u00f3 que estar\u00e1n disponibles reci\u00e9n la semana que viene - Noticias Radio Reflejos\" \/>\n<meta property=\"og:description\" content=\"Se retras\u00f3, ya que se esperaba que comience esta semana. Pero los bancos a\u00fan no tienen la informaci\u00f3n sobre los monotributistas y aut\u00f3nomos que est\u00e1n habilitados para acceder al beneficio. Aunque hab\u00eda una alta expectativa de que los cr\u00e9ditos a tasa cero para monotributistas y aut\u00f3nomos que fueron anunciados por el Gobierno comenzaran a ser [&hellip;]\" \/>\n<meta property=\"og:url\" content=\"https:\/\/www.noticiasradioreflejos.com.ar\/2021\/creditos-a-tasa-cero-la-afip-confirmo-que-estaran-disponibles-recien-la-semana-que-viene\/\" \/>\n<meta property=\"og:site_name\" content=\"Noticias Radio Reflejos\" \/>\n<meta property=\"article:published_time\" content=\"2020-04-28T14:08:39+00:00\" \/>\n<meta property=\"og:image\" content=\"https:\/\/www.noticiasradioreflejos.com.ar\/2021\/wp-content\/uploads\/2021\/07\/logosol300x200.png\" \/>\n\t<meta property=\"og:image:width\" content=\"300\" \/>\n\t<meta property=\"og:image:height\" content=\"200\" \/>\n\t<meta property=\"og:image:type\" content=\"image\/png\" \/>\n<meta name=\"author\" content=\"Arnaldo Botto\" \/>\n<meta name=\"twitter:card\" content=\"summary_large_image\" \/>\n<script type=\"application\/ld+json\" class=\"yoast-schema-graph\">{\"@context\":\"https:\/\/schema.org\",\"@graph\":[{\"@type\":\"WebPage\",\"@id\":\"https:\/\/www.noticiasradioreflejos.com.ar\/2021\/creditos-a-tasa-cero-la-afip-confirmo-que-estaran-disponibles-recien-la-semana-que-viene\/\",\"url\":\"https:\/\/www.noticiasradioreflejos.com.ar\/2021\/creditos-a-tasa-cero-la-afip-confirmo-que-estaran-disponibles-recien-la-semana-que-viene\/\",\"name\":\"Cr\u00e9ditos a tasa cero: la AFIP confirm\u00f3 que estar\u00e1n disponibles reci\u00e9n la semana que viene - Noticias Radio Reflejos\",\"isPartOf\":{\"@id\":\"https:\/\/www.noticiasradioreflejos.com.ar\/2021\/#website\"},\"datePublished\":\"2020-04-28T14:08:39+00:00\",\"author\":{\"@id\":\"https:\/\/www.noticiasradioreflejos.com.ar\/2021\/#\/schema\/person\/ad82545263dcc5ec0996818884fd5fb1\"},\"breadcrumb\":{\"@id\":\"https:\/\/www.noticiasradioreflejos.com.ar\/2021\/creditos-a-tasa-cero-la-afip-confirmo-que-estaran-disponibles-recien-la-semana-que-viene\/#breadcrumb\"},\"inLanguage\":\"es\",\"potentialAction\":[{\"@type\":\"ReadAction\",\"target\":[\"https:\/\/www.noticiasradioreflejos.com.ar\/2021\/creditos-a-tasa-cero-la-afip-confirmo-que-estaran-disponibles-recien-la-semana-que-viene\/\"]}]},{\"@type\":\"BreadcrumbList\",\"@id\":\"https:\/\/www.noticiasradioreflejos.com.ar\/2021\/creditos-a-tasa-cero-la-afip-confirmo-que-estaran-disponibles-recien-la-semana-que-viene\/#breadcrumb\",\"itemListElement\":[{\"@type\":\"ListItem\",\"position\":1,\"name\":\"Portada\",\"item\":\"https:\/\/www.noticiasradioreflejos.com.ar\/2021\/\"},{\"@type\":\"ListItem\",\"position\":2,\"name\":\"Cr\u00e9ditos a tasa cero: la AFIP confirm\u00f3 que estar\u00e1n disponibles reci\u00e9n la semana que viene\"}]},{\"@type\":\"WebSite\",\"@id\":\"https:\/\/www.noticiasradioreflejos.com.ar\/2021\/#website\",\"url\":\"https:\/\/www.noticiasradioreflejos.com.ar\/2021\/\",\"name\":\"Noticias Radio Reflejos\",\"description\":\"Las noticias de mi comarca\",\"potentialAction\":[{\"@type\":\"SearchAction\",\"target\":{\"@type\":\"EntryPoint\",\"urlTemplate\":\"https:\/\/www.noticiasradioreflejos.com.ar\/2021\/?s={search_term_string}\"},\"query-input\":{\"@type\":\"PropertyValueSpecification\",\"valueRequired\":true,\"valueName\":\"search_term_string\"}}],\"inLanguage\":\"es\"},{\"@type\":\"Person\",\"@id\":\"https:\/\/www.noticiasradioreflejos.com.ar\/2021\/#\/schema\/person\/ad82545263dcc5ec0996818884fd5fb1\",\"name\":\"Arnaldo Botto\",\"image\":{\"@type\":\"ImageObject\",\"inLanguage\":\"es\",\"@id\":\"https:\/\/www.noticiasradioreflejos.com.ar\/2021\/#\/schema\/person\/image\/\",\"url\":\"https:\/\/secure.gravatar.com\/avatar\/55cb5e37c1efa326397366e6974cb338056df65cb50e7d64d1cf314e87504837?s=96&d=mm&r=g\",\"contentUrl\":\"https:\/\/secure.gravatar.com\/avatar\/55cb5e37c1efa326397366e6974cb338056df65cb50e7d64d1cf314e87504837?s=96&d=mm&r=g\",\"caption\":\"Arnaldo Botto\"},\"url\":\"https:\/\/www.noticiasradioreflejos.com.ar\/2021\/author\/arnaldo\/\"}]}<\/script>\n<!-- \/ Yoast SEO plugin. -->","yoast_head_json":{"title":"Cr\u00e9ditos a tasa cero: la AFIP confirm\u00f3 que estar\u00e1n disponibles reci\u00e9n la semana que viene - Noticias Radio Reflejos","robots":{"index":"index","follow":"follow","max-snippet":"max-snippet:-1","max-image-preview":"max-image-preview:large","max-video-preview":"max-video-preview:-1"},"canonical":"https:\/\/www.noticiasradioreflejos.com.ar\/2021\/creditos-a-tasa-cero-la-afip-confirmo-que-estaran-disponibles-recien-la-semana-que-viene\/","og_locale":"es_ES","og_type":"article","og_title":"Cr\u00e9ditos a tasa cero: la AFIP confirm\u00f3 que estar\u00e1n disponibles reci\u00e9n la semana que viene - Noticias Radio Reflejos","og_description":"Se retras\u00f3, ya que se esperaba que comience esta semana. Pero los bancos a\u00fan no tienen la informaci\u00f3n sobre los monotributistas y aut\u00f3nomos que est\u00e1n habilitados para acceder al beneficio. Aunque hab\u00eda una alta expectativa de que los cr\u00e9ditos a tasa cero para monotributistas y aut\u00f3nomos que fueron anunciados por el Gobierno comenzaran a ser [&hellip;]","og_url":"https:\/\/www.noticiasradioreflejos.com.ar\/2021\/creditos-a-tasa-cero-la-afip-confirmo-que-estaran-disponibles-recien-la-semana-que-viene\/","og_site_name":"Noticias Radio Reflejos","article_published_time":"2020-04-28T14:08:39+00:00","og_image":[{"width":300,"height":200,"url":"https:\/\/www.noticiasradioreflejos.com.ar\/2021\/wp-content\/uploads\/2021\/07\/logosol300x200.png","type":"image\/png"}],"author":"Arnaldo Botto","twitter_card":"summary_large_image","schema":{"@context":"https:\/\/schema.org","@graph":[{"@type":"WebPage","@id":"https:\/\/www.noticiasradioreflejos.com.ar\/2021\/creditos-a-tasa-cero-la-afip-confirmo-que-estaran-disponibles-recien-la-semana-que-viene\/","url":"https:\/\/www.noticiasradioreflejos.com.ar\/2021\/creditos-a-tasa-cero-la-afip-confirmo-que-estaran-disponibles-recien-la-semana-que-viene\/","name":"Cr\u00e9ditos a tasa cero: la AFIP confirm\u00f3 que estar\u00e1n disponibles reci\u00e9n la semana que viene - Noticias Radio Reflejos","isPartOf":{"@id":"https:\/\/www.noticiasradioreflejos.com.ar\/2021\/#website"},"datePublished":"2020-04-28T14:08:39+00:00","author":{"@id":"https:\/\/www.noticiasradioreflejos.com.ar\/2021\/#\/schema\/person\/ad82545263dcc5ec0996818884fd5fb1"},"breadcrumb":{"@id":"https:\/\/www.noticiasradioreflejos.com.ar\/2021\/creditos-a-tasa-cero-la-afip-confirmo-que-estaran-disponibles-recien-la-semana-que-viene\/#breadcrumb"},"inLanguage":"es","potentialAction":[{"@type":"ReadAction","target":["https:\/\/www.noticiasradioreflejos.com.ar\/2021\/creditos-a-tasa-cero-la-afip-confirmo-que-estaran-disponibles-recien-la-semana-que-viene\/"]}]},{"@type":"BreadcrumbList","@id":"https:\/\/www.noticiasradioreflejos.com.ar\/2021\/creditos-a-tasa-cero-la-afip-confirmo-que-estaran-disponibles-recien-la-semana-que-viene\/#breadcrumb","itemListElement":[{"@type":"ListItem","position":1,"name":"Portada","item":"https:\/\/www.noticiasradioreflejos.com.ar\/2021\/"},{"@type":"ListItem","position":2,"name":"Cr\u00e9ditos a tasa cero: la AFIP confirm\u00f3 que estar\u00e1n disponibles reci\u00e9n la semana que viene"}]},{"@type":"WebSite","@id":"https:\/\/www.noticiasradioreflejos.com.ar\/2021\/#website","url":"https:\/\/www.noticiasradioreflejos.com.ar\/2021\/","name":"Noticias Radio Reflejos","description":"Las noticias de mi comarca","potentialAction":[{"@type":"SearchAction","target":{"@type":"EntryPoint","urlTemplate":"https:\/\/www.noticiasradioreflejos.com.ar\/2021\/?s={search_term_string}"},"query-input":{"@type":"PropertyValueSpecification","valueRequired":true,"valueName":"search_term_string"}}],"inLanguage":"es"},{"@type":"Person","@id":"https:\/\/www.noticiasradioreflejos.com.ar\/2021\/#\/schema\/person\/ad82545263dcc5ec0996818884fd5fb1","name":"Arnaldo Botto","image":{"@type":"ImageObject","inLanguage":"es","@id":"https:\/\/www.noticiasradioreflejos.com.ar\/2021\/#\/schema\/person\/image\/","url":"https:\/\/secure.gravatar.com\/avatar\/55cb5e37c1efa326397366e6974cb338056df65cb50e7d64d1cf314e87504837?s=96&d=mm&r=g","contentUrl":"https:\/\/secure.gravatar.com\/avatar\/55cb5e37c1efa326397366e6974cb338056df65cb50e7d64d1cf314e87504837?s=96&d=mm&r=g","caption":"Arnaldo Botto"},"url":"https:\/\/www.noticiasradioreflejos.com.ar\/2021\/author\/arnaldo\/"}]}},"_links":{"self":[{"href":"https:\/\/www.noticiasradioreflejos.com.ar\/2021\/wp-json\/wp\/v2\/posts\/41311","targetHints":{"allow":["GET"]}}],"collection":[{"href":"https:\/\/www.noticiasradioreflejos.com.ar\/2021\/wp-json\/wp\/v2\/posts"}],"about":[{"href":"https:\/\/www.noticiasradioreflejos.com.ar\/2021\/wp-json\/wp\/v2\/types\/post"}],"author":[{"embeddable":true,"href":"https:\/\/www.noticiasradioreflejos.com.ar\/2021\/wp-json\/wp\/v2\/users\/3"}],"replies":[{"embeddable":true,"href":"https:\/\/www.noticiasradioreflejos.com.ar\/2021\/wp-json\/wp\/v2\/comments?post=41311"}],"version-history":[{"count":0,"href":"https:\/\/www.noticiasradioreflejos.com.ar\/2021\/wp-json\/wp\/v2\/posts\/41311\/revisions"}],"wp:attachment":[{"href":"https:\/\/www.noticiasradioreflejos.com.ar\/2021\/wp-json\/wp\/v2\/media?parent=41311"}],"wp:term":[{"taxonomy":"category","embeddable":true,"href":"https:\/\/www.noticiasradioreflejos.com.ar\/2021\/wp-json\/wp\/v2\/categories?post=41311"},{"taxonomy":"post_tag","embeddable":true,"href":"https:\/\/www.noticiasradioreflejos.com.ar\/2021\/wp-json\/wp\/v2\/tags?post=41311"}],"curies":[{"name":"wp","href":"https:\/\/api.w.org\/{rel}","templated":true}]}}