{"id":41231,"date":"2020-04-26T12:38:02","date_gmt":"2020-04-26T15:38:02","guid":{"rendered":"http:\/\/www.noticiasradioreflejos.com.ar\/noticias\/?p=41231"},"modified":"2020-04-26T12:38:02","modified_gmt":"2020-04-26T15:38:02","slug":"recomiendan-consumir-alimentos-frescos-y-comidas-caseras-para-fortalecer-las-defensas","status":"publish","type":"post","link":"https:\/\/www.noticiasradioreflejos.com.ar\/2021\/recomiendan-consumir-alimentos-frescos-y-comidas-caseras-para-fortalecer-las-defensas\/","title":{"rendered":"Recomiendan consumir alimentos frescos y comidas caseras para \u00abfortalecer las defensas\u00bb"},"content":{"rendered":"<p>El Ministerio de Salud recomend\u00f3 hoy \u00abaumentar el consumo de alimentos frescos\u00bb, limitar la ingesta de \u00abproductos ultraprocesados\u00bb y \u00abtomar agua\u00bb para \u00abfortalecer las defensas y mantener el sistema inmune sano\u00bb en este contexto de pandemia. Durante el habitual parte matutino diario de la cartera sobre el avance del coronavirus en el pa\u00eds, la coordinadora del Programa Nacional de alimentaci\u00f3n saludable y prevenci\u00f3n de la obesidad, Ver\u00f3nica Risso Patr\u00f3n, destac\u00f3 la \u00abimportancia de una alimentaci\u00f3n saludable para fortalecer nuestras defensas y mantener nuestro sistema inmune sano\u00bb, lo que adquiere a\u00fan m\u00e1s trascendencia \u00aben este contexto que estamos viviendo\u00bb.<!--more--><br \/>\n\u00abTenemos que aumentar el consumo de alimentos frescos, disminuir el de ultraprocesados, cocinar en casa y en conjunto, probar nuevas recetas con verduras que a veces nos cuesta incorporar; porque eso va a hacer que tengamos adultos m\u00e1s sanos\u00bb, dijo.<\/p>\n<p>Risso Patr\u00f3n explic\u00f3 adem\u00e1s de fortalecer el sistema inmune para hacer frente a virus respiratorios como el SARS CoV-2, \u00abuna alimentaci\u00f3n saludable tambi\u00e9n es muy importante para enfermedades cr\u00f3nicas no transmisibles que en la poblaci\u00f3n argentina son muy frecuentes\u00bb -tales como diabetes, hipertensi\u00f3n, enfermedades cardiovasculares-, pero tambi\u00e9n para \u00abla prevenci\u00f3n del sobrepeso y obesidad, que son muy prevalentes tanto en adultos como en ni\u00f1os\u00bb.<\/p>\n<p>\u00abTenemos que consumir la mayor cantidad posibles de alimentos frescos, es decir, carnes de todo tipo, leche, queso, huevos, legumbres y particularmente frutas y verduras tanto crudas como cocidas\u00bb, dijo.<\/p>\n<p>\u00abPor otro lado, tenemos que limitar la cantidad de productos ultra procesados que tienen altas cantidades de az\u00facar, grasas y sal que a mediano o largo plazo da\u00f1an nuestra salud y provocan las enfermedades cr\u00f3nicas no transmisibles\u00bb, agreg\u00f3.<\/p>\n<p>Como ejemplos de estos alimentos cuyo consumo diario hay que reducir, la especialista mencion\u00f3 \u00abbebidas azucaradas, alimentos listos para consumir, golosinas, sopas, hamburguesas, salchichas y galletitas\u00bb.<\/p>\n<p>Adem\u00e1s, record\u00f3 la importancia de \u00abtomar al menos ocho vasos de agua segura al d\u00eda\u00bb, porque si la hidrataci\u00f3n es muy importante, lo es a\u00fan m\u00e1s \u00aben el contexto de cuarentena\u00bb y \u00abaunque no tengamos sed\u00bb.<\/p>\n<p>Por \u00faltimo, la funcionaria pidi\u00f3 \u00abaprovechar el tiempo en casa como una oportunidad para revalorizar la cocina casera y compartida con otros\u00bb.<\/p>\n<p>\u00abLo que venimos viendo los nutricionistas es que en general se cocina cada vez menos en Argentina y en el mundo, porque no tenemos tiempo y vamos perdiendo el h\u00e1bito: por eso comemos alimentos ultra procesados\u00bb, dijo<\/p>\n<p>Es que adem\u00e1s de resultar m\u00e1s saludable, la cocina casera tiene impacto en la forma de aprovechar el tiempo libre y en la creaci\u00f3n de \u00abtradiciones\u00bb que pasan de generaci\u00f3n en generaci\u00f3n, como \u00abla comida de la abuela\u00bb, agreg\u00f3.<\/p>\n<p>\u00abLa cocina es una buena actividad para hacer con las ni\u00f1as y ni\u00f1os m\u00e1s peque\u00f1os, una actividad que puede ser l\u00fadica, divertida, estimulante pero algo importante a tener en cuenta es que si los chicos y chicas toman el h\u00e1bito de cocinar, de aprender nuevos sabores y, sobre todo si lo hacen ellos mismos, es muy probable que tengan h\u00e1bitos que van a perdurar en la vida adulta, y vamos a tener adultos m\u00e1s sanos\u00bb, concluy\u00f3.<\/p>\n","protected":false},"excerpt":{"rendered":"<p>El Ministerio de Salud recomend\u00f3 hoy \u00abaumentar el consumo de alimentos frescos\u00bb, limitar la ingesta de \u00abproductos ultraprocesados\u00bb y \u00abtomar agua\u00bb para \u00abfortalecer las defensas y mantener el sistema inmune sano\u00bb en este contexto de pandemia. Durante el habitual parte matutino diario de la cartera sobre el avance del coronavirus en el pa\u00eds, la coordinadora [&hellip;]<\/p>\n","protected":false},"author":3,"featured_media":0,"comment_status":"closed","ping_status":"open","sticky":false,"template":"","format":"standard","meta":{"footnotes":""},"categories":[30],"tags":[],"class_list":["post-41231","post","type-post","status-publish","format-standard","hentry","category-salud"],"yoast_head":"<!-- This site is optimized with the Yoast SEO plugin v25.9 - https:\/\/yoast.com\/wordpress\/plugins\/seo\/ -->\n<title>Recomiendan consumir alimentos frescos y comidas caseras para &quot;fortalecer las defensas&quot; - Noticias Radio Reflejos<\/title>\n<meta name=\"robots\" content=\"index, follow, max-snippet:-1, max-image-preview:large, max-video-preview:-1\" \/>\n<link rel=\"canonical\" href=\"https:\/\/www.noticiasradioreflejos.com.ar\/2021\/recomiendan-consumir-alimentos-frescos-y-comidas-caseras-para-fortalecer-las-defensas\/\" \/>\n<meta property=\"og:locale\" content=\"es_ES\" \/>\n<meta property=\"og:type\" content=\"article\" \/>\n<meta property=\"og:title\" content=\"Recomiendan consumir alimentos frescos y comidas caseras para &quot;fortalecer las defensas&quot; - Noticias Radio Reflejos\" \/>\n<meta property=\"og:description\" content=\"El Ministerio de Salud recomend\u00f3 hoy \u00abaumentar el consumo de alimentos frescos\u00bb, limitar la ingesta de \u00abproductos ultraprocesados\u00bb y \u00abtomar agua\u00bb para \u00abfortalecer las defensas y mantener el sistema inmune sano\u00bb en este contexto de pandemia. Durante el habitual parte matutino diario de la cartera sobre el avance del coronavirus en el pa\u00eds, la coordinadora [&hellip;]\" \/>\n<meta property=\"og:url\" content=\"https:\/\/www.noticiasradioreflejos.com.ar\/2021\/recomiendan-consumir-alimentos-frescos-y-comidas-caseras-para-fortalecer-las-defensas\/\" \/>\n<meta property=\"og:site_name\" content=\"Noticias Radio Reflejos\" \/>\n<meta property=\"article:published_time\" content=\"2020-04-26T15:38:02+00:00\" \/>\n<meta property=\"og:image\" content=\"https:\/\/www.noticiasradioreflejos.com.ar\/2021\/wp-content\/uploads\/2021\/07\/logosol300x200.png\" \/>\n\t<meta property=\"og:image:width\" content=\"300\" \/>\n\t<meta property=\"og:image:height\" content=\"200\" \/>\n\t<meta property=\"og:image:type\" content=\"image\/png\" \/>\n<meta name=\"author\" content=\"Arnaldo Botto\" \/>\n<meta name=\"twitter:card\" content=\"summary_large_image\" \/>\n<script type=\"application\/ld+json\" class=\"yoast-schema-graph\">{\"@context\":\"https:\/\/schema.org\",\"@graph\":[{\"@type\":\"WebPage\",\"@id\":\"https:\/\/www.noticiasradioreflejos.com.ar\/2021\/recomiendan-consumir-alimentos-frescos-y-comidas-caseras-para-fortalecer-las-defensas\/\",\"url\":\"https:\/\/www.noticiasradioreflejos.com.ar\/2021\/recomiendan-consumir-alimentos-frescos-y-comidas-caseras-para-fortalecer-las-defensas\/\",\"name\":\"Recomiendan consumir alimentos frescos y comidas caseras para \\\"fortalecer las defensas\\\" - Noticias Radio Reflejos\",\"isPartOf\":{\"@id\":\"https:\/\/www.noticiasradioreflejos.com.ar\/2021\/#website\"},\"datePublished\":\"2020-04-26T15:38:02+00:00\",\"author\":{\"@id\":\"https:\/\/www.noticiasradioreflejos.com.ar\/2021\/#\/schema\/person\/ad82545263dcc5ec0996818884fd5fb1\"},\"breadcrumb\":{\"@id\":\"https:\/\/www.noticiasradioreflejos.com.ar\/2021\/recomiendan-consumir-alimentos-frescos-y-comidas-caseras-para-fortalecer-las-defensas\/#breadcrumb\"},\"inLanguage\":\"es\",\"potentialAction\":[{\"@type\":\"ReadAction\",\"target\":[\"https:\/\/www.noticiasradioreflejos.com.ar\/2021\/recomiendan-consumir-alimentos-frescos-y-comidas-caseras-para-fortalecer-las-defensas\/\"]}]},{\"@type\":\"BreadcrumbList\",\"@id\":\"https:\/\/www.noticiasradioreflejos.com.ar\/2021\/recomiendan-consumir-alimentos-frescos-y-comidas-caseras-para-fortalecer-las-defensas\/#breadcrumb\",\"itemListElement\":[{\"@type\":\"ListItem\",\"position\":1,\"name\":\"Portada\",\"item\":\"https:\/\/www.noticiasradioreflejos.com.ar\/2021\/\"},{\"@type\":\"ListItem\",\"position\":2,\"name\":\"Recomiendan consumir alimentos frescos y comidas caseras para \u00abfortalecer las defensas\u00bb\"}]},{\"@type\":\"WebSite\",\"@id\":\"https:\/\/www.noticiasradioreflejos.com.ar\/2021\/#website\",\"url\":\"https:\/\/www.noticiasradioreflejos.com.ar\/2021\/\",\"name\":\"Noticias Radio Reflejos\",\"description\":\"Las noticias de mi comarca\",\"potentialAction\":[{\"@type\":\"SearchAction\",\"target\":{\"@type\":\"EntryPoint\",\"urlTemplate\":\"https:\/\/www.noticiasradioreflejos.com.ar\/2021\/?s={search_term_string}\"},\"query-input\":{\"@type\":\"PropertyValueSpecification\",\"valueRequired\":true,\"valueName\":\"search_term_string\"}}],\"inLanguage\":\"es\"},{\"@type\":\"Person\",\"@id\":\"https:\/\/www.noticiasradioreflejos.com.ar\/2021\/#\/schema\/person\/ad82545263dcc5ec0996818884fd5fb1\",\"name\":\"Arnaldo Botto\",\"image\":{\"@type\":\"ImageObject\",\"inLanguage\":\"es\",\"@id\":\"https:\/\/www.noticiasradioreflejos.com.ar\/2021\/#\/schema\/person\/image\/\",\"url\":\"https:\/\/secure.gravatar.com\/avatar\/55cb5e37c1efa326397366e6974cb338056df65cb50e7d64d1cf314e87504837?s=96&d=mm&r=g\",\"contentUrl\":\"https:\/\/secure.gravatar.com\/avatar\/55cb5e37c1efa326397366e6974cb338056df65cb50e7d64d1cf314e87504837?s=96&d=mm&r=g\",\"caption\":\"Arnaldo Botto\"},\"url\":\"https:\/\/www.noticiasradioreflejos.com.ar\/2021\/author\/arnaldo\/\"}]}<\/script>\n<!-- \/ Yoast SEO plugin. -->","yoast_head_json":{"title":"Recomiendan consumir alimentos frescos y comidas caseras para \"fortalecer las defensas\" - Noticias Radio Reflejos","robots":{"index":"index","follow":"follow","max-snippet":"max-snippet:-1","max-image-preview":"max-image-preview:large","max-video-preview":"max-video-preview:-1"},"canonical":"https:\/\/www.noticiasradioreflejos.com.ar\/2021\/recomiendan-consumir-alimentos-frescos-y-comidas-caseras-para-fortalecer-las-defensas\/","og_locale":"es_ES","og_type":"article","og_title":"Recomiendan consumir alimentos frescos y comidas caseras para \"fortalecer las defensas\" - Noticias Radio Reflejos","og_description":"El Ministerio de Salud recomend\u00f3 hoy \u00abaumentar el consumo de alimentos frescos\u00bb, limitar la ingesta de \u00abproductos ultraprocesados\u00bb y \u00abtomar agua\u00bb para \u00abfortalecer las defensas y mantener el sistema inmune sano\u00bb en este contexto de pandemia. Durante el habitual parte matutino diario de la cartera sobre el avance del coronavirus en el pa\u00eds, la coordinadora [&hellip;]","og_url":"https:\/\/www.noticiasradioreflejos.com.ar\/2021\/recomiendan-consumir-alimentos-frescos-y-comidas-caseras-para-fortalecer-las-defensas\/","og_site_name":"Noticias Radio Reflejos","article_published_time":"2020-04-26T15:38:02+00:00","og_image":[{"width":300,"height":200,"url":"https:\/\/www.noticiasradioreflejos.com.ar\/2021\/wp-content\/uploads\/2021\/07\/logosol300x200.png","type":"image\/png"}],"author":"Arnaldo Botto","twitter_card":"summary_large_image","schema":{"@context":"https:\/\/schema.org","@graph":[{"@type":"WebPage","@id":"https:\/\/www.noticiasradioreflejos.com.ar\/2021\/recomiendan-consumir-alimentos-frescos-y-comidas-caseras-para-fortalecer-las-defensas\/","url":"https:\/\/www.noticiasradioreflejos.com.ar\/2021\/recomiendan-consumir-alimentos-frescos-y-comidas-caseras-para-fortalecer-las-defensas\/","name":"Recomiendan consumir alimentos frescos y comidas caseras para \"fortalecer las defensas\" - Noticias Radio Reflejos","isPartOf":{"@id":"https:\/\/www.noticiasradioreflejos.com.ar\/2021\/#website"},"datePublished":"2020-04-26T15:38:02+00:00","author":{"@id":"https:\/\/www.noticiasradioreflejos.com.ar\/2021\/#\/schema\/person\/ad82545263dcc5ec0996818884fd5fb1"},"breadcrumb":{"@id":"https:\/\/www.noticiasradioreflejos.com.ar\/2021\/recomiendan-consumir-alimentos-frescos-y-comidas-caseras-para-fortalecer-las-defensas\/#breadcrumb"},"inLanguage":"es","potentialAction":[{"@type":"ReadAction","target":["https:\/\/www.noticiasradioreflejos.com.ar\/2021\/recomiendan-consumir-alimentos-frescos-y-comidas-caseras-para-fortalecer-las-defensas\/"]}]},{"@type":"BreadcrumbList","@id":"https:\/\/www.noticiasradioreflejos.com.ar\/2021\/recomiendan-consumir-alimentos-frescos-y-comidas-caseras-para-fortalecer-las-defensas\/#breadcrumb","itemListElement":[{"@type":"ListItem","position":1,"name":"Portada","item":"https:\/\/www.noticiasradioreflejos.com.ar\/2021\/"},{"@type":"ListItem","position":2,"name":"Recomiendan consumir alimentos frescos y comidas caseras para \u00abfortalecer las defensas\u00bb"}]},{"@type":"WebSite","@id":"https:\/\/www.noticiasradioreflejos.com.ar\/2021\/#website","url":"https:\/\/www.noticiasradioreflejos.com.ar\/2021\/","name":"Noticias Radio Reflejos","description":"Las noticias de mi comarca","potentialAction":[{"@type":"SearchAction","target":{"@type":"EntryPoint","urlTemplate":"https:\/\/www.noticiasradioreflejos.com.ar\/2021\/?s={search_term_string}"},"query-input":{"@type":"PropertyValueSpecification","valueRequired":true,"valueName":"search_term_string"}}],"inLanguage":"es"},{"@type":"Person","@id":"https:\/\/www.noticiasradioreflejos.com.ar\/2021\/#\/schema\/person\/ad82545263dcc5ec0996818884fd5fb1","name":"Arnaldo Botto","image":{"@type":"ImageObject","inLanguage":"es","@id":"https:\/\/www.noticiasradioreflejos.com.ar\/2021\/#\/schema\/person\/image\/","url":"https:\/\/secure.gravatar.com\/avatar\/55cb5e37c1efa326397366e6974cb338056df65cb50e7d64d1cf314e87504837?s=96&d=mm&r=g","contentUrl":"https:\/\/secure.gravatar.com\/avatar\/55cb5e37c1efa326397366e6974cb338056df65cb50e7d64d1cf314e87504837?s=96&d=mm&r=g","caption":"Arnaldo Botto"},"url":"https:\/\/www.noticiasradioreflejos.com.ar\/2021\/author\/arnaldo\/"}]}},"_links":{"self":[{"href":"https:\/\/www.noticiasradioreflejos.com.ar\/2021\/wp-json\/wp\/v2\/posts\/41231","targetHints":{"allow":["GET"]}}],"collection":[{"href":"https:\/\/www.noticiasradioreflejos.com.ar\/2021\/wp-json\/wp\/v2\/posts"}],"about":[{"href":"https:\/\/www.noticiasradioreflejos.com.ar\/2021\/wp-json\/wp\/v2\/types\/post"}],"author":[{"embeddable":true,"href":"https:\/\/www.noticiasradioreflejos.com.ar\/2021\/wp-json\/wp\/v2\/users\/3"}],"replies":[{"embeddable":true,"href":"https:\/\/www.noticiasradioreflejos.com.ar\/2021\/wp-json\/wp\/v2\/comments?post=41231"}],"version-history":[{"count":0,"href":"https:\/\/www.noticiasradioreflejos.com.ar\/2021\/wp-json\/wp\/v2\/posts\/41231\/revisions"}],"wp:attachment":[{"href":"https:\/\/www.noticiasradioreflejos.com.ar\/2021\/wp-json\/wp\/v2\/media?parent=41231"}],"wp:term":[{"taxonomy":"category","embeddable":true,"href":"https:\/\/www.noticiasradioreflejos.com.ar\/2021\/wp-json\/wp\/v2\/categories?post=41231"},{"taxonomy":"post_tag","embeddable":true,"href":"https:\/\/www.noticiasradioreflejos.com.ar\/2021\/wp-json\/wp\/v2\/tags?post=41231"}],"curies":[{"name":"wp","href":"https:\/\/api.w.org\/{rel}","templated":true}]}}