{"id":41216,"date":"2020-04-25T10:04:05","date_gmt":"2020-04-25T13:04:05","guid":{"rendered":"http:\/\/www.noticiasradioreflejos.com.ar\/noticias\/?p=41216"},"modified":"2020-04-25T10:04:05","modified_gmt":"2020-04-25T13:04:05","slug":"desde-hoy-la-provincia-de-buenos-aires-implementa-medidas-puntuales-de-excepcion-del-aislamiento-para-actividades-y-servicios-en-distintos-municipios-de-manera-focalizada","status":"publish","type":"post","link":"https:\/\/www.noticiasradioreflejos.com.ar\/2021\/desde-hoy-la-provincia-de-buenos-aires-implementa-medidas-puntuales-de-excepcion-del-aislamiento-para-actividades-y-servicios-en-distintos-municipios-de-manera-focalizada\/","title":{"rendered":"Desde hoy la Provincia de Buenos Aires implementa medidas puntuales de excepci\u00f3n del aislamiento para actividades y servicios en distintos municipios de manera focalizada"},"content":{"rendered":"<p>A partir de la Decisi\u00f3n Administrativa 524\/2020 adoptada por la Jefatura de Gabinete de Ministros (JGM) de la Naci\u00f3n, por la cual se except\u00faa a determinadas actividades y servicios del cumplimiento del aislamiento social, preventivo y obligatorio (ASPO), el Gobierno de la Provincia de Buenos Aires procedi\u00f3 a implementar un mecanismo de consultas y validaci\u00f3n de las excepciones de manera conjunta con sus 135 municipios. Seg\u00fan este informe, Tornquist no podr\u00e1 ampliar las actividades.<br \/>\nComo resultado, se han recibido 537 solicitudes de actividades y servicios a ser exceptuados del ASPO por parte de 72 municipios. En ese sentido, luego de realizar un exhaustivo an\u00e1lisis de la informaci\u00f3n, se dispuso lo siguiente: <!--more--><br \/>\n1. Exceptuar del ASPO a las siguientes actividades y servicios que se listan a continuaci\u00f3n para cada uno de los municipios que hicieron una presentaci\u00f3n apropiada de los distintos protocolos sanitarios y de funcionamiento:<br \/>\n1. Establecimientos que desarrollen actividades de cobranza de servicios e impuestos.<br \/>\n2. Oficinas de rentas de las Provincias, de la Ciudad de Buenos Aires y de los Municipios, con sistemas de turnos y guardias m\u00ednimas.<br \/>\n3. Actividad registral nacional y provincial, con sistema de turnos y guardias m\u00ednimas.<br \/>\n4. Venta de mercader\u00eda ya elaborada de comercios minoristas, a trav\u00e9s de plataformas de comercio electr\u00f3nico, venta telef\u00f3nica y otros mecanismos que no requieran contacto personal con clientes y \u00fanicamente mediante la modalidad de entrega a domicilio.<br \/>\n5. Atenci\u00f3n m\u00e9dica y odontol\u00f3gica programada, de car\u00e1cter preventivo y seguimiento de enfermedades cr\u00f3nicas, con sistema de turno previo.<br \/>\n6. Laboratorios de an\u00e1lisis cl\u00ednicos y centros de diagn\u00f3stico por imagen, con sistema de turno previo.<br \/>\n7. \u00d3pticas, con sistema de turno previo.<br \/>\n8. Peritos y liquidadores de siniestros de las compa\u00f1\u00edas aseguradoras que permitan realizar la liquidaci\u00f3n y pago de los siniestros denunciados a los beneficiarios y a las beneficiarias. En ning\u00fan caso se podr\u00e1 realizar atenci\u00f3n al p\u00fablico y todos los tr\u00e1mites deber\u00e1n hacerse en forma virtual, incluyendo los pagos correspondientes.<br \/>\n9. Establecimientos para la atenci\u00f3n de personas v\u00edctimas de violencia de g\u00e9nero.<\/p>\n<p><a href=\"http:\/\/www.noticiasradioreflejos.com.ar\/noticias\/wp-content\/uploads\/2020\/04\/Municipios-en-pandemia.png\"><img loading=\"lazy\" decoding=\"async\" class=\"aligncenter size-full wp-image-41217\" src=\"http:\/\/www.noticiasradioreflejos.com.ar\/noticias\/wp-content\/uploads\/2020\/04\/Municipios-en-pandemia.png\" alt=\"Municipios en pandemia\" width=\"554\" height=\"530\" \/><\/a><br \/>\nPor otro lado, se estableci\u00f3:<br \/>\n2. Solicitar informaci\u00f3n adicional referente a los protocolos sanitarios y de funcionamiento a los municipios que solicitaron la excepci\u00f3n para actividades y servicios incluidos en los incisos 1 a 9 del art\u00edculo 1\u00b0 de la Decisi\u00f3n Administrativa 524\/2020 de la JGM de la Naci\u00f3n.<br \/>\n3. Enviar al Ministerio de Producci\u00f3n, Ciencia e Innovaci\u00f3n Tecnol\u00f3gica de la provincia las solicitudes realizadas por los siguientes municipios para actividades y servicios incluidos en los incisos 10 (Producci\u00f3n para la exportaci\u00f3n) y 11 (Procesos industriales espec\u00edficos) del art\u00edculo 1\u00b0 de la Decisi\u00f3n<\/p>\n<p>Administrativa 524\/2020 de la JGM de la Naci\u00f3n. Dichas solicitudes, ser\u00e1n validadas en consulta con el Ministerio de Desarrollo Productivo de la Naci\u00f3n, tal como establece la norma.<br \/>\n4. Consultar con el Gobierno Nacional la posibilidad de excepci\u00f3n en actividades y servicios no exceptuados a la fecha solicitadas por los municipios.<br \/>\nM\u00e1s all\u00e1 de los pedidos realizados hasta la fecha y dado que se trata de un proceso din\u00e1mico, el Gobierno de la Provincia de Buenos Aires continuar\u00e1 recibiendo solicitudes de excepci\u00f3n de los municipios y evaluando su conformidad de acuerdo a la evoluci\u00f3n del cuadro epidemiol\u00f3gico y sanitario de la Provincia. Esto incluye, eventualmente, la posibilidad de retrotraer las excepciones otorgadas.<\/p>\n<p>MECANISMO PARA LA AUTORIZACI\u00d3N DE EXCEPCIONES AL AISLAMIENTO SOCIAL, PREVENTIVO Y OBLIGATORIO DE ACTIVIDADES EN MUNICIPIOS DE LA PROVINCIA DE BUENOS AIRES<br \/>\n1. ACTIVIDADES EXCEPTUADAS POR EL GOBIERNO NACIONAL<br \/>\nPaso 1: Los intendentes de cada uno de los 135 de los municipios deben presentar al Gobierno de la Provincia los protocolos sanitarios, el esquema de funcionamiento y los mecanismos de fiscalizaci\u00f3n de cada una de las actividades exceptuadas.<br \/>\nPaso 2: El Gobierno de la Provincia de Buenos Aires valida las propuestas de los intendentes.<br \/>\nPaso 3: el municipio, a trav\u00e9s de un acto administrativo a nivel local, autoriza el funcionamiento de las actividades exceptuadas.<\/p>\n<p>2. ACTIVIDADES INDUSTRIALES Y PRODUCTIVAS EXCEPTUADAS POR EL GOBIERNO NACIONAL QUE DEPENDEN DE LA AUTORIZACI\u00d3N DE LA PROVINCIA PARA COMENZAR A FUNCIONAR*<br \/>\nPaso 1: Los intendentes que as\u00ed lo consideren conveniente deben presentar al Gobierno de la Provincia los protocolos sanitarios, el esquema de funcionamiento y los mecanismos de fiscalizaci\u00f3n de cada una de las actividades que pretenden ser exceptuadas.<br \/>\nPaso 2: El Gobierno de la Provincia de Buenos Aires valida caso por caso las propuestas de los intendentes, a trav\u00e9s de la intervenci\u00f3n del Ministerio de Producci\u00f3n, Ciencia e Innovaci\u00f3n Tecnol\u00f3gica.<br \/>\nPaso 3: el municipio, a trav\u00e9s de un acto administrativo a nivel local, autoriza el funcionamiento de las actividades exceptuadas.<br \/>\n* Correspondientes a los Incisos 10 &#8211; Producci\u00f3n para la exportaci\u00f3n- e Inciso 11 -Procesos industriales espec\u00edficos- del art\u00edculo 1\u00b0 de la Decisi\u00f3n Administrativa 524\/2020 de la JGM de la<\/p>\n<p>Naci\u00f3n, listadas en el Anexo I de la Resoluci\u00f3n 179\/2020 del Ministerio de Desarrollo Productivo de la Naci\u00f3n.<\/p>\n<p>3. ACTIVIDADES NO EXCEPTUADAS POR LA NORMATIVA NACIONAL<br \/>\nPaso 1: Los intendentes que soliciten la autorizaci\u00f3n para funcionar a actividades que no se encuentran exceptuadas en la actualidad, deben presentar al Gobierno de la Provincia los protocolos sanitarios, el esquema de funcionamiento y los mecanismos de fiscalizaci\u00f3n de cada una de las actividades que pretenden ser exceptuadas.<br \/>\nPaso 2: El Gobierno de la Provincia de Buenos Aires valida con el Gobierno Nacional caso por caso las propuestas de los intendentes.<br \/>\nPaso 3: En caso de que se considere razonable la solicitud y se autorice la actividad en las condiciones propuestas, el municipio, a trav\u00e9s de un acto administrativo a nivel local, autoriza el funcionamiento de las actividades exceptuadas.<br \/>\nImportante: en todos los casos, si el municipio no solicita formalmente y presenta correctamente toda la documentaci\u00f3n, las actividades no pueden comenzar a desarrollarse.<\/p>\n<p><a href=\"https:\/\/es.scribd.com\/document\/458257458\/Excepciones-Por-Municipio\"><strong>Ver comunicado Oficial.<\/strong><\/a><\/p>\n","protected":false},"excerpt":{"rendered":"<p>A partir de la Decisi\u00f3n Administrativa 524\/2020 adoptada por la Jefatura de Gabinete de Ministros (JGM) de la Naci\u00f3n, por la cual se except\u00faa a determinadas actividades y servicios del cumplimiento del aislamiento social, preventivo y obligatorio (ASPO), el Gobierno de la Provincia de Buenos Aires procedi\u00f3 a implementar un mecanismo de consultas y validaci\u00f3n [&hellip;]<\/p>\n","protected":false},"author":3,"featured_media":0,"comment_status":"closed","ping_status":"open","sticky":false,"template":"","format":"standard","meta":{"footnotes":""},"categories":[36],"tags":[],"class_list":["post-41216","post","type-post","status-publish","format-standard","hentry","category-economia"],"yoast_head":"<!-- This site is optimized with the Yoast SEO plugin v25.9 - https:\/\/yoast.com\/wordpress\/plugins\/seo\/ -->\n<title>Desde hoy la Provincia de Buenos Aires implementa medidas puntuales de excepci\u00f3n del aislamiento para actividades y servicios en distintos municipios de manera focalizada - Noticias Radio Reflejos<\/title>\n<meta name=\"robots\" content=\"index, follow, max-snippet:-1, max-image-preview:large, max-video-preview:-1\" \/>\n<link rel=\"canonical\" href=\"https:\/\/www.noticiasradioreflejos.com.ar\/2021\/desde-hoy-la-provincia-de-buenos-aires-implementa-medidas-puntuales-de-excepcion-del-aislamiento-para-actividades-y-servicios-en-distintos-municipios-de-manera-focalizada\/\" \/>\n<meta property=\"og:locale\" content=\"es_ES\" \/>\n<meta property=\"og:type\" content=\"article\" \/>\n<meta property=\"og:title\" content=\"Desde hoy la Provincia de Buenos Aires implementa medidas puntuales de excepci\u00f3n del aislamiento para actividades y servicios en distintos municipios de manera focalizada - Noticias Radio Reflejos\" \/>\n<meta property=\"og:description\" content=\"A partir de la Decisi\u00f3n Administrativa 524\/2020 adoptada por la Jefatura de Gabinete de Ministros (JGM) de la Naci\u00f3n, por la cual se except\u00faa a determinadas actividades y servicios del cumplimiento del aislamiento social, preventivo y obligatorio (ASPO), el Gobierno de la Provincia de Buenos Aires procedi\u00f3 a implementar un mecanismo de consultas y validaci\u00f3n [&hellip;]\" \/>\n<meta property=\"og:url\" content=\"https:\/\/www.noticiasradioreflejos.com.ar\/2021\/desde-hoy-la-provincia-de-buenos-aires-implementa-medidas-puntuales-de-excepcion-del-aislamiento-para-actividades-y-servicios-en-distintos-municipios-de-manera-focalizada\/\" \/>\n<meta property=\"og:site_name\" content=\"Noticias Radio Reflejos\" \/>\n<meta property=\"article:published_time\" content=\"2020-04-25T13:04:05+00:00\" \/>\n<meta property=\"og:image\" content=\"https:\/\/www.noticiasradioreflejos.com.ar\/2021\/wp-content\/uploads\/2021\/07\/logosol300x200.png\" \/>\n\t<meta property=\"og:image:width\" content=\"300\" \/>\n\t<meta property=\"og:image:height\" content=\"200\" \/>\n\t<meta property=\"og:image:type\" content=\"image\/png\" \/>\n<meta name=\"author\" content=\"Arnaldo Botto\" \/>\n<meta name=\"twitter:card\" content=\"summary_large_image\" \/>\n<script type=\"application\/ld+json\" class=\"yoast-schema-graph\">{\"@context\":\"https:\/\/schema.org\",\"@graph\":[{\"@type\":\"WebPage\",\"@id\":\"https:\/\/www.noticiasradioreflejos.com.ar\/2021\/desde-hoy-la-provincia-de-buenos-aires-implementa-medidas-puntuales-de-excepcion-del-aislamiento-para-actividades-y-servicios-en-distintos-municipios-de-manera-focalizada\/\",\"url\":\"https:\/\/www.noticiasradioreflejos.com.ar\/2021\/desde-hoy-la-provincia-de-buenos-aires-implementa-medidas-puntuales-de-excepcion-del-aislamiento-para-actividades-y-servicios-en-distintos-municipios-de-manera-focalizada\/\",\"name\":\"Desde hoy la Provincia de Buenos Aires implementa medidas puntuales de excepci\u00f3n del aislamiento para actividades y servicios en distintos municipios de manera focalizada - Noticias Radio Reflejos\",\"isPartOf\":{\"@id\":\"https:\/\/www.noticiasradioreflejos.com.ar\/2021\/#website\"},\"primaryImageOfPage\":{\"@id\":\"https:\/\/www.noticiasradioreflejos.com.ar\/2021\/desde-hoy-la-provincia-de-buenos-aires-implementa-medidas-puntuales-de-excepcion-del-aislamiento-para-actividades-y-servicios-en-distintos-municipios-de-manera-focalizada\/#primaryimage\"},\"image\":{\"@id\":\"https:\/\/www.noticiasradioreflejos.com.ar\/2021\/desde-hoy-la-provincia-de-buenos-aires-implementa-medidas-puntuales-de-excepcion-del-aislamiento-para-actividades-y-servicios-en-distintos-municipios-de-manera-focalizada\/#primaryimage\"},\"thumbnailUrl\":\"http:\/\/www.noticiasradioreflejos.com.ar\/noticias\/wp-content\/uploads\/2020\/04\/Municipios-en-pandemia.png\",\"datePublished\":\"2020-04-25T13:04:05+00:00\",\"author\":{\"@id\":\"https:\/\/www.noticiasradioreflejos.com.ar\/2021\/#\/schema\/person\/ad82545263dcc5ec0996818884fd5fb1\"},\"breadcrumb\":{\"@id\":\"https:\/\/www.noticiasradioreflejos.com.ar\/2021\/desde-hoy-la-provincia-de-buenos-aires-implementa-medidas-puntuales-de-excepcion-del-aislamiento-para-actividades-y-servicios-en-distintos-municipios-de-manera-focalizada\/#breadcrumb\"},\"inLanguage\":\"es\",\"potentialAction\":[{\"@type\":\"ReadAction\",\"target\":[\"https:\/\/www.noticiasradioreflejos.com.ar\/2021\/desde-hoy-la-provincia-de-buenos-aires-implementa-medidas-puntuales-de-excepcion-del-aislamiento-para-actividades-y-servicios-en-distintos-municipios-de-manera-focalizada\/\"]}]},{\"@type\":\"ImageObject\",\"inLanguage\":\"es\",\"@id\":\"https:\/\/www.noticiasradioreflejos.com.ar\/2021\/desde-hoy-la-provincia-de-buenos-aires-implementa-medidas-puntuales-de-excepcion-del-aislamiento-para-actividades-y-servicios-en-distintos-municipios-de-manera-focalizada\/#primaryimage\",\"url\":\"http:\/\/www.noticiasradioreflejos.com.ar\/noticias\/wp-content\/uploads\/2020\/04\/Municipios-en-pandemia.png\",\"contentUrl\":\"http:\/\/www.noticiasradioreflejos.com.ar\/noticias\/wp-content\/uploads\/2020\/04\/Municipios-en-pandemia.png\"},{\"@type\":\"BreadcrumbList\",\"@id\":\"https:\/\/www.noticiasradioreflejos.com.ar\/2021\/desde-hoy-la-provincia-de-buenos-aires-implementa-medidas-puntuales-de-excepcion-del-aislamiento-para-actividades-y-servicios-en-distintos-municipios-de-manera-focalizada\/#breadcrumb\",\"itemListElement\":[{\"@type\":\"ListItem\",\"position\":1,\"name\":\"Portada\",\"item\":\"https:\/\/www.noticiasradioreflejos.com.ar\/2021\/\"},{\"@type\":\"ListItem\",\"position\":2,\"name\":\"Desde hoy la Provincia de Buenos Aires implementa medidas puntuales de excepci\u00f3n del aislamiento para actividades y servicios en distintos municipios de manera focalizada\"}]},{\"@type\":\"WebSite\",\"@id\":\"https:\/\/www.noticiasradioreflejos.com.ar\/2021\/#website\",\"url\":\"https:\/\/www.noticiasradioreflejos.com.ar\/2021\/\",\"name\":\"Noticias Radio Reflejos\",\"description\":\"Las noticias de mi comarca\",\"potentialAction\":[{\"@type\":\"SearchAction\",\"target\":{\"@type\":\"EntryPoint\",\"urlTemplate\":\"https:\/\/www.noticiasradioreflejos.com.ar\/2021\/?s={search_term_string}\"},\"query-input\":{\"@type\":\"PropertyValueSpecification\",\"valueRequired\":true,\"valueName\":\"search_term_string\"}}],\"inLanguage\":\"es\"},{\"@type\":\"Person\",\"@id\":\"https:\/\/www.noticiasradioreflejos.com.ar\/2021\/#\/schema\/person\/ad82545263dcc5ec0996818884fd5fb1\",\"name\":\"Arnaldo Botto\",\"image\":{\"@type\":\"ImageObject\",\"inLanguage\":\"es\",\"@id\":\"https:\/\/www.noticiasradioreflejos.com.ar\/2021\/#\/schema\/person\/image\/\",\"url\":\"https:\/\/secure.gravatar.com\/avatar\/55cb5e37c1efa326397366e6974cb338056df65cb50e7d64d1cf314e87504837?s=96&d=mm&r=g\",\"contentUrl\":\"https:\/\/secure.gravatar.com\/avatar\/55cb5e37c1efa326397366e6974cb338056df65cb50e7d64d1cf314e87504837?s=96&d=mm&r=g\",\"caption\":\"Arnaldo Botto\"},\"url\":\"https:\/\/www.noticiasradioreflejos.com.ar\/2021\/author\/arnaldo\/\"}]}<\/script>\n<!-- \/ Yoast SEO plugin. -->","yoast_head_json":{"title":"Desde hoy la Provincia de Buenos Aires implementa medidas puntuales de excepci\u00f3n del aislamiento para actividades y servicios en distintos municipios de manera focalizada - Noticias Radio Reflejos","robots":{"index":"index","follow":"follow","max-snippet":"max-snippet:-1","max-image-preview":"max-image-preview:large","max-video-preview":"max-video-preview:-1"},"canonical":"https:\/\/www.noticiasradioreflejos.com.ar\/2021\/desde-hoy-la-provincia-de-buenos-aires-implementa-medidas-puntuales-de-excepcion-del-aislamiento-para-actividades-y-servicios-en-distintos-municipios-de-manera-focalizada\/","og_locale":"es_ES","og_type":"article","og_title":"Desde hoy la Provincia de Buenos Aires implementa medidas puntuales de excepci\u00f3n del aislamiento para actividades y servicios en distintos municipios de manera focalizada - Noticias Radio Reflejos","og_description":"A partir de la Decisi\u00f3n Administrativa 524\/2020 adoptada por la Jefatura de Gabinete de Ministros (JGM) de la Naci\u00f3n, por la cual se except\u00faa a determinadas actividades y servicios del cumplimiento del aislamiento social, preventivo y obligatorio (ASPO), el Gobierno de la Provincia de Buenos Aires procedi\u00f3 a implementar un mecanismo de consultas y validaci\u00f3n [&hellip;]","og_url":"https:\/\/www.noticiasradioreflejos.com.ar\/2021\/desde-hoy-la-provincia-de-buenos-aires-implementa-medidas-puntuales-de-excepcion-del-aislamiento-para-actividades-y-servicios-en-distintos-municipios-de-manera-focalizada\/","og_site_name":"Noticias Radio Reflejos","article_published_time":"2020-04-25T13:04:05+00:00","og_image":[{"width":300,"height":200,"url":"https:\/\/www.noticiasradioreflejos.com.ar\/2021\/wp-content\/uploads\/2021\/07\/logosol300x200.png","type":"image\/png"}],"author":"Arnaldo Botto","twitter_card":"summary_large_image","schema":{"@context":"https:\/\/schema.org","@graph":[{"@type":"WebPage","@id":"https:\/\/www.noticiasradioreflejos.com.ar\/2021\/desde-hoy-la-provincia-de-buenos-aires-implementa-medidas-puntuales-de-excepcion-del-aislamiento-para-actividades-y-servicios-en-distintos-municipios-de-manera-focalizada\/","url":"https:\/\/www.noticiasradioreflejos.com.ar\/2021\/desde-hoy-la-provincia-de-buenos-aires-implementa-medidas-puntuales-de-excepcion-del-aislamiento-para-actividades-y-servicios-en-distintos-municipios-de-manera-focalizada\/","name":"Desde hoy la Provincia de Buenos Aires implementa medidas puntuales de excepci\u00f3n del aislamiento para actividades y servicios en distintos municipios de manera focalizada - Noticias Radio Reflejos","isPartOf":{"@id":"https:\/\/www.noticiasradioreflejos.com.ar\/2021\/#website"},"primaryImageOfPage":{"@id":"https:\/\/www.noticiasradioreflejos.com.ar\/2021\/desde-hoy-la-provincia-de-buenos-aires-implementa-medidas-puntuales-de-excepcion-del-aislamiento-para-actividades-y-servicios-en-distintos-municipios-de-manera-focalizada\/#primaryimage"},"image":{"@id":"https:\/\/www.noticiasradioreflejos.com.ar\/2021\/desde-hoy-la-provincia-de-buenos-aires-implementa-medidas-puntuales-de-excepcion-del-aislamiento-para-actividades-y-servicios-en-distintos-municipios-de-manera-focalizada\/#primaryimage"},"thumbnailUrl":"http:\/\/www.noticiasradioreflejos.com.ar\/noticias\/wp-content\/uploads\/2020\/04\/Municipios-en-pandemia.png","datePublished":"2020-04-25T13:04:05+00:00","author":{"@id":"https:\/\/www.noticiasradioreflejos.com.ar\/2021\/#\/schema\/person\/ad82545263dcc5ec0996818884fd5fb1"},"breadcrumb":{"@id":"https:\/\/www.noticiasradioreflejos.com.ar\/2021\/desde-hoy-la-provincia-de-buenos-aires-implementa-medidas-puntuales-de-excepcion-del-aislamiento-para-actividades-y-servicios-en-distintos-municipios-de-manera-focalizada\/#breadcrumb"},"inLanguage":"es","potentialAction":[{"@type":"ReadAction","target":["https:\/\/www.noticiasradioreflejos.com.ar\/2021\/desde-hoy-la-provincia-de-buenos-aires-implementa-medidas-puntuales-de-excepcion-del-aislamiento-para-actividades-y-servicios-en-distintos-municipios-de-manera-focalizada\/"]}]},{"@type":"ImageObject","inLanguage":"es","@id":"https:\/\/www.noticiasradioreflejos.com.ar\/2021\/desde-hoy-la-provincia-de-buenos-aires-implementa-medidas-puntuales-de-excepcion-del-aislamiento-para-actividades-y-servicios-en-distintos-municipios-de-manera-focalizada\/#primaryimage","url":"http:\/\/www.noticiasradioreflejos.com.ar\/noticias\/wp-content\/uploads\/2020\/04\/Municipios-en-pandemia.png","contentUrl":"http:\/\/www.noticiasradioreflejos.com.ar\/noticias\/wp-content\/uploads\/2020\/04\/Municipios-en-pandemia.png"},{"@type":"BreadcrumbList","@id":"https:\/\/www.noticiasradioreflejos.com.ar\/2021\/desde-hoy-la-provincia-de-buenos-aires-implementa-medidas-puntuales-de-excepcion-del-aislamiento-para-actividades-y-servicios-en-distintos-municipios-de-manera-focalizada\/#breadcrumb","itemListElement":[{"@type":"ListItem","position":1,"name":"Portada","item":"https:\/\/www.noticiasradioreflejos.com.ar\/2021\/"},{"@type":"ListItem","position":2,"name":"Desde hoy la Provincia de Buenos Aires implementa medidas puntuales de excepci\u00f3n del aislamiento para actividades y servicios en distintos municipios de manera focalizada"}]},{"@type":"WebSite","@id":"https:\/\/www.noticiasradioreflejos.com.ar\/2021\/#website","url":"https:\/\/www.noticiasradioreflejos.com.ar\/2021\/","name":"Noticias Radio Reflejos","description":"Las noticias de mi comarca","potentialAction":[{"@type":"SearchAction","target":{"@type":"EntryPoint","urlTemplate":"https:\/\/www.noticiasradioreflejos.com.ar\/2021\/?s={search_term_string}"},"query-input":{"@type":"PropertyValueSpecification","valueRequired":true,"valueName":"search_term_string"}}],"inLanguage":"es"},{"@type":"Person","@id":"https:\/\/www.noticiasradioreflejos.com.ar\/2021\/#\/schema\/person\/ad82545263dcc5ec0996818884fd5fb1","name":"Arnaldo Botto","image":{"@type":"ImageObject","inLanguage":"es","@id":"https:\/\/www.noticiasradioreflejos.com.ar\/2021\/#\/schema\/person\/image\/","url":"https:\/\/secure.gravatar.com\/avatar\/55cb5e37c1efa326397366e6974cb338056df65cb50e7d64d1cf314e87504837?s=96&d=mm&r=g","contentUrl":"https:\/\/secure.gravatar.com\/avatar\/55cb5e37c1efa326397366e6974cb338056df65cb50e7d64d1cf314e87504837?s=96&d=mm&r=g","caption":"Arnaldo Botto"},"url":"https:\/\/www.noticiasradioreflejos.com.ar\/2021\/author\/arnaldo\/"}]}},"_links":{"self":[{"href":"https:\/\/www.noticiasradioreflejos.com.ar\/2021\/wp-json\/wp\/v2\/posts\/41216","targetHints":{"allow":["GET"]}}],"collection":[{"href":"https:\/\/www.noticiasradioreflejos.com.ar\/2021\/wp-json\/wp\/v2\/posts"}],"about":[{"href":"https:\/\/www.noticiasradioreflejos.com.ar\/2021\/wp-json\/wp\/v2\/types\/post"}],"author":[{"embeddable":true,"href":"https:\/\/www.noticiasradioreflejos.com.ar\/2021\/wp-json\/wp\/v2\/users\/3"}],"replies":[{"embeddable":true,"href":"https:\/\/www.noticiasradioreflejos.com.ar\/2021\/wp-json\/wp\/v2\/comments?post=41216"}],"version-history":[{"count":0,"href":"https:\/\/www.noticiasradioreflejos.com.ar\/2021\/wp-json\/wp\/v2\/posts\/41216\/revisions"}],"wp:attachment":[{"href":"https:\/\/www.noticiasradioreflejos.com.ar\/2021\/wp-json\/wp\/v2\/media?parent=41216"}],"wp:term":[{"taxonomy":"category","embeddable":true,"href":"https:\/\/www.noticiasradioreflejos.com.ar\/2021\/wp-json\/wp\/v2\/categories?post=41216"},{"taxonomy":"post_tag","embeddable":true,"href":"https:\/\/www.noticiasradioreflejos.com.ar\/2021\/wp-json\/wp\/v2\/tags?post=41216"}],"curies":[{"name":"wp","href":"https:\/\/api.w.org\/{rel}","templated":true}]}}