{"id":4121,"date":"2016-11-25T22:07:33","date_gmt":"2016-11-25T22:07:33","guid":{"rendered":"http:\/\/noticiasradioreflejos.com.ar\/noticias\/?p=4121"},"modified":"2016-11-25T22:07:33","modified_gmt":"2016-11-25T22:07:33","slug":"venimos-teniendo-una-gestion-exitosa-estamos-muy-satisfechos","status":"publish","type":"post","link":"https:\/\/www.noticiasradioreflejos.com.ar\/2021\/venimos-teniendo-una-gestion-exitosa-estamos-muy-satisfechos\/","title":{"rendered":"\u201cVenimos teniendo una gesti\u00f3n exitosa, estamos muy satisfechos\u201d"},"content":{"rendered":"<p>El Secretario de Gobierno, Ezequiel Gabella, analiz\u00f3 su exposici\u00f3n en el HCD y resalt\u00f3 dos temas: Fondo Educativo y Parque Provincial. Adem\u00e1s elogi\u00f3 a Sergio Bordoni: \u201cno se conforma con lo hecho, quiere m\u00e1s y eso es lo que nos motiva a trabajar\u201d.<!--more--><br \/>\nTal como estaba previsto, el pasado mi\u00e9rcoles el Secretario de Gobierno y Hacienda del municipio, Ezequiel Gabella, realiz\u00f3 su informe de gesti\u00f3n en el Honorable Concejo Deliberante, como lo har\u00e1 cada dos meses de ac\u00e1 en adelante.<br \/>\nLuego de su exposici\u00f3n ante los ediles, a quienes les respondi\u00f3 varias consultas, el funcionario realiz\u00f3 un balance de lo dicho:<br \/>\n\u201cNo creo haber sido agresivo ni haber hecho una cr\u00edtica desmedida a la gesti\u00f3n de gobierno anterior. Al contrario, siempre fuimos de promover la necesidad de plantear pol\u00edticas que tengan continuidad y hay cosas que inici\u00f3 el ex intendente Trankels y que hoy est\u00e1 continuando el actual jefe comunal Sergio Bordoni. Un claro ejemplo de eso es que la anterior gesti\u00f3n adquiri\u00f3 un predio en Villa Ventana y la actual pudo convertir eso en la escuela secundaria; habl\u00e9 de la senda peatonal que tenemos, que es un orgullo para todos los tornquisteneses y que en su momento la usaban los chicos que van a la Escuela T\u00e9cnica, pero que hoy se solventa con subsidios y una empresa de transporte que hace el recorrido. Creo que lo hice en forma pareja y sin ser cr\u00edtico\u201d.<br \/>\n\u201cPuntualmente rescato lo que expliqu\u00e9 del Fondo Educativo y dejar aclarado que con eso el intendente no hace magia \u2013continu\u00f3- que Trankels se ve\u00eda impedido a hacer con eso algunas cosas por la legislaci\u00f3n con la cual contaba y que hoy es m\u00e1s amplio el espectro y se puede contar con esa herramienta. Sin embargo no hay que desmerecer la decisi\u00f3n de Bordoni de dar la enorme cantidad de soluciones que se han dado no solo a establecimientos educativos, sino tambi\u00e9n a entidades que ayudan a la formaci\u00f3n de ni\u00f1os y adolescentes\u201d.<br \/>\nUno de los temas que por cuestiones de tiempo (ten\u00eda una hora para realizar su exposici\u00f3n) no pudo desarrollar fue el pase del Parque Provincial \u201cErnesto Tornquist\u201d a la administraci\u00f3n municipal. \u201cEs uno de los temas de los que m\u00e1s orgullosos estamos, reci\u00e9n iniciada la gesti\u00f3n logramos un acercamiento con el OPDS y es algo sobre lo que la gente no s\u00e9 si tiene real magnitud de lo que se logr\u00f3. Hoy en d\u00eda la totalidad de lo que se recauda en el parque va destinado a obras de infraestructura en el lugar, donde tenemos empleados en blanco; se hizo un arreglo integral de los caminos que hac\u00eda a\u00f1os no se hac\u00eda, se est\u00e1 mejorando la sala de interpretaci\u00f3n y estamos pensado en los mejoramientos de los fogones. Todo fue en el primer a\u00f1o de gesti\u00f3n, que incluye esa etapa de incertidumbre y de patinada y que llev\u00f3 varios meses ponerse en \u00f3rbita\u201d.<br \/>\n\u201cSon much\u00edsimas las cosas que se han hecho, se han proyectado y empezado a ejecutar a pesar del poco tiempo\u201d, asegur\u00f3 Gabella.<br \/>\nAsimismo, el Secretario de Gobierno admiti\u00f3 que \u201csiempre se habla de pol\u00edtica\u201d pero \u201cen los \u00e1mbitos donde debe hablarse de pol\u00edtica\u201d. En el d\u00eda a d\u00eda uno est\u00e1 trabajando y sabe que cuanto mejor salgan las cosas la campa\u00f1a ya est\u00e1 hecha, la posibilidad de que la gente siga confiando en Cambiemos, que creo que hasta ahora viene teniendo una gesti\u00f3n muy exitosa en el plano distrital. Podemos sentarnos a charlar si a nivel provincial y nacional es de la misma manera, pero uno se debe y est\u00e1 trabajando con el intendente Bordoni y consideramos que estamos muy satisfechos. El intendente no se conforma con lo hecho, quiere m\u00e1s y eso es lo que nos motiva a nosotros a trabajar\u201d, manifest\u00f3.<br \/>\nPor \u00faltimo, indic\u00f3 que para su pr\u00f3xima exposici\u00f3n, que teniendo en cuenta el parate de la actividad legislativa por las vacaciones se realizar\u00e1 a fines de febrero o principios de marzo, \u201cvoy a venir acompa\u00f1ado por alg\u00fan funcionario\u00a0 que me va a asistir a desarrollar alg\u00fan tema espec\u00edfico\u201d.<br \/>\n&nbsp;<br \/>\n&nbsp;<\/p>\n","protected":false},"excerpt":{"rendered":"<p>El Secretario de Gobierno, Ezequiel Gabella, analiz\u00f3 su exposici\u00f3n en el HCD y resalt\u00f3 dos temas: Fondo Educativo y Parque Provincial. Adem\u00e1s elogi\u00f3 a Sergio Bordoni: \u201cno se conforma con lo hecho, quiere m\u00e1s y eso es lo que nos motiva a trabajar\u201d.<\/p>\n","protected":false},"author":3,"featured_media":0,"comment_status":"closed","ping_status":"open","sticky":false,"template":"","format":"standard","meta":{"footnotes":""},"categories":[28],"tags":[],"class_list":["post-4121","post","type-post","status-publish","format-standard","hentry","category-municipales"],"yoast_head":"<!-- This site is optimized with the Yoast SEO plugin v25.9 - https:\/\/yoast.com\/wordpress\/plugins\/seo\/ -->\n<title>\u201cVenimos teniendo una gesti\u00f3n exitosa, estamos muy satisfechos\u201d - Noticias Radio Reflejos<\/title>\n<meta name=\"robots\" content=\"index, follow, max-snippet:-1, max-image-preview:large, max-video-preview:-1\" \/>\n<link rel=\"canonical\" href=\"https:\/\/www.noticiasradioreflejos.com.ar\/2021\/venimos-teniendo-una-gestion-exitosa-estamos-muy-satisfechos\/\" \/>\n<meta property=\"og:locale\" content=\"es_ES\" \/>\n<meta property=\"og:type\" content=\"article\" \/>\n<meta property=\"og:title\" content=\"\u201cVenimos teniendo una gesti\u00f3n exitosa, estamos muy satisfechos\u201d - Noticias Radio Reflejos\" \/>\n<meta property=\"og:description\" content=\"El Secretario de Gobierno, Ezequiel Gabella, analiz\u00f3 su exposici\u00f3n en el HCD y resalt\u00f3 dos temas: Fondo Educativo y Parque Provincial. Adem\u00e1s elogi\u00f3 a Sergio Bordoni: \u201cno se conforma con lo hecho, quiere m\u00e1s y eso es lo que nos motiva a trabajar\u201d.\" \/>\n<meta property=\"og:url\" content=\"https:\/\/www.noticiasradioreflejos.com.ar\/2021\/venimos-teniendo-una-gestion-exitosa-estamos-muy-satisfechos\/\" \/>\n<meta property=\"og:site_name\" content=\"Noticias Radio Reflejos\" \/>\n<meta property=\"article:published_time\" content=\"2016-11-25T22:07:33+00:00\" \/>\n<meta property=\"og:image\" content=\"https:\/\/www.noticiasradioreflejos.com.ar\/2021\/wp-content\/uploads\/2021\/07\/logosol300x200.png\" \/>\n\t<meta property=\"og:image:width\" content=\"300\" \/>\n\t<meta property=\"og:image:height\" content=\"200\" \/>\n\t<meta property=\"og:image:type\" content=\"image\/png\" \/>\n<meta name=\"author\" content=\"Arnaldo Botto\" \/>\n<meta name=\"twitter:card\" content=\"summary_large_image\" \/>\n<script type=\"application\/ld+json\" class=\"yoast-schema-graph\">{\"@context\":\"https:\/\/schema.org\",\"@graph\":[{\"@type\":\"WebPage\",\"@id\":\"https:\/\/www.noticiasradioreflejos.com.ar\/2021\/venimos-teniendo-una-gestion-exitosa-estamos-muy-satisfechos\/\",\"url\":\"https:\/\/www.noticiasradioreflejos.com.ar\/2021\/venimos-teniendo-una-gestion-exitosa-estamos-muy-satisfechos\/\",\"name\":\"\u201cVenimos teniendo una gesti\u00f3n exitosa, estamos muy satisfechos\u201d - Noticias Radio Reflejos\",\"isPartOf\":{\"@id\":\"https:\/\/www.noticiasradioreflejos.com.ar\/2021\/#website\"},\"datePublished\":\"2016-11-25T22:07:33+00:00\",\"author\":{\"@id\":\"https:\/\/www.noticiasradioreflejos.com.ar\/2021\/#\/schema\/person\/ad82545263dcc5ec0996818884fd5fb1\"},\"breadcrumb\":{\"@id\":\"https:\/\/www.noticiasradioreflejos.com.ar\/2021\/venimos-teniendo-una-gestion-exitosa-estamos-muy-satisfechos\/#breadcrumb\"},\"inLanguage\":\"es\",\"potentialAction\":[{\"@type\":\"ReadAction\",\"target\":[\"https:\/\/www.noticiasradioreflejos.com.ar\/2021\/venimos-teniendo-una-gestion-exitosa-estamos-muy-satisfechos\/\"]}]},{\"@type\":\"BreadcrumbList\",\"@id\":\"https:\/\/www.noticiasradioreflejos.com.ar\/2021\/venimos-teniendo-una-gestion-exitosa-estamos-muy-satisfechos\/#breadcrumb\",\"itemListElement\":[{\"@type\":\"ListItem\",\"position\":1,\"name\":\"Portada\",\"item\":\"https:\/\/www.noticiasradioreflejos.com.ar\/2021\/\"},{\"@type\":\"ListItem\",\"position\":2,\"name\":\"\u201cVenimos teniendo una gesti\u00f3n exitosa, estamos muy satisfechos\u201d\"}]},{\"@type\":\"WebSite\",\"@id\":\"https:\/\/www.noticiasradioreflejos.com.ar\/2021\/#website\",\"url\":\"https:\/\/www.noticiasradioreflejos.com.ar\/2021\/\",\"name\":\"Noticias Radio Reflejos\",\"description\":\"Las noticias de mi comarca\",\"potentialAction\":[{\"@type\":\"SearchAction\",\"target\":{\"@type\":\"EntryPoint\",\"urlTemplate\":\"https:\/\/www.noticiasradioreflejos.com.ar\/2021\/?s={search_term_string}\"},\"query-input\":{\"@type\":\"PropertyValueSpecification\",\"valueRequired\":true,\"valueName\":\"search_term_string\"}}],\"inLanguage\":\"es\"},{\"@type\":\"Person\",\"@id\":\"https:\/\/www.noticiasradioreflejos.com.ar\/2021\/#\/schema\/person\/ad82545263dcc5ec0996818884fd5fb1\",\"name\":\"Arnaldo Botto\",\"image\":{\"@type\":\"ImageObject\",\"inLanguage\":\"es\",\"@id\":\"https:\/\/www.noticiasradioreflejos.com.ar\/2021\/#\/schema\/person\/image\/\",\"url\":\"https:\/\/secure.gravatar.com\/avatar\/55cb5e37c1efa326397366e6974cb338056df65cb50e7d64d1cf314e87504837?s=96&d=mm&r=g\",\"contentUrl\":\"https:\/\/secure.gravatar.com\/avatar\/55cb5e37c1efa326397366e6974cb338056df65cb50e7d64d1cf314e87504837?s=96&d=mm&r=g\",\"caption\":\"Arnaldo Botto\"},\"url\":\"https:\/\/www.noticiasradioreflejos.com.ar\/2021\/author\/arnaldo\/\"}]}<\/script>\n<!-- \/ Yoast SEO plugin. -->","yoast_head_json":{"title":"\u201cVenimos teniendo una gesti\u00f3n exitosa, estamos muy satisfechos\u201d - Noticias Radio Reflejos","robots":{"index":"index","follow":"follow","max-snippet":"max-snippet:-1","max-image-preview":"max-image-preview:large","max-video-preview":"max-video-preview:-1"},"canonical":"https:\/\/www.noticiasradioreflejos.com.ar\/2021\/venimos-teniendo-una-gestion-exitosa-estamos-muy-satisfechos\/","og_locale":"es_ES","og_type":"article","og_title":"\u201cVenimos teniendo una gesti\u00f3n exitosa, estamos muy satisfechos\u201d - Noticias Radio Reflejos","og_description":"El Secretario de Gobierno, Ezequiel Gabella, analiz\u00f3 su exposici\u00f3n en el HCD y resalt\u00f3 dos temas: Fondo Educativo y Parque Provincial. Adem\u00e1s elogi\u00f3 a Sergio Bordoni: \u201cno se conforma con lo hecho, quiere m\u00e1s y eso es lo que nos motiva a trabajar\u201d.","og_url":"https:\/\/www.noticiasradioreflejos.com.ar\/2021\/venimos-teniendo-una-gestion-exitosa-estamos-muy-satisfechos\/","og_site_name":"Noticias Radio Reflejos","article_published_time":"2016-11-25T22:07:33+00:00","og_image":[{"width":300,"height":200,"url":"https:\/\/www.noticiasradioreflejos.com.ar\/2021\/wp-content\/uploads\/2021\/07\/logosol300x200.png","type":"image\/png"}],"author":"Arnaldo Botto","twitter_card":"summary_large_image","schema":{"@context":"https:\/\/schema.org","@graph":[{"@type":"WebPage","@id":"https:\/\/www.noticiasradioreflejos.com.ar\/2021\/venimos-teniendo-una-gestion-exitosa-estamos-muy-satisfechos\/","url":"https:\/\/www.noticiasradioreflejos.com.ar\/2021\/venimos-teniendo-una-gestion-exitosa-estamos-muy-satisfechos\/","name":"\u201cVenimos teniendo una gesti\u00f3n exitosa, estamos muy satisfechos\u201d - Noticias Radio Reflejos","isPartOf":{"@id":"https:\/\/www.noticiasradioreflejos.com.ar\/2021\/#website"},"datePublished":"2016-11-25T22:07:33+00:00","author":{"@id":"https:\/\/www.noticiasradioreflejos.com.ar\/2021\/#\/schema\/person\/ad82545263dcc5ec0996818884fd5fb1"},"breadcrumb":{"@id":"https:\/\/www.noticiasradioreflejos.com.ar\/2021\/venimos-teniendo-una-gestion-exitosa-estamos-muy-satisfechos\/#breadcrumb"},"inLanguage":"es","potentialAction":[{"@type":"ReadAction","target":["https:\/\/www.noticiasradioreflejos.com.ar\/2021\/venimos-teniendo-una-gestion-exitosa-estamos-muy-satisfechos\/"]}]},{"@type":"BreadcrumbList","@id":"https:\/\/www.noticiasradioreflejos.com.ar\/2021\/venimos-teniendo-una-gestion-exitosa-estamos-muy-satisfechos\/#breadcrumb","itemListElement":[{"@type":"ListItem","position":1,"name":"Portada","item":"https:\/\/www.noticiasradioreflejos.com.ar\/2021\/"},{"@type":"ListItem","position":2,"name":"\u201cVenimos teniendo una gesti\u00f3n exitosa, estamos muy satisfechos\u201d"}]},{"@type":"WebSite","@id":"https:\/\/www.noticiasradioreflejos.com.ar\/2021\/#website","url":"https:\/\/www.noticiasradioreflejos.com.ar\/2021\/","name":"Noticias Radio Reflejos","description":"Las noticias de mi comarca","potentialAction":[{"@type":"SearchAction","target":{"@type":"EntryPoint","urlTemplate":"https:\/\/www.noticiasradioreflejos.com.ar\/2021\/?s={search_term_string}"},"query-input":{"@type":"PropertyValueSpecification","valueRequired":true,"valueName":"search_term_string"}}],"inLanguage":"es"},{"@type":"Person","@id":"https:\/\/www.noticiasradioreflejos.com.ar\/2021\/#\/schema\/person\/ad82545263dcc5ec0996818884fd5fb1","name":"Arnaldo Botto","image":{"@type":"ImageObject","inLanguage":"es","@id":"https:\/\/www.noticiasradioreflejos.com.ar\/2021\/#\/schema\/person\/image\/","url":"https:\/\/secure.gravatar.com\/avatar\/55cb5e37c1efa326397366e6974cb338056df65cb50e7d64d1cf314e87504837?s=96&d=mm&r=g","contentUrl":"https:\/\/secure.gravatar.com\/avatar\/55cb5e37c1efa326397366e6974cb338056df65cb50e7d64d1cf314e87504837?s=96&d=mm&r=g","caption":"Arnaldo Botto"},"url":"https:\/\/www.noticiasradioreflejos.com.ar\/2021\/author\/arnaldo\/"}]}},"_links":{"self":[{"href":"https:\/\/www.noticiasradioreflejos.com.ar\/2021\/wp-json\/wp\/v2\/posts\/4121","targetHints":{"allow":["GET"]}}],"collection":[{"href":"https:\/\/www.noticiasradioreflejos.com.ar\/2021\/wp-json\/wp\/v2\/posts"}],"about":[{"href":"https:\/\/www.noticiasradioreflejos.com.ar\/2021\/wp-json\/wp\/v2\/types\/post"}],"author":[{"embeddable":true,"href":"https:\/\/www.noticiasradioreflejos.com.ar\/2021\/wp-json\/wp\/v2\/users\/3"}],"replies":[{"embeddable":true,"href":"https:\/\/www.noticiasradioreflejos.com.ar\/2021\/wp-json\/wp\/v2\/comments?post=4121"}],"version-history":[{"count":0,"href":"https:\/\/www.noticiasradioreflejos.com.ar\/2021\/wp-json\/wp\/v2\/posts\/4121\/revisions"}],"wp:attachment":[{"href":"https:\/\/www.noticiasradioreflejos.com.ar\/2021\/wp-json\/wp\/v2\/media?parent=4121"}],"wp:term":[{"taxonomy":"category","embeddable":true,"href":"https:\/\/www.noticiasradioreflejos.com.ar\/2021\/wp-json\/wp\/v2\/categories?post=4121"},{"taxonomy":"post_tag","embeddable":true,"href":"https:\/\/www.noticiasradioreflejos.com.ar\/2021\/wp-json\/wp\/v2\/tags?post=4121"}],"curies":[{"name":"wp","href":"https:\/\/api.w.org\/{rel}","templated":true}]}}