{"id":41203,"date":"2020-04-24T14:43:36","date_gmt":"2020-04-24T17:43:36","guid":{"rendered":"http:\/\/www.noticiasradioreflejos.com.ar\/noticias\/?p=41203"},"modified":"2020-04-24T14:43:36","modified_gmt":"2020-04-24T17:43:36","slug":"invitan-a-comercios-a-sumarse-a-la-venta-online","status":"publish","type":"post","link":"https:\/\/www.noticiasradioreflejos.com.ar\/2021\/invitan-a-comercios-a-sumarse-a-la-venta-online\/","title":{"rendered":"Invitan a comercios a sumarse a la venta online"},"content":{"rendered":"<p>Ante el aislamiento social, preventivo y obligatorio, y debido a las nuevas normas que se establecer\u00e1n a partir del pr\u00f3ximo lunes 27, que permitir\u00e1 a los comercios del distrito trabajar bajo la modalidad \u201cdelivery\u201d, la Secretar\u00eda de Turismo, Producci\u00f3n, Comercio e Industria invita a todos los comerciantes del distrito a sumarse a la venta online, a trav\u00e9s de las distintas plataformas: web, redes sociales, whatsapp. Recordamos que toda venta deber\u00e1 respetar los protocoles de seguridad e higiene establecidos.<!--more--><\/p>\n<p>Por otro lado se informa, que la cartera de Producci\u00f3n, junto al \u00e1rea de Comunicaci\u00f3n y Modernizaci\u00f3n, se encuentran trabajando para brindarles una plataforma online a todos los comercios que deseen sumarse, a los fines de promocionar los distintos canales de venta por rubro. Por tal motivo solicitamos env\u00eden la informaci\u00f3n de su comercio a <a href=\"http:\/\/informatica@tornquist.gov.ar.\">informatica@tornquist.gov.ar.<\/a><br \/>\nEn el mismo deber\u00e1n detallar:<br \/>\nNombre del comercio, rubro, direcci\u00f3n, tel\u00e9fono, horarios de env\u00edos de la mercader\u00eda, logo (si lo tuvieran), p\u00e1gina web o redes sociales.<\/p>\n","protected":false},"excerpt":{"rendered":"<p>Ante el aislamiento social, preventivo y obligatorio, y debido a las nuevas normas que se establecer\u00e1n a partir del pr\u00f3ximo lunes 27, que permitir\u00e1 a los comercios del distrito trabajar bajo la modalidad \u201cdelivery\u201d, la Secretar\u00eda de Turismo, Producci\u00f3n, Comercio e Industria invita a todos los comerciantes del distrito a sumarse a la venta online, [&hellip;]<\/p>\n","protected":false},"author":3,"featured_media":0,"comment_status":"closed","ping_status":"open","sticky":false,"template":"","format":"standard","meta":{"footnotes":""},"categories":[36],"tags":[],"class_list":["post-41203","post","type-post","status-publish","format-standard","hentry","category-economia"],"yoast_head":"<!-- This site is optimized with the Yoast SEO plugin v25.9 - https:\/\/yoast.com\/wordpress\/plugins\/seo\/ -->\n<title>Invitan a comercios a sumarse a la venta online - Noticias Radio Reflejos<\/title>\n<meta name=\"robots\" content=\"index, follow, max-snippet:-1, max-image-preview:large, max-video-preview:-1\" \/>\n<link rel=\"canonical\" href=\"https:\/\/www.noticiasradioreflejos.com.ar\/2021\/invitan-a-comercios-a-sumarse-a-la-venta-online\/\" \/>\n<meta property=\"og:locale\" content=\"es_ES\" \/>\n<meta property=\"og:type\" content=\"article\" \/>\n<meta property=\"og:title\" content=\"Invitan a comercios a sumarse a la venta online - Noticias Radio Reflejos\" \/>\n<meta property=\"og:description\" content=\"Ante el aislamiento social, preventivo y obligatorio, y debido a las nuevas normas que se establecer\u00e1n a partir del pr\u00f3ximo lunes 27, que permitir\u00e1 a los comercios del distrito trabajar bajo la modalidad \u201cdelivery\u201d, la Secretar\u00eda de Turismo, Producci\u00f3n, Comercio e Industria invita a todos los comerciantes del distrito a sumarse a la venta online, [&hellip;]\" \/>\n<meta property=\"og:url\" content=\"https:\/\/www.noticiasradioreflejos.com.ar\/2021\/invitan-a-comercios-a-sumarse-a-la-venta-online\/\" \/>\n<meta property=\"og:site_name\" content=\"Noticias Radio Reflejos\" \/>\n<meta property=\"article:published_time\" content=\"2020-04-24T17:43:36+00:00\" \/>\n<meta property=\"og:image\" content=\"https:\/\/www.noticiasradioreflejos.com.ar\/2021\/wp-content\/uploads\/2021\/07\/logosol300x200.png\" \/>\n\t<meta property=\"og:image:width\" content=\"300\" \/>\n\t<meta property=\"og:image:height\" content=\"200\" \/>\n\t<meta property=\"og:image:type\" content=\"image\/png\" \/>\n<meta name=\"author\" content=\"Arnaldo Botto\" \/>\n<meta name=\"twitter:card\" content=\"summary_large_image\" \/>\n<script type=\"application\/ld+json\" class=\"yoast-schema-graph\">{\"@context\":\"https:\/\/schema.org\",\"@graph\":[{\"@type\":\"WebPage\",\"@id\":\"https:\/\/www.noticiasradioreflejos.com.ar\/2021\/invitan-a-comercios-a-sumarse-a-la-venta-online\/\",\"url\":\"https:\/\/www.noticiasradioreflejos.com.ar\/2021\/invitan-a-comercios-a-sumarse-a-la-venta-online\/\",\"name\":\"Invitan a comercios a sumarse a la venta online - Noticias Radio Reflejos\",\"isPartOf\":{\"@id\":\"https:\/\/www.noticiasradioreflejos.com.ar\/2021\/#website\"},\"datePublished\":\"2020-04-24T17:43:36+00:00\",\"author\":{\"@id\":\"https:\/\/www.noticiasradioreflejos.com.ar\/2021\/#\/schema\/person\/ad82545263dcc5ec0996818884fd5fb1\"},\"breadcrumb\":{\"@id\":\"https:\/\/www.noticiasradioreflejos.com.ar\/2021\/invitan-a-comercios-a-sumarse-a-la-venta-online\/#breadcrumb\"},\"inLanguage\":\"es\",\"potentialAction\":[{\"@type\":\"ReadAction\",\"target\":[\"https:\/\/www.noticiasradioreflejos.com.ar\/2021\/invitan-a-comercios-a-sumarse-a-la-venta-online\/\"]}]},{\"@type\":\"BreadcrumbList\",\"@id\":\"https:\/\/www.noticiasradioreflejos.com.ar\/2021\/invitan-a-comercios-a-sumarse-a-la-venta-online\/#breadcrumb\",\"itemListElement\":[{\"@type\":\"ListItem\",\"position\":1,\"name\":\"Portada\",\"item\":\"https:\/\/www.noticiasradioreflejos.com.ar\/2021\/\"},{\"@type\":\"ListItem\",\"position\":2,\"name\":\"Invitan a comercios a sumarse a la venta online\"}]},{\"@type\":\"WebSite\",\"@id\":\"https:\/\/www.noticiasradioreflejos.com.ar\/2021\/#website\",\"url\":\"https:\/\/www.noticiasradioreflejos.com.ar\/2021\/\",\"name\":\"Noticias Radio Reflejos\",\"description\":\"Las noticias de mi comarca\",\"potentialAction\":[{\"@type\":\"SearchAction\",\"target\":{\"@type\":\"EntryPoint\",\"urlTemplate\":\"https:\/\/www.noticiasradioreflejos.com.ar\/2021\/?s={search_term_string}\"},\"query-input\":{\"@type\":\"PropertyValueSpecification\",\"valueRequired\":true,\"valueName\":\"search_term_string\"}}],\"inLanguage\":\"es\"},{\"@type\":\"Person\",\"@id\":\"https:\/\/www.noticiasradioreflejos.com.ar\/2021\/#\/schema\/person\/ad82545263dcc5ec0996818884fd5fb1\",\"name\":\"Arnaldo Botto\",\"image\":{\"@type\":\"ImageObject\",\"inLanguage\":\"es\",\"@id\":\"https:\/\/www.noticiasradioreflejos.com.ar\/2021\/#\/schema\/person\/image\/\",\"url\":\"https:\/\/secure.gravatar.com\/avatar\/55cb5e37c1efa326397366e6974cb338056df65cb50e7d64d1cf314e87504837?s=96&d=mm&r=g\",\"contentUrl\":\"https:\/\/secure.gravatar.com\/avatar\/55cb5e37c1efa326397366e6974cb338056df65cb50e7d64d1cf314e87504837?s=96&d=mm&r=g\",\"caption\":\"Arnaldo Botto\"},\"url\":\"https:\/\/www.noticiasradioreflejos.com.ar\/2021\/author\/arnaldo\/\"}]}<\/script>\n<!-- \/ Yoast SEO plugin. -->","yoast_head_json":{"title":"Invitan a comercios a sumarse a la venta online - Noticias Radio Reflejos","robots":{"index":"index","follow":"follow","max-snippet":"max-snippet:-1","max-image-preview":"max-image-preview:large","max-video-preview":"max-video-preview:-1"},"canonical":"https:\/\/www.noticiasradioreflejos.com.ar\/2021\/invitan-a-comercios-a-sumarse-a-la-venta-online\/","og_locale":"es_ES","og_type":"article","og_title":"Invitan a comercios a sumarse a la venta online - Noticias Radio Reflejos","og_description":"Ante el aislamiento social, preventivo y obligatorio, y debido a las nuevas normas que se establecer\u00e1n a partir del pr\u00f3ximo lunes 27, que permitir\u00e1 a los comercios del distrito trabajar bajo la modalidad \u201cdelivery\u201d, la Secretar\u00eda de Turismo, Producci\u00f3n, Comercio e Industria invita a todos los comerciantes del distrito a sumarse a la venta online, [&hellip;]","og_url":"https:\/\/www.noticiasradioreflejos.com.ar\/2021\/invitan-a-comercios-a-sumarse-a-la-venta-online\/","og_site_name":"Noticias Radio Reflejos","article_published_time":"2020-04-24T17:43:36+00:00","og_image":[{"width":300,"height":200,"url":"https:\/\/www.noticiasradioreflejos.com.ar\/2021\/wp-content\/uploads\/2021\/07\/logosol300x200.png","type":"image\/png"}],"author":"Arnaldo Botto","twitter_card":"summary_large_image","schema":{"@context":"https:\/\/schema.org","@graph":[{"@type":"WebPage","@id":"https:\/\/www.noticiasradioreflejos.com.ar\/2021\/invitan-a-comercios-a-sumarse-a-la-venta-online\/","url":"https:\/\/www.noticiasradioreflejos.com.ar\/2021\/invitan-a-comercios-a-sumarse-a-la-venta-online\/","name":"Invitan a comercios a sumarse a la venta online - Noticias Radio Reflejos","isPartOf":{"@id":"https:\/\/www.noticiasradioreflejos.com.ar\/2021\/#website"},"datePublished":"2020-04-24T17:43:36+00:00","author":{"@id":"https:\/\/www.noticiasradioreflejos.com.ar\/2021\/#\/schema\/person\/ad82545263dcc5ec0996818884fd5fb1"},"breadcrumb":{"@id":"https:\/\/www.noticiasradioreflejos.com.ar\/2021\/invitan-a-comercios-a-sumarse-a-la-venta-online\/#breadcrumb"},"inLanguage":"es","potentialAction":[{"@type":"ReadAction","target":["https:\/\/www.noticiasradioreflejos.com.ar\/2021\/invitan-a-comercios-a-sumarse-a-la-venta-online\/"]}]},{"@type":"BreadcrumbList","@id":"https:\/\/www.noticiasradioreflejos.com.ar\/2021\/invitan-a-comercios-a-sumarse-a-la-venta-online\/#breadcrumb","itemListElement":[{"@type":"ListItem","position":1,"name":"Portada","item":"https:\/\/www.noticiasradioreflejos.com.ar\/2021\/"},{"@type":"ListItem","position":2,"name":"Invitan a comercios a sumarse a la venta online"}]},{"@type":"WebSite","@id":"https:\/\/www.noticiasradioreflejos.com.ar\/2021\/#website","url":"https:\/\/www.noticiasradioreflejos.com.ar\/2021\/","name":"Noticias Radio Reflejos","description":"Las noticias de mi comarca","potentialAction":[{"@type":"SearchAction","target":{"@type":"EntryPoint","urlTemplate":"https:\/\/www.noticiasradioreflejos.com.ar\/2021\/?s={search_term_string}"},"query-input":{"@type":"PropertyValueSpecification","valueRequired":true,"valueName":"search_term_string"}}],"inLanguage":"es"},{"@type":"Person","@id":"https:\/\/www.noticiasradioreflejos.com.ar\/2021\/#\/schema\/person\/ad82545263dcc5ec0996818884fd5fb1","name":"Arnaldo Botto","image":{"@type":"ImageObject","inLanguage":"es","@id":"https:\/\/www.noticiasradioreflejos.com.ar\/2021\/#\/schema\/person\/image\/","url":"https:\/\/secure.gravatar.com\/avatar\/55cb5e37c1efa326397366e6974cb338056df65cb50e7d64d1cf314e87504837?s=96&d=mm&r=g","contentUrl":"https:\/\/secure.gravatar.com\/avatar\/55cb5e37c1efa326397366e6974cb338056df65cb50e7d64d1cf314e87504837?s=96&d=mm&r=g","caption":"Arnaldo Botto"},"url":"https:\/\/www.noticiasradioreflejos.com.ar\/2021\/author\/arnaldo\/"}]}},"_links":{"self":[{"href":"https:\/\/www.noticiasradioreflejos.com.ar\/2021\/wp-json\/wp\/v2\/posts\/41203","targetHints":{"allow":["GET"]}}],"collection":[{"href":"https:\/\/www.noticiasradioreflejos.com.ar\/2021\/wp-json\/wp\/v2\/posts"}],"about":[{"href":"https:\/\/www.noticiasradioreflejos.com.ar\/2021\/wp-json\/wp\/v2\/types\/post"}],"author":[{"embeddable":true,"href":"https:\/\/www.noticiasradioreflejos.com.ar\/2021\/wp-json\/wp\/v2\/users\/3"}],"replies":[{"embeddable":true,"href":"https:\/\/www.noticiasradioreflejos.com.ar\/2021\/wp-json\/wp\/v2\/comments?post=41203"}],"version-history":[{"count":0,"href":"https:\/\/www.noticiasradioreflejos.com.ar\/2021\/wp-json\/wp\/v2\/posts\/41203\/revisions"}],"wp:attachment":[{"href":"https:\/\/www.noticiasradioreflejos.com.ar\/2021\/wp-json\/wp\/v2\/media?parent=41203"}],"wp:term":[{"taxonomy":"category","embeddable":true,"href":"https:\/\/www.noticiasradioreflejos.com.ar\/2021\/wp-json\/wp\/v2\/categories?post=41203"},{"taxonomy":"post_tag","embeddable":true,"href":"https:\/\/www.noticiasradioreflejos.com.ar\/2021\/wp-json\/wp\/v2\/tags?post=41203"}],"curies":[{"name":"wp","href":"https:\/\/api.w.org\/{rel}","templated":true}]}}