{"id":41188,"date":"2020-04-24T10:14:29","date_gmt":"2020-04-24T13:14:29","guid":{"rendered":"http:\/\/www.noticiasradioreflejos.com.ar\/noticias\/?p=41188"},"modified":"2020-04-24T10:14:29","modified_gmt":"2020-04-24T13:14:29","slug":"presentan-programa-para-fortalecer-los-vinculos-entre-docentes-estudiantes-y-familias-bonaerenses","status":"publish","type":"post","link":"https:\/\/www.noticiasradioreflejos.com.ar\/2021\/presentan-programa-para-fortalecer-los-vinculos-entre-docentes-estudiantes-y-familias-bonaerenses\/","title":{"rendered":"Presentan programa para fortalecer los v\u00ednculos entre docentes, estudiantes y familias bonaerenses"},"content":{"rendered":"<p>El gobierno bonaerense lanz\u00f3 el programa \u00abNos cuidamos y cuidamos a quienes cuidan\u00bb, mediante el cual una red integrada por los 5.348 equipos interdisciplinarios de orientaci\u00f3n escolar fortalecer\u00e1 el acompa\u00f1amiento a docentes, estudiantes y familias en el marco de la emergencia sanitaria por el coronavirus. La Direcci\u00f3n General de Cultura y Educaci\u00f3n (DGCyE) bonaerense inform\u00f3 hoy en un comunicado que m\u00e1s de 15.000 profesionales de los equipos interdisciplinarios de orientaci\u00f3n escolar trabajar\u00e1n con la comunidad educativa bonaerense para que los procesos de ense\u00f1anza y aprendizaje se puedan desarrollar seg\u00fan los contextos particulares.<!--more--><\/p>\n<p>La iniciativa, que ser\u00e1 llevado adelante por la Direcci\u00f3n de Psicolog\u00eda Comunitaria y Pedagog\u00eda Social de la DGCyE, \u00abtrabajar\u00e1 para que los procesos de continuidad pedag\u00f3gica se desarrollen seg\u00fan los contextos particulares de las escuelas y para intervenir en situaciones de vulneraci\u00f3n de derechos\u00bb.<\/p>\n<p>El programa crea los Equipos Focales Territoriales Educativos de Emergencia, un esquema interdisciplinario de profesionales, para acompa\u00f1ar a las instituciones que no tengan equipos de orientaci\u00f3n escolar, atender situaciones de vulneraci\u00f3n de derechos y facilitar soporte en casos de alta complejidad.<\/p>\n<p>Adem\u00e1s, pone en marcha una mesa de ayuda para docentes que se encuentren atravesando situaciones de emergencia vinculadas con la angustia, consumos problem\u00e1ticos y violencias de g\u00e9nero, entre otras.<\/p>\n<p>Ese nuevo espacio funcionar\u00e1 trav\u00e9s de una l\u00ednea 0800 que ser\u00e1 atendida por equipos de psicolog\u00eda del Ministerio de Salud provincial.<\/p>\n<p>\u00abNos cuidamos y cuidamos a quienes cuidan\u00bb se suma a las dem\u00e1s acciones que realiza la cartera educativa provincial para fortalecer los v\u00ednculos entre todos los actores del sistema educativo en el marco de la pandemia, y especialmente, para potenciar la relaci\u00f3n entre docentes y estudiantes.<\/p>\n<p>Entre estas acciones, est\u00e1n la plataforma \u00abContinuemos Estudiando (https:\/\/continuemosestudiando.abc.gob.ar\/), los cuadernillos impresos para todos los niveles de ense\u00f1anza que se distribuyen entre las y los estudiantes sin conectividad y los cursos de formaci\u00f3n permanente para directivos y docentes lanzados en el d\u00eda de ayer.<\/p>\n","protected":false},"excerpt":{"rendered":"<p>El gobierno bonaerense lanz\u00f3 el programa \u00abNos cuidamos y cuidamos a quienes cuidan\u00bb, mediante el cual una red integrada por los 5.348 equipos interdisciplinarios de orientaci\u00f3n escolar fortalecer\u00e1 el acompa\u00f1amiento a docentes, estudiantes y familias en el marco de la emergencia sanitaria por el coronavirus. La Direcci\u00f3n General de Cultura y Educaci\u00f3n (DGCyE) bonaerense inform\u00f3 [&hellip;]<\/p>\n","protected":false},"author":3,"featured_media":0,"comment_status":"closed","ping_status":"open","sticky":false,"template":"","format":"standard","meta":{"footnotes":""},"categories":[34],"tags":[],"class_list":["post-41188","post","type-post","status-publish","format-standard","hentry","category-educacion"],"yoast_head":"<!-- This site is optimized with the Yoast SEO plugin v25.9 - https:\/\/yoast.com\/wordpress\/plugins\/seo\/ -->\n<title>Presentan programa para fortalecer los v\u00ednculos entre docentes, estudiantes y familias bonaerenses - Noticias Radio Reflejos<\/title>\n<meta name=\"robots\" content=\"index, follow, max-snippet:-1, max-image-preview:large, max-video-preview:-1\" \/>\n<link rel=\"canonical\" href=\"https:\/\/www.noticiasradioreflejos.com.ar\/2021\/presentan-programa-para-fortalecer-los-vinculos-entre-docentes-estudiantes-y-familias-bonaerenses\/\" \/>\n<meta property=\"og:locale\" content=\"es_ES\" \/>\n<meta property=\"og:type\" content=\"article\" \/>\n<meta property=\"og:title\" content=\"Presentan programa para fortalecer los v\u00ednculos entre docentes, estudiantes y familias bonaerenses - Noticias Radio Reflejos\" \/>\n<meta property=\"og:description\" content=\"El gobierno bonaerense lanz\u00f3 el programa \u00abNos cuidamos y cuidamos a quienes cuidan\u00bb, mediante el cual una red integrada por los 5.348 equipos interdisciplinarios de orientaci\u00f3n escolar fortalecer\u00e1 el acompa\u00f1amiento a docentes, estudiantes y familias en el marco de la emergencia sanitaria por el coronavirus. La Direcci\u00f3n General de Cultura y Educaci\u00f3n (DGCyE) bonaerense inform\u00f3 [&hellip;]\" \/>\n<meta property=\"og:url\" content=\"https:\/\/www.noticiasradioreflejos.com.ar\/2021\/presentan-programa-para-fortalecer-los-vinculos-entre-docentes-estudiantes-y-familias-bonaerenses\/\" \/>\n<meta property=\"og:site_name\" content=\"Noticias Radio Reflejos\" \/>\n<meta property=\"article:published_time\" content=\"2020-04-24T13:14:29+00:00\" \/>\n<meta property=\"og:image\" content=\"https:\/\/www.noticiasradioreflejos.com.ar\/2021\/wp-content\/uploads\/2021\/07\/logosol300x200.png\" \/>\n\t<meta property=\"og:image:width\" content=\"300\" \/>\n\t<meta property=\"og:image:height\" content=\"200\" \/>\n\t<meta property=\"og:image:type\" content=\"image\/png\" \/>\n<meta name=\"author\" content=\"Arnaldo Botto\" \/>\n<meta name=\"twitter:card\" content=\"summary_large_image\" \/>\n<script type=\"application\/ld+json\" class=\"yoast-schema-graph\">{\"@context\":\"https:\/\/schema.org\",\"@graph\":[{\"@type\":\"WebPage\",\"@id\":\"https:\/\/www.noticiasradioreflejos.com.ar\/2021\/presentan-programa-para-fortalecer-los-vinculos-entre-docentes-estudiantes-y-familias-bonaerenses\/\",\"url\":\"https:\/\/www.noticiasradioreflejos.com.ar\/2021\/presentan-programa-para-fortalecer-los-vinculos-entre-docentes-estudiantes-y-familias-bonaerenses\/\",\"name\":\"Presentan programa para fortalecer los v\u00ednculos entre docentes, estudiantes y familias bonaerenses - Noticias Radio Reflejos\",\"isPartOf\":{\"@id\":\"https:\/\/www.noticiasradioreflejos.com.ar\/2021\/#website\"},\"datePublished\":\"2020-04-24T13:14:29+00:00\",\"author\":{\"@id\":\"https:\/\/www.noticiasradioreflejos.com.ar\/2021\/#\/schema\/person\/ad82545263dcc5ec0996818884fd5fb1\"},\"breadcrumb\":{\"@id\":\"https:\/\/www.noticiasradioreflejos.com.ar\/2021\/presentan-programa-para-fortalecer-los-vinculos-entre-docentes-estudiantes-y-familias-bonaerenses\/#breadcrumb\"},\"inLanguage\":\"es\",\"potentialAction\":[{\"@type\":\"ReadAction\",\"target\":[\"https:\/\/www.noticiasradioreflejos.com.ar\/2021\/presentan-programa-para-fortalecer-los-vinculos-entre-docentes-estudiantes-y-familias-bonaerenses\/\"]}]},{\"@type\":\"BreadcrumbList\",\"@id\":\"https:\/\/www.noticiasradioreflejos.com.ar\/2021\/presentan-programa-para-fortalecer-los-vinculos-entre-docentes-estudiantes-y-familias-bonaerenses\/#breadcrumb\",\"itemListElement\":[{\"@type\":\"ListItem\",\"position\":1,\"name\":\"Portada\",\"item\":\"https:\/\/www.noticiasradioreflejos.com.ar\/2021\/\"},{\"@type\":\"ListItem\",\"position\":2,\"name\":\"Presentan programa para fortalecer los v\u00ednculos entre docentes, estudiantes y familias bonaerenses\"}]},{\"@type\":\"WebSite\",\"@id\":\"https:\/\/www.noticiasradioreflejos.com.ar\/2021\/#website\",\"url\":\"https:\/\/www.noticiasradioreflejos.com.ar\/2021\/\",\"name\":\"Noticias Radio Reflejos\",\"description\":\"Las noticias de mi comarca\",\"potentialAction\":[{\"@type\":\"SearchAction\",\"target\":{\"@type\":\"EntryPoint\",\"urlTemplate\":\"https:\/\/www.noticiasradioreflejos.com.ar\/2021\/?s={search_term_string}\"},\"query-input\":{\"@type\":\"PropertyValueSpecification\",\"valueRequired\":true,\"valueName\":\"search_term_string\"}}],\"inLanguage\":\"es\"},{\"@type\":\"Person\",\"@id\":\"https:\/\/www.noticiasradioreflejos.com.ar\/2021\/#\/schema\/person\/ad82545263dcc5ec0996818884fd5fb1\",\"name\":\"Arnaldo Botto\",\"image\":{\"@type\":\"ImageObject\",\"inLanguage\":\"es\",\"@id\":\"https:\/\/www.noticiasradioreflejos.com.ar\/2021\/#\/schema\/person\/image\/\",\"url\":\"https:\/\/secure.gravatar.com\/avatar\/55cb5e37c1efa326397366e6974cb338056df65cb50e7d64d1cf314e87504837?s=96&d=mm&r=g\",\"contentUrl\":\"https:\/\/secure.gravatar.com\/avatar\/55cb5e37c1efa326397366e6974cb338056df65cb50e7d64d1cf314e87504837?s=96&d=mm&r=g\",\"caption\":\"Arnaldo Botto\"},\"url\":\"https:\/\/www.noticiasradioreflejos.com.ar\/2021\/author\/arnaldo\/\"}]}<\/script>\n<!-- \/ Yoast SEO plugin. -->","yoast_head_json":{"title":"Presentan programa para fortalecer los v\u00ednculos entre docentes, estudiantes y familias bonaerenses - Noticias Radio Reflejos","robots":{"index":"index","follow":"follow","max-snippet":"max-snippet:-1","max-image-preview":"max-image-preview:large","max-video-preview":"max-video-preview:-1"},"canonical":"https:\/\/www.noticiasradioreflejos.com.ar\/2021\/presentan-programa-para-fortalecer-los-vinculos-entre-docentes-estudiantes-y-familias-bonaerenses\/","og_locale":"es_ES","og_type":"article","og_title":"Presentan programa para fortalecer los v\u00ednculos entre docentes, estudiantes y familias bonaerenses - Noticias Radio Reflejos","og_description":"El gobierno bonaerense lanz\u00f3 el programa \u00abNos cuidamos y cuidamos a quienes cuidan\u00bb, mediante el cual una red integrada por los 5.348 equipos interdisciplinarios de orientaci\u00f3n escolar fortalecer\u00e1 el acompa\u00f1amiento a docentes, estudiantes y familias en el marco de la emergencia sanitaria por el coronavirus. La Direcci\u00f3n General de Cultura y Educaci\u00f3n (DGCyE) bonaerense inform\u00f3 [&hellip;]","og_url":"https:\/\/www.noticiasradioreflejos.com.ar\/2021\/presentan-programa-para-fortalecer-los-vinculos-entre-docentes-estudiantes-y-familias-bonaerenses\/","og_site_name":"Noticias Radio Reflejos","article_published_time":"2020-04-24T13:14:29+00:00","og_image":[{"width":300,"height":200,"url":"https:\/\/www.noticiasradioreflejos.com.ar\/2021\/wp-content\/uploads\/2021\/07\/logosol300x200.png","type":"image\/png"}],"author":"Arnaldo Botto","twitter_card":"summary_large_image","schema":{"@context":"https:\/\/schema.org","@graph":[{"@type":"WebPage","@id":"https:\/\/www.noticiasradioreflejos.com.ar\/2021\/presentan-programa-para-fortalecer-los-vinculos-entre-docentes-estudiantes-y-familias-bonaerenses\/","url":"https:\/\/www.noticiasradioreflejos.com.ar\/2021\/presentan-programa-para-fortalecer-los-vinculos-entre-docentes-estudiantes-y-familias-bonaerenses\/","name":"Presentan programa para fortalecer los v\u00ednculos entre docentes, estudiantes y familias bonaerenses - Noticias Radio Reflejos","isPartOf":{"@id":"https:\/\/www.noticiasradioreflejos.com.ar\/2021\/#website"},"datePublished":"2020-04-24T13:14:29+00:00","author":{"@id":"https:\/\/www.noticiasradioreflejos.com.ar\/2021\/#\/schema\/person\/ad82545263dcc5ec0996818884fd5fb1"},"breadcrumb":{"@id":"https:\/\/www.noticiasradioreflejos.com.ar\/2021\/presentan-programa-para-fortalecer-los-vinculos-entre-docentes-estudiantes-y-familias-bonaerenses\/#breadcrumb"},"inLanguage":"es","potentialAction":[{"@type":"ReadAction","target":["https:\/\/www.noticiasradioreflejos.com.ar\/2021\/presentan-programa-para-fortalecer-los-vinculos-entre-docentes-estudiantes-y-familias-bonaerenses\/"]}]},{"@type":"BreadcrumbList","@id":"https:\/\/www.noticiasradioreflejos.com.ar\/2021\/presentan-programa-para-fortalecer-los-vinculos-entre-docentes-estudiantes-y-familias-bonaerenses\/#breadcrumb","itemListElement":[{"@type":"ListItem","position":1,"name":"Portada","item":"https:\/\/www.noticiasradioreflejos.com.ar\/2021\/"},{"@type":"ListItem","position":2,"name":"Presentan programa para fortalecer los v\u00ednculos entre docentes, estudiantes y familias bonaerenses"}]},{"@type":"WebSite","@id":"https:\/\/www.noticiasradioreflejos.com.ar\/2021\/#website","url":"https:\/\/www.noticiasradioreflejos.com.ar\/2021\/","name":"Noticias Radio Reflejos","description":"Las noticias de mi comarca","potentialAction":[{"@type":"SearchAction","target":{"@type":"EntryPoint","urlTemplate":"https:\/\/www.noticiasradioreflejos.com.ar\/2021\/?s={search_term_string}"},"query-input":{"@type":"PropertyValueSpecification","valueRequired":true,"valueName":"search_term_string"}}],"inLanguage":"es"},{"@type":"Person","@id":"https:\/\/www.noticiasradioreflejos.com.ar\/2021\/#\/schema\/person\/ad82545263dcc5ec0996818884fd5fb1","name":"Arnaldo Botto","image":{"@type":"ImageObject","inLanguage":"es","@id":"https:\/\/www.noticiasradioreflejos.com.ar\/2021\/#\/schema\/person\/image\/","url":"https:\/\/secure.gravatar.com\/avatar\/55cb5e37c1efa326397366e6974cb338056df65cb50e7d64d1cf314e87504837?s=96&d=mm&r=g","contentUrl":"https:\/\/secure.gravatar.com\/avatar\/55cb5e37c1efa326397366e6974cb338056df65cb50e7d64d1cf314e87504837?s=96&d=mm&r=g","caption":"Arnaldo Botto"},"url":"https:\/\/www.noticiasradioreflejos.com.ar\/2021\/author\/arnaldo\/"}]}},"_links":{"self":[{"href":"https:\/\/www.noticiasradioreflejos.com.ar\/2021\/wp-json\/wp\/v2\/posts\/41188","targetHints":{"allow":["GET"]}}],"collection":[{"href":"https:\/\/www.noticiasradioreflejos.com.ar\/2021\/wp-json\/wp\/v2\/posts"}],"about":[{"href":"https:\/\/www.noticiasradioreflejos.com.ar\/2021\/wp-json\/wp\/v2\/types\/post"}],"author":[{"embeddable":true,"href":"https:\/\/www.noticiasradioreflejos.com.ar\/2021\/wp-json\/wp\/v2\/users\/3"}],"replies":[{"embeddable":true,"href":"https:\/\/www.noticiasradioreflejos.com.ar\/2021\/wp-json\/wp\/v2\/comments?post=41188"}],"version-history":[{"count":0,"href":"https:\/\/www.noticiasradioreflejos.com.ar\/2021\/wp-json\/wp\/v2\/posts\/41188\/revisions"}],"wp:attachment":[{"href":"https:\/\/www.noticiasradioreflejos.com.ar\/2021\/wp-json\/wp\/v2\/media?parent=41188"}],"wp:term":[{"taxonomy":"category","embeddable":true,"href":"https:\/\/www.noticiasradioreflejos.com.ar\/2021\/wp-json\/wp\/v2\/categories?post=41188"},{"taxonomy":"post_tag","embeddable":true,"href":"https:\/\/www.noticiasradioreflejos.com.ar\/2021\/wp-json\/wp\/v2\/tags?post=41188"}],"curies":[{"name":"wp","href":"https:\/\/api.w.org\/{rel}","templated":true}]}}