{"id":41185,"date":"2020-04-24T09:03:11","date_gmt":"2020-04-24T12:03:11","guid":{"rendered":"http:\/\/www.noticiasradioreflejos.com.ar\/noticias\/?p=41185"},"modified":"2020-04-24T09:03:11","modified_gmt":"2020-04-24T12:03:11","slug":"abren-acceso-a-tornquist-por-ruta-76","status":"publish","type":"post","link":"https:\/\/www.noticiasradioreflejos.com.ar\/2021\/abren-acceso-a-tornquist-por-ruta-76\/","title":{"rendered":"Estar\u00e1 habilitado el ingreso a Tornquist por la RP 76 hasta las 18hs"},"content":{"rendered":"<p>La Secretar\u00eda de Seguridad Municipal informa, que por el d\u00eda de hoy, viernes 24 de abril, se habilitar\u00e1 el ingreso a Tornquist por Ruta Provincial N\u00b076, hasta las 18hs. Esta medida es tomada para evitar circulaci\u00f3n de veh\u00edculos por la calle de tierra, que no se encuentra en condiciones por las precipitaciones, hasta el acceso sobre Av. Belgrano. <\/p>\n","protected":false},"excerpt":{"rendered":"<p>La Secretar\u00eda de Seguridad Municipal informa, que por el d\u00eda de hoy, viernes 24 de abril, se habilitar\u00e1 el ingreso a Tornquist por Ruta Provincial N\u00b076, hasta las 18hs. Esta medida es tomada para evitar circulaci\u00f3n de veh\u00edculos por la calle de tierra, que no se encuentra en condiciones por las precipitaciones, hasta el acceso [&hellip;]<\/p>\n","protected":false},"author":3,"featured_media":0,"comment_status":"closed","ping_status":"open","sticky":false,"template":"","format":"standard","meta":{"footnotes":""},"categories":[28],"tags":[],"class_list":["post-41185","post","type-post","status-publish","format-standard","hentry","category-municipales"],"yoast_head":"<!-- This site is optimized with the Yoast SEO plugin v25.9 - https:\/\/yoast.com\/wordpress\/plugins\/seo\/ -->\n<title>Estar\u00e1 habilitado el ingreso a Tornquist por la RP 76 hasta las 18hs - Noticias Radio Reflejos<\/title>\n<meta name=\"robots\" content=\"index, follow, max-snippet:-1, max-image-preview:large, max-video-preview:-1\" \/>\n<link rel=\"canonical\" href=\"https:\/\/www.noticiasradioreflejos.com.ar\/2021\/abren-acceso-a-tornquist-por-ruta-76\/\" \/>\n<meta property=\"og:locale\" content=\"es_ES\" \/>\n<meta property=\"og:type\" content=\"article\" \/>\n<meta property=\"og:title\" content=\"Estar\u00e1 habilitado el ingreso a Tornquist por la RP 76 hasta las 18hs - Noticias Radio Reflejos\" \/>\n<meta property=\"og:description\" content=\"La Secretar\u00eda de Seguridad Municipal informa, que por el d\u00eda de hoy, viernes 24 de abril, se habilitar\u00e1 el ingreso a Tornquist por Ruta Provincial N\u00b076, hasta las 18hs. Esta medida es tomada para evitar circulaci\u00f3n de veh\u00edculos por la calle de tierra, que no se encuentra en condiciones por las precipitaciones, hasta el acceso [&hellip;]\" \/>\n<meta property=\"og:url\" content=\"https:\/\/www.noticiasradioreflejos.com.ar\/2021\/abren-acceso-a-tornquist-por-ruta-76\/\" \/>\n<meta property=\"og:site_name\" content=\"Noticias Radio Reflejos\" \/>\n<meta property=\"article:published_time\" content=\"2020-04-24T12:03:11+00:00\" \/>\n<meta property=\"og:image\" content=\"https:\/\/www.noticiasradioreflejos.com.ar\/2021\/wp-content\/uploads\/2021\/07\/logosol300x200.png\" \/>\n\t<meta property=\"og:image:width\" content=\"300\" \/>\n\t<meta property=\"og:image:height\" content=\"200\" \/>\n\t<meta property=\"og:image:type\" content=\"image\/png\" \/>\n<meta name=\"author\" content=\"Arnaldo Botto\" \/>\n<meta name=\"twitter:card\" content=\"summary_large_image\" \/>\n<script type=\"application\/ld+json\" class=\"yoast-schema-graph\">{\"@context\":\"https:\/\/schema.org\",\"@graph\":[{\"@type\":\"WebPage\",\"@id\":\"https:\/\/www.noticiasradioreflejos.com.ar\/2021\/abren-acceso-a-tornquist-por-ruta-76\/\",\"url\":\"https:\/\/www.noticiasradioreflejos.com.ar\/2021\/abren-acceso-a-tornquist-por-ruta-76\/\",\"name\":\"Estar\u00e1 habilitado el ingreso a Tornquist por la RP 76 hasta las 18hs - Noticias Radio Reflejos\",\"isPartOf\":{\"@id\":\"https:\/\/www.noticiasradioreflejos.com.ar\/2021\/#website\"},\"datePublished\":\"2020-04-24T12:03:11+00:00\",\"author\":{\"@id\":\"https:\/\/www.noticiasradioreflejos.com.ar\/2021\/#\/schema\/person\/ad82545263dcc5ec0996818884fd5fb1\"},\"breadcrumb\":{\"@id\":\"https:\/\/www.noticiasradioreflejos.com.ar\/2021\/abren-acceso-a-tornquist-por-ruta-76\/#breadcrumb\"},\"inLanguage\":\"es\",\"potentialAction\":[{\"@type\":\"ReadAction\",\"target\":[\"https:\/\/www.noticiasradioreflejos.com.ar\/2021\/abren-acceso-a-tornquist-por-ruta-76\/\"]}]},{\"@type\":\"BreadcrumbList\",\"@id\":\"https:\/\/www.noticiasradioreflejos.com.ar\/2021\/abren-acceso-a-tornquist-por-ruta-76\/#breadcrumb\",\"itemListElement\":[{\"@type\":\"ListItem\",\"position\":1,\"name\":\"Portada\",\"item\":\"https:\/\/www.noticiasradioreflejos.com.ar\/2021\/\"},{\"@type\":\"ListItem\",\"position\":2,\"name\":\"Estar\u00e1 habilitado el ingreso a Tornquist por la RP 76 hasta las 18hs\"}]},{\"@type\":\"WebSite\",\"@id\":\"https:\/\/www.noticiasradioreflejos.com.ar\/2021\/#website\",\"url\":\"https:\/\/www.noticiasradioreflejos.com.ar\/2021\/\",\"name\":\"Noticias Radio Reflejos\",\"description\":\"Las noticias de mi comarca\",\"potentialAction\":[{\"@type\":\"SearchAction\",\"target\":{\"@type\":\"EntryPoint\",\"urlTemplate\":\"https:\/\/www.noticiasradioreflejos.com.ar\/2021\/?s={search_term_string}\"},\"query-input\":{\"@type\":\"PropertyValueSpecification\",\"valueRequired\":true,\"valueName\":\"search_term_string\"}}],\"inLanguage\":\"es\"},{\"@type\":\"Person\",\"@id\":\"https:\/\/www.noticiasradioreflejos.com.ar\/2021\/#\/schema\/person\/ad82545263dcc5ec0996818884fd5fb1\",\"name\":\"Arnaldo Botto\",\"image\":{\"@type\":\"ImageObject\",\"inLanguage\":\"es\",\"@id\":\"https:\/\/www.noticiasradioreflejos.com.ar\/2021\/#\/schema\/person\/image\/\",\"url\":\"https:\/\/secure.gravatar.com\/avatar\/55cb5e37c1efa326397366e6974cb338056df65cb50e7d64d1cf314e87504837?s=96&d=mm&r=g\",\"contentUrl\":\"https:\/\/secure.gravatar.com\/avatar\/55cb5e37c1efa326397366e6974cb338056df65cb50e7d64d1cf314e87504837?s=96&d=mm&r=g\",\"caption\":\"Arnaldo Botto\"},\"url\":\"https:\/\/www.noticiasradioreflejos.com.ar\/2021\/author\/arnaldo\/\"}]}<\/script>\n<!-- \/ Yoast SEO plugin. -->","yoast_head_json":{"title":"Estar\u00e1 habilitado el ingreso a Tornquist por la RP 76 hasta las 18hs - Noticias Radio Reflejos","robots":{"index":"index","follow":"follow","max-snippet":"max-snippet:-1","max-image-preview":"max-image-preview:large","max-video-preview":"max-video-preview:-1"},"canonical":"https:\/\/www.noticiasradioreflejos.com.ar\/2021\/abren-acceso-a-tornquist-por-ruta-76\/","og_locale":"es_ES","og_type":"article","og_title":"Estar\u00e1 habilitado el ingreso a Tornquist por la RP 76 hasta las 18hs - Noticias Radio Reflejos","og_description":"La Secretar\u00eda de Seguridad Municipal informa, que por el d\u00eda de hoy, viernes 24 de abril, se habilitar\u00e1 el ingreso a Tornquist por Ruta Provincial N\u00b076, hasta las 18hs. Esta medida es tomada para evitar circulaci\u00f3n de veh\u00edculos por la calle de tierra, que no se encuentra en condiciones por las precipitaciones, hasta el acceso [&hellip;]","og_url":"https:\/\/www.noticiasradioreflejos.com.ar\/2021\/abren-acceso-a-tornquist-por-ruta-76\/","og_site_name":"Noticias Radio Reflejos","article_published_time":"2020-04-24T12:03:11+00:00","og_image":[{"width":300,"height":200,"url":"https:\/\/www.noticiasradioreflejos.com.ar\/2021\/wp-content\/uploads\/2021\/07\/logosol300x200.png","type":"image\/png"}],"author":"Arnaldo Botto","twitter_card":"summary_large_image","schema":{"@context":"https:\/\/schema.org","@graph":[{"@type":"WebPage","@id":"https:\/\/www.noticiasradioreflejos.com.ar\/2021\/abren-acceso-a-tornquist-por-ruta-76\/","url":"https:\/\/www.noticiasradioreflejos.com.ar\/2021\/abren-acceso-a-tornquist-por-ruta-76\/","name":"Estar\u00e1 habilitado el ingreso a Tornquist por la RP 76 hasta las 18hs - Noticias Radio Reflejos","isPartOf":{"@id":"https:\/\/www.noticiasradioreflejos.com.ar\/2021\/#website"},"datePublished":"2020-04-24T12:03:11+00:00","author":{"@id":"https:\/\/www.noticiasradioreflejos.com.ar\/2021\/#\/schema\/person\/ad82545263dcc5ec0996818884fd5fb1"},"breadcrumb":{"@id":"https:\/\/www.noticiasradioreflejos.com.ar\/2021\/abren-acceso-a-tornquist-por-ruta-76\/#breadcrumb"},"inLanguage":"es","potentialAction":[{"@type":"ReadAction","target":["https:\/\/www.noticiasradioreflejos.com.ar\/2021\/abren-acceso-a-tornquist-por-ruta-76\/"]}]},{"@type":"BreadcrumbList","@id":"https:\/\/www.noticiasradioreflejos.com.ar\/2021\/abren-acceso-a-tornquist-por-ruta-76\/#breadcrumb","itemListElement":[{"@type":"ListItem","position":1,"name":"Portada","item":"https:\/\/www.noticiasradioreflejos.com.ar\/2021\/"},{"@type":"ListItem","position":2,"name":"Estar\u00e1 habilitado el ingreso a Tornquist por la RP 76 hasta las 18hs"}]},{"@type":"WebSite","@id":"https:\/\/www.noticiasradioreflejos.com.ar\/2021\/#website","url":"https:\/\/www.noticiasradioreflejos.com.ar\/2021\/","name":"Noticias Radio Reflejos","description":"Las noticias de mi comarca","potentialAction":[{"@type":"SearchAction","target":{"@type":"EntryPoint","urlTemplate":"https:\/\/www.noticiasradioreflejos.com.ar\/2021\/?s={search_term_string}"},"query-input":{"@type":"PropertyValueSpecification","valueRequired":true,"valueName":"search_term_string"}}],"inLanguage":"es"},{"@type":"Person","@id":"https:\/\/www.noticiasradioreflejos.com.ar\/2021\/#\/schema\/person\/ad82545263dcc5ec0996818884fd5fb1","name":"Arnaldo Botto","image":{"@type":"ImageObject","inLanguage":"es","@id":"https:\/\/www.noticiasradioreflejos.com.ar\/2021\/#\/schema\/person\/image\/","url":"https:\/\/secure.gravatar.com\/avatar\/55cb5e37c1efa326397366e6974cb338056df65cb50e7d64d1cf314e87504837?s=96&d=mm&r=g","contentUrl":"https:\/\/secure.gravatar.com\/avatar\/55cb5e37c1efa326397366e6974cb338056df65cb50e7d64d1cf314e87504837?s=96&d=mm&r=g","caption":"Arnaldo Botto"},"url":"https:\/\/www.noticiasradioreflejos.com.ar\/2021\/author\/arnaldo\/"}]}},"_links":{"self":[{"href":"https:\/\/www.noticiasradioreflejos.com.ar\/2021\/wp-json\/wp\/v2\/posts\/41185","targetHints":{"allow":["GET"]}}],"collection":[{"href":"https:\/\/www.noticiasradioreflejos.com.ar\/2021\/wp-json\/wp\/v2\/posts"}],"about":[{"href":"https:\/\/www.noticiasradioreflejos.com.ar\/2021\/wp-json\/wp\/v2\/types\/post"}],"author":[{"embeddable":true,"href":"https:\/\/www.noticiasradioreflejos.com.ar\/2021\/wp-json\/wp\/v2\/users\/3"}],"replies":[{"embeddable":true,"href":"https:\/\/www.noticiasradioreflejos.com.ar\/2021\/wp-json\/wp\/v2\/comments?post=41185"}],"version-history":[{"count":0,"href":"https:\/\/www.noticiasradioreflejos.com.ar\/2021\/wp-json\/wp\/v2\/posts\/41185\/revisions"}],"wp:attachment":[{"href":"https:\/\/www.noticiasradioreflejos.com.ar\/2021\/wp-json\/wp\/v2\/media?parent=41185"}],"wp:term":[{"taxonomy":"category","embeddable":true,"href":"https:\/\/www.noticiasradioreflejos.com.ar\/2021\/wp-json\/wp\/v2\/categories?post=41185"},{"taxonomy":"post_tag","embeddable":true,"href":"https:\/\/www.noticiasradioreflejos.com.ar\/2021\/wp-json\/wp\/v2\/tags?post=41185"}],"curies":[{"name":"wp","href":"https:\/\/api.w.org\/{rel}","templated":true}]}}