{"id":41155,"date":"2020-04-23T17:09:49","date_gmt":"2020-04-23T20:09:49","guid":{"rendered":"http:\/\/www.noticiasradioreflejos.com.ar\/noticias\/?p=41155"},"modified":"2020-04-23T17:09:49","modified_gmt":"2020-04-23T20:09:49","slug":"comenzo-a-realizarse-el-test-del-olfato-para-ingresar-al-distrito","status":"publish","type":"post","link":"https:\/\/www.noticiasradioreflejos.com.ar\/2021\/comenzo-a-realizarse-el-test-del-olfato-para-ingresar-al-distrito\/","title":{"rendered":"Comenz\u00f3 a realizarse el test del olfato para ingresar al distrito"},"content":{"rendered":"<p><a title=\"WhatsApp Image 2020-04-23 at 15.56.29\" href=\"http:\/\/live.staticflickr.com\/65535\/49810376063_1ee2b3f27c_s.jpg\" rel=\"\"><img loading=\"lazy\" decoding=\"async\" class=\"alignleft\" style=\"float: left;\" title=\"WhatsApp Image 2020-04-23 at 15.56.29\" src=\"http:\/\/live.staticflickr.com\/65535\/49810376063_1ee2b3f27c.jpg\" alt=\"WhatsApp Image 2020-04-23 at 15.56.29\" width=\"500\" height=\"231\" \/><\/a>Tornquist Municipio informa a la comunidad, que con el objetivo de comenzar a administrar el aislamiento social, preventivo y obligatorio, se han reforzado los controles de ingreso en todo el distrito. <!--more--><\/p>\n<p>A partir del d\u00eda de la fecha, las autoridades han incorporado el test del olfato para toda persona que ingrese a las localidades del distrito. Esta herramienta permitir\u00e1 detectar y verificar tanto a conductores y acompa\u00f1antes, que no presenten s\u00edntomas.<br \/>\nEl control consiste en entregar a cada una de las personas un papel con distintas fragancias, para que puedan determinar de cuales se trata. El objetivo de este test, es determinar personas que no tengan s\u00edntomas y activar el protocolo correspondiente antes de ingresar al distrito.<br \/>\nSi un vecino no pudiera determinar cu\u00e1les son las fragancias que se les est\u00e1 dando, se le realizar\u00e1 una serie de preguntas para determinar de qu\u00e9 zona viene, y si es necesario activar o no el protocolo por Covid-19. Es importante resaltar, que quienes no tengan domicilio en alguna de las localidades y no puedan pasar el test, no podr\u00e1n ingresar, salvo que tengan certificado m\u00e9dico.<br \/>\nTodos los controles se est\u00e1n llevando a cabo, en simultaneo en todas los ingresos al distrito, las 24hs desde la semana pasada, con personal municipal reasignado de \u00e1reas que no son esenciales, con el objetivo de evitar el ingreso del virus a nuestro distrito, y por sobre todo cuidar a nuestros vecinos.<br \/>\n<a title=\"WhatsApp Image 2020-04-23 at 15.40.25\" href=\"http:\/\/live.staticflickr.com\/65535\/49810928021_c4dae25d75_s.jpg\" rel=\"\"><img loading=\"lazy\" decoding=\"async\" class=\"aligncenter\" title=\"WhatsApp Image 2020-04-23 at 15.40.25\" src=\"http:\/\/live.staticflickr.com\/65535\/49810928021_c4dae25d75_z.jpg\" alt=\"WhatsApp Image 2020-04-23 at 15.40.25\" width=\"640\" height=\"360\" \/><\/a><\/p>\n","protected":false},"excerpt":{"rendered":"<p>Tornquist Municipio informa a la comunidad, que con el objetivo de comenzar a administrar el aislamiento social, preventivo y obligatorio, se han reforzado los controles de ingreso en todo el distrito.<\/p>\n","protected":false},"author":3,"featured_media":0,"comment_status":"closed","ping_status":"open","sticky":false,"template":"","format":"standard","meta":{"footnotes":""},"categories":[30],"tags":[],"class_list":["post-41155","post","type-post","status-publish","format-standard","hentry","category-salud"],"yoast_head":"<!-- This site is optimized with the Yoast SEO plugin v25.9 - https:\/\/yoast.com\/wordpress\/plugins\/seo\/ -->\n<title>Comenz\u00f3 a realizarse el test del olfato para ingresar al distrito - Noticias Radio Reflejos<\/title>\n<meta name=\"robots\" content=\"index, follow, max-snippet:-1, max-image-preview:large, max-video-preview:-1\" \/>\n<link rel=\"canonical\" href=\"https:\/\/www.noticiasradioreflejos.com.ar\/2021\/comenzo-a-realizarse-el-test-del-olfato-para-ingresar-al-distrito\/\" \/>\n<meta property=\"og:locale\" content=\"es_ES\" \/>\n<meta property=\"og:type\" content=\"article\" \/>\n<meta property=\"og:title\" content=\"Comenz\u00f3 a realizarse el test del olfato para ingresar al distrito - Noticias Radio Reflejos\" \/>\n<meta property=\"og:description\" content=\"Tornquist Municipio informa a la comunidad, que con el objetivo de comenzar a administrar el aislamiento social, preventivo y obligatorio, se han reforzado los controles de ingreso en todo el distrito.\" \/>\n<meta property=\"og:url\" content=\"https:\/\/www.noticiasradioreflejos.com.ar\/2021\/comenzo-a-realizarse-el-test-del-olfato-para-ingresar-al-distrito\/\" \/>\n<meta property=\"og:site_name\" content=\"Noticias Radio Reflejos\" \/>\n<meta property=\"article:published_time\" content=\"2020-04-23T20:09:49+00:00\" \/>\n<meta property=\"og:image\" content=\"http:\/\/live.staticflickr.com\/65535\/49810376063_1ee2b3f27c.jpg\" \/>\n<meta name=\"author\" content=\"Arnaldo Botto\" \/>\n<meta name=\"twitter:card\" content=\"summary_large_image\" \/>\n<script type=\"application\/ld+json\" class=\"yoast-schema-graph\">{\"@context\":\"https:\/\/schema.org\",\"@graph\":[{\"@type\":\"WebPage\",\"@id\":\"https:\/\/www.noticiasradioreflejos.com.ar\/2021\/comenzo-a-realizarse-el-test-del-olfato-para-ingresar-al-distrito\/\",\"url\":\"https:\/\/www.noticiasradioreflejos.com.ar\/2021\/comenzo-a-realizarse-el-test-del-olfato-para-ingresar-al-distrito\/\",\"name\":\"Comenz\u00f3 a realizarse el test del olfato para ingresar al distrito - Noticias Radio Reflejos\",\"isPartOf\":{\"@id\":\"https:\/\/www.noticiasradioreflejos.com.ar\/2021\/#website\"},\"primaryImageOfPage\":{\"@id\":\"https:\/\/www.noticiasradioreflejos.com.ar\/2021\/comenzo-a-realizarse-el-test-del-olfato-para-ingresar-al-distrito\/#primaryimage\"},\"image\":{\"@id\":\"https:\/\/www.noticiasradioreflejos.com.ar\/2021\/comenzo-a-realizarse-el-test-del-olfato-para-ingresar-al-distrito\/#primaryimage\"},\"thumbnailUrl\":\"http:\/\/live.staticflickr.com\/65535\/49810376063_1ee2b3f27c.jpg\",\"datePublished\":\"2020-04-23T20:09:49+00:00\",\"author\":{\"@id\":\"https:\/\/www.noticiasradioreflejos.com.ar\/2021\/#\/schema\/person\/ad82545263dcc5ec0996818884fd5fb1\"},\"breadcrumb\":{\"@id\":\"https:\/\/www.noticiasradioreflejos.com.ar\/2021\/comenzo-a-realizarse-el-test-del-olfato-para-ingresar-al-distrito\/#breadcrumb\"},\"inLanguage\":\"es\",\"potentialAction\":[{\"@type\":\"ReadAction\",\"target\":[\"https:\/\/www.noticiasradioreflejos.com.ar\/2021\/comenzo-a-realizarse-el-test-del-olfato-para-ingresar-al-distrito\/\"]}]},{\"@type\":\"ImageObject\",\"inLanguage\":\"es\",\"@id\":\"https:\/\/www.noticiasradioreflejos.com.ar\/2021\/comenzo-a-realizarse-el-test-del-olfato-para-ingresar-al-distrito\/#primaryimage\",\"url\":\"http:\/\/live.staticflickr.com\/65535\/49810376063_1ee2b3f27c.jpg\",\"contentUrl\":\"http:\/\/live.staticflickr.com\/65535\/49810376063_1ee2b3f27c.jpg\"},{\"@type\":\"BreadcrumbList\",\"@id\":\"https:\/\/www.noticiasradioreflejos.com.ar\/2021\/comenzo-a-realizarse-el-test-del-olfato-para-ingresar-al-distrito\/#breadcrumb\",\"itemListElement\":[{\"@type\":\"ListItem\",\"position\":1,\"name\":\"Portada\",\"item\":\"https:\/\/www.noticiasradioreflejos.com.ar\/2021\/\"},{\"@type\":\"ListItem\",\"position\":2,\"name\":\"Comenz\u00f3 a realizarse el test del olfato para ingresar al distrito\"}]},{\"@type\":\"WebSite\",\"@id\":\"https:\/\/www.noticiasradioreflejos.com.ar\/2021\/#website\",\"url\":\"https:\/\/www.noticiasradioreflejos.com.ar\/2021\/\",\"name\":\"Noticias Radio Reflejos\",\"description\":\"Las noticias de mi comarca\",\"potentialAction\":[{\"@type\":\"SearchAction\",\"target\":{\"@type\":\"EntryPoint\",\"urlTemplate\":\"https:\/\/www.noticiasradioreflejos.com.ar\/2021\/?s={search_term_string}\"},\"query-input\":{\"@type\":\"PropertyValueSpecification\",\"valueRequired\":true,\"valueName\":\"search_term_string\"}}],\"inLanguage\":\"es\"},{\"@type\":\"Person\",\"@id\":\"https:\/\/www.noticiasradioreflejos.com.ar\/2021\/#\/schema\/person\/ad82545263dcc5ec0996818884fd5fb1\",\"name\":\"Arnaldo Botto\",\"image\":{\"@type\":\"ImageObject\",\"inLanguage\":\"es\",\"@id\":\"https:\/\/www.noticiasradioreflejos.com.ar\/2021\/#\/schema\/person\/image\/\",\"url\":\"https:\/\/secure.gravatar.com\/avatar\/55cb5e37c1efa326397366e6974cb338056df65cb50e7d64d1cf314e87504837?s=96&d=mm&r=g\",\"contentUrl\":\"https:\/\/secure.gravatar.com\/avatar\/55cb5e37c1efa326397366e6974cb338056df65cb50e7d64d1cf314e87504837?s=96&d=mm&r=g\",\"caption\":\"Arnaldo Botto\"},\"url\":\"https:\/\/www.noticiasradioreflejos.com.ar\/2021\/author\/arnaldo\/\"}]}<\/script>\n<!-- \/ Yoast SEO plugin. -->","yoast_head_json":{"title":"Comenz\u00f3 a realizarse el test del olfato para ingresar al distrito - Noticias Radio Reflejos","robots":{"index":"index","follow":"follow","max-snippet":"max-snippet:-1","max-image-preview":"max-image-preview:large","max-video-preview":"max-video-preview:-1"},"canonical":"https:\/\/www.noticiasradioreflejos.com.ar\/2021\/comenzo-a-realizarse-el-test-del-olfato-para-ingresar-al-distrito\/","og_locale":"es_ES","og_type":"article","og_title":"Comenz\u00f3 a realizarse el test del olfato para ingresar al distrito - Noticias Radio Reflejos","og_description":"Tornquist Municipio informa a la comunidad, que con el objetivo de comenzar a administrar el aislamiento social, preventivo y obligatorio, se han reforzado los controles de ingreso en todo el distrito.","og_url":"https:\/\/www.noticiasradioreflejos.com.ar\/2021\/comenzo-a-realizarse-el-test-del-olfato-para-ingresar-al-distrito\/","og_site_name":"Noticias Radio Reflejos","article_published_time":"2020-04-23T20:09:49+00:00","og_image":[{"url":"http:\/\/live.staticflickr.com\/65535\/49810376063_1ee2b3f27c.jpg","type":"","width":"","height":""}],"author":"Arnaldo Botto","twitter_card":"summary_large_image","schema":{"@context":"https:\/\/schema.org","@graph":[{"@type":"WebPage","@id":"https:\/\/www.noticiasradioreflejos.com.ar\/2021\/comenzo-a-realizarse-el-test-del-olfato-para-ingresar-al-distrito\/","url":"https:\/\/www.noticiasradioreflejos.com.ar\/2021\/comenzo-a-realizarse-el-test-del-olfato-para-ingresar-al-distrito\/","name":"Comenz\u00f3 a realizarse el test del olfato para ingresar al distrito - Noticias Radio Reflejos","isPartOf":{"@id":"https:\/\/www.noticiasradioreflejos.com.ar\/2021\/#website"},"primaryImageOfPage":{"@id":"https:\/\/www.noticiasradioreflejos.com.ar\/2021\/comenzo-a-realizarse-el-test-del-olfato-para-ingresar-al-distrito\/#primaryimage"},"image":{"@id":"https:\/\/www.noticiasradioreflejos.com.ar\/2021\/comenzo-a-realizarse-el-test-del-olfato-para-ingresar-al-distrito\/#primaryimage"},"thumbnailUrl":"http:\/\/live.staticflickr.com\/65535\/49810376063_1ee2b3f27c.jpg","datePublished":"2020-04-23T20:09:49+00:00","author":{"@id":"https:\/\/www.noticiasradioreflejos.com.ar\/2021\/#\/schema\/person\/ad82545263dcc5ec0996818884fd5fb1"},"breadcrumb":{"@id":"https:\/\/www.noticiasradioreflejos.com.ar\/2021\/comenzo-a-realizarse-el-test-del-olfato-para-ingresar-al-distrito\/#breadcrumb"},"inLanguage":"es","potentialAction":[{"@type":"ReadAction","target":["https:\/\/www.noticiasradioreflejos.com.ar\/2021\/comenzo-a-realizarse-el-test-del-olfato-para-ingresar-al-distrito\/"]}]},{"@type":"ImageObject","inLanguage":"es","@id":"https:\/\/www.noticiasradioreflejos.com.ar\/2021\/comenzo-a-realizarse-el-test-del-olfato-para-ingresar-al-distrito\/#primaryimage","url":"http:\/\/live.staticflickr.com\/65535\/49810376063_1ee2b3f27c.jpg","contentUrl":"http:\/\/live.staticflickr.com\/65535\/49810376063_1ee2b3f27c.jpg"},{"@type":"BreadcrumbList","@id":"https:\/\/www.noticiasradioreflejos.com.ar\/2021\/comenzo-a-realizarse-el-test-del-olfato-para-ingresar-al-distrito\/#breadcrumb","itemListElement":[{"@type":"ListItem","position":1,"name":"Portada","item":"https:\/\/www.noticiasradioreflejos.com.ar\/2021\/"},{"@type":"ListItem","position":2,"name":"Comenz\u00f3 a realizarse el test del olfato para ingresar al distrito"}]},{"@type":"WebSite","@id":"https:\/\/www.noticiasradioreflejos.com.ar\/2021\/#website","url":"https:\/\/www.noticiasradioreflejos.com.ar\/2021\/","name":"Noticias Radio Reflejos","description":"Las noticias de mi comarca","potentialAction":[{"@type":"SearchAction","target":{"@type":"EntryPoint","urlTemplate":"https:\/\/www.noticiasradioreflejos.com.ar\/2021\/?s={search_term_string}"},"query-input":{"@type":"PropertyValueSpecification","valueRequired":true,"valueName":"search_term_string"}}],"inLanguage":"es"},{"@type":"Person","@id":"https:\/\/www.noticiasradioreflejos.com.ar\/2021\/#\/schema\/person\/ad82545263dcc5ec0996818884fd5fb1","name":"Arnaldo Botto","image":{"@type":"ImageObject","inLanguage":"es","@id":"https:\/\/www.noticiasradioreflejos.com.ar\/2021\/#\/schema\/person\/image\/","url":"https:\/\/secure.gravatar.com\/avatar\/55cb5e37c1efa326397366e6974cb338056df65cb50e7d64d1cf314e87504837?s=96&d=mm&r=g","contentUrl":"https:\/\/secure.gravatar.com\/avatar\/55cb5e37c1efa326397366e6974cb338056df65cb50e7d64d1cf314e87504837?s=96&d=mm&r=g","caption":"Arnaldo Botto"},"url":"https:\/\/www.noticiasradioreflejos.com.ar\/2021\/author\/arnaldo\/"}]}},"_links":{"self":[{"href":"https:\/\/www.noticiasradioreflejos.com.ar\/2021\/wp-json\/wp\/v2\/posts\/41155","targetHints":{"allow":["GET"]}}],"collection":[{"href":"https:\/\/www.noticiasradioreflejos.com.ar\/2021\/wp-json\/wp\/v2\/posts"}],"about":[{"href":"https:\/\/www.noticiasradioreflejos.com.ar\/2021\/wp-json\/wp\/v2\/types\/post"}],"author":[{"embeddable":true,"href":"https:\/\/www.noticiasradioreflejos.com.ar\/2021\/wp-json\/wp\/v2\/users\/3"}],"replies":[{"embeddable":true,"href":"https:\/\/www.noticiasradioreflejos.com.ar\/2021\/wp-json\/wp\/v2\/comments?post=41155"}],"version-history":[{"count":0,"href":"https:\/\/www.noticiasradioreflejos.com.ar\/2021\/wp-json\/wp\/v2\/posts\/41155\/revisions"}],"wp:attachment":[{"href":"https:\/\/www.noticiasradioreflejos.com.ar\/2021\/wp-json\/wp\/v2\/media?parent=41155"}],"wp:term":[{"taxonomy":"category","embeddable":true,"href":"https:\/\/www.noticiasradioreflejos.com.ar\/2021\/wp-json\/wp\/v2\/categories?post=41155"},{"taxonomy":"post_tag","embeddable":true,"href":"https:\/\/www.noticiasradioreflejos.com.ar\/2021\/wp-json\/wp\/v2\/tags?post=41155"}],"curies":[{"name":"wp","href":"https:\/\/api.w.org\/{rel}","templated":true}]}}