{"id":4115,"date":"2016-11-25T18:25:14","date_gmt":"2016-11-25T18:25:14","guid":{"rendered":"http:\/\/noticiasradioreflejos.com.ar\/noticias\/?p=4115"},"modified":"2016-11-25T18:25:14","modified_gmt":"2016-11-25T18:25:14","slug":"quiero-seguir-los-pasos-de-mi-papa","status":"publish","type":"post","link":"https:\/\/www.noticiasradioreflejos.com.ar\/2021\/quiero-seguir-los-pasos-de-mi-papa\/","title":{"rendered":"&quot;Quiero seguir los pasos de mi pap\u00e1&quot;"},"content":{"rendered":"<hr \/>\n<p>Nicol\u00e1s Cabral es uno de los Atletas m\u00e1s importantes que tiene Villa Ventana, por su desempe\u00f1o como deportista y por los innumerables logros como competidor. El sue\u00f1o y la presi\u00f3n de seguir los pasos de su padre son las virtudes que lo llevan a entrenar al m\u00e1ximo para cada competencia.<!--more-->Cabral viene de competir en Bah\u00eda Blanca obteniendo un triunfo y mejorando su marca en 100 metros haciendo 11.2 y adem\u00e1s, primero en salto en largo manteniendo su marca.<br \/>\n\u00abEste a\u00f1o nos fue muy bien, pudimos llevar a dos chicos a los nacionales, metimos una chica que sali\u00f3 segunda en los bonaerenses, otro que sali\u00f3 campe\u00f3n provincial y entre ellos se han sumado chicos a la escuelita, adquirimos elementos nuevos y se avanz\u00f3 con el Municipio en algunas partes para que nos den ayuda.\u00bb<br \/>\nNicol\u00e1s compite hace tres a\u00f1os y su especialidad es los saltos: \u00abSi bien hago velocidad, lo m\u00edo son los saltos triples, salto en largo y salto en alto.\u00bb<br \/>\n\u00abTener a mi pap\u00e1 influye positivamente porque \u00e9l me conoce, sabe hasta d\u00f3nde puedo dar, en qu\u00e9 cosas puedo mejorar, me gu\u00eda y me incentiva. Quiero seguir los mismos pasos de \u00e9l\u00bb, sintetiza Nicol\u00e1s, hijo de Enrique Quique Cabral, un apasionado por el deporte.<br \/>\n<a title=\"IMG-20161123-WA0075\" href=\"http:\/\/farm6.staticflickr.com\/5453\/30865418190_3eeef41b90_c.jpg\" rel=\"\"><img loading=\"lazy\" decoding=\"async\" class=\"aligncenter\" title=\"IMG-20161123-WA0075\" src=\"http:\/\/farm6.staticflickr.com\/5453\/30865418190_3eeef41b90_c.jpg\" alt=\"IMG-20161123-WA0075\" width=\"800\" height=\"600\" \/><\/a><br \/>\n<a title=\"IMG-20161123-WA0072\" href=\"http:\/\/farm6.staticflickr.com\/5339\/30865425270_5e643ac020_c.jpg\" rel=\"\"><img loading=\"lazy\" decoding=\"async\" class=\"aligncenter\" title=\"IMG-20161123-WA0072\" src=\"http:\/\/farm6.staticflickr.com\/5339\/30865425270_5e643ac020_c.jpg\" alt=\"IMG-20161123-WA0072\" width=\"800\" height=\"450\" \/><\/a><br \/>\n<iframe loading=\"lazy\" src=\"https:\/\/w.soundcloud.com\/player\/?url=https%3A\/\/api.soundcloud.com\/tracks\/294578719&amp;color=ff5500&amp;auto_play=false&amp;hide_related=false&amp;show_comments=true&amp;show_user=true&amp;show_reposts=false\" width=\"100%\" height=\"166\" frameborder=\"no\" scrolling=\"no\"><\/iframe><\/p>\n","protected":false},"excerpt":{"rendered":"<p>Nicol\u00e1s Cabral es uno de los Atletas m\u00e1s importantes que tiene Villa Ventana, por su desempe\u00f1o como deportista y por los innumerables logros como competidor. El sue\u00f1o y la presi\u00f3n de seguir los pasos de su padre son las virtudes que lo llevan a entrenar al m\u00e1ximo para cada competencia.<\/p>\n","protected":false},"author":3,"featured_media":0,"comment_status":"closed","ping_status":"open","sticky":false,"template":"","format":"standard","meta":{"footnotes":""},"categories":[27],"tags":[],"class_list":["post-4115","post","type-post","status-publish","format-standard","hentry","category-deportes"],"yoast_head":"<!-- This site is optimized with the Yoast SEO plugin v25.9 - https:\/\/yoast.com\/wordpress\/plugins\/seo\/ -->\n<title>&quot;Quiero seguir los pasos de mi pap\u00e1&quot; - Noticias Radio Reflejos<\/title>\n<meta name=\"robots\" content=\"index, follow, max-snippet:-1, max-image-preview:large, max-video-preview:-1\" \/>\n<link rel=\"canonical\" href=\"https:\/\/www.noticiasradioreflejos.com.ar\/2021\/quiero-seguir-los-pasos-de-mi-papa\/\" \/>\n<meta property=\"og:locale\" content=\"es_ES\" \/>\n<meta property=\"og:type\" content=\"article\" \/>\n<meta property=\"og:title\" content=\"&quot;Quiero seguir los pasos de mi pap\u00e1&quot; - Noticias Radio Reflejos\" \/>\n<meta property=\"og:description\" content=\"Nicol\u00e1s Cabral es uno de los Atletas m\u00e1s importantes que tiene Villa Ventana, por su desempe\u00f1o como deportista y por los innumerables logros como competidor. El sue\u00f1o y la presi\u00f3n de seguir los pasos de su padre son las virtudes que lo llevan a entrenar al m\u00e1ximo para cada competencia.\" \/>\n<meta property=\"og:url\" content=\"https:\/\/www.noticiasradioreflejos.com.ar\/2021\/quiero-seguir-los-pasos-de-mi-papa\/\" \/>\n<meta property=\"og:site_name\" content=\"Noticias Radio Reflejos\" \/>\n<meta property=\"article:published_time\" content=\"2016-11-25T18:25:14+00:00\" \/>\n<meta property=\"og:image\" content=\"http:\/\/farm6.staticflickr.com\/5453\/30865418190_3eeef41b90_c.jpg\" \/>\n<meta name=\"author\" content=\"Arnaldo Botto\" \/>\n<meta name=\"twitter:card\" content=\"summary_large_image\" \/>\n<script type=\"application\/ld+json\" class=\"yoast-schema-graph\">{\"@context\":\"https:\/\/schema.org\",\"@graph\":[{\"@type\":\"WebPage\",\"@id\":\"https:\/\/www.noticiasradioreflejos.com.ar\/2021\/quiero-seguir-los-pasos-de-mi-papa\/\",\"url\":\"https:\/\/www.noticiasradioreflejos.com.ar\/2021\/quiero-seguir-los-pasos-de-mi-papa\/\",\"name\":\"&quot;Quiero seguir los pasos de mi pap\u00e1&quot; - Noticias Radio Reflejos\",\"isPartOf\":{\"@id\":\"https:\/\/www.noticiasradioreflejos.com.ar\/2021\/#website\"},\"primaryImageOfPage\":{\"@id\":\"https:\/\/www.noticiasradioreflejos.com.ar\/2021\/quiero-seguir-los-pasos-de-mi-papa\/#primaryimage\"},\"image\":{\"@id\":\"https:\/\/www.noticiasradioreflejos.com.ar\/2021\/quiero-seguir-los-pasos-de-mi-papa\/#primaryimage\"},\"thumbnailUrl\":\"http:\/\/farm6.staticflickr.com\/5453\/30865418190_3eeef41b90_c.jpg\",\"datePublished\":\"2016-11-25T18:25:14+00:00\",\"author\":{\"@id\":\"https:\/\/www.noticiasradioreflejos.com.ar\/2021\/#\/schema\/person\/ad82545263dcc5ec0996818884fd5fb1\"},\"breadcrumb\":{\"@id\":\"https:\/\/www.noticiasradioreflejos.com.ar\/2021\/quiero-seguir-los-pasos-de-mi-papa\/#breadcrumb\"},\"inLanguage\":\"es\",\"potentialAction\":[{\"@type\":\"ReadAction\",\"target\":[\"https:\/\/www.noticiasradioreflejos.com.ar\/2021\/quiero-seguir-los-pasos-de-mi-papa\/\"]}]},{\"@type\":\"ImageObject\",\"inLanguage\":\"es\",\"@id\":\"https:\/\/www.noticiasradioreflejos.com.ar\/2021\/quiero-seguir-los-pasos-de-mi-papa\/#primaryimage\",\"url\":\"http:\/\/farm6.staticflickr.com\/5453\/30865418190_3eeef41b90_c.jpg\",\"contentUrl\":\"http:\/\/farm6.staticflickr.com\/5453\/30865418190_3eeef41b90_c.jpg\"},{\"@type\":\"BreadcrumbList\",\"@id\":\"https:\/\/www.noticiasradioreflejos.com.ar\/2021\/quiero-seguir-los-pasos-de-mi-papa\/#breadcrumb\",\"itemListElement\":[{\"@type\":\"ListItem\",\"position\":1,\"name\":\"Portada\",\"item\":\"https:\/\/www.noticiasradioreflejos.com.ar\/2021\/\"},{\"@type\":\"ListItem\",\"position\":2,\"name\":\"&quot;Quiero seguir los pasos de mi pap\u00e1&quot;\"}]},{\"@type\":\"WebSite\",\"@id\":\"https:\/\/www.noticiasradioreflejos.com.ar\/2021\/#website\",\"url\":\"https:\/\/www.noticiasradioreflejos.com.ar\/2021\/\",\"name\":\"Noticias Radio Reflejos\",\"description\":\"Las noticias de mi comarca\",\"potentialAction\":[{\"@type\":\"SearchAction\",\"target\":{\"@type\":\"EntryPoint\",\"urlTemplate\":\"https:\/\/www.noticiasradioreflejos.com.ar\/2021\/?s={search_term_string}\"},\"query-input\":{\"@type\":\"PropertyValueSpecification\",\"valueRequired\":true,\"valueName\":\"search_term_string\"}}],\"inLanguage\":\"es\"},{\"@type\":\"Person\",\"@id\":\"https:\/\/www.noticiasradioreflejos.com.ar\/2021\/#\/schema\/person\/ad82545263dcc5ec0996818884fd5fb1\",\"name\":\"Arnaldo Botto\",\"image\":{\"@type\":\"ImageObject\",\"inLanguage\":\"es\",\"@id\":\"https:\/\/www.noticiasradioreflejos.com.ar\/2021\/#\/schema\/person\/image\/\",\"url\":\"https:\/\/secure.gravatar.com\/avatar\/55cb5e37c1efa326397366e6974cb338056df65cb50e7d64d1cf314e87504837?s=96&d=mm&r=g\",\"contentUrl\":\"https:\/\/secure.gravatar.com\/avatar\/55cb5e37c1efa326397366e6974cb338056df65cb50e7d64d1cf314e87504837?s=96&d=mm&r=g\",\"caption\":\"Arnaldo Botto\"},\"url\":\"https:\/\/www.noticiasradioreflejos.com.ar\/2021\/author\/arnaldo\/\"}]}<\/script>\n<!-- \/ Yoast SEO plugin. -->","yoast_head_json":{"title":"&quot;Quiero seguir los pasos de mi pap\u00e1&quot; - Noticias Radio Reflejos","robots":{"index":"index","follow":"follow","max-snippet":"max-snippet:-1","max-image-preview":"max-image-preview:large","max-video-preview":"max-video-preview:-1"},"canonical":"https:\/\/www.noticiasradioreflejos.com.ar\/2021\/quiero-seguir-los-pasos-de-mi-papa\/","og_locale":"es_ES","og_type":"article","og_title":"&quot;Quiero seguir los pasos de mi pap\u00e1&quot; - Noticias Radio Reflejos","og_description":"Nicol\u00e1s Cabral es uno de los Atletas m\u00e1s importantes que tiene Villa Ventana, por su desempe\u00f1o como deportista y por los innumerables logros como competidor. El sue\u00f1o y la presi\u00f3n de seguir los pasos de su padre son las virtudes que lo llevan a entrenar al m\u00e1ximo para cada competencia.","og_url":"https:\/\/www.noticiasradioreflejos.com.ar\/2021\/quiero-seguir-los-pasos-de-mi-papa\/","og_site_name":"Noticias Radio Reflejos","article_published_time":"2016-11-25T18:25:14+00:00","og_image":[{"url":"http:\/\/farm6.staticflickr.com\/5453\/30865418190_3eeef41b90_c.jpg","type":"","width":"","height":""}],"author":"Arnaldo Botto","twitter_card":"summary_large_image","schema":{"@context":"https:\/\/schema.org","@graph":[{"@type":"WebPage","@id":"https:\/\/www.noticiasradioreflejos.com.ar\/2021\/quiero-seguir-los-pasos-de-mi-papa\/","url":"https:\/\/www.noticiasradioreflejos.com.ar\/2021\/quiero-seguir-los-pasos-de-mi-papa\/","name":"&quot;Quiero seguir los pasos de mi pap\u00e1&quot; - Noticias Radio Reflejos","isPartOf":{"@id":"https:\/\/www.noticiasradioreflejos.com.ar\/2021\/#website"},"primaryImageOfPage":{"@id":"https:\/\/www.noticiasradioreflejos.com.ar\/2021\/quiero-seguir-los-pasos-de-mi-papa\/#primaryimage"},"image":{"@id":"https:\/\/www.noticiasradioreflejos.com.ar\/2021\/quiero-seguir-los-pasos-de-mi-papa\/#primaryimage"},"thumbnailUrl":"http:\/\/farm6.staticflickr.com\/5453\/30865418190_3eeef41b90_c.jpg","datePublished":"2016-11-25T18:25:14+00:00","author":{"@id":"https:\/\/www.noticiasradioreflejos.com.ar\/2021\/#\/schema\/person\/ad82545263dcc5ec0996818884fd5fb1"},"breadcrumb":{"@id":"https:\/\/www.noticiasradioreflejos.com.ar\/2021\/quiero-seguir-los-pasos-de-mi-papa\/#breadcrumb"},"inLanguage":"es","potentialAction":[{"@type":"ReadAction","target":["https:\/\/www.noticiasradioreflejos.com.ar\/2021\/quiero-seguir-los-pasos-de-mi-papa\/"]}]},{"@type":"ImageObject","inLanguage":"es","@id":"https:\/\/www.noticiasradioreflejos.com.ar\/2021\/quiero-seguir-los-pasos-de-mi-papa\/#primaryimage","url":"http:\/\/farm6.staticflickr.com\/5453\/30865418190_3eeef41b90_c.jpg","contentUrl":"http:\/\/farm6.staticflickr.com\/5453\/30865418190_3eeef41b90_c.jpg"},{"@type":"BreadcrumbList","@id":"https:\/\/www.noticiasradioreflejos.com.ar\/2021\/quiero-seguir-los-pasos-de-mi-papa\/#breadcrumb","itemListElement":[{"@type":"ListItem","position":1,"name":"Portada","item":"https:\/\/www.noticiasradioreflejos.com.ar\/2021\/"},{"@type":"ListItem","position":2,"name":"&quot;Quiero seguir los pasos de mi pap\u00e1&quot;"}]},{"@type":"WebSite","@id":"https:\/\/www.noticiasradioreflejos.com.ar\/2021\/#website","url":"https:\/\/www.noticiasradioreflejos.com.ar\/2021\/","name":"Noticias Radio Reflejos","description":"Las noticias de mi comarca","potentialAction":[{"@type":"SearchAction","target":{"@type":"EntryPoint","urlTemplate":"https:\/\/www.noticiasradioreflejos.com.ar\/2021\/?s={search_term_string}"},"query-input":{"@type":"PropertyValueSpecification","valueRequired":true,"valueName":"search_term_string"}}],"inLanguage":"es"},{"@type":"Person","@id":"https:\/\/www.noticiasradioreflejos.com.ar\/2021\/#\/schema\/person\/ad82545263dcc5ec0996818884fd5fb1","name":"Arnaldo Botto","image":{"@type":"ImageObject","inLanguage":"es","@id":"https:\/\/www.noticiasradioreflejos.com.ar\/2021\/#\/schema\/person\/image\/","url":"https:\/\/secure.gravatar.com\/avatar\/55cb5e37c1efa326397366e6974cb338056df65cb50e7d64d1cf314e87504837?s=96&d=mm&r=g","contentUrl":"https:\/\/secure.gravatar.com\/avatar\/55cb5e37c1efa326397366e6974cb338056df65cb50e7d64d1cf314e87504837?s=96&d=mm&r=g","caption":"Arnaldo Botto"},"url":"https:\/\/www.noticiasradioreflejos.com.ar\/2021\/author\/arnaldo\/"}]}},"_links":{"self":[{"href":"https:\/\/www.noticiasradioreflejos.com.ar\/2021\/wp-json\/wp\/v2\/posts\/4115","targetHints":{"allow":["GET"]}}],"collection":[{"href":"https:\/\/www.noticiasradioreflejos.com.ar\/2021\/wp-json\/wp\/v2\/posts"}],"about":[{"href":"https:\/\/www.noticiasradioreflejos.com.ar\/2021\/wp-json\/wp\/v2\/types\/post"}],"author":[{"embeddable":true,"href":"https:\/\/www.noticiasradioreflejos.com.ar\/2021\/wp-json\/wp\/v2\/users\/3"}],"replies":[{"embeddable":true,"href":"https:\/\/www.noticiasradioreflejos.com.ar\/2021\/wp-json\/wp\/v2\/comments?post=4115"}],"version-history":[{"count":0,"href":"https:\/\/www.noticiasradioreflejos.com.ar\/2021\/wp-json\/wp\/v2\/posts\/4115\/revisions"}],"wp:attachment":[{"href":"https:\/\/www.noticiasradioreflejos.com.ar\/2021\/wp-json\/wp\/v2\/media?parent=4115"}],"wp:term":[{"taxonomy":"category","embeddable":true,"href":"https:\/\/www.noticiasradioreflejos.com.ar\/2021\/wp-json\/wp\/v2\/categories?post=4115"},{"taxonomy":"post_tag","embeddable":true,"href":"https:\/\/www.noticiasradioreflejos.com.ar\/2021\/wp-json\/wp\/v2\/tags?post=4115"}],"curies":[{"name":"wp","href":"https:\/\/api.w.org\/{rel}","templated":true}]}}