{"id":41144,"date":"2020-04-23T12:05:32","date_gmt":"2020-04-23T15:05:32","guid":{"rendered":"http:\/\/www.noticiasradioreflejos.com.ar\/noticias\/?p=41144"},"modified":"2020-04-23T12:05:32","modified_gmt":"2020-04-23T15:05:32","slug":"es-ilegal-el-recargo-en-compras-con-tarjeta-de-debito-y-credito-en-un-pago","status":"publish","type":"post","link":"https:\/\/www.noticiasradioreflejos.com.ar\/2021\/es-ilegal-el-recargo-en-compras-con-tarjeta-de-debito-y-credito-en-un-pago\/","title":{"rendered":"Es ilegal el recargo en compras con tarjeta de d\u00e9bito y cr\u00e9dito en un pago"},"content":{"rendered":"<p>En medio de la pandemia y el decreto de cuarentena que paraliza una importante porci\u00f3n de la actividad, la situaci\u00f3n financiera golpea fuerte a cada uno de los eslabones que componen la estructura econ\u00f3mica de todo el pa\u00eds. Una de las denuncias m\u00e1s recurrentes es el cobro de hasta un 12% m\u00e1s sobre el precio de lista de los distintos productos, a quienes deciden pagar utilizando la tarjeta de d\u00e9bito.<!--more--><\/p>\n<p><a title=\"pati\u00f1o-600x334\" href=\"http:\/\/live.staticflickr.com\/65535\/49809875716_b421e8fe6f_s.jpg\" rel=\"\"><img loading=\"lazy\" decoding=\"async\" class=\"alignleft\" style=\"float: left;\" title=\"pati\u00f1o-600x334\" src=\"http:\/\/live.staticflickr.com\/65535\/49809875716_b421e8fe6f.jpg\" alt=\"pati\u00f1o-600x334\" width=\"500\" height=\"278\" \/><\/a>Al respecto, Mercedes Pati\u00f1o, titular de la Oficina Municipal de Informaci\u00f3n al Consumidor de Bah\u00eda Blanca, aclar\u00f3 en di\u00e1logo con LA BR\u00daJULA 24 que esta pr\u00e1ctica \u00abes absolutamente ilegal\u00bb.<br \/>\n\u00abCon tarjeta de d\u00e9bito y cr\u00e9dito en un pago no puede aplicarse ning\u00fan tipo de sobreprecio\u00bb, recalc\u00f3 Pati\u00f1o, al tiempo que explic\u00f3 que \u00abno alcanza con que el vendedor le avise al consumidor de este recargo antes de que se haga efectiva la transacci\u00f3n\u00bb.<\/p>\n<p>Y explic\u00f3 que actualmente \u00abno estamos f\u00edsicamente en la oficina, porque antes de la cuarentena recib\u00edamos m\u00e1s de 100 personas por d\u00eda. Por eso la gente llama al tel\u00e9fono fijo y no recibe respuestas\u00bb.<\/p>\n<p>\u00abEstamos contestando consultas por mail y Facebook. Incluso, en este caso se puede denunciar en AFIP por tratarse de un Posnet\u00bb, destaco la m\u00e1xima autoridad de la OMIC.<\/p>\n<p>Y concluy\u00f3 mencionando que \u00ablos inspectores est\u00e1n trabajando en la calle, haciendo los controles, para detectar abusos en medio de la crisis. Nos estamos manejando con dos programas para recepcionar las denuncias\u00bb.<\/p>\n","protected":false},"excerpt":{"rendered":"<p>En medio de la pandemia y el decreto de cuarentena que paraliza una importante porci\u00f3n de la actividad, la situaci\u00f3n financiera golpea fuerte a cada uno de los eslabones que componen la estructura econ\u00f3mica de todo el pa\u00eds. Una de las denuncias m\u00e1s recurrentes es el cobro de hasta un 12% m\u00e1s sobre el precio [&hellip;]<\/p>\n","protected":false},"author":3,"featured_media":30211,"comment_status":"closed","ping_status":"open","sticky":false,"template":"","format":"standard","meta":{"footnotes":""},"categories":[36],"tags":[],"class_list":["post-41144","post","type-post","status-publish","format-standard","has-post-thumbnail","hentry","category-economia"],"yoast_head":"<!-- This site is optimized with the Yoast SEO plugin v25.9 - https:\/\/yoast.com\/wordpress\/plugins\/seo\/ -->\n<title>Es ilegal el recargo en compras con tarjeta de d\u00e9bito y cr\u00e9dito en un pago - Noticias Radio Reflejos<\/title>\n<meta name=\"robots\" content=\"index, follow, max-snippet:-1, max-image-preview:large, max-video-preview:-1\" \/>\n<link rel=\"canonical\" href=\"https:\/\/www.noticiasradioreflejos.com.ar\/2021\/es-ilegal-el-recargo-en-compras-con-tarjeta-de-debito-y-credito-en-un-pago\/\" \/>\n<meta property=\"og:locale\" content=\"es_ES\" \/>\n<meta property=\"og:type\" content=\"article\" \/>\n<meta property=\"og:title\" content=\"Es ilegal el recargo en compras con tarjeta de d\u00e9bito y cr\u00e9dito en un pago - Noticias Radio Reflejos\" \/>\n<meta property=\"og:description\" content=\"En medio de la pandemia y el decreto de cuarentena que paraliza una importante porci\u00f3n de la actividad, la situaci\u00f3n financiera golpea fuerte a cada uno de los eslabones que componen la estructura econ\u00f3mica de todo el pa\u00eds. Una de las denuncias m\u00e1s recurrentes es el cobro de hasta un 12% m\u00e1s sobre el precio [&hellip;]\" \/>\n<meta property=\"og:url\" content=\"https:\/\/www.noticiasradioreflejos.com.ar\/2021\/es-ilegal-el-recargo-en-compras-con-tarjeta-de-debito-y-credito-en-un-pago\/\" \/>\n<meta property=\"og:site_name\" content=\"Noticias Radio Reflejos\" \/>\n<meta property=\"article:published_time\" content=\"2020-04-23T15:05:32+00:00\" \/>\n<meta property=\"og:image\" content=\"https:\/\/www.noticiasradioreflejos.com.ar\/2021\/wp-content\/uploads\/2019\/04\/posnet.jpg\" \/>\n\t<meta property=\"og:image:width\" content=\"780\" \/>\n\t<meta property=\"og:image:height\" content=\"440\" \/>\n\t<meta property=\"og:image:type\" content=\"image\/jpeg\" \/>\n<meta name=\"author\" content=\"Arnaldo Botto\" \/>\n<meta name=\"twitter:card\" content=\"summary_large_image\" \/>\n<script type=\"application\/ld+json\" class=\"yoast-schema-graph\">{\"@context\":\"https:\/\/schema.org\",\"@graph\":[{\"@type\":\"WebPage\",\"@id\":\"https:\/\/www.noticiasradioreflejos.com.ar\/2021\/es-ilegal-el-recargo-en-compras-con-tarjeta-de-debito-y-credito-en-un-pago\/\",\"url\":\"https:\/\/www.noticiasradioreflejos.com.ar\/2021\/es-ilegal-el-recargo-en-compras-con-tarjeta-de-debito-y-credito-en-un-pago\/\",\"name\":\"Es ilegal el recargo en compras con tarjeta de d\u00e9bito y cr\u00e9dito en un pago - Noticias Radio Reflejos\",\"isPartOf\":{\"@id\":\"https:\/\/www.noticiasradioreflejos.com.ar\/2021\/#website\"},\"primaryImageOfPage\":{\"@id\":\"https:\/\/www.noticiasradioreflejos.com.ar\/2021\/es-ilegal-el-recargo-en-compras-con-tarjeta-de-debito-y-credito-en-un-pago\/#primaryimage\"},\"image\":{\"@id\":\"https:\/\/www.noticiasradioreflejos.com.ar\/2021\/es-ilegal-el-recargo-en-compras-con-tarjeta-de-debito-y-credito-en-un-pago\/#primaryimage\"},\"thumbnailUrl\":\"https:\/\/www.noticiasradioreflejos.com.ar\/2021\/wp-content\/uploads\/2019\/04\/posnet.jpg\",\"datePublished\":\"2020-04-23T15:05:32+00:00\",\"author\":{\"@id\":\"https:\/\/www.noticiasradioreflejos.com.ar\/2021\/#\/schema\/person\/ad82545263dcc5ec0996818884fd5fb1\"},\"breadcrumb\":{\"@id\":\"https:\/\/www.noticiasradioreflejos.com.ar\/2021\/es-ilegal-el-recargo-en-compras-con-tarjeta-de-debito-y-credito-en-un-pago\/#breadcrumb\"},\"inLanguage\":\"es\",\"potentialAction\":[{\"@type\":\"ReadAction\",\"target\":[\"https:\/\/www.noticiasradioreflejos.com.ar\/2021\/es-ilegal-el-recargo-en-compras-con-tarjeta-de-debito-y-credito-en-un-pago\/\"]}]},{\"@type\":\"ImageObject\",\"inLanguage\":\"es\",\"@id\":\"https:\/\/www.noticiasradioreflejos.com.ar\/2021\/es-ilegal-el-recargo-en-compras-con-tarjeta-de-debito-y-credito-en-un-pago\/#primaryimage\",\"url\":\"https:\/\/www.noticiasradioreflejos.com.ar\/2021\/wp-content\/uploads\/2019\/04\/posnet.jpg\",\"contentUrl\":\"https:\/\/www.noticiasradioreflejos.com.ar\/2021\/wp-content\/uploads\/2019\/04\/posnet.jpg\",\"width\":780,\"height\":440},{\"@type\":\"BreadcrumbList\",\"@id\":\"https:\/\/www.noticiasradioreflejos.com.ar\/2021\/es-ilegal-el-recargo-en-compras-con-tarjeta-de-debito-y-credito-en-un-pago\/#breadcrumb\",\"itemListElement\":[{\"@type\":\"ListItem\",\"position\":1,\"name\":\"Portada\",\"item\":\"https:\/\/www.noticiasradioreflejos.com.ar\/2021\/\"},{\"@type\":\"ListItem\",\"position\":2,\"name\":\"Es ilegal el recargo en compras con tarjeta de d\u00e9bito y cr\u00e9dito en un pago\"}]},{\"@type\":\"WebSite\",\"@id\":\"https:\/\/www.noticiasradioreflejos.com.ar\/2021\/#website\",\"url\":\"https:\/\/www.noticiasradioreflejos.com.ar\/2021\/\",\"name\":\"Noticias Radio Reflejos\",\"description\":\"Las noticias de mi comarca\",\"potentialAction\":[{\"@type\":\"SearchAction\",\"target\":{\"@type\":\"EntryPoint\",\"urlTemplate\":\"https:\/\/www.noticiasradioreflejos.com.ar\/2021\/?s={search_term_string}\"},\"query-input\":{\"@type\":\"PropertyValueSpecification\",\"valueRequired\":true,\"valueName\":\"search_term_string\"}}],\"inLanguage\":\"es\"},{\"@type\":\"Person\",\"@id\":\"https:\/\/www.noticiasradioreflejos.com.ar\/2021\/#\/schema\/person\/ad82545263dcc5ec0996818884fd5fb1\",\"name\":\"Arnaldo Botto\",\"image\":{\"@type\":\"ImageObject\",\"inLanguage\":\"es\",\"@id\":\"https:\/\/www.noticiasradioreflejos.com.ar\/2021\/#\/schema\/person\/image\/\",\"url\":\"https:\/\/secure.gravatar.com\/avatar\/55cb5e37c1efa326397366e6974cb338056df65cb50e7d64d1cf314e87504837?s=96&d=mm&r=g\",\"contentUrl\":\"https:\/\/secure.gravatar.com\/avatar\/55cb5e37c1efa326397366e6974cb338056df65cb50e7d64d1cf314e87504837?s=96&d=mm&r=g\",\"caption\":\"Arnaldo Botto\"},\"url\":\"https:\/\/www.noticiasradioreflejos.com.ar\/2021\/author\/arnaldo\/\"}]}<\/script>\n<!-- \/ Yoast SEO plugin. -->","yoast_head_json":{"title":"Es ilegal el recargo en compras con tarjeta de d\u00e9bito y cr\u00e9dito en un pago - Noticias Radio Reflejos","robots":{"index":"index","follow":"follow","max-snippet":"max-snippet:-1","max-image-preview":"max-image-preview:large","max-video-preview":"max-video-preview:-1"},"canonical":"https:\/\/www.noticiasradioreflejos.com.ar\/2021\/es-ilegal-el-recargo-en-compras-con-tarjeta-de-debito-y-credito-en-un-pago\/","og_locale":"es_ES","og_type":"article","og_title":"Es ilegal el recargo en compras con tarjeta de d\u00e9bito y cr\u00e9dito en un pago - Noticias Radio Reflejos","og_description":"En medio de la pandemia y el decreto de cuarentena que paraliza una importante porci\u00f3n de la actividad, la situaci\u00f3n financiera golpea fuerte a cada uno de los eslabones que componen la estructura econ\u00f3mica de todo el pa\u00eds. Una de las denuncias m\u00e1s recurrentes es el cobro de hasta un 12% m\u00e1s sobre el precio [&hellip;]","og_url":"https:\/\/www.noticiasradioreflejos.com.ar\/2021\/es-ilegal-el-recargo-en-compras-con-tarjeta-de-debito-y-credito-en-un-pago\/","og_site_name":"Noticias Radio Reflejos","article_published_time":"2020-04-23T15:05:32+00:00","og_image":[{"width":780,"height":440,"url":"https:\/\/www.noticiasradioreflejos.com.ar\/2021\/wp-content\/uploads\/2019\/04\/posnet.jpg","type":"image\/jpeg"}],"author":"Arnaldo Botto","twitter_card":"summary_large_image","schema":{"@context":"https:\/\/schema.org","@graph":[{"@type":"WebPage","@id":"https:\/\/www.noticiasradioreflejos.com.ar\/2021\/es-ilegal-el-recargo-en-compras-con-tarjeta-de-debito-y-credito-en-un-pago\/","url":"https:\/\/www.noticiasradioreflejos.com.ar\/2021\/es-ilegal-el-recargo-en-compras-con-tarjeta-de-debito-y-credito-en-un-pago\/","name":"Es ilegal el recargo en compras con tarjeta de d\u00e9bito y cr\u00e9dito en un pago - Noticias Radio Reflejos","isPartOf":{"@id":"https:\/\/www.noticiasradioreflejos.com.ar\/2021\/#website"},"primaryImageOfPage":{"@id":"https:\/\/www.noticiasradioreflejos.com.ar\/2021\/es-ilegal-el-recargo-en-compras-con-tarjeta-de-debito-y-credito-en-un-pago\/#primaryimage"},"image":{"@id":"https:\/\/www.noticiasradioreflejos.com.ar\/2021\/es-ilegal-el-recargo-en-compras-con-tarjeta-de-debito-y-credito-en-un-pago\/#primaryimage"},"thumbnailUrl":"https:\/\/www.noticiasradioreflejos.com.ar\/2021\/wp-content\/uploads\/2019\/04\/posnet.jpg","datePublished":"2020-04-23T15:05:32+00:00","author":{"@id":"https:\/\/www.noticiasradioreflejos.com.ar\/2021\/#\/schema\/person\/ad82545263dcc5ec0996818884fd5fb1"},"breadcrumb":{"@id":"https:\/\/www.noticiasradioreflejos.com.ar\/2021\/es-ilegal-el-recargo-en-compras-con-tarjeta-de-debito-y-credito-en-un-pago\/#breadcrumb"},"inLanguage":"es","potentialAction":[{"@type":"ReadAction","target":["https:\/\/www.noticiasradioreflejos.com.ar\/2021\/es-ilegal-el-recargo-en-compras-con-tarjeta-de-debito-y-credito-en-un-pago\/"]}]},{"@type":"ImageObject","inLanguage":"es","@id":"https:\/\/www.noticiasradioreflejos.com.ar\/2021\/es-ilegal-el-recargo-en-compras-con-tarjeta-de-debito-y-credito-en-un-pago\/#primaryimage","url":"https:\/\/www.noticiasradioreflejos.com.ar\/2021\/wp-content\/uploads\/2019\/04\/posnet.jpg","contentUrl":"https:\/\/www.noticiasradioreflejos.com.ar\/2021\/wp-content\/uploads\/2019\/04\/posnet.jpg","width":780,"height":440},{"@type":"BreadcrumbList","@id":"https:\/\/www.noticiasradioreflejos.com.ar\/2021\/es-ilegal-el-recargo-en-compras-con-tarjeta-de-debito-y-credito-en-un-pago\/#breadcrumb","itemListElement":[{"@type":"ListItem","position":1,"name":"Portada","item":"https:\/\/www.noticiasradioreflejos.com.ar\/2021\/"},{"@type":"ListItem","position":2,"name":"Es ilegal el recargo en compras con tarjeta de d\u00e9bito y cr\u00e9dito en un pago"}]},{"@type":"WebSite","@id":"https:\/\/www.noticiasradioreflejos.com.ar\/2021\/#website","url":"https:\/\/www.noticiasradioreflejos.com.ar\/2021\/","name":"Noticias Radio Reflejos","description":"Las noticias de mi comarca","potentialAction":[{"@type":"SearchAction","target":{"@type":"EntryPoint","urlTemplate":"https:\/\/www.noticiasradioreflejos.com.ar\/2021\/?s={search_term_string}"},"query-input":{"@type":"PropertyValueSpecification","valueRequired":true,"valueName":"search_term_string"}}],"inLanguage":"es"},{"@type":"Person","@id":"https:\/\/www.noticiasradioreflejos.com.ar\/2021\/#\/schema\/person\/ad82545263dcc5ec0996818884fd5fb1","name":"Arnaldo Botto","image":{"@type":"ImageObject","inLanguage":"es","@id":"https:\/\/www.noticiasradioreflejos.com.ar\/2021\/#\/schema\/person\/image\/","url":"https:\/\/secure.gravatar.com\/avatar\/55cb5e37c1efa326397366e6974cb338056df65cb50e7d64d1cf314e87504837?s=96&d=mm&r=g","contentUrl":"https:\/\/secure.gravatar.com\/avatar\/55cb5e37c1efa326397366e6974cb338056df65cb50e7d64d1cf314e87504837?s=96&d=mm&r=g","caption":"Arnaldo Botto"},"url":"https:\/\/www.noticiasradioreflejos.com.ar\/2021\/author\/arnaldo\/"}]}},"_links":{"self":[{"href":"https:\/\/www.noticiasradioreflejos.com.ar\/2021\/wp-json\/wp\/v2\/posts\/41144","targetHints":{"allow":["GET"]}}],"collection":[{"href":"https:\/\/www.noticiasradioreflejos.com.ar\/2021\/wp-json\/wp\/v2\/posts"}],"about":[{"href":"https:\/\/www.noticiasradioreflejos.com.ar\/2021\/wp-json\/wp\/v2\/types\/post"}],"author":[{"embeddable":true,"href":"https:\/\/www.noticiasradioreflejos.com.ar\/2021\/wp-json\/wp\/v2\/users\/3"}],"replies":[{"embeddable":true,"href":"https:\/\/www.noticiasradioreflejos.com.ar\/2021\/wp-json\/wp\/v2\/comments?post=41144"}],"version-history":[{"count":0,"href":"https:\/\/www.noticiasradioreflejos.com.ar\/2021\/wp-json\/wp\/v2\/posts\/41144\/revisions"}],"wp:featuredmedia":[{"embeddable":true,"href":"https:\/\/www.noticiasradioreflejos.com.ar\/2021\/wp-json\/wp\/v2\/media\/30211"}],"wp:attachment":[{"href":"https:\/\/www.noticiasradioreflejos.com.ar\/2021\/wp-json\/wp\/v2\/media?parent=41144"}],"wp:term":[{"taxonomy":"category","embeddable":true,"href":"https:\/\/www.noticiasradioreflejos.com.ar\/2021\/wp-json\/wp\/v2\/categories?post=41144"},{"taxonomy":"post_tag","embeddable":true,"href":"https:\/\/www.noticiasradioreflejos.com.ar\/2021\/wp-json\/wp\/v2\/tags?post=41144"}],"curies":[{"name":"wp","href":"https:\/\/api.w.org\/{rel}","templated":true}]}}