{"id":41132,"date":"2020-04-23T09:42:24","date_gmt":"2020-04-23T12:42:24","guid":{"rendered":"http:\/\/www.noticiasradioreflejos.com.ar\/noticias\/?p=41132"},"modified":"2020-04-23T09:42:24","modified_gmt":"2020-04-23T12:42:24","slug":"supermercados-advierten-a-proveedores-que-no-aceptaran-aumentos-de-precios","status":"publish","type":"post","link":"https:\/\/www.noticiasradioreflejos.com.ar\/2021\/supermercados-advierten-a-proveedores-que-no-aceptaran-aumentos-de-precios\/","title":{"rendered":"Supermercados advierten a proveedores que no aceptar\u00e1n aumentos de precios."},"content":{"rendered":"<p>La C\u00e1mara Argentina de Supermercados (CAS) y la Federaci\u00f3n Argentina de Supermercados y Autoservicios (FASA) advirtieron hoy a sus proveedores que no aceptar\u00e1n aumentos de precios de sus productos, o cambios de las condiciones de venta que les signifiquen mayores costos, y aseguraron que, en caso contrario, lo denunciar\u00e1n p\u00fablicamente.<!--more--> \u00abEsta decisi\u00f3n que no resulta sencilla para los comerciantes nacionales se fundamenta en el hecho de que, de no proceder de esta forma, no podr\u00edan cumplir con la Resoluci\u00f3n 100 de la Secretaria de Comercio, que los obliga a mantener los precios vigentes al 6 de marzo\u00bb, indicaron ambas entidades a trav\u00e9s de un comunicado.<\/p>\n<p>Adem\u00e1s, destacaron que la normativa obliga tambi\u00e9n a productores, fabricantes y distribuidores a respetar los precios vigentes en la fecha establecida.<\/p>\n<p>Se\u00f1alaron que \u00abla responsabilidad de cumplir con lo establecido debe ser compartida por todos los integrantes de la cadena de abastecimiento\u00bb.<\/p>\n<p>\u00abNuestra posici\u00f3n es muy compleja, dado que somos el principal punto de control, tanto por parte de las autoridades, como de nuestros clientes, a pesar de no ser los formadores de los precios\u00bb, indicaron las entidades.<\/p>\n<p>En una carta enviada a los proveedores, que lleva las firmas de los presidentes de CAS, Ricardo Zorz\u00f3n, y de FASA, V\u00edctor Palpacelli, alertaron que \u00abse verifica una gran cantidad de violaciones a lo establecido\u00bb en la pol\u00edtica de Precios M\u00e1ximos.<\/p>\n<p>\u00abHemos resuelto tomar una decisi\u00f3n conjunta: no aceptar listas de precios que no respeten lo establecido en la resoluci\u00f3n de referencia, ya sea a trav\u00e9s de cambios directos en los precios de venta o por modificaciones que alteren nuestros costos reales, como es el caso de la eliminaci\u00f3n de descuentos y bonificaciones\u00bb, indicaron ambas entidades.<\/p>\n<p>As\u00ed, exhortaron a los proveedores a \u00abadecuarse a la resoluci\u00f3n, manteniendo los precios de sus productos vigentes al 6 de marzo\u00bb.<\/p>\n<p>Adem\u00e1s, advirtieron que, \u00aben caso de no proceder conforme a la normativa vigente, nos veremos obligados a notificar dicha conducta ante el \u00f3rgano de control correspondiente y a dar a conocer la situaci\u00f3n a nuestros clientes a trav\u00e9s de los medios que consideremos aptos para ese fin\u00bb.<\/p>\n","protected":false},"excerpt":{"rendered":"<p>La C\u00e1mara Argentina de Supermercados (CAS) y la Federaci\u00f3n Argentina de Supermercados y Autoservicios (FASA) advirtieron hoy a sus proveedores que no aceptar\u00e1n aumentos de precios de sus productos, o cambios de las condiciones de venta que les signifiquen mayores costos, y aseguraron que, en caso contrario, lo denunciar\u00e1n p\u00fablicamente.<\/p>\n","protected":false},"author":3,"featured_media":0,"comment_status":"closed","ping_status":"open","sticky":false,"template":"","format":"standard","meta":{"footnotes":""},"categories":[36],"tags":[],"class_list":["post-41132","post","type-post","status-publish","format-standard","hentry","category-economia"],"yoast_head":"<!-- This site is optimized with the Yoast SEO plugin v25.9 - https:\/\/yoast.com\/wordpress\/plugins\/seo\/ -->\n<title>Supermercados advierten a proveedores que no aceptar\u00e1n aumentos de precios. - Noticias Radio Reflejos<\/title>\n<meta name=\"robots\" content=\"index, follow, max-snippet:-1, max-image-preview:large, max-video-preview:-1\" \/>\n<link rel=\"canonical\" href=\"https:\/\/www.noticiasradioreflejos.com.ar\/2021\/supermercados-advierten-a-proveedores-que-no-aceptaran-aumentos-de-precios\/\" \/>\n<meta property=\"og:locale\" content=\"es_ES\" \/>\n<meta property=\"og:type\" content=\"article\" \/>\n<meta property=\"og:title\" content=\"Supermercados advierten a proveedores que no aceptar\u00e1n aumentos de precios. - Noticias Radio Reflejos\" \/>\n<meta property=\"og:description\" content=\"La C\u00e1mara Argentina de Supermercados (CAS) y la Federaci\u00f3n Argentina de Supermercados y Autoservicios (FASA) advirtieron hoy a sus proveedores que no aceptar\u00e1n aumentos de precios de sus productos, o cambios de las condiciones de venta que les signifiquen mayores costos, y aseguraron que, en caso contrario, lo denunciar\u00e1n p\u00fablicamente.\" \/>\n<meta property=\"og:url\" content=\"https:\/\/www.noticiasradioreflejos.com.ar\/2021\/supermercados-advierten-a-proveedores-que-no-aceptaran-aumentos-de-precios\/\" \/>\n<meta property=\"og:site_name\" content=\"Noticias Radio Reflejos\" \/>\n<meta property=\"article:published_time\" content=\"2020-04-23T12:42:24+00:00\" \/>\n<meta property=\"og:image\" content=\"https:\/\/www.noticiasradioreflejos.com.ar\/2021\/wp-content\/uploads\/2021\/07\/logosol300x200.png\" \/>\n\t<meta property=\"og:image:width\" content=\"300\" \/>\n\t<meta property=\"og:image:height\" content=\"200\" \/>\n\t<meta property=\"og:image:type\" content=\"image\/png\" \/>\n<meta name=\"author\" content=\"Arnaldo Botto\" \/>\n<meta name=\"twitter:card\" content=\"summary_large_image\" \/>\n<script type=\"application\/ld+json\" class=\"yoast-schema-graph\">{\"@context\":\"https:\/\/schema.org\",\"@graph\":[{\"@type\":\"WebPage\",\"@id\":\"https:\/\/www.noticiasradioreflejos.com.ar\/2021\/supermercados-advierten-a-proveedores-que-no-aceptaran-aumentos-de-precios\/\",\"url\":\"https:\/\/www.noticiasradioreflejos.com.ar\/2021\/supermercados-advierten-a-proveedores-que-no-aceptaran-aumentos-de-precios\/\",\"name\":\"Supermercados advierten a proveedores que no aceptar\u00e1n aumentos de precios. - Noticias Radio Reflejos\",\"isPartOf\":{\"@id\":\"https:\/\/www.noticiasradioreflejos.com.ar\/2021\/#website\"},\"datePublished\":\"2020-04-23T12:42:24+00:00\",\"author\":{\"@id\":\"https:\/\/www.noticiasradioreflejos.com.ar\/2021\/#\/schema\/person\/ad82545263dcc5ec0996818884fd5fb1\"},\"breadcrumb\":{\"@id\":\"https:\/\/www.noticiasradioreflejos.com.ar\/2021\/supermercados-advierten-a-proveedores-que-no-aceptaran-aumentos-de-precios\/#breadcrumb\"},\"inLanguage\":\"es\",\"potentialAction\":[{\"@type\":\"ReadAction\",\"target\":[\"https:\/\/www.noticiasradioreflejos.com.ar\/2021\/supermercados-advierten-a-proveedores-que-no-aceptaran-aumentos-de-precios\/\"]}]},{\"@type\":\"BreadcrumbList\",\"@id\":\"https:\/\/www.noticiasradioreflejos.com.ar\/2021\/supermercados-advierten-a-proveedores-que-no-aceptaran-aumentos-de-precios\/#breadcrumb\",\"itemListElement\":[{\"@type\":\"ListItem\",\"position\":1,\"name\":\"Portada\",\"item\":\"https:\/\/www.noticiasradioreflejos.com.ar\/2021\/\"},{\"@type\":\"ListItem\",\"position\":2,\"name\":\"Supermercados advierten a proveedores que no aceptar\u00e1n aumentos de precios.\"}]},{\"@type\":\"WebSite\",\"@id\":\"https:\/\/www.noticiasradioreflejos.com.ar\/2021\/#website\",\"url\":\"https:\/\/www.noticiasradioreflejos.com.ar\/2021\/\",\"name\":\"Noticias Radio Reflejos\",\"description\":\"Las noticias de mi comarca\",\"potentialAction\":[{\"@type\":\"SearchAction\",\"target\":{\"@type\":\"EntryPoint\",\"urlTemplate\":\"https:\/\/www.noticiasradioreflejos.com.ar\/2021\/?s={search_term_string}\"},\"query-input\":{\"@type\":\"PropertyValueSpecification\",\"valueRequired\":true,\"valueName\":\"search_term_string\"}}],\"inLanguage\":\"es\"},{\"@type\":\"Person\",\"@id\":\"https:\/\/www.noticiasradioreflejos.com.ar\/2021\/#\/schema\/person\/ad82545263dcc5ec0996818884fd5fb1\",\"name\":\"Arnaldo Botto\",\"image\":{\"@type\":\"ImageObject\",\"inLanguage\":\"es\",\"@id\":\"https:\/\/www.noticiasradioreflejos.com.ar\/2021\/#\/schema\/person\/image\/\",\"url\":\"https:\/\/secure.gravatar.com\/avatar\/55cb5e37c1efa326397366e6974cb338056df65cb50e7d64d1cf314e87504837?s=96&d=mm&r=g\",\"contentUrl\":\"https:\/\/secure.gravatar.com\/avatar\/55cb5e37c1efa326397366e6974cb338056df65cb50e7d64d1cf314e87504837?s=96&d=mm&r=g\",\"caption\":\"Arnaldo Botto\"},\"url\":\"https:\/\/www.noticiasradioreflejos.com.ar\/2021\/author\/arnaldo\/\"}]}<\/script>\n<!-- \/ Yoast SEO plugin. -->","yoast_head_json":{"title":"Supermercados advierten a proveedores que no aceptar\u00e1n aumentos de precios. - Noticias Radio Reflejos","robots":{"index":"index","follow":"follow","max-snippet":"max-snippet:-1","max-image-preview":"max-image-preview:large","max-video-preview":"max-video-preview:-1"},"canonical":"https:\/\/www.noticiasradioreflejos.com.ar\/2021\/supermercados-advierten-a-proveedores-que-no-aceptaran-aumentos-de-precios\/","og_locale":"es_ES","og_type":"article","og_title":"Supermercados advierten a proveedores que no aceptar\u00e1n aumentos de precios. - Noticias Radio Reflejos","og_description":"La C\u00e1mara Argentina de Supermercados (CAS) y la Federaci\u00f3n Argentina de Supermercados y Autoservicios (FASA) advirtieron hoy a sus proveedores que no aceptar\u00e1n aumentos de precios de sus productos, o cambios de las condiciones de venta que les signifiquen mayores costos, y aseguraron que, en caso contrario, lo denunciar\u00e1n p\u00fablicamente.","og_url":"https:\/\/www.noticiasradioreflejos.com.ar\/2021\/supermercados-advierten-a-proveedores-que-no-aceptaran-aumentos-de-precios\/","og_site_name":"Noticias Radio Reflejos","article_published_time":"2020-04-23T12:42:24+00:00","og_image":[{"width":300,"height":200,"url":"https:\/\/www.noticiasradioreflejos.com.ar\/2021\/wp-content\/uploads\/2021\/07\/logosol300x200.png","type":"image\/png"}],"author":"Arnaldo Botto","twitter_card":"summary_large_image","schema":{"@context":"https:\/\/schema.org","@graph":[{"@type":"WebPage","@id":"https:\/\/www.noticiasradioreflejos.com.ar\/2021\/supermercados-advierten-a-proveedores-que-no-aceptaran-aumentos-de-precios\/","url":"https:\/\/www.noticiasradioreflejos.com.ar\/2021\/supermercados-advierten-a-proveedores-que-no-aceptaran-aumentos-de-precios\/","name":"Supermercados advierten a proveedores que no aceptar\u00e1n aumentos de precios. - Noticias Radio Reflejos","isPartOf":{"@id":"https:\/\/www.noticiasradioreflejos.com.ar\/2021\/#website"},"datePublished":"2020-04-23T12:42:24+00:00","author":{"@id":"https:\/\/www.noticiasradioreflejos.com.ar\/2021\/#\/schema\/person\/ad82545263dcc5ec0996818884fd5fb1"},"breadcrumb":{"@id":"https:\/\/www.noticiasradioreflejos.com.ar\/2021\/supermercados-advierten-a-proveedores-que-no-aceptaran-aumentos-de-precios\/#breadcrumb"},"inLanguage":"es","potentialAction":[{"@type":"ReadAction","target":["https:\/\/www.noticiasradioreflejos.com.ar\/2021\/supermercados-advierten-a-proveedores-que-no-aceptaran-aumentos-de-precios\/"]}]},{"@type":"BreadcrumbList","@id":"https:\/\/www.noticiasradioreflejos.com.ar\/2021\/supermercados-advierten-a-proveedores-que-no-aceptaran-aumentos-de-precios\/#breadcrumb","itemListElement":[{"@type":"ListItem","position":1,"name":"Portada","item":"https:\/\/www.noticiasradioreflejos.com.ar\/2021\/"},{"@type":"ListItem","position":2,"name":"Supermercados advierten a proveedores que no aceptar\u00e1n aumentos de precios."}]},{"@type":"WebSite","@id":"https:\/\/www.noticiasradioreflejos.com.ar\/2021\/#website","url":"https:\/\/www.noticiasradioreflejos.com.ar\/2021\/","name":"Noticias Radio Reflejos","description":"Las noticias de mi comarca","potentialAction":[{"@type":"SearchAction","target":{"@type":"EntryPoint","urlTemplate":"https:\/\/www.noticiasradioreflejos.com.ar\/2021\/?s={search_term_string}"},"query-input":{"@type":"PropertyValueSpecification","valueRequired":true,"valueName":"search_term_string"}}],"inLanguage":"es"},{"@type":"Person","@id":"https:\/\/www.noticiasradioreflejos.com.ar\/2021\/#\/schema\/person\/ad82545263dcc5ec0996818884fd5fb1","name":"Arnaldo Botto","image":{"@type":"ImageObject","inLanguage":"es","@id":"https:\/\/www.noticiasradioreflejos.com.ar\/2021\/#\/schema\/person\/image\/","url":"https:\/\/secure.gravatar.com\/avatar\/55cb5e37c1efa326397366e6974cb338056df65cb50e7d64d1cf314e87504837?s=96&d=mm&r=g","contentUrl":"https:\/\/secure.gravatar.com\/avatar\/55cb5e37c1efa326397366e6974cb338056df65cb50e7d64d1cf314e87504837?s=96&d=mm&r=g","caption":"Arnaldo Botto"},"url":"https:\/\/www.noticiasradioreflejos.com.ar\/2021\/author\/arnaldo\/"}]}},"_links":{"self":[{"href":"https:\/\/www.noticiasradioreflejos.com.ar\/2021\/wp-json\/wp\/v2\/posts\/41132","targetHints":{"allow":["GET"]}}],"collection":[{"href":"https:\/\/www.noticiasradioreflejos.com.ar\/2021\/wp-json\/wp\/v2\/posts"}],"about":[{"href":"https:\/\/www.noticiasradioreflejos.com.ar\/2021\/wp-json\/wp\/v2\/types\/post"}],"author":[{"embeddable":true,"href":"https:\/\/www.noticiasradioreflejos.com.ar\/2021\/wp-json\/wp\/v2\/users\/3"}],"replies":[{"embeddable":true,"href":"https:\/\/www.noticiasradioreflejos.com.ar\/2021\/wp-json\/wp\/v2\/comments?post=41132"}],"version-history":[{"count":0,"href":"https:\/\/www.noticiasradioreflejos.com.ar\/2021\/wp-json\/wp\/v2\/posts\/41132\/revisions"}],"wp:attachment":[{"href":"https:\/\/www.noticiasradioreflejos.com.ar\/2021\/wp-json\/wp\/v2\/media?parent=41132"}],"wp:term":[{"taxonomy":"category","embeddable":true,"href":"https:\/\/www.noticiasradioreflejos.com.ar\/2021\/wp-json\/wp\/v2\/categories?post=41132"},{"taxonomy":"post_tag","embeddable":true,"href":"https:\/\/www.noticiasradioreflejos.com.ar\/2021\/wp-json\/wp\/v2\/tags?post=41132"}],"curies":[{"name":"wp","href":"https:\/\/api.w.org\/{rel}","templated":true}]}}