{"id":4113,"date":"2016-11-25T14:48:29","date_gmt":"2016-11-25T14:48:29","guid":{"rendered":"http:\/\/noticiasradioreflejos.com.ar\/noticias\/?p=4113"},"modified":"2016-11-25T14:48:29","modified_gmt":"2016-11-25T14:48:29","slug":"acreditacion-tarifas-diferenciales-para-organizaciones-simples","status":"publish","type":"post","link":"https:\/\/www.noticiasradioreflejos.com.ar\/2021\/acreditacion-tarifas-diferenciales-para-organizaciones-simples\/","title":{"rendered":"Acreditaci\u00f3n tarifas diferenciales para organizaciones simples."},"content":{"rendered":"<p>El municipio de Tornquist comunica a todas las organizaciones informales, que se estar\u00e1 realizando una certificaci\u00f3n a pedido del CENOC, Centro Nacional de Organizaciones de la Comunidad, para tramitar frente a este organismo, el beneficio de la tarifa diferencial de los servicios.<br \/>\nPor tal motivo, deber\u00e1n presentarse en Agencia de Desarrollo (Av. E.Tornquist y Av. General Paz, altos),  organizaciones de base, grupos comunitarios, centros vecinales y cualquier otra organizaci\u00f3n  que se encuentre sin personer\u00eda jur\u00eddica, para poder acreditarse y obtener las tarifas diferenciales en los servicios de agua, luz, gas y telefon\u00eda fija.<\/p>\n","protected":false},"excerpt":{"rendered":"<p>El municipio de Tornquist comunica a todas las organizaciones informales, que se estar\u00e1 realizando una certificaci\u00f3n a pedido del CENOC, Centro Nacional de Organizaciones de la Comunidad, para tramitar frente a este organismo, el beneficio de la tarifa diferencial de los servicios. Por tal motivo, deber\u00e1n presentarse en Agencia de Desarrollo (Av. E.Tornquist y Av. [&hellip;]<\/p>\n","protected":false},"author":3,"featured_media":0,"comment_status":"closed","ping_status":"open","sticky":false,"template":"","format":"standard","meta":{"footnotes":""},"categories":[28],"tags":[],"class_list":["post-4113","post","type-post","status-publish","format-standard","hentry","category-municipales"],"yoast_head":"<!-- This site is optimized with the Yoast SEO plugin v25.9 - https:\/\/yoast.com\/wordpress\/plugins\/seo\/ -->\n<title>Acreditaci\u00f3n tarifas diferenciales para organizaciones simples. - Noticias Radio Reflejos<\/title>\n<meta name=\"robots\" content=\"index, follow, max-snippet:-1, max-image-preview:large, max-video-preview:-1\" \/>\n<link rel=\"canonical\" href=\"https:\/\/www.noticiasradioreflejos.com.ar\/2021\/acreditacion-tarifas-diferenciales-para-organizaciones-simples\/\" \/>\n<meta property=\"og:locale\" content=\"es_ES\" \/>\n<meta property=\"og:type\" content=\"article\" \/>\n<meta property=\"og:title\" content=\"Acreditaci\u00f3n tarifas diferenciales para organizaciones simples. - Noticias Radio Reflejos\" \/>\n<meta property=\"og:description\" content=\"El municipio de Tornquist comunica a todas las organizaciones informales, que se estar\u00e1 realizando una certificaci\u00f3n a pedido del CENOC, Centro Nacional de Organizaciones de la Comunidad, para tramitar frente a este organismo, el beneficio de la tarifa diferencial de los servicios. Por tal motivo, deber\u00e1n presentarse en Agencia de Desarrollo (Av. E.Tornquist y Av. [&hellip;]\" \/>\n<meta property=\"og:url\" content=\"https:\/\/www.noticiasradioreflejos.com.ar\/2021\/acreditacion-tarifas-diferenciales-para-organizaciones-simples\/\" \/>\n<meta property=\"og:site_name\" content=\"Noticias Radio Reflejos\" \/>\n<meta property=\"article:published_time\" content=\"2016-11-25T14:48:29+00:00\" \/>\n<meta property=\"og:image\" content=\"https:\/\/www.noticiasradioreflejos.com.ar\/2021\/wp-content\/uploads\/2021\/07\/logosol300x200.png\" \/>\n\t<meta property=\"og:image:width\" content=\"300\" \/>\n\t<meta property=\"og:image:height\" content=\"200\" \/>\n\t<meta property=\"og:image:type\" content=\"image\/png\" \/>\n<meta name=\"author\" content=\"Arnaldo Botto\" \/>\n<meta name=\"twitter:card\" content=\"summary_large_image\" \/>\n<script type=\"application\/ld+json\" class=\"yoast-schema-graph\">{\"@context\":\"https:\/\/schema.org\",\"@graph\":[{\"@type\":\"WebPage\",\"@id\":\"https:\/\/www.noticiasradioreflejos.com.ar\/2021\/acreditacion-tarifas-diferenciales-para-organizaciones-simples\/\",\"url\":\"https:\/\/www.noticiasradioreflejos.com.ar\/2021\/acreditacion-tarifas-diferenciales-para-organizaciones-simples\/\",\"name\":\"Acreditaci\u00f3n tarifas diferenciales para organizaciones simples. - Noticias Radio Reflejos\",\"isPartOf\":{\"@id\":\"https:\/\/www.noticiasradioreflejos.com.ar\/2021\/#website\"},\"datePublished\":\"2016-11-25T14:48:29+00:00\",\"author\":{\"@id\":\"https:\/\/www.noticiasradioreflejos.com.ar\/2021\/#\/schema\/person\/ad82545263dcc5ec0996818884fd5fb1\"},\"breadcrumb\":{\"@id\":\"https:\/\/www.noticiasradioreflejos.com.ar\/2021\/acreditacion-tarifas-diferenciales-para-organizaciones-simples\/#breadcrumb\"},\"inLanguage\":\"es\",\"potentialAction\":[{\"@type\":\"ReadAction\",\"target\":[\"https:\/\/www.noticiasradioreflejos.com.ar\/2021\/acreditacion-tarifas-diferenciales-para-organizaciones-simples\/\"]}]},{\"@type\":\"BreadcrumbList\",\"@id\":\"https:\/\/www.noticiasradioreflejos.com.ar\/2021\/acreditacion-tarifas-diferenciales-para-organizaciones-simples\/#breadcrumb\",\"itemListElement\":[{\"@type\":\"ListItem\",\"position\":1,\"name\":\"Portada\",\"item\":\"https:\/\/www.noticiasradioreflejos.com.ar\/2021\/\"},{\"@type\":\"ListItem\",\"position\":2,\"name\":\"Acreditaci\u00f3n tarifas diferenciales para organizaciones simples.\"}]},{\"@type\":\"WebSite\",\"@id\":\"https:\/\/www.noticiasradioreflejos.com.ar\/2021\/#website\",\"url\":\"https:\/\/www.noticiasradioreflejos.com.ar\/2021\/\",\"name\":\"Noticias Radio Reflejos\",\"description\":\"Las noticias de mi comarca\",\"potentialAction\":[{\"@type\":\"SearchAction\",\"target\":{\"@type\":\"EntryPoint\",\"urlTemplate\":\"https:\/\/www.noticiasradioreflejos.com.ar\/2021\/?s={search_term_string}\"},\"query-input\":{\"@type\":\"PropertyValueSpecification\",\"valueRequired\":true,\"valueName\":\"search_term_string\"}}],\"inLanguage\":\"es\"},{\"@type\":\"Person\",\"@id\":\"https:\/\/www.noticiasradioreflejos.com.ar\/2021\/#\/schema\/person\/ad82545263dcc5ec0996818884fd5fb1\",\"name\":\"Arnaldo Botto\",\"image\":{\"@type\":\"ImageObject\",\"inLanguage\":\"es\",\"@id\":\"https:\/\/www.noticiasradioreflejos.com.ar\/2021\/#\/schema\/person\/image\/\",\"url\":\"https:\/\/secure.gravatar.com\/avatar\/55cb5e37c1efa326397366e6974cb338056df65cb50e7d64d1cf314e87504837?s=96&d=mm&r=g\",\"contentUrl\":\"https:\/\/secure.gravatar.com\/avatar\/55cb5e37c1efa326397366e6974cb338056df65cb50e7d64d1cf314e87504837?s=96&d=mm&r=g\",\"caption\":\"Arnaldo Botto\"},\"url\":\"https:\/\/www.noticiasradioreflejos.com.ar\/2021\/author\/arnaldo\/\"}]}<\/script>\n<!-- \/ Yoast SEO plugin. -->","yoast_head_json":{"title":"Acreditaci\u00f3n tarifas diferenciales para organizaciones simples. - Noticias Radio Reflejos","robots":{"index":"index","follow":"follow","max-snippet":"max-snippet:-1","max-image-preview":"max-image-preview:large","max-video-preview":"max-video-preview:-1"},"canonical":"https:\/\/www.noticiasradioreflejos.com.ar\/2021\/acreditacion-tarifas-diferenciales-para-organizaciones-simples\/","og_locale":"es_ES","og_type":"article","og_title":"Acreditaci\u00f3n tarifas diferenciales para organizaciones simples. - Noticias Radio Reflejos","og_description":"El municipio de Tornquist comunica a todas las organizaciones informales, que se estar\u00e1 realizando una certificaci\u00f3n a pedido del CENOC, Centro Nacional de Organizaciones de la Comunidad, para tramitar frente a este organismo, el beneficio de la tarifa diferencial de los servicios. Por tal motivo, deber\u00e1n presentarse en Agencia de Desarrollo (Av. E.Tornquist y Av. [&hellip;]","og_url":"https:\/\/www.noticiasradioreflejos.com.ar\/2021\/acreditacion-tarifas-diferenciales-para-organizaciones-simples\/","og_site_name":"Noticias Radio Reflejos","article_published_time":"2016-11-25T14:48:29+00:00","og_image":[{"width":300,"height":200,"url":"https:\/\/www.noticiasradioreflejos.com.ar\/2021\/wp-content\/uploads\/2021\/07\/logosol300x200.png","type":"image\/png"}],"author":"Arnaldo Botto","twitter_card":"summary_large_image","schema":{"@context":"https:\/\/schema.org","@graph":[{"@type":"WebPage","@id":"https:\/\/www.noticiasradioreflejos.com.ar\/2021\/acreditacion-tarifas-diferenciales-para-organizaciones-simples\/","url":"https:\/\/www.noticiasradioreflejos.com.ar\/2021\/acreditacion-tarifas-diferenciales-para-organizaciones-simples\/","name":"Acreditaci\u00f3n tarifas diferenciales para organizaciones simples. - Noticias Radio Reflejos","isPartOf":{"@id":"https:\/\/www.noticiasradioreflejos.com.ar\/2021\/#website"},"datePublished":"2016-11-25T14:48:29+00:00","author":{"@id":"https:\/\/www.noticiasradioreflejos.com.ar\/2021\/#\/schema\/person\/ad82545263dcc5ec0996818884fd5fb1"},"breadcrumb":{"@id":"https:\/\/www.noticiasradioreflejos.com.ar\/2021\/acreditacion-tarifas-diferenciales-para-organizaciones-simples\/#breadcrumb"},"inLanguage":"es","potentialAction":[{"@type":"ReadAction","target":["https:\/\/www.noticiasradioreflejos.com.ar\/2021\/acreditacion-tarifas-diferenciales-para-organizaciones-simples\/"]}]},{"@type":"BreadcrumbList","@id":"https:\/\/www.noticiasradioreflejos.com.ar\/2021\/acreditacion-tarifas-diferenciales-para-organizaciones-simples\/#breadcrumb","itemListElement":[{"@type":"ListItem","position":1,"name":"Portada","item":"https:\/\/www.noticiasradioreflejos.com.ar\/2021\/"},{"@type":"ListItem","position":2,"name":"Acreditaci\u00f3n tarifas diferenciales para organizaciones simples."}]},{"@type":"WebSite","@id":"https:\/\/www.noticiasradioreflejos.com.ar\/2021\/#website","url":"https:\/\/www.noticiasradioreflejos.com.ar\/2021\/","name":"Noticias Radio Reflejos","description":"Las noticias de mi comarca","potentialAction":[{"@type":"SearchAction","target":{"@type":"EntryPoint","urlTemplate":"https:\/\/www.noticiasradioreflejos.com.ar\/2021\/?s={search_term_string}"},"query-input":{"@type":"PropertyValueSpecification","valueRequired":true,"valueName":"search_term_string"}}],"inLanguage":"es"},{"@type":"Person","@id":"https:\/\/www.noticiasradioreflejos.com.ar\/2021\/#\/schema\/person\/ad82545263dcc5ec0996818884fd5fb1","name":"Arnaldo Botto","image":{"@type":"ImageObject","inLanguage":"es","@id":"https:\/\/www.noticiasradioreflejos.com.ar\/2021\/#\/schema\/person\/image\/","url":"https:\/\/secure.gravatar.com\/avatar\/55cb5e37c1efa326397366e6974cb338056df65cb50e7d64d1cf314e87504837?s=96&d=mm&r=g","contentUrl":"https:\/\/secure.gravatar.com\/avatar\/55cb5e37c1efa326397366e6974cb338056df65cb50e7d64d1cf314e87504837?s=96&d=mm&r=g","caption":"Arnaldo Botto"},"url":"https:\/\/www.noticiasradioreflejos.com.ar\/2021\/author\/arnaldo\/"}]}},"_links":{"self":[{"href":"https:\/\/www.noticiasradioreflejos.com.ar\/2021\/wp-json\/wp\/v2\/posts\/4113","targetHints":{"allow":["GET"]}}],"collection":[{"href":"https:\/\/www.noticiasradioreflejos.com.ar\/2021\/wp-json\/wp\/v2\/posts"}],"about":[{"href":"https:\/\/www.noticiasradioreflejos.com.ar\/2021\/wp-json\/wp\/v2\/types\/post"}],"author":[{"embeddable":true,"href":"https:\/\/www.noticiasradioreflejos.com.ar\/2021\/wp-json\/wp\/v2\/users\/3"}],"replies":[{"embeddable":true,"href":"https:\/\/www.noticiasradioreflejos.com.ar\/2021\/wp-json\/wp\/v2\/comments?post=4113"}],"version-history":[{"count":0,"href":"https:\/\/www.noticiasradioreflejos.com.ar\/2021\/wp-json\/wp\/v2\/posts\/4113\/revisions"}],"wp:attachment":[{"href":"https:\/\/www.noticiasradioreflejos.com.ar\/2021\/wp-json\/wp\/v2\/media?parent=4113"}],"wp:term":[{"taxonomy":"category","embeddable":true,"href":"https:\/\/www.noticiasradioreflejos.com.ar\/2021\/wp-json\/wp\/v2\/categories?post=4113"},{"taxonomy":"post_tag","embeddable":true,"href":"https:\/\/www.noticiasradioreflejos.com.ar\/2021\/wp-json\/wp\/v2\/tags?post=4113"}],"curies":[{"name":"wp","href":"https:\/\/api.w.org\/{rel}","templated":true}]}}