{"id":41125,"date":"2020-04-23T08:56:55","date_gmt":"2020-04-23T11:56:55","guid":{"rendered":"http:\/\/www.noticiasradioreflejos.com.ar\/noticias\/?p=41125"},"modified":"2020-04-23T08:56:55","modified_gmt":"2020-04-23T11:56:55","slug":"cooperativas-advierten-que-esta-en-riesgo-el-servicio-electrico-por-abrupta-caida-de-recaudacion","status":"publish","type":"post","link":"https:\/\/www.noticiasradioreflejos.com.ar\/2021\/cooperativas-advierten-que-esta-en-riesgo-el-servicio-electrico-por-abrupta-caida-de-recaudacion\/","title":{"rendered":"Cooperativas advierten que \u00abest\u00e1 en riesgo el servicio el\u00e9ctrico\u00bb por abrupta ca\u00edda de recaudaci\u00f3n"},"content":{"rendered":"<p>Las cooperativas de electricidad advirtieron que \u00abest\u00e1 en riesgo el servicio\u00bb que prestan en localidades y ciudades de todo el pa\u00eds, por la imposibilidad de sostener la compra de energ\u00eda a las distribuidoras locales y el pago de impuestos sin medidas que contengan al sector. El presidente de la Confederaci\u00f3n Nacional Interfederativa de Cooperativas El\u00e9ctricas (Conaice), Luis Castillo, afirm\u00f3 en di\u00e1logo con T\u00e9lam que \u00abla ca\u00edda promedio que tiene hoy el sector cooperativo es de aproximadamente 50%, si bien se han habilitado guardias m\u00ednimas en su mayor\u00eda con una caja, hoy hay un atraso <!--more--><\/p>\n<p>de ese orden\u00bb.<\/p>\n<p>\u00abHoy est\u00e1 en riesgo no solamente el servicio el\u00e9ctrico, sino tambi\u00e9n la tarea de ambulancias, de sepelios, de residencias geri\u00e1tricas, a los que atendemos como cooperativas\u00bb, asever\u00f3 el directivo de la Conaice.<\/p>\n<p>Alrededor de 600 cooperativas de todo el pa\u00eds, que abastecen al 16% del mercado el\u00e9ctrico y cubren casi el 70% de todo el territorio nacional, solicitaron la semana pasada al gobierno nacional que interceda ante Compa\u00f1\u00eda Administradora del Mercado Mayorista El\u00e9ctrico (Cammesa).<\/p>\n<p>Las cooperativas argumentaron la imposibilidad de hacer frente a los pagos por abastecimiento de energ\u00eda el\u00e9ctrica, debido a la brusca ca\u00edda en la recaudaci\u00f3n que sufrieron durante el primer mes de aislamiento social obligatorio.<\/p>\n<p>Organizados en la Mesa Nacional de Cooperativas El\u00e9ctricas, la Conaice junto con otras entidades como la Federaci\u00f3n Argentina de Cooperativas El\u00e9ctricas (FACE), solicitaron que \u00abse identifique objetivamente a los usuarios beneficiados por el DNU 311\/2020 y el plan de pagos que se le va a otorgar\u00bb, informaron.<\/p>\n<p>\u00abElevamos un documento al Jefe de Gabinete solicitando que todas aquellas decisiones que comprendan al sector de distribuci\u00f3n, a las cooperativas se nos hagan las mismas consideraciones que a los grandes distribuidores y Cammesa tendr\u00e1 que ser quien fije las reglas de juego para que nosotros podamos seguir prestando los servicios\u00bb, record\u00f3 Castillo.<\/p>\n<p>Asimismo, solicitaron la suspensi\u00f3n del vencimiento de la factura de Cammesa y de otros proveedores provinciales y, concomitante a ello, que se acuerden formas de pago seg\u00fan el nivel de cobranza de los agentes.<\/p>\n<p>\u00abSi nosotros no cobramos los servicios y tenemos que financiar a 30 meses a los usuarios, y, si no se nos traslada desde el Estado nacional alguna herramienta, indudablemente vamos a estar imposibilitados de hacerlo\u00bb, asegur\u00f3.<\/p>\n<p>Al mismo tiempo, remarc\u00f3 que las cooperativas \u00abno est\u00e1n alcanzadas con los beneficios de las Pymes, por lo que se est\u00e1 solicitando que se genere la posibilidad de sostener este financiamiento que indudablemente se va a dar\u00bb a los usuarios.<\/p>\n<p>En relaci\u00f3n con las gestiones que est\u00e1n llevando adelante en cada una de las provincias donde prestan servicios, el presidente de Conaice detall\u00f3 que \u00abest\u00e1n conformando mesas de di\u00e1logo con los ejecutivos provinciales para encontrar las soluciones a todas las demandas sectoriales\u00bb.<\/p>\n","protected":false},"excerpt":{"rendered":"<p>Las cooperativas de electricidad advirtieron que \u00abest\u00e1 en riesgo el servicio\u00bb que prestan en localidades y ciudades de todo el pa\u00eds, por la imposibilidad de sostener la compra de energ\u00eda a las distribuidoras locales y el pago de impuestos sin medidas que contengan al sector. El presidente de la Confederaci\u00f3n Nacional Interfederativa de Cooperativas El\u00e9ctricas [&hellip;]<\/p>\n","protected":false},"author":3,"featured_media":0,"comment_status":"closed","ping_status":"open","sticky":false,"template":"","format":"standard","meta":{"footnotes":""},"categories":[36],"tags":[],"class_list":["post-41125","post","type-post","status-publish","format-standard","hentry","category-economia"],"yoast_head":"<!-- This site is optimized with the Yoast SEO plugin v25.9 - https:\/\/yoast.com\/wordpress\/plugins\/seo\/ -->\n<title>Cooperativas advierten que &quot;est\u00e1 en riesgo el servicio el\u00e9ctrico&quot; por abrupta ca\u00edda de recaudaci\u00f3n - Noticias Radio Reflejos<\/title>\n<meta name=\"robots\" content=\"index, follow, max-snippet:-1, max-image-preview:large, max-video-preview:-1\" \/>\n<link rel=\"canonical\" href=\"https:\/\/www.noticiasradioreflejos.com.ar\/2021\/cooperativas-advierten-que-esta-en-riesgo-el-servicio-electrico-por-abrupta-caida-de-recaudacion\/\" \/>\n<meta property=\"og:locale\" content=\"es_ES\" \/>\n<meta property=\"og:type\" content=\"article\" \/>\n<meta property=\"og:title\" content=\"Cooperativas advierten que &quot;est\u00e1 en riesgo el servicio el\u00e9ctrico&quot; por abrupta ca\u00edda de recaudaci\u00f3n - Noticias Radio Reflejos\" \/>\n<meta property=\"og:description\" content=\"Las cooperativas de electricidad advirtieron que \u00abest\u00e1 en riesgo el servicio\u00bb que prestan en localidades y ciudades de todo el pa\u00eds, por la imposibilidad de sostener la compra de energ\u00eda a las distribuidoras locales y el pago de impuestos sin medidas que contengan al sector. El presidente de la Confederaci\u00f3n Nacional Interfederativa de Cooperativas El\u00e9ctricas [&hellip;]\" \/>\n<meta property=\"og:url\" content=\"https:\/\/www.noticiasradioreflejos.com.ar\/2021\/cooperativas-advierten-que-esta-en-riesgo-el-servicio-electrico-por-abrupta-caida-de-recaudacion\/\" \/>\n<meta property=\"og:site_name\" content=\"Noticias Radio Reflejos\" \/>\n<meta property=\"article:published_time\" content=\"2020-04-23T11:56:55+00:00\" \/>\n<meta property=\"og:image\" content=\"https:\/\/www.noticiasradioreflejos.com.ar\/2021\/wp-content\/uploads\/2021\/07\/logosol300x200.png\" \/>\n\t<meta property=\"og:image:width\" content=\"300\" \/>\n\t<meta property=\"og:image:height\" content=\"200\" \/>\n\t<meta property=\"og:image:type\" content=\"image\/png\" \/>\n<meta name=\"author\" content=\"Arnaldo Botto\" \/>\n<meta name=\"twitter:card\" content=\"summary_large_image\" \/>\n<script type=\"application\/ld+json\" class=\"yoast-schema-graph\">{\"@context\":\"https:\/\/schema.org\",\"@graph\":[{\"@type\":\"WebPage\",\"@id\":\"https:\/\/www.noticiasradioreflejos.com.ar\/2021\/cooperativas-advierten-que-esta-en-riesgo-el-servicio-electrico-por-abrupta-caida-de-recaudacion\/\",\"url\":\"https:\/\/www.noticiasradioreflejos.com.ar\/2021\/cooperativas-advierten-que-esta-en-riesgo-el-servicio-electrico-por-abrupta-caida-de-recaudacion\/\",\"name\":\"Cooperativas advierten que \\\"est\u00e1 en riesgo el servicio el\u00e9ctrico\\\" por abrupta ca\u00edda de recaudaci\u00f3n - Noticias Radio Reflejos\",\"isPartOf\":{\"@id\":\"https:\/\/www.noticiasradioreflejos.com.ar\/2021\/#website\"},\"datePublished\":\"2020-04-23T11:56:55+00:00\",\"author\":{\"@id\":\"https:\/\/www.noticiasradioreflejos.com.ar\/2021\/#\/schema\/person\/ad82545263dcc5ec0996818884fd5fb1\"},\"breadcrumb\":{\"@id\":\"https:\/\/www.noticiasradioreflejos.com.ar\/2021\/cooperativas-advierten-que-esta-en-riesgo-el-servicio-electrico-por-abrupta-caida-de-recaudacion\/#breadcrumb\"},\"inLanguage\":\"es\",\"potentialAction\":[{\"@type\":\"ReadAction\",\"target\":[\"https:\/\/www.noticiasradioreflejos.com.ar\/2021\/cooperativas-advierten-que-esta-en-riesgo-el-servicio-electrico-por-abrupta-caida-de-recaudacion\/\"]}]},{\"@type\":\"BreadcrumbList\",\"@id\":\"https:\/\/www.noticiasradioreflejos.com.ar\/2021\/cooperativas-advierten-que-esta-en-riesgo-el-servicio-electrico-por-abrupta-caida-de-recaudacion\/#breadcrumb\",\"itemListElement\":[{\"@type\":\"ListItem\",\"position\":1,\"name\":\"Portada\",\"item\":\"https:\/\/www.noticiasradioreflejos.com.ar\/2021\/\"},{\"@type\":\"ListItem\",\"position\":2,\"name\":\"Cooperativas advierten que \u00abest\u00e1 en riesgo el servicio el\u00e9ctrico\u00bb por abrupta ca\u00edda de recaudaci\u00f3n\"}]},{\"@type\":\"WebSite\",\"@id\":\"https:\/\/www.noticiasradioreflejos.com.ar\/2021\/#website\",\"url\":\"https:\/\/www.noticiasradioreflejos.com.ar\/2021\/\",\"name\":\"Noticias Radio Reflejos\",\"description\":\"Las noticias de mi comarca\",\"potentialAction\":[{\"@type\":\"SearchAction\",\"target\":{\"@type\":\"EntryPoint\",\"urlTemplate\":\"https:\/\/www.noticiasradioreflejos.com.ar\/2021\/?s={search_term_string}\"},\"query-input\":{\"@type\":\"PropertyValueSpecification\",\"valueRequired\":true,\"valueName\":\"search_term_string\"}}],\"inLanguage\":\"es\"},{\"@type\":\"Person\",\"@id\":\"https:\/\/www.noticiasradioreflejos.com.ar\/2021\/#\/schema\/person\/ad82545263dcc5ec0996818884fd5fb1\",\"name\":\"Arnaldo Botto\",\"image\":{\"@type\":\"ImageObject\",\"inLanguage\":\"es\",\"@id\":\"https:\/\/www.noticiasradioreflejos.com.ar\/2021\/#\/schema\/person\/image\/\",\"url\":\"https:\/\/secure.gravatar.com\/avatar\/55cb5e37c1efa326397366e6974cb338056df65cb50e7d64d1cf314e87504837?s=96&d=mm&r=g\",\"contentUrl\":\"https:\/\/secure.gravatar.com\/avatar\/55cb5e37c1efa326397366e6974cb338056df65cb50e7d64d1cf314e87504837?s=96&d=mm&r=g\",\"caption\":\"Arnaldo Botto\"},\"url\":\"https:\/\/www.noticiasradioreflejos.com.ar\/2021\/author\/arnaldo\/\"}]}<\/script>\n<!-- \/ Yoast SEO plugin. -->","yoast_head_json":{"title":"Cooperativas advierten que \"est\u00e1 en riesgo el servicio el\u00e9ctrico\" por abrupta ca\u00edda de recaudaci\u00f3n - Noticias Radio Reflejos","robots":{"index":"index","follow":"follow","max-snippet":"max-snippet:-1","max-image-preview":"max-image-preview:large","max-video-preview":"max-video-preview:-1"},"canonical":"https:\/\/www.noticiasradioreflejos.com.ar\/2021\/cooperativas-advierten-que-esta-en-riesgo-el-servicio-electrico-por-abrupta-caida-de-recaudacion\/","og_locale":"es_ES","og_type":"article","og_title":"Cooperativas advierten que \"est\u00e1 en riesgo el servicio el\u00e9ctrico\" por abrupta ca\u00edda de recaudaci\u00f3n - Noticias Radio Reflejos","og_description":"Las cooperativas de electricidad advirtieron que \u00abest\u00e1 en riesgo el servicio\u00bb que prestan en localidades y ciudades de todo el pa\u00eds, por la imposibilidad de sostener la compra de energ\u00eda a las distribuidoras locales y el pago de impuestos sin medidas que contengan al sector. El presidente de la Confederaci\u00f3n Nacional Interfederativa de Cooperativas El\u00e9ctricas [&hellip;]","og_url":"https:\/\/www.noticiasradioreflejos.com.ar\/2021\/cooperativas-advierten-que-esta-en-riesgo-el-servicio-electrico-por-abrupta-caida-de-recaudacion\/","og_site_name":"Noticias Radio Reflejos","article_published_time":"2020-04-23T11:56:55+00:00","og_image":[{"width":300,"height":200,"url":"https:\/\/www.noticiasradioreflejos.com.ar\/2021\/wp-content\/uploads\/2021\/07\/logosol300x200.png","type":"image\/png"}],"author":"Arnaldo Botto","twitter_card":"summary_large_image","schema":{"@context":"https:\/\/schema.org","@graph":[{"@type":"WebPage","@id":"https:\/\/www.noticiasradioreflejos.com.ar\/2021\/cooperativas-advierten-que-esta-en-riesgo-el-servicio-electrico-por-abrupta-caida-de-recaudacion\/","url":"https:\/\/www.noticiasradioreflejos.com.ar\/2021\/cooperativas-advierten-que-esta-en-riesgo-el-servicio-electrico-por-abrupta-caida-de-recaudacion\/","name":"Cooperativas advierten que \"est\u00e1 en riesgo el servicio el\u00e9ctrico\" por abrupta ca\u00edda de recaudaci\u00f3n - Noticias Radio Reflejos","isPartOf":{"@id":"https:\/\/www.noticiasradioreflejos.com.ar\/2021\/#website"},"datePublished":"2020-04-23T11:56:55+00:00","author":{"@id":"https:\/\/www.noticiasradioreflejos.com.ar\/2021\/#\/schema\/person\/ad82545263dcc5ec0996818884fd5fb1"},"breadcrumb":{"@id":"https:\/\/www.noticiasradioreflejos.com.ar\/2021\/cooperativas-advierten-que-esta-en-riesgo-el-servicio-electrico-por-abrupta-caida-de-recaudacion\/#breadcrumb"},"inLanguage":"es","potentialAction":[{"@type":"ReadAction","target":["https:\/\/www.noticiasradioreflejos.com.ar\/2021\/cooperativas-advierten-que-esta-en-riesgo-el-servicio-electrico-por-abrupta-caida-de-recaudacion\/"]}]},{"@type":"BreadcrumbList","@id":"https:\/\/www.noticiasradioreflejos.com.ar\/2021\/cooperativas-advierten-que-esta-en-riesgo-el-servicio-electrico-por-abrupta-caida-de-recaudacion\/#breadcrumb","itemListElement":[{"@type":"ListItem","position":1,"name":"Portada","item":"https:\/\/www.noticiasradioreflejos.com.ar\/2021\/"},{"@type":"ListItem","position":2,"name":"Cooperativas advierten que \u00abest\u00e1 en riesgo el servicio el\u00e9ctrico\u00bb por abrupta ca\u00edda de recaudaci\u00f3n"}]},{"@type":"WebSite","@id":"https:\/\/www.noticiasradioreflejos.com.ar\/2021\/#website","url":"https:\/\/www.noticiasradioreflejos.com.ar\/2021\/","name":"Noticias Radio Reflejos","description":"Las noticias de mi comarca","potentialAction":[{"@type":"SearchAction","target":{"@type":"EntryPoint","urlTemplate":"https:\/\/www.noticiasradioreflejos.com.ar\/2021\/?s={search_term_string}"},"query-input":{"@type":"PropertyValueSpecification","valueRequired":true,"valueName":"search_term_string"}}],"inLanguage":"es"},{"@type":"Person","@id":"https:\/\/www.noticiasradioreflejos.com.ar\/2021\/#\/schema\/person\/ad82545263dcc5ec0996818884fd5fb1","name":"Arnaldo Botto","image":{"@type":"ImageObject","inLanguage":"es","@id":"https:\/\/www.noticiasradioreflejos.com.ar\/2021\/#\/schema\/person\/image\/","url":"https:\/\/secure.gravatar.com\/avatar\/55cb5e37c1efa326397366e6974cb338056df65cb50e7d64d1cf314e87504837?s=96&d=mm&r=g","contentUrl":"https:\/\/secure.gravatar.com\/avatar\/55cb5e37c1efa326397366e6974cb338056df65cb50e7d64d1cf314e87504837?s=96&d=mm&r=g","caption":"Arnaldo Botto"},"url":"https:\/\/www.noticiasradioreflejos.com.ar\/2021\/author\/arnaldo\/"}]}},"_links":{"self":[{"href":"https:\/\/www.noticiasradioreflejos.com.ar\/2021\/wp-json\/wp\/v2\/posts\/41125","targetHints":{"allow":["GET"]}}],"collection":[{"href":"https:\/\/www.noticiasradioreflejos.com.ar\/2021\/wp-json\/wp\/v2\/posts"}],"about":[{"href":"https:\/\/www.noticiasradioreflejos.com.ar\/2021\/wp-json\/wp\/v2\/types\/post"}],"author":[{"embeddable":true,"href":"https:\/\/www.noticiasradioreflejos.com.ar\/2021\/wp-json\/wp\/v2\/users\/3"}],"replies":[{"embeddable":true,"href":"https:\/\/www.noticiasradioreflejos.com.ar\/2021\/wp-json\/wp\/v2\/comments?post=41125"}],"version-history":[{"count":0,"href":"https:\/\/www.noticiasradioreflejos.com.ar\/2021\/wp-json\/wp\/v2\/posts\/41125\/revisions"}],"wp:attachment":[{"href":"https:\/\/www.noticiasradioreflejos.com.ar\/2021\/wp-json\/wp\/v2\/media?parent=41125"}],"wp:term":[{"taxonomy":"category","embeddable":true,"href":"https:\/\/www.noticiasradioreflejos.com.ar\/2021\/wp-json\/wp\/v2\/categories?post=41125"},{"taxonomy":"post_tag","embeddable":true,"href":"https:\/\/www.noticiasradioreflejos.com.ar\/2021\/wp-json\/wp\/v2\/tags?post=41125"}],"curies":[{"name":"wp","href":"https:\/\/api.w.org\/{rel}","templated":true}]}}