{"id":41120,"date":"2020-04-23T08:29:16","date_gmt":"2020-04-23T11:29:16","guid":{"rendered":"http:\/\/www.noticiasradioreflejos.com.ar\/noticias\/?p=41120"},"modified":"2020-04-23T08:29:16","modified_gmt":"2020-04-23T11:29:16","slug":"alerta-por-tormentas-fuertes-sectores-de-las-provincias-de-buenos-aires-la-pampa-y-rio-negros","status":"publish","type":"post","link":"https:\/\/www.noticiasradioreflejos.com.ar\/2021\/alerta-por-tormentas-fuertes-sectores-de-las-provincias-de-buenos-aires-la-pampa-y-rio-negros\/","title":{"rendered":"Alerta por tormentas fuertes sectores de las provincias de Buenos Aires, La Pampa y R\u00edo Negro."},"content":{"rendered":"<p>Un alerta por tormentas fuertes para el sur de la provincia de Buenos Aires, sur y centro de La Pampa y este de R\u00edo Negro fue emitido esta ma\u00f1ana por el Servicio Meteorol\u00f3gico Nacional (SMN). El organismo inform\u00f3 que \u00aba partir de la tarde de hoy se espera que comiencen a desarrollarse \u00e1reas de lluvias y tormentas en el este de R\u00edo Negro y sudeste de La Pampa, extendi\u00e9ndose al resto del \u00e1rea entre la tarde y la noche\u00bb.<!--more--><\/p>\n<p>En este sentido, indic\u00f3 que \u00abalgunas podr\u00edan ser localmente fuertes, acompa\u00f1adas de abundante ca\u00edda de agua en cortos per\u00edodos, fuerte actividad el\u00e9ctrica, r\u00e1fagas y ca\u00edda de granizo\u00bb.<\/p>\n<p>Las condiciones se mantendr\u00e1n al menos hasta la madrugada del viernes y se esperan valores de precipitaci\u00f3n acumulada que oscilar\u00edan entre 20 y 50 mil\u00edmetros pudiendo ser superados en forma localizada.<\/p>\n<p>Las mayores intensidades est\u00e1n previstas en el noreste de R\u00edo Negro, sudeste de La Pampa y sudoeste de Buenos Aires.<\/p>\n","protected":false},"excerpt":{"rendered":"<p>Un alerta por tormentas fuertes para el sur de la provincia de Buenos Aires, sur y centro de La Pampa y este de R\u00edo Negro fue emitido esta ma\u00f1ana por el Servicio Meteorol\u00f3gico Nacional (SMN). El organismo inform\u00f3 que \u00aba partir de la tarde de hoy se espera que comiencen a desarrollarse \u00e1reas de lluvias [&hellip;]<\/p>\n","protected":false},"author":3,"featured_media":36042,"comment_status":"closed","ping_status":"open","sticky":false,"template":"","format":"standard","meta":{"footnotes":""},"categories":[26],"tags":[],"class_list":["post-41120","post","type-post","status-publish","format-standard","has-post-thumbnail","hentry","category-sociedad"],"yoast_head":"<!-- This site is optimized with the Yoast SEO plugin v25.9 - https:\/\/yoast.com\/wordpress\/plugins\/seo\/ -->\n<title>Alerta por tormentas fuertes sectores de las provincias de Buenos Aires, La Pampa y R\u00edo Negro. - Noticias Radio Reflejos<\/title>\n<meta name=\"robots\" content=\"index, follow, max-snippet:-1, max-image-preview:large, max-video-preview:-1\" \/>\n<link rel=\"canonical\" href=\"https:\/\/www.noticiasradioreflejos.com.ar\/2021\/alerta-por-tormentas-fuertes-sectores-de-las-provincias-de-buenos-aires-la-pampa-y-rio-negros\/\" \/>\n<meta property=\"og:locale\" content=\"es_ES\" \/>\n<meta property=\"og:type\" content=\"article\" \/>\n<meta property=\"og:title\" content=\"Alerta por tormentas fuertes sectores de las provincias de Buenos Aires, La Pampa y R\u00edo Negro. - Noticias Radio Reflejos\" \/>\n<meta property=\"og:description\" content=\"Un alerta por tormentas fuertes para el sur de la provincia de Buenos Aires, sur y centro de La Pampa y este de R\u00edo Negro fue emitido esta ma\u00f1ana por el Servicio Meteorol\u00f3gico Nacional (SMN). El organismo inform\u00f3 que \u00aba partir de la tarde de hoy se espera que comiencen a desarrollarse \u00e1reas de lluvias [&hellip;]\" \/>\n<meta property=\"og:url\" content=\"https:\/\/www.noticiasradioreflejos.com.ar\/2021\/alerta-por-tormentas-fuertes-sectores-de-las-provincias-de-buenos-aires-la-pampa-y-rio-negros\/\" \/>\n<meta property=\"og:site_name\" content=\"Noticias Radio Reflejos\" \/>\n<meta property=\"article:published_time\" content=\"2020-04-23T11:29:16+00:00\" \/>\n<meta property=\"og:image\" content=\"https:\/\/www.noticiasradioreflejos.com.ar\/2021\/wp-content\/uploads\/2019\/11\/Alerta-Mete.png\" \/>\n\t<meta property=\"og:image:width\" content=\"877\" \/>\n\t<meta property=\"og:image:height\" content=\"395\" \/>\n\t<meta property=\"og:image:type\" content=\"image\/png\" \/>\n<meta name=\"author\" content=\"Arnaldo Botto\" \/>\n<meta name=\"twitter:card\" content=\"summary_large_image\" \/>\n<script type=\"application\/ld+json\" class=\"yoast-schema-graph\">{\"@context\":\"https:\/\/schema.org\",\"@graph\":[{\"@type\":\"WebPage\",\"@id\":\"https:\/\/www.noticiasradioreflejos.com.ar\/2021\/alerta-por-tormentas-fuertes-sectores-de-las-provincias-de-buenos-aires-la-pampa-y-rio-negros\/\",\"url\":\"https:\/\/www.noticiasradioreflejos.com.ar\/2021\/alerta-por-tormentas-fuertes-sectores-de-las-provincias-de-buenos-aires-la-pampa-y-rio-negros\/\",\"name\":\"Alerta por tormentas fuertes sectores de las provincias de Buenos Aires, La Pampa y R\u00edo Negro. - Noticias Radio Reflejos\",\"isPartOf\":{\"@id\":\"https:\/\/www.noticiasradioreflejos.com.ar\/2021\/#website\"},\"primaryImageOfPage\":{\"@id\":\"https:\/\/www.noticiasradioreflejos.com.ar\/2021\/alerta-por-tormentas-fuertes-sectores-de-las-provincias-de-buenos-aires-la-pampa-y-rio-negros\/#primaryimage\"},\"image\":{\"@id\":\"https:\/\/www.noticiasradioreflejos.com.ar\/2021\/alerta-por-tormentas-fuertes-sectores-de-las-provincias-de-buenos-aires-la-pampa-y-rio-negros\/#primaryimage\"},\"thumbnailUrl\":\"https:\/\/www.noticiasradioreflejos.com.ar\/2021\/wp-content\/uploads\/2019\/11\/Alerta-Mete.png\",\"datePublished\":\"2020-04-23T11:29:16+00:00\",\"author\":{\"@id\":\"https:\/\/www.noticiasradioreflejos.com.ar\/2021\/#\/schema\/person\/ad82545263dcc5ec0996818884fd5fb1\"},\"breadcrumb\":{\"@id\":\"https:\/\/www.noticiasradioreflejos.com.ar\/2021\/alerta-por-tormentas-fuertes-sectores-de-las-provincias-de-buenos-aires-la-pampa-y-rio-negros\/#breadcrumb\"},\"inLanguage\":\"es\",\"potentialAction\":[{\"@type\":\"ReadAction\",\"target\":[\"https:\/\/www.noticiasradioreflejos.com.ar\/2021\/alerta-por-tormentas-fuertes-sectores-de-las-provincias-de-buenos-aires-la-pampa-y-rio-negros\/\"]}]},{\"@type\":\"ImageObject\",\"inLanguage\":\"es\",\"@id\":\"https:\/\/www.noticiasradioreflejos.com.ar\/2021\/alerta-por-tormentas-fuertes-sectores-de-las-provincias-de-buenos-aires-la-pampa-y-rio-negros\/#primaryimage\",\"url\":\"https:\/\/www.noticiasradioreflejos.com.ar\/2021\/wp-content\/uploads\/2019\/11\/Alerta-Mete.png\",\"contentUrl\":\"https:\/\/www.noticiasradioreflejos.com.ar\/2021\/wp-content\/uploads\/2019\/11\/Alerta-Mete.png\",\"width\":877,\"height\":395},{\"@type\":\"BreadcrumbList\",\"@id\":\"https:\/\/www.noticiasradioreflejos.com.ar\/2021\/alerta-por-tormentas-fuertes-sectores-de-las-provincias-de-buenos-aires-la-pampa-y-rio-negros\/#breadcrumb\",\"itemListElement\":[{\"@type\":\"ListItem\",\"position\":1,\"name\":\"Portada\",\"item\":\"https:\/\/www.noticiasradioreflejos.com.ar\/2021\/\"},{\"@type\":\"ListItem\",\"position\":2,\"name\":\"Alerta por tormentas fuertes sectores de las provincias de Buenos Aires, La Pampa y R\u00edo Negro.\"}]},{\"@type\":\"WebSite\",\"@id\":\"https:\/\/www.noticiasradioreflejos.com.ar\/2021\/#website\",\"url\":\"https:\/\/www.noticiasradioreflejos.com.ar\/2021\/\",\"name\":\"Noticias Radio Reflejos\",\"description\":\"Las noticias de mi comarca\",\"potentialAction\":[{\"@type\":\"SearchAction\",\"target\":{\"@type\":\"EntryPoint\",\"urlTemplate\":\"https:\/\/www.noticiasradioreflejos.com.ar\/2021\/?s={search_term_string}\"},\"query-input\":{\"@type\":\"PropertyValueSpecification\",\"valueRequired\":true,\"valueName\":\"search_term_string\"}}],\"inLanguage\":\"es\"},{\"@type\":\"Person\",\"@id\":\"https:\/\/www.noticiasradioreflejos.com.ar\/2021\/#\/schema\/person\/ad82545263dcc5ec0996818884fd5fb1\",\"name\":\"Arnaldo Botto\",\"image\":{\"@type\":\"ImageObject\",\"inLanguage\":\"es\",\"@id\":\"https:\/\/www.noticiasradioreflejos.com.ar\/2021\/#\/schema\/person\/image\/\",\"url\":\"https:\/\/secure.gravatar.com\/avatar\/55cb5e37c1efa326397366e6974cb338056df65cb50e7d64d1cf314e87504837?s=96&d=mm&r=g\",\"contentUrl\":\"https:\/\/secure.gravatar.com\/avatar\/55cb5e37c1efa326397366e6974cb338056df65cb50e7d64d1cf314e87504837?s=96&d=mm&r=g\",\"caption\":\"Arnaldo Botto\"},\"url\":\"https:\/\/www.noticiasradioreflejos.com.ar\/2021\/author\/arnaldo\/\"}]}<\/script>\n<!-- \/ Yoast SEO plugin. -->","yoast_head_json":{"title":"Alerta por tormentas fuertes sectores de las provincias de Buenos Aires, La Pampa y R\u00edo Negro. - Noticias Radio Reflejos","robots":{"index":"index","follow":"follow","max-snippet":"max-snippet:-1","max-image-preview":"max-image-preview:large","max-video-preview":"max-video-preview:-1"},"canonical":"https:\/\/www.noticiasradioreflejos.com.ar\/2021\/alerta-por-tormentas-fuertes-sectores-de-las-provincias-de-buenos-aires-la-pampa-y-rio-negros\/","og_locale":"es_ES","og_type":"article","og_title":"Alerta por tormentas fuertes sectores de las provincias de Buenos Aires, La Pampa y R\u00edo Negro. - Noticias Radio Reflejos","og_description":"Un alerta por tormentas fuertes para el sur de la provincia de Buenos Aires, sur y centro de La Pampa y este de R\u00edo Negro fue emitido esta ma\u00f1ana por el Servicio Meteorol\u00f3gico Nacional (SMN). El organismo inform\u00f3 que \u00aba partir de la tarde de hoy se espera que comiencen a desarrollarse \u00e1reas de lluvias [&hellip;]","og_url":"https:\/\/www.noticiasradioreflejos.com.ar\/2021\/alerta-por-tormentas-fuertes-sectores-de-las-provincias-de-buenos-aires-la-pampa-y-rio-negros\/","og_site_name":"Noticias Radio Reflejos","article_published_time":"2020-04-23T11:29:16+00:00","og_image":[{"width":877,"height":395,"url":"https:\/\/www.noticiasradioreflejos.com.ar\/2021\/wp-content\/uploads\/2019\/11\/Alerta-Mete.png","type":"image\/png"}],"author":"Arnaldo Botto","twitter_card":"summary_large_image","schema":{"@context":"https:\/\/schema.org","@graph":[{"@type":"WebPage","@id":"https:\/\/www.noticiasradioreflejos.com.ar\/2021\/alerta-por-tormentas-fuertes-sectores-de-las-provincias-de-buenos-aires-la-pampa-y-rio-negros\/","url":"https:\/\/www.noticiasradioreflejos.com.ar\/2021\/alerta-por-tormentas-fuertes-sectores-de-las-provincias-de-buenos-aires-la-pampa-y-rio-negros\/","name":"Alerta por tormentas fuertes sectores de las provincias de Buenos Aires, La Pampa y R\u00edo Negro. - Noticias Radio Reflejos","isPartOf":{"@id":"https:\/\/www.noticiasradioreflejos.com.ar\/2021\/#website"},"primaryImageOfPage":{"@id":"https:\/\/www.noticiasradioreflejos.com.ar\/2021\/alerta-por-tormentas-fuertes-sectores-de-las-provincias-de-buenos-aires-la-pampa-y-rio-negros\/#primaryimage"},"image":{"@id":"https:\/\/www.noticiasradioreflejos.com.ar\/2021\/alerta-por-tormentas-fuertes-sectores-de-las-provincias-de-buenos-aires-la-pampa-y-rio-negros\/#primaryimage"},"thumbnailUrl":"https:\/\/www.noticiasradioreflejos.com.ar\/2021\/wp-content\/uploads\/2019\/11\/Alerta-Mete.png","datePublished":"2020-04-23T11:29:16+00:00","author":{"@id":"https:\/\/www.noticiasradioreflejos.com.ar\/2021\/#\/schema\/person\/ad82545263dcc5ec0996818884fd5fb1"},"breadcrumb":{"@id":"https:\/\/www.noticiasradioreflejos.com.ar\/2021\/alerta-por-tormentas-fuertes-sectores-de-las-provincias-de-buenos-aires-la-pampa-y-rio-negros\/#breadcrumb"},"inLanguage":"es","potentialAction":[{"@type":"ReadAction","target":["https:\/\/www.noticiasradioreflejos.com.ar\/2021\/alerta-por-tormentas-fuertes-sectores-de-las-provincias-de-buenos-aires-la-pampa-y-rio-negros\/"]}]},{"@type":"ImageObject","inLanguage":"es","@id":"https:\/\/www.noticiasradioreflejos.com.ar\/2021\/alerta-por-tormentas-fuertes-sectores-de-las-provincias-de-buenos-aires-la-pampa-y-rio-negros\/#primaryimage","url":"https:\/\/www.noticiasradioreflejos.com.ar\/2021\/wp-content\/uploads\/2019\/11\/Alerta-Mete.png","contentUrl":"https:\/\/www.noticiasradioreflejos.com.ar\/2021\/wp-content\/uploads\/2019\/11\/Alerta-Mete.png","width":877,"height":395},{"@type":"BreadcrumbList","@id":"https:\/\/www.noticiasradioreflejos.com.ar\/2021\/alerta-por-tormentas-fuertes-sectores-de-las-provincias-de-buenos-aires-la-pampa-y-rio-negros\/#breadcrumb","itemListElement":[{"@type":"ListItem","position":1,"name":"Portada","item":"https:\/\/www.noticiasradioreflejos.com.ar\/2021\/"},{"@type":"ListItem","position":2,"name":"Alerta por tormentas fuertes sectores de las provincias de Buenos Aires, La Pampa y R\u00edo Negro."}]},{"@type":"WebSite","@id":"https:\/\/www.noticiasradioreflejos.com.ar\/2021\/#website","url":"https:\/\/www.noticiasradioreflejos.com.ar\/2021\/","name":"Noticias Radio Reflejos","description":"Las noticias de mi comarca","potentialAction":[{"@type":"SearchAction","target":{"@type":"EntryPoint","urlTemplate":"https:\/\/www.noticiasradioreflejos.com.ar\/2021\/?s={search_term_string}"},"query-input":{"@type":"PropertyValueSpecification","valueRequired":true,"valueName":"search_term_string"}}],"inLanguage":"es"},{"@type":"Person","@id":"https:\/\/www.noticiasradioreflejos.com.ar\/2021\/#\/schema\/person\/ad82545263dcc5ec0996818884fd5fb1","name":"Arnaldo Botto","image":{"@type":"ImageObject","inLanguage":"es","@id":"https:\/\/www.noticiasradioreflejos.com.ar\/2021\/#\/schema\/person\/image\/","url":"https:\/\/secure.gravatar.com\/avatar\/55cb5e37c1efa326397366e6974cb338056df65cb50e7d64d1cf314e87504837?s=96&d=mm&r=g","contentUrl":"https:\/\/secure.gravatar.com\/avatar\/55cb5e37c1efa326397366e6974cb338056df65cb50e7d64d1cf314e87504837?s=96&d=mm&r=g","caption":"Arnaldo Botto"},"url":"https:\/\/www.noticiasradioreflejos.com.ar\/2021\/author\/arnaldo\/"}]}},"_links":{"self":[{"href":"https:\/\/www.noticiasradioreflejos.com.ar\/2021\/wp-json\/wp\/v2\/posts\/41120","targetHints":{"allow":["GET"]}}],"collection":[{"href":"https:\/\/www.noticiasradioreflejos.com.ar\/2021\/wp-json\/wp\/v2\/posts"}],"about":[{"href":"https:\/\/www.noticiasradioreflejos.com.ar\/2021\/wp-json\/wp\/v2\/types\/post"}],"author":[{"embeddable":true,"href":"https:\/\/www.noticiasradioreflejos.com.ar\/2021\/wp-json\/wp\/v2\/users\/3"}],"replies":[{"embeddable":true,"href":"https:\/\/www.noticiasradioreflejos.com.ar\/2021\/wp-json\/wp\/v2\/comments?post=41120"}],"version-history":[{"count":0,"href":"https:\/\/www.noticiasradioreflejos.com.ar\/2021\/wp-json\/wp\/v2\/posts\/41120\/revisions"}],"wp:featuredmedia":[{"embeddable":true,"href":"https:\/\/www.noticiasradioreflejos.com.ar\/2021\/wp-json\/wp\/v2\/media\/36042"}],"wp:attachment":[{"href":"https:\/\/www.noticiasradioreflejos.com.ar\/2021\/wp-json\/wp\/v2\/media?parent=41120"}],"wp:term":[{"taxonomy":"category","embeddable":true,"href":"https:\/\/www.noticiasradioreflejos.com.ar\/2021\/wp-json\/wp\/v2\/categories?post=41120"},{"taxonomy":"post_tag","embeddable":true,"href":"https:\/\/www.noticiasradioreflejos.com.ar\/2021\/wp-json\/wp\/v2\/tags?post=41120"}],"curies":[{"name":"wp","href":"https:\/\/api.w.org\/{rel}","templated":true}]}}