{"id":41118,"date":"2020-04-23T08:26:41","date_gmt":"2020-04-23T11:26:41","guid":{"rendered":"http:\/\/www.noticiasradioreflejos.com.ar\/noticias\/?p=41118"},"modified":"2020-04-23T08:26:41","modified_gmt":"2020-04-23T11:26:41","slug":"comenzo-la-etapa-de-actualizacion-de-datos-personales-para-las-personas-cuya-solicitud-el-ife-fue-rechazada","status":"publish","type":"post","link":"https:\/\/www.noticiasradioreflejos.com.ar\/2021\/comenzo-la-etapa-de-actualizacion-de-datos-personales-para-las-personas-cuya-solicitud-el-ife-fue-rechazada\/","title":{"rendered":"Comenz\u00f3 la etapa de actualizaci\u00f3n de datos personales para las personas cuya solicitud el IFE fue rechazada."},"content":{"rendered":"<p>La ANSES informa que HOY comenz\u00f3 la instancia de actualizaci\u00f3n de datos personales destinada exclusivamente a quienes les fue rechazado el IFE por no tener actualizada su informaci\u00f3n personal. A partir de hoy, mi\u00e9rcoles 22 de abril, de 8 a 16 horas la ANSES habilit\u00f3 en su sitio web oficial la primera etapa de atenci\u00f3n virtual para la actualizaci\u00f3n de datos personales, destinada \u00fanicamente a aquellas personas cuya solicitud del Ingreso Familiar de Emergencia (IFE) fue rechazada por no tener actualizados sus datos personales ante el organismo previsional.<!--more--><\/p>\n<p>Cabe destacar que la ANSES revisar\u00e1 autom\u00e1ticamente los casos de solicitantes que hayan perdido su empleo durante los meses de febrero y marzo y a quienes no les fue aprobado el IFE porque, en el momento de la solicitud, la declaraci\u00f3n jurada del cese del contrato de trabajo no hab\u00eda ingresado en la base de datos del organismo. De la misma manera se proceder\u00e1 ante los casos de denegatorias por percibir un programa alimentario provincial. Por lo tanto, quienes se encuentren en esta situaci\u00f3n no deben ingresar.<\/p>\n<p>Sistema de Atenci\u00f3n Virtual de la ANSES<br \/>\n\u200bLa atenci\u00f3n virtual se llevar\u00e1 a cabo de lunes a viernes entre las 8 y las 16 horas en anses.gob.ar y admitir\u00e1 un m\u00e1ximo de 25.000 tr\u00e1mites diarios.<br \/>\nEste sistema permite presentar la documentaci\u00f3n para acreditar cambio de domicilio, estado civil o fecha de nacimiento. Es importante mantener actualizados los datos de contacto ya que la ANSES responder\u00e1 la consulta por correo electr\u00f3nico.<\/p>\n<p>Para acceder hay que ingresar con el n\u00famero de CUIL y la Clave de la Seguridad Social. Si no se cuenta con esta Clave, es posible generarla en el momento.<br \/>\nEs importante que solo se ingrese a www.anses.gob.ar a realizar el tr\u00e1mite de acuerdo al d\u00eda asignado con la terminaci\u00f3n del DNI: <\/p>\n<p>\u00b7         mi\u00e9rcoles 22 y jueves 23 de abril los DNI terminados en 0.<br \/>\n\u00b7         viernes 24 y lunes 27 de abril los DNI terminados en 1.<br \/>\n\u00b7         martes 28 y mi\u00e9rcoles 29 de abril los DNI terminados en 2.<br \/>\n\u00b7         jueves 30 de abril y lunes 4 de mayo los DNI terminados en 3.<br \/>\n\u00b7         martes 5 y mi\u00e9rcoles 6 de mayo los DNI terminados en 4.<br \/>\n\u00b7         jueves 7 y viernes 8 de mayo los DNI terminados en 5.<br \/>\n\u00b7         lunes 11 y martes 12 de mayo los DNI terminados en 6.<br \/>\n\u00b7         mi\u00e9rcoles 13 y jueves 14 de mayo los DNI terminados en 7.<br \/>\n\u00b7         viernes 15 y lunes 18 de mayo los DNI terminados en 8.<br \/>\n\u00b7         martes 19 y mi\u00e9rcoles 20 de mayo los DNI terminados en 9.<br \/>\n\u200b<\/p>\n","protected":false},"excerpt":{"rendered":"<p>La ANSES informa que HOY comenz\u00f3 la instancia de actualizaci\u00f3n de datos personales destinada exclusivamente a quienes les fue rechazado el IFE por no tener actualizada su informaci\u00f3n personal. A partir de hoy, mi\u00e9rcoles 22 de abril, de 8 a 16 horas la ANSES habilit\u00f3 en su sitio web oficial la primera etapa de atenci\u00f3n [&hellip;]<\/p>\n","protected":false},"author":3,"featured_media":0,"comment_status":"closed","ping_status":"open","sticky":false,"template":"","format":"standard","meta":{"footnotes":""},"categories":[36],"tags":[],"class_list":["post-41118","post","type-post","status-publish","format-standard","hentry","category-economia"],"yoast_head":"<!-- This site is optimized with the Yoast SEO plugin v25.9 - https:\/\/yoast.com\/wordpress\/plugins\/seo\/ -->\n<title>Comenz\u00f3 la etapa de actualizaci\u00f3n de datos personales para las personas cuya solicitud el IFE fue rechazada. - Noticias Radio Reflejos<\/title>\n<meta name=\"robots\" content=\"index, follow, max-snippet:-1, max-image-preview:large, max-video-preview:-1\" \/>\n<link rel=\"canonical\" href=\"https:\/\/www.noticiasradioreflejos.com.ar\/2021\/comenzo-la-etapa-de-actualizacion-de-datos-personales-para-las-personas-cuya-solicitud-el-ife-fue-rechazada\/\" \/>\n<meta property=\"og:locale\" content=\"es_ES\" \/>\n<meta property=\"og:type\" content=\"article\" \/>\n<meta property=\"og:title\" content=\"Comenz\u00f3 la etapa de actualizaci\u00f3n de datos personales para las personas cuya solicitud el IFE fue rechazada. - Noticias Radio Reflejos\" \/>\n<meta property=\"og:description\" content=\"La ANSES informa que HOY comenz\u00f3 la instancia de actualizaci\u00f3n de datos personales destinada exclusivamente a quienes les fue rechazado el IFE por no tener actualizada su informaci\u00f3n personal. A partir de hoy, mi\u00e9rcoles 22 de abril, de 8 a 16 horas la ANSES habilit\u00f3 en su sitio web oficial la primera etapa de atenci\u00f3n [&hellip;]\" \/>\n<meta property=\"og:url\" content=\"https:\/\/www.noticiasradioreflejos.com.ar\/2021\/comenzo-la-etapa-de-actualizacion-de-datos-personales-para-las-personas-cuya-solicitud-el-ife-fue-rechazada\/\" \/>\n<meta property=\"og:site_name\" content=\"Noticias Radio Reflejos\" \/>\n<meta property=\"article:published_time\" content=\"2020-04-23T11:26:41+00:00\" \/>\n<meta property=\"og:image\" content=\"https:\/\/www.noticiasradioreflejos.com.ar\/2021\/wp-content\/uploads\/2021\/07\/logosol300x200.png\" \/>\n\t<meta property=\"og:image:width\" content=\"300\" \/>\n\t<meta property=\"og:image:height\" content=\"200\" \/>\n\t<meta property=\"og:image:type\" content=\"image\/png\" \/>\n<meta name=\"author\" content=\"Arnaldo Botto\" \/>\n<meta name=\"twitter:card\" content=\"summary_large_image\" \/>\n<script type=\"application\/ld+json\" class=\"yoast-schema-graph\">{\"@context\":\"https:\/\/schema.org\",\"@graph\":[{\"@type\":\"WebPage\",\"@id\":\"https:\/\/www.noticiasradioreflejos.com.ar\/2021\/comenzo-la-etapa-de-actualizacion-de-datos-personales-para-las-personas-cuya-solicitud-el-ife-fue-rechazada\/\",\"url\":\"https:\/\/www.noticiasradioreflejos.com.ar\/2021\/comenzo-la-etapa-de-actualizacion-de-datos-personales-para-las-personas-cuya-solicitud-el-ife-fue-rechazada\/\",\"name\":\"Comenz\u00f3 la etapa de actualizaci\u00f3n de datos personales para las personas cuya solicitud el IFE fue rechazada. - Noticias Radio Reflejos\",\"isPartOf\":{\"@id\":\"https:\/\/www.noticiasradioreflejos.com.ar\/2021\/#website\"},\"datePublished\":\"2020-04-23T11:26:41+00:00\",\"author\":{\"@id\":\"https:\/\/www.noticiasradioreflejos.com.ar\/2021\/#\/schema\/person\/ad82545263dcc5ec0996818884fd5fb1\"},\"breadcrumb\":{\"@id\":\"https:\/\/www.noticiasradioreflejos.com.ar\/2021\/comenzo-la-etapa-de-actualizacion-de-datos-personales-para-las-personas-cuya-solicitud-el-ife-fue-rechazada\/#breadcrumb\"},\"inLanguage\":\"es\",\"potentialAction\":[{\"@type\":\"ReadAction\",\"target\":[\"https:\/\/www.noticiasradioreflejos.com.ar\/2021\/comenzo-la-etapa-de-actualizacion-de-datos-personales-para-las-personas-cuya-solicitud-el-ife-fue-rechazada\/\"]}]},{\"@type\":\"BreadcrumbList\",\"@id\":\"https:\/\/www.noticiasradioreflejos.com.ar\/2021\/comenzo-la-etapa-de-actualizacion-de-datos-personales-para-las-personas-cuya-solicitud-el-ife-fue-rechazada\/#breadcrumb\",\"itemListElement\":[{\"@type\":\"ListItem\",\"position\":1,\"name\":\"Portada\",\"item\":\"https:\/\/www.noticiasradioreflejos.com.ar\/2021\/\"},{\"@type\":\"ListItem\",\"position\":2,\"name\":\"Comenz\u00f3 la etapa de actualizaci\u00f3n de datos personales para las personas cuya solicitud el IFE fue rechazada.\"}]},{\"@type\":\"WebSite\",\"@id\":\"https:\/\/www.noticiasradioreflejos.com.ar\/2021\/#website\",\"url\":\"https:\/\/www.noticiasradioreflejos.com.ar\/2021\/\",\"name\":\"Noticias Radio Reflejos\",\"description\":\"Las noticias de mi comarca\",\"potentialAction\":[{\"@type\":\"SearchAction\",\"target\":{\"@type\":\"EntryPoint\",\"urlTemplate\":\"https:\/\/www.noticiasradioreflejos.com.ar\/2021\/?s={search_term_string}\"},\"query-input\":{\"@type\":\"PropertyValueSpecification\",\"valueRequired\":true,\"valueName\":\"search_term_string\"}}],\"inLanguage\":\"es\"},{\"@type\":\"Person\",\"@id\":\"https:\/\/www.noticiasradioreflejos.com.ar\/2021\/#\/schema\/person\/ad82545263dcc5ec0996818884fd5fb1\",\"name\":\"Arnaldo Botto\",\"image\":{\"@type\":\"ImageObject\",\"inLanguage\":\"es\",\"@id\":\"https:\/\/www.noticiasradioreflejos.com.ar\/2021\/#\/schema\/person\/image\/\",\"url\":\"https:\/\/secure.gravatar.com\/avatar\/55cb5e37c1efa326397366e6974cb338056df65cb50e7d64d1cf314e87504837?s=96&d=mm&r=g\",\"contentUrl\":\"https:\/\/secure.gravatar.com\/avatar\/55cb5e37c1efa326397366e6974cb338056df65cb50e7d64d1cf314e87504837?s=96&d=mm&r=g\",\"caption\":\"Arnaldo Botto\"},\"url\":\"https:\/\/www.noticiasradioreflejos.com.ar\/2021\/author\/arnaldo\/\"}]}<\/script>\n<!-- \/ Yoast SEO plugin. -->","yoast_head_json":{"title":"Comenz\u00f3 la etapa de actualizaci\u00f3n de datos personales para las personas cuya solicitud el IFE fue rechazada. - Noticias Radio Reflejos","robots":{"index":"index","follow":"follow","max-snippet":"max-snippet:-1","max-image-preview":"max-image-preview:large","max-video-preview":"max-video-preview:-1"},"canonical":"https:\/\/www.noticiasradioreflejos.com.ar\/2021\/comenzo-la-etapa-de-actualizacion-de-datos-personales-para-las-personas-cuya-solicitud-el-ife-fue-rechazada\/","og_locale":"es_ES","og_type":"article","og_title":"Comenz\u00f3 la etapa de actualizaci\u00f3n de datos personales para las personas cuya solicitud el IFE fue rechazada. - Noticias Radio Reflejos","og_description":"La ANSES informa que HOY comenz\u00f3 la instancia de actualizaci\u00f3n de datos personales destinada exclusivamente a quienes les fue rechazado el IFE por no tener actualizada su informaci\u00f3n personal. A partir de hoy, mi\u00e9rcoles 22 de abril, de 8 a 16 horas la ANSES habilit\u00f3 en su sitio web oficial la primera etapa de atenci\u00f3n [&hellip;]","og_url":"https:\/\/www.noticiasradioreflejos.com.ar\/2021\/comenzo-la-etapa-de-actualizacion-de-datos-personales-para-las-personas-cuya-solicitud-el-ife-fue-rechazada\/","og_site_name":"Noticias Radio Reflejos","article_published_time":"2020-04-23T11:26:41+00:00","og_image":[{"width":300,"height":200,"url":"https:\/\/www.noticiasradioreflejos.com.ar\/2021\/wp-content\/uploads\/2021\/07\/logosol300x200.png","type":"image\/png"}],"author":"Arnaldo Botto","twitter_card":"summary_large_image","schema":{"@context":"https:\/\/schema.org","@graph":[{"@type":"WebPage","@id":"https:\/\/www.noticiasradioreflejos.com.ar\/2021\/comenzo-la-etapa-de-actualizacion-de-datos-personales-para-las-personas-cuya-solicitud-el-ife-fue-rechazada\/","url":"https:\/\/www.noticiasradioreflejos.com.ar\/2021\/comenzo-la-etapa-de-actualizacion-de-datos-personales-para-las-personas-cuya-solicitud-el-ife-fue-rechazada\/","name":"Comenz\u00f3 la etapa de actualizaci\u00f3n de datos personales para las personas cuya solicitud el IFE fue rechazada. - Noticias Radio Reflejos","isPartOf":{"@id":"https:\/\/www.noticiasradioreflejos.com.ar\/2021\/#website"},"datePublished":"2020-04-23T11:26:41+00:00","author":{"@id":"https:\/\/www.noticiasradioreflejos.com.ar\/2021\/#\/schema\/person\/ad82545263dcc5ec0996818884fd5fb1"},"breadcrumb":{"@id":"https:\/\/www.noticiasradioreflejos.com.ar\/2021\/comenzo-la-etapa-de-actualizacion-de-datos-personales-para-las-personas-cuya-solicitud-el-ife-fue-rechazada\/#breadcrumb"},"inLanguage":"es","potentialAction":[{"@type":"ReadAction","target":["https:\/\/www.noticiasradioreflejos.com.ar\/2021\/comenzo-la-etapa-de-actualizacion-de-datos-personales-para-las-personas-cuya-solicitud-el-ife-fue-rechazada\/"]}]},{"@type":"BreadcrumbList","@id":"https:\/\/www.noticiasradioreflejos.com.ar\/2021\/comenzo-la-etapa-de-actualizacion-de-datos-personales-para-las-personas-cuya-solicitud-el-ife-fue-rechazada\/#breadcrumb","itemListElement":[{"@type":"ListItem","position":1,"name":"Portada","item":"https:\/\/www.noticiasradioreflejos.com.ar\/2021\/"},{"@type":"ListItem","position":2,"name":"Comenz\u00f3 la etapa de actualizaci\u00f3n de datos personales para las personas cuya solicitud el IFE fue rechazada."}]},{"@type":"WebSite","@id":"https:\/\/www.noticiasradioreflejos.com.ar\/2021\/#website","url":"https:\/\/www.noticiasradioreflejos.com.ar\/2021\/","name":"Noticias Radio Reflejos","description":"Las noticias de mi comarca","potentialAction":[{"@type":"SearchAction","target":{"@type":"EntryPoint","urlTemplate":"https:\/\/www.noticiasradioreflejos.com.ar\/2021\/?s={search_term_string}"},"query-input":{"@type":"PropertyValueSpecification","valueRequired":true,"valueName":"search_term_string"}}],"inLanguage":"es"},{"@type":"Person","@id":"https:\/\/www.noticiasradioreflejos.com.ar\/2021\/#\/schema\/person\/ad82545263dcc5ec0996818884fd5fb1","name":"Arnaldo Botto","image":{"@type":"ImageObject","inLanguage":"es","@id":"https:\/\/www.noticiasradioreflejos.com.ar\/2021\/#\/schema\/person\/image\/","url":"https:\/\/secure.gravatar.com\/avatar\/55cb5e37c1efa326397366e6974cb338056df65cb50e7d64d1cf314e87504837?s=96&d=mm&r=g","contentUrl":"https:\/\/secure.gravatar.com\/avatar\/55cb5e37c1efa326397366e6974cb338056df65cb50e7d64d1cf314e87504837?s=96&d=mm&r=g","caption":"Arnaldo Botto"},"url":"https:\/\/www.noticiasradioreflejos.com.ar\/2021\/author\/arnaldo\/"}]}},"_links":{"self":[{"href":"https:\/\/www.noticiasradioreflejos.com.ar\/2021\/wp-json\/wp\/v2\/posts\/41118","targetHints":{"allow":["GET"]}}],"collection":[{"href":"https:\/\/www.noticiasradioreflejos.com.ar\/2021\/wp-json\/wp\/v2\/posts"}],"about":[{"href":"https:\/\/www.noticiasradioreflejos.com.ar\/2021\/wp-json\/wp\/v2\/types\/post"}],"author":[{"embeddable":true,"href":"https:\/\/www.noticiasradioreflejos.com.ar\/2021\/wp-json\/wp\/v2\/users\/3"}],"replies":[{"embeddable":true,"href":"https:\/\/www.noticiasradioreflejos.com.ar\/2021\/wp-json\/wp\/v2\/comments?post=41118"}],"version-history":[{"count":0,"href":"https:\/\/www.noticiasradioreflejos.com.ar\/2021\/wp-json\/wp\/v2\/posts\/41118\/revisions"}],"wp:attachment":[{"href":"https:\/\/www.noticiasradioreflejos.com.ar\/2021\/wp-json\/wp\/v2\/media?parent=41118"}],"wp:term":[{"taxonomy":"category","embeddable":true,"href":"https:\/\/www.noticiasradioreflejos.com.ar\/2021\/wp-json\/wp\/v2\/categories?post=41118"},{"taxonomy":"post_tag","embeddable":true,"href":"https:\/\/www.noticiasradioreflejos.com.ar\/2021\/wp-json\/wp\/v2\/tags?post=41118"}],"curies":[{"name":"wp","href":"https:\/\/api.w.org\/{rel}","templated":true}]}}